{"id":915309,"date":"2022-12-24T08:00:00","date_gmt":"2022-12-24T11:00:00","guid":{"rendered":"https:\/\/www.pm.pb.gov.br\/portal\/?p=915309"},"modified":"2022-12-26T15:40:30","modified_gmt":"2022-12-26T18:40:30","slug":"policia-militar-capacita-26-policiais-para-atuacao-com-motocicletas","status":"publish","type":"post","link":"https:\/\/www.pm.pb.gov.br\/portal\/2022\/12\/24\/policia-militar-capacita-26-policiais-para-atuacao-com-motocicletas\/","title":{"rendered":"<strong>Pol\u00edcia Militar capacita 26 policiais para atua\u00e7\u00e3o com motocicletas<\/strong>"},"content":{"rendered":"\n<p>O policiamento sobre duas rodas est\u00e1 sendo fortalecido na Para\u00edba. Na \u00faltima sexta-feira (23), a Pol\u00edcia Militar concluiu a capacita\u00e7\u00e3o de 26 policiais atrav\u00e9s do Est\u00e1gio de Opera\u00e7\u00f5es T\u00e1ticas com Apoio de Motocicletas (Eotam). A atividade aconteceu durante o m\u00eas de dezembro, com sete disciplinas e 120 horas-aulas.<\/p>\n<p>O Eotam capacitou os policiais para atividades ostensivas de seguran\u00e7a p\u00fablica sobre duas rodas, abrangendo a doutrina de motopatrulhamento, t\u00e9cnicas de pilotagem, tiro aplicado, dentre outros. A solenidade de conclus\u00e3o do Est\u00e1gio aconteceu no audit\u00f3rio do Centro de Educa\u00e7\u00e3o da PMPB, reunindo oficias e pra\u00e7as da regi\u00e3o metropolitana de Jo\u00e3o Pessoa e do estado, al\u00e9m do alto comando da institui\u00e7\u00e3o (foto abaixo).<\/p>\n<p><img loading=\"lazy\" decoding=\"async\" class=\" wp-image-915311 aligncenter\" src=\"http:\/\/www.pm.pb.gov.br\/portal\/wp-content\/uploads\/2022\/12\/eotam1-666x445.jpeg\" alt=\"\" width=\"599\" height=\"400\" srcset=\"https:\/\/www.pm.pb.gov.br\/portal\/wp-content\/uploads\/2022\/12\/eotam1-666x445.jpeg 666w, https:\/\/www.pm.pb.gov.br\/portal\/wp-content\/uploads\/2022\/12\/eotam1-853x570.jpeg 853w, https:\/\/www.pm.pb.gov.br\/portal\/wp-content\/uploads\/2022\/12\/eotam1-768x513.jpeg 768w, https:\/\/www.pm.pb.gov.br\/portal\/wp-content\/uploads\/2022\/12\/eotam1-272x182.jpeg 272w, https:\/\/www.pm.pb.gov.br\/portal\/wp-content\/uploads\/2022\/12\/eotam1.jpeg 1280w\" sizes=\"(max-width: 599px) 100vw, 599px\" \/><\/p>\n<p>A ocasi\u00e3o foi presidida pelo subcomandante-geral da PMPB, coronel Ronildo, que no evento representou o comandante-geral, coronel S\u00e9rgio Fonseca. Ap\u00f3s o Eotam, os policiais est\u00e3o aptos para atuarem no Regimento de Opera\u00e7\u00f5es T\u00e1ticas com Apoio de Motocicletas (Rotam).<\/p>\n\n\n","protected":false},"excerpt":{"rendered":"<p>O policiamento sobre duas rodas est\u00e1 sendo fortalecido na Para\u00edba. Na \u00faltima sexta-feira (23), a Pol\u00edcia Militar concluiu a capacita\u00e7\u00e3o<\/p>\n","protected":false},"author":12,"featured_media":915310,"comment_status":"closed","ping_status":"closed","sticky":false,"template":"","format":"standard","meta":{"_exactmetrics_skip_tracking":false,"_exactmetrics_sitenote_active":false,"_exactmetrics_sitenote_note":"","_exactmetrics_sitenote_category":0,"footnotes":""},"categories":[6],"tags":[],"yoast_head":"<!-- This site is optimized with the Yoast SEO plugin v22.0 - https:\/\/yoast.com\/wordpress\/plugins\/seo\/ -->\n<title>Pol\u00edcia Militar capacita 26 policiais para atua\u00e7\u00e3o com motocicletas - Pol\u00edcia Militar da Para\u00edba<\/title>\n<meta name=\"robots\" content=\"index, follow, max-snippet:-1, max-image-preview:large, max-video-preview:-1\" \/>\n<link rel=\"canonical\" href=\"https:\/\/www.pm.pb.gov.br\/portal\/2022\/12\/24\/policia-militar-capacita-26-policiais-para-atuacao-com-motocicletas\/\" \/>\n<meta property=\"og:locale\" content=\"pt_BR\" \/>\n<meta property=\"og:type\" content=\"article\" \/>\n<meta property=\"og:title\" content=\"Pol\u00edcia Militar capacita 26 policiais para atua\u00e7\u00e3o com motocicletas - Pol\u00edcia Militar da Para\u00edba\" \/>\n<meta property=\"og:description\" content=\"O policiamento sobre duas rodas est\u00e1 sendo fortalecido na Para\u00edba. Na \u00faltima sexta-feira (23), a Pol\u00edcia Militar concluiu a capacita\u00e7\u00e3o\" \/>\n<meta property=\"og:url\" content=\"https:\/\/www.pm.pb.gov.br\/portal\/2022\/12\/24\/policia-militar-capacita-26-policiais-para-atuacao-com-motocicletas\/\" \/>\n<meta property=\"og:site_name\" content=\"Pol\u00edcia Militar da Para\u00edba\" \/>\n<meta property=\"article:published_time\" content=\"2022-12-24T11:00:00+00:00\" \/>\n<meta property=\"article:modified_time\" content=\"2022-12-26T18:40:30+00:00\" \/>\n<meta property=\"og:image\" content=\"http:\/\/www.pm.pb.gov.br\/portal\/wp-content\/uploads\/2022\/12\/eotam.jpeg\" \/>\n\t<meta property=\"og:image:width\" content=\"800\" \/>\n\t<meta property=\"og:image:height\" content=\"445\" \/>\n\t<meta property=\"og:image:type\" content=\"image\/jpeg\" \/>\n<meta name=\"author\" content=\"Tarcisio Oliveira\" \/>\n<meta name=\"twitter:card\" content=\"summary_large_image\" \/>\n<meta name=\"twitter:label1\" content=\"Escrito por\" \/>\n\t<meta name=\"twitter:data1\" content=\"Tarcisio Oliveira\" \/>\n\t<meta name=\"twitter:label2\" content=\"Est. tempo de leitura\" \/>\n\t<meta name=\"twitter:data2\" content=\"2 minutos\" \/>\n<script type=\"application\/ld+json\" class=\"yoast-schema-graph\">{\"@context\":\"https:\/\/schema.org\",\"@graph\":[{\"@type\":\"Article\",\"@id\":\"https:\/\/www.pm.pb.gov.br\/portal\/2022\/12\/24\/policia-militar-capacita-26-policiais-para-atuacao-com-motocicletas\/#article\",\"isPartOf\":{\"@id\":\"https:\/\/www.pm.pb.gov.br\/portal\/2022\/12\/24\/policia-militar-capacita-26-policiais-para-atuacao-com-motocicletas\/\"},\"author\":{\"name\":\"Tarcisio Oliveira\",\"@id\":\"https:\/\/www.pm.pb.gov.br\/portal\/#\/schema\/person\/f84f56dcc78ce4357054da888b8247fd\"},\"headline\":\"Pol\u00edcia Militar capacita 26 policiais para atua\u00e7\u00e3o com motocicletas\",\"datePublished\":\"2022-12-24T11:00:00+00:00\",\"dateModified\":\"2022-12-26T18:40:30+00:00\",\"mainEntityOfPage\":{\"@id\":\"https:\/\/www.pm.pb.gov.br\/portal\/2022\/12\/24\/policia-militar-capacita-26-policiais-para-atuacao-com-motocicletas\/\"},\"wordCount\":181,\"publisher\":{\"@id\":\"https:\/\/www.pm.pb.gov.br\/portal\/#organization\"},\"articleSection\":[\"Cursos\"],\"inLanguage\":\"pt-BR\"},{\"@type\":\"WebPage\",\"@id\":\"https:\/\/www.pm.pb.gov.br\/portal\/2022\/12\/24\/policia-militar-capacita-26-policiais-para-atuacao-com-motocicletas\/\",\"url\":\"https:\/\/www.pm.pb.gov.br\/portal\/2022\/12\/24\/policia-militar-capacita-26-policiais-para-atuacao-com-motocicletas\/\",\"name\":\"Pol\u00edcia Militar capacita 26 policiais para atua\u00e7\u00e3o com motocicletas - Pol\u00edcia Militar da Para\u00edba\",\"isPartOf\":{\"@id\":\"https:\/\/www.pm.pb.gov.br\/portal\/#website\"},\"datePublished\":\"2022-12-24T11:00:00+00:00\",\"dateModified\":\"2022-12-26T18:40:30+00:00\",\"breadcrumb\":{\"@id\":\"https:\/\/www.pm.pb.gov.br\/portal\/2022\/12\/24\/policia-militar-capacita-26-policiais-para-atuacao-com-motocicletas\/#breadcrumb\"},\"inLanguage\":\"pt-BR\",\"potentialAction\":[{\"@type\":\"ReadAction\",\"target\":[\"https:\/\/www.pm.pb.gov.br\/portal\/2022\/12\/24\/policia-militar-capacita-26-policiais-para-atuacao-com-motocicletas\/\"]}]},{\"@type\":\"BreadcrumbList\",\"@id\":\"https:\/\/www.pm.pb.gov.br\/portal\/2022\/12\/24\/policia-militar-capacita-26-policiais-para-atuacao-com-motocicletas\/#breadcrumb\",\"itemListElement\":[{\"@type\":\"ListItem\",\"position\":1,\"name\":\"In\u00edcio\",\"item\":\"https:\/\/www.pm.pb.gov.br\/portal\/\"},{\"@type\":\"ListItem\",\"position\":2,\"name\":\"Pol\u00edcia Militar capacita 26 policiais para atua\u00e7\u00e3o com motocicletas\"}]},{\"@type\":\"WebSite\",\"@id\":\"https:\/\/www.pm.pb.gov.br\/portal\/#website\",\"url\":\"https:\/\/www.pm.pb.gov.br\/portal\/\",\"name\":\"Pol\u00edcia Militar da Para\u00edba\",\"description\":\"\",\"publisher\":{\"@id\":\"https:\/\/www.pm.pb.gov.br\/portal\/#organization\"},\"potentialAction\":[{\"@type\":\"SearchAction\",\"target\":{\"@type\":\"EntryPoint\",\"urlTemplate\":\"https:\/\/www.pm.pb.gov.br\/portal\/?s={search_term_string}\"},\"query-input\":\"required name=search_term_string\"}],\"inLanguage\":\"pt-BR\"},{\"@type\":\"Organization\",\"@id\":\"https:\/\/www.pm.pb.gov.br\/portal\/#organization\",\"name\":\"Pol\u00edcia Militar da Para\u00edba\",\"url\":\"https:\/\/www.pm.pb.gov.br\/portal\/\",\"logo\":{\"@type\":\"ImageObject\",\"inLanguage\":\"pt-BR\",\"@id\":\"https:\/\/www.pm.pb.gov.br\/portal\/#\/schema\/logo\/image\/\",\"url\":\"https:\/\/www.pm.pb.gov.br\/portal\/wp-content\/uploads\/2025\/03\/cropped-logo-site-mag2-1.png\",\"contentUrl\":\"https:\/\/www.pm.pb.gov.br\/portal\/wp-content\/uploads\/2025\/03\/cropped-logo-site-mag2-1.png\",\"width\":320,\"height\":90,\"caption\":\"Pol\u00edcia Militar da Para\u00edba\"},\"image\":{\"@id\":\"https:\/\/www.pm.pb.gov.br\/portal\/#\/schema\/logo\/image\/\"}},{\"@type\":\"Person\",\"@id\":\"https:\/\/www.pm.pb.gov.br\/portal\/#\/schema\/person\/f84f56dcc78ce4357054da888b8247fd\",\"name\":\"Tarcisio Oliveira\",\"image\":{\"@type\":\"ImageObject\",\"inLanguage\":\"pt-BR\",\"@id\":\"https:\/\/www.pm.pb.gov.br\/portal\/#\/schema\/person\/image\/\",\"url\":\"https:\/\/secure.gravatar.com\/avatar\/72917b630b69d31cd0297507f34bac97?s=96&d=mm&r=g\",\"contentUrl\":\"https:\/\/secure.gravatar.com\/avatar\/72917b630b69d31cd0297507f34bac97?s=96&d=mm&r=g\",\"caption\":\"Tarcisio Oliveira\"},\"url\":\"https:\/\/www.pm.pb.gov.br\/portal\/author\/tarcisio\/\"}]}<\/script>\n<!-- \/ Yoast SEO plugin. -->","yoast_head_json":{"title":"Pol\u00edcia Militar capacita 26 policiais para atua\u00e7\u00e3o com motocicletas - Pol\u00edcia Militar da Para\u00edba","robots":{"index":"index","follow":"follow","max-snippet":"max-snippet:-1","max-image-preview":"max-image-preview:large","max-video-preview":"max-video-preview:-1"},"canonical":"https:\/\/www.pm.pb.gov.br\/portal\/2022\/12\/24\/policia-militar-capacita-26-policiais-para-atuacao-com-motocicletas\/","og_locale":"pt_BR","og_type":"article","og_title":"Pol\u00edcia Militar capacita 26 policiais para atua\u00e7\u00e3o com motocicletas - Pol\u00edcia Militar da Para\u00edba","og_description":"O policiamento sobre duas rodas est\u00e1 sendo fortalecido na Para\u00edba. Na \u00faltima sexta-feira (23), a Pol\u00edcia Militar concluiu a capacita\u00e7\u00e3o","og_url":"https:\/\/www.pm.pb.gov.br\/portal\/2022\/12\/24\/policia-militar-capacita-26-policiais-para-atuacao-com-motocicletas\/","og_site_name":"Pol\u00edcia Militar da Para\u00edba","article_published_time":"2022-12-24T11:00:00+00:00","article_modified_time":"2022-12-26T18:40:30+00:00","og_image":[{"width":800,"height":445,"url":"http:\/\/www.pm.pb.gov.br\/portal\/wp-content\/uploads\/2022\/12\/eotam.jpeg","type":"image\/jpeg"}],"author":"Tarcisio Oliveira","twitter_card":"summary_large_image","twitter_misc":{"Escrito por":"Tarcisio Oliveira","Est. tempo de leitura":"2 minutos"},"schema":{"@context":"https:\/\/schema.org","@graph":[{"@type":"Article","@id":"https:\/\/www.pm.pb.gov.br\/portal\/2022\/12\/24\/policia-militar-capacita-26-policiais-para-atuacao-com-motocicletas\/#article","isPartOf":{"@id":"https:\/\/www.pm.pb.gov.br\/portal\/2022\/12\/24\/policia-militar-capacita-26-policiais-para-atuacao-com-motocicletas\/"},"author":{"name":"Tarcisio Oliveira","@id":"https:\/\/www.pm.pb.gov.br\/portal\/#\/schema\/person\/f84f56dcc78ce4357054da888b8247fd"},"headline":"Pol\u00edcia Militar capacita 26 policiais para atua\u00e7\u00e3o com motocicletas","datePublished":"2022-12-24T11:00:00+00:00","dateModified":"2022-12-26T18:40:30+00:00","mainEntityOfPage":{"@id":"https:\/\/www.pm.pb.gov.br\/portal\/2022\/12\/24\/policia-militar-capacita-26-policiais-para-atuacao-com-motocicletas\/"},"wordCount":181,"publisher":{"@id":"https:\/\/www.pm.pb.gov.br\/portal\/#organization"},"articleSection":["Cursos"],"inLanguage":"pt-BR"},{"@type":"WebPage","@id":"https:\/\/www.pm.pb.gov.br\/portal\/2022\/12\/24\/policia-militar-capacita-26-policiais-para-atuacao-com-motocicletas\/","url":"https:\/\/www.pm.pb.gov.br\/portal\/2022\/12\/24\/policia-militar-capacita-26-policiais-para-atuacao-com-motocicletas\/","name":"Pol\u00edcia Militar capacita 26 policiais para atua\u00e7\u00e3o com motocicletas - Pol\u00edcia Militar da Para\u00edba","isPartOf":{"@id":"https:\/\/www.pm.pb.gov.br\/portal\/#website"},"datePublished":"2022-12-24T11:00:00+00:00","dateModified":"2022-12-26T18:40:30+00:00","breadcrumb":{"@id":"https:\/\/www.pm.pb.gov.br\/portal\/2022\/12\/24\/policia-militar-capacita-26-policiais-para-atuacao-com-motocicletas\/#breadcrumb"},"inLanguage":"pt-BR","potentialAction":[{"@type":"ReadAction","target":["https:\/\/www.pm.pb.gov.br\/portal\/2022\/12\/24\/policia-militar-capacita-26-policiais-para-atuacao-com-motocicletas\/"]}]},{"@type":"BreadcrumbList","@id":"https:\/\/www.pm.pb.gov.br\/portal\/2022\/12\/24\/policia-militar-capacita-26-policiais-para-atuacao-com-motocicletas\/#breadcrumb","itemListElement":[{"@type":"ListItem","position":1,"name":"In\u00edcio","item":"https:\/\/www.pm.pb.gov.br\/portal\/"},{"@type":"ListItem","position":2,"name":"Pol\u00edcia Militar capacita 26 policiais para atua\u00e7\u00e3o com motocicletas"}]},{"@type":"WebSite","@id":"https:\/\/www.pm.pb.gov.br\/portal\/#website","url":"https:\/\/www.pm.pb.gov.br\/portal\/","name":"Pol\u00edcia Militar da Para\u00edba","description":"","publisher":{"@id":"https:\/\/www.pm.pb.gov.br\/portal\/#organization"},"potentialAction":[{"@type":"SearchAction","target":{"@type":"EntryPoint","urlTemplate":"https:\/\/www.pm.pb.gov.br\/portal\/?s={search_term_string}"},"query-input":"required name=search_term_string"}],"inLanguage":"pt-BR"},{"@type":"Organization","@id":"https:\/\/www.pm.pb.gov.br\/portal\/#organization","name":"Pol\u00edcia Militar da Para\u00edba","url":"https:\/\/www.pm.pb.gov.br\/portal\/","logo":{"@type":"ImageObject","inLanguage":"pt-BR","@id":"https:\/\/www.pm.pb.gov.br\/portal\/#\/schema\/logo\/image\/","url":"https:\/\/www.pm.pb.gov.br\/portal\/wp-content\/uploads\/2025\/03\/cropped-logo-site-mag2-1.png","contentUrl":"https:\/\/www.pm.pb.gov.br\/portal\/wp-content\/uploads\/2025\/03\/cropped-logo-site-mag2-1.png","width":320,"height":90,"caption":"Pol\u00edcia Militar da Para\u00edba"},"image":{"@id":"https:\/\/www.pm.pb.gov.br\/portal\/#\/schema\/logo\/image\/"}},{"@type":"Person","@id":"https:\/\/www.pm.pb.gov.br\/portal\/#\/schema\/person\/f84f56dcc78ce4357054da888b8247fd","name":"Tarcisio Oliveira","image":{"@type":"ImageObject","inLanguage":"pt-BR","@id":"https:\/\/www.pm.pb.gov.br\/portal\/#\/schema\/person\/image\/","url":"https:\/\/secure.gravatar.com\/avatar\/72917b630b69d31cd0297507f34bac97?s=96&d=mm&r=g","contentUrl":"https:\/\/secure.gravatar.com\/avatar\/72917b630b69d31cd0297507f34bac97?s=96&d=mm&r=g","caption":"Tarcisio Oliveira"},"url":"https:\/\/www.pm.pb.gov.br\/portal\/author\/tarcisio\/"}]}},"_links":{"self":[{"href":"https:\/\/www.pm.pb.gov.br\/portal\/wp-json\/wp\/v2\/posts\/915309"}],"collection":[{"href":"https:\/\/www.pm.pb.gov.br\/portal\/wp-json\/wp\/v2\/posts"}],"about":[{"href":"https:\/\/www.pm.pb.gov.br\/portal\/wp-json\/wp\/v2\/types\/post"}],"author":[{"embeddable":true,"href":"https:\/\/www.pm.pb.gov.br\/portal\/wp-json\/wp\/v2\/users\/12"}],"replies":[{"embeddable":true,"href":"https:\/\/www.pm.pb.gov.br\/portal\/wp-json\/wp\/v2\/comments?post=915309"}],"version-history":[{"count":1,"href":"https:\/\/www.pm.pb.gov.br\/portal\/wp-json\/wp\/v2\/posts\/915309\/revisions"}],"predecessor-version":[{"id":915312,"href":"https:\/\/www.pm.pb.gov.br\/portal\/wp-json\/wp\/v2\/posts\/915309\/revisions\/915312"}],"wp:featuredmedia":[{"embeddable":true,"href":"https:\/\/www.pm.pb.gov.br\/portal\/wp-json\/wp\/v2\/media\/915310"}],"wp:attachment":[{"href":"https:\/\/www.pm.pb.gov.br\/portal\/wp-json\/wp\/v2\/media?parent=915309"}],"wp:term":[{"taxonomy":"category","embeddable":true,"href":"https:\/\/www.pm.pb.gov.br\/portal\/wp-json\/wp\/v2\/categories?post=915309"},{"taxonomy":"post_tag","embeddable":true,"href":"https:\/\/www.pm.pb.gov.br\/portal\/wp-json\/wp\/v2\/tags?post=915309"}],"curies":[{"name":"wp","href":"https:\/\/api.w.org\/{rel}","templated":true}]}}