{"id":915305,"date":"2022-12-26T17:40:35","date_gmt":"2022-12-26T20:40:35","guid":{"rendered":"https:\/\/www.pm.pb.gov.br\/portal\/?p=915305"},"modified":"2022-12-26T17:40:37","modified_gmt":"2022-12-26T20:40:37","slug":"policia-militar-apreende-submetralhadora-pistola-e-quase-100-municoes-na-vespera-de-natal-na-paraiba","status":"publish","type":"post","link":"https:\/\/www.pm.pb.gov.br\/portal\/2022\/12\/26\/policia-militar-apreende-submetralhadora-pistola-e-quase-100-municoes-na-vespera-de-natal-na-paraiba\/","title":{"rendered":"<strong>Pol\u00edcia Militar apreende submetralhadora, pistola e quase 100 muni\u00e7\u00f5es na v\u00e9spera de Natal na Para\u00edba<\/strong>"},"content":{"rendered":"\n<p>O refor\u00e7o do policiamento preventivo na v\u00e9spera de Natal (24) levou a apreens\u00e3o de uma submetralhadora, de uma pistola calibre 9 mil\u00edmetros, e de quase 100 muni\u00e7\u00f5es na regi\u00e3o do litoral sul da Para\u00edba (foto acima). Dois suspeitos que estavam com os armamentos foram presos.<\/p>\n<p><img loading=\"lazy\" decoding=\"async\" class=\"size-medium wp-image-915307 alignright\" src=\"http:\/\/www.pm.pb.gov.br\/portal\/wp-content\/uploads\/2022\/12\/sub3-334x445.jpeg\" alt=\"\" width=\"334\" height=\"445\" srcset=\"https:\/\/www.pm.pb.gov.br\/portal\/wp-content\/uploads\/2022\/12\/sub3-334x445.jpeg 334w, https:\/\/www.pm.pb.gov.br\/portal\/wp-content\/uploads\/2022\/12\/sub3-428x570.jpeg 428w, https:\/\/www.pm.pb.gov.br\/portal\/wp-content\/uploads\/2022\/12\/sub3-768x1024.jpeg 768w, https:\/\/www.pm.pb.gov.br\/portal\/wp-content\/uploads\/2022\/12\/sub3.jpeg 960w\" sizes=\"(max-width: 334px) 100vw, 334px\" \/>A dupla foi encontrada pelos policiais da For\u00e7a T\u00e1tica da 1\u00ba Companhia Independente (1\u00aa CIPM), durante uma abordagem a um ve\u00edculo, na zona rural do munic\u00edpio de Pitimbu. Os suspeitos tinham 27 e 24 anos de idade, e estavam com as armas de fogo e as muni\u00e7\u00f5es no carro. A submetralhadora, pistola, 90 muni\u00e7\u00f5es de diversos calibres, carregadores, roupas camufladas, al\u00e9m de dinheiro e celular, foram apreendidos.<\/p>\n<p>Nas dilig\u00eancias complementares, a PM tamb\u00e9m localizou um \u201cp\u00e9 de maconha\u201d. Todo o material e os suspeitos presos foram conduzidos a delegacia da cidade de Alhandra, para os procedimentos cab\u00edveis, e apura\u00e7\u00e3o da participa\u00e7\u00e3o dos suspeitos em outros crimes na regi\u00e3o.<\/p>\n<p>&nbsp;<\/p>\n\n\n","protected":false},"excerpt":{"rendered":"<p>O refor\u00e7o do policiamento preventivo na v\u00e9spera de Natal (24) levou a apreens\u00e3o de uma submetralhadora, de uma pistola calibre<\/p>\n","protected":false},"author":12,"featured_media":915306,"comment_status":"closed","ping_status":"closed","sticky":false,"template":"","format":"standard","meta":{"_exactmetrics_skip_tracking":false,"_exactmetrics_sitenote_active":false,"_exactmetrics_sitenote_note":"","_exactmetrics_sitenote_category":0,"footnotes":""},"categories":[4],"tags":[],"yoast_head":"<!-- This site is optimized with the Yoast SEO plugin v22.0 - https:\/\/yoast.com\/wordpress\/plugins\/seo\/ -->\n<title>Pol\u00edcia Militar apreende submetralhadora, pistola e quase 100 muni\u00e7\u00f5es na v\u00e9spera de Natal na Para\u00edba - Pol\u00edcia Militar da Para\u00edba<\/title>\n<meta name=\"robots\" content=\"index, follow, max-snippet:-1, max-image-preview:large, max-video-preview:-1\" \/>\n<link rel=\"canonical\" href=\"https:\/\/www.pm.pb.gov.br\/portal\/2022\/12\/26\/policia-militar-apreende-submetralhadora-pistola-e-quase-100-municoes-na-vespera-de-natal-na-paraiba\/\" \/>\n<meta property=\"og:locale\" content=\"pt_BR\" \/>\n<meta property=\"og:type\" content=\"article\" \/>\n<meta property=\"og:title\" content=\"Pol\u00edcia Militar apreende submetralhadora, pistola e quase 100 muni\u00e7\u00f5es na v\u00e9spera de Natal na Para\u00edba - Pol\u00edcia Militar da Para\u00edba\" \/>\n<meta property=\"og:description\" content=\"O refor\u00e7o do policiamento preventivo na v\u00e9spera de Natal (24) levou a apreens\u00e3o de uma submetralhadora, de uma pistola calibre\" \/>\n<meta property=\"og:url\" content=\"https:\/\/www.pm.pb.gov.br\/portal\/2022\/12\/26\/policia-militar-apreende-submetralhadora-pistola-e-quase-100-municoes-na-vespera-de-natal-na-paraiba\/\" \/>\n<meta property=\"og:site_name\" content=\"Pol\u00edcia Militar da Para\u00edba\" \/>\n<meta property=\"article:published_time\" content=\"2022-12-26T20:40:35+00:00\" \/>\n<meta property=\"article:modified_time\" content=\"2022-12-26T20:40:37+00:00\" \/>\n<meta property=\"og:image\" content=\"http:\/\/www.pm.pb.gov.br\/portal\/wp-content\/uploads\/2022\/12\/sub1.jpeg\" \/>\n\t<meta property=\"og:image:width\" content=\"800\" \/>\n\t<meta property=\"og:image:height\" content=\"446\" \/>\n\t<meta property=\"og:image:type\" content=\"image\/jpeg\" \/>\n<meta name=\"author\" content=\"Tarcisio Oliveira\" \/>\n<meta name=\"twitter:card\" content=\"summary_large_image\" \/>\n<meta name=\"twitter:label1\" content=\"Escrito por\" \/>\n\t<meta name=\"twitter:data1\" content=\"Tarcisio Oliveira\" \/>\n\t<meta name=\"twitter:label2\" content=\"Est. tempo de leitura\" \/>\n\t<meta name=\"twitter:data2\" content=\"2 minutos\" \/>\n<script type=\"application\/ld+json\" class=\"yoast-schema-graph\">{\"@context\":\"https:\/\/schema.org\",\"@graph\":[{\"@type\":\"Article\",\"@id\":\"https:\/\/www.pm.pb.gov.br\/portal\/2022\/12\/26\/policia-militar-apreende-submetralhadora-pistola-e-quase-100-municoes-na-vespera-de-natal-na-paraiba\/#article\",\"isPartOf\":{\"@id\":\"https:\/\/www.pm.pb.gov.br\/portal\/2022\/12\/26\/policia-militar-apreende-submetralhadora-pistola-e-quase-100-municoes-na-vespera-de-natal-na-paraiba\/\"},\"author\":{\"name\":\"Tarcisio Oliveira\",\"@id\":\"https:\/\/www.pm.pb.gov.br\/portal\/#\/schema\/person\/f84f56dcc78ce4357054da888b8247fd\"},\"headline\":\"Pol\u00edcia Militar apreende submetralhadora, pistola e quase 100 muni\u00e7\u00f5es na v\u00e9spera de Natal na Para\u00edba\",\"datePublished\":\"2022-12-26T20:40:35+00:00\",\"dateModified\":\"2022-12-26T20:40:37+00:00\",\"mainEntityOfPage\":{\"@id\":\"https:\/\/www.pm.pb.gov.br\/portal\/2022\/12\/26\/policia-militar-apreende-submetralhadora-pistola-e-quase-100-municoes-na-vespera-de-natal-na-paraiba\/\"},\"wordCount\":184,\"publisher\":{\"@id\":\"https:\/\/www.pm.pb.gov.br\/portal\/#organization\"},\"articleSection\":[\"A\u00e7\u00f5es Policiais\"],\"inLanguage\":\"pt-BR\"},{\"@type\":\"WebPage\",\"@id\":\"https:\/\/www.pm.pb.gov.br\/portal\/2022\/12\/26\/policia-militar-apreende-submetralhadora-pistola-e-quase-100-municoes-na-vespera-de-natal-na-paraiba\/\",\"url\":\"https:\/\/www.pm.pb.gov.br\/portal\/2022\/12\/26\/policia-militar-apreende-submetralhadora-pistola-e-quase-100-municoes-na-vespera-de-natal-na-paraiba\/\",\"name\":\"Pol\u00edcia Militar apreende submetralhadora, pistola e quase 100 muni\u00e7\u00f5es na v\u00e9spera de Natal na Para\u00edba - Pol\u00edcia Militar da Para\u00edba\",\"isPartOf\":{\"@id\":\"https:\/\/www.pm.pb.gov.br\/portal\/#website\"},\"datePublished\":\"2022-12-26T20:40:35+00:00\",\"dateModified\":\"2022-12-26T20:40:37+00:00\",\"breadcrumb\":{\"@id\":\"https:\/\/www.pm.pb.gov.br\/portal\/2022\/12\/26\/policia-militar-apreende-submetralhadora-pistola-e-quase-100-municoes-na-vespera-de-natal-na-paraiba\/#breadcrumb\"},\"inLanguage\":\"pt-BR\",\"potentialAction\":[{\"@type\":\"ReadAction\",\"target\":[\"https:\/\/www.pm.pb.gov.br\/portal\/2022\/12\/26\/policia-militar-apreende-submetralhadora-pistola-e-quase-100-municoes-na-vespera-de-natal-na-paraiba\/\"]}]},{\"@type\":\"BreadcrumbList\",\"@id\":\"https:\/\/www.pm.pb.gov.br\/portal\/2022\/12\/26\/policia-militar-apreende-submetralhadora-pistola-e-quase-100-municoes-na-vespera-de-natal-na-paraiba\/#breadcrumb\",\"itemListElement\":[{\"@type\":\"ListItem\",\"position\":1,\"name\":\"In\u00edcio\",\"item\":\"https:\/\/www.pm.pb.gov.br\/portal\/\"},{\"@type\":\"ListItem\",\"position\":2,\"name\":\"Pol\u00edcia Militar apreende submetralhadora, pistola e quase 100 muni\u00e7\u00f5es na v\u00e9spera de Natal na Para\u00edba\"}]},{\"@type\":\"WebSite\",\"@id\":\"https:\/\/www.pm.pb.gov.br\/portal\/#website\",\"url\":\"https:\/\/www.pm.pb.gov.br\/portal\/\",\"name\":\"Pol\u00edcia Militar da Para\u00edba\",\"description\":\"\",\"publisher\":{\"@id\":\"https:\/\/www.pm.pb.gov.br\/portal\/#organization\"},\"potentialAction\":[{\"@type\":\"SearchAction\",\"target\":{\"@type\":\"EntryPoint\",\"urlTemplate\":\"https:\/\/www.pm.pb.gov.br\/portal\/?s={search_term_string}\"},\"query-input\":\"required name=search_term_string\"}],\"inLanguage\":\"pt-BR\"},{\"@type\":\"Organization\",\"@id\":\"https:\/\/www.pm.pb.gov.br\/portal\/#organization\",\"name\":\"Pol\u00edcia Militar da Para\u00edba\",\"url\":\"https:\/\/www.pm.pb.gov.br\/portal\/\",\"logo\":{\"@type\":\"ImageObject\",\"inLanguage\":\"pt-BR\",\"@id\":\"https:\/\/www.pm.pb.gov.br\/portal\/#\/schema\/logo\/image\/\",\"url\":\"https:\/\/www.pm.pb.gov.br\/portal\/wp-content\/uploads\/2025\/03\/cropped-logo-site-mag2-1.png\",\"contentUrl\":\"https:\/\/www.pm.pb.gov.br\/portal\/wp-content\/uploads\/2025\/03\/cropped-logo-site-mag2-1.png\",\"width\":320,\"height\":90,\"caption\":\"Pol\u00edcia Militar da Para\u00edba\"},\"image\":{\"@id\":\"https:\/\/www.pm.pb.gov.br\/portal\/#\/schema\/logo\/image\/\"}},{\"@type\":\"Person\",\"@id\":\"https:\/\/www.pm.pb.gov.br\/portal\/#\/schema\/person\/f84f56dcc78ce4357054da888b8247fd\",\"name\":\"Tarcisio Oliveira\",\"image\":{\"@type\":\"ImageObject\",\"inLanguage\":\"pt-BR\",\"@id\":\"https:\/\/www.pm.pb.gov.br\/portal\/#\/schema\/person\/image\/\",\"url\":\"https:\/\/secure.gravatar.com\/avatar\/72917b630b69d31cd0297507f34bac97?s=96&d=mm&r=g\",\"contentUrl\":\"https:\/\/secure.gravatar.com\/avatar\/72917b630b69d31cd0297507f34bac97?s=96&d=mm&r=g\",\"caption\":\"Tarcisio Oliveira\"},\"url\":\"https:\/\/www.pm.pb.gov.br\/portal\/author\/tarcisio\/\"}]}<\/script>\n<!-- \/ Yoast SEO plugin. -->","yoast_head_json":{"title":"Pol\u00edcia Militar apreende submetralhadora, pistola e quase 100 muni\u00e7\u00f5es na v\u00e9spera de Natal na Para\u00edba - Pol\u00edcia Militar da Para\u00edba","robots":{"index":"index","follow":"follow","max-snippet":"max-snippet:-1","max-image-preview":"max-image-preview:large","max-video-preview":"max-video-preview:-1"},"canonical":"https:\/\/www.pm.pb.gov.br\/portal\/2022\/12\/26\/policia-militar-apreende-submetralhadora-pistola-e-quase-100-municoes-na-vespera-de-natal-na-paraiba\/","og_locale":"pt_BR","og_type":"article","og_title":"Pol\u00edcia Militar apreende submetralhadora, pistola e quase 100 muni\u00e7\u00f5es na v\u00e9spera de Natal na Para\u00edba - Pol\u00edcia Militar da Para\u00edba","og_description":"O refor\u00e7o do policiamento preventivo na v\u00e9spera de Natal (24) levou a apreens\u00e3o de uma submetralhadora, de uma pistola calibre","og_url":"https:\/\/www.pm.pb.gov.br\/portal\/2022\/12\/26\/policia-militar-apreende-submetralhadora-pistola-e-quase-100-municoes-na-vespera-de-natal-na-paraiba\/","og_site_name":"Pol\u00edcia Militar da Para\u00edba","article_published_time":"2022-12-26T20:40:35+00:00","article_modified_time":"2022-12-26T20:40:37+00:00","og_image":[{"width":800,"height":446,"url":"http:\/\/www.pm.pb.gov.br\/portal\/wp-content\/uploads\/2022\/12\/sub1.jpeg","type":"image\/jpeg"}],"author":"Tarcisio Oliveira","twitter_card":"summary_large_image","twitter_misc":{"Escrito por":"Tarcisio Oliveira","Est. tempo de leitura":"2 minutos"},"schema":{"@context":"https:\/\/schema.org","@graph":[{"@type":"Article","@id":"https:\/\/www.pm.pb.gov.br\/portal\/2022\/12\/26\/policia-militar-apreende-submetralhadora-pistola-e-quase-100-municoes-na-vespera-de-natal-na-paraiba\/#article","isPartOf":{"@id":"https:\/\/www.pm.pb.gov.br\/portal\/2022\/12\/26\/policia-militar-apreende-submetralhadora-pistola-e-quase-100-municoes-na-vespera-de-natal-na-paraiba\/"},"author":{"name":"Tarcisio Oliveira","@id":"https:\/\/www.pm.pb.gov.br\/portal\/#\/schema\/person\/f84f56dcc78ce4357054da888b8247fd"},"headline":"Pol\u00edcia Militar apreende submetralhadora, pistola e quase 100 muni\u00e7\u00f5es na v\u00e9spera de Natal na Para\u00edba","datePublished":"2022-12-26T20:40:35+00:00","dateModified":"2022-12-26T20:40:37+00:00","mainEntityOfPage":{"@id":"https:\/\/www.pm.pb.gov.br\/portal\/2022\/12\/26\/policia-militar-apreende-submetralhadora-pistola-e-quase-100-municoes-na-vespera-de-natal-na-paraiba\/"},"wordCount":184,"publisher":{"@id":"https:\/\/www.pm.pb.gov.br\/portal\/#organization"},"articleSection":["A\u00e7\u00f5es Policiais"],"inLanguage":"pt-BR"},{"@type":"WebPage","@id":"https:\/\/www.pm.pb.gov.br\/portal\/2022\/12\/26\/policia-militar-apreende-submetralhadora-pistola-e-quase-100-municoes-na-vespera-de-natal-na-paraiba\/","url":"https:\/\/www.pm.pb.gov.br\/portal\/2022\/12\/26\/policia-militar-apreende-submetralhadora-pistola-e-quase-100-municoes-na-vespera-de-natal-na-paraiba\/","name":"Pol\u00edcia Militar apreende submetralhadora, pistola e quase 100 muni\u00e7\u00f5es na v\u00e9spera de Natal na Para\u00edba - Pol\u00edcia Militar da Para\u00edba","isPartOf":{"@id":"https:\/\/www.pm.pb.gov.br\/portal\/#website"},"datePublished":"2022-12-26T20:40:35+00:00","dateModified":"2022-12-26T20:40:37+00:00","breadcrumb":{"@id":"https:\/\/www.pm.pb.gov.br\/portal\/2022\/12\/26\/policia-militar-apreende-submetralhadora-pistola-e-quase-100-municoes-na-vespera-de-natal-na-paraiba\/#breadcrumb"},"inLanguage":"pt-BR","potentialAction":[{"@type":"ReadAction","target":["https:\/\/www.pm.pb.gov.br\/portal\/2022\/12\/26\/policia-militar-apreende-submetralhadora-pistola-e-quase-100-municoes-na-vespera-de-natal-na-paraiba\/"]}]},{"@type":"BreadcrumbList","@id":"https:\/\/www.pm.pb.gov.br\/portal\/2022\/12\/26\/policia-militar-apreende-submetralhadora-pistola-e-quase-100-municoes-na-vespera-de-natal-na-paraiba\/#breadcrumb","itemListElement":[{"@type":"ListItem","position":1,"name":"In\u00edcio","item":"https:\/\/www.pm.pb.gov.br\/portal\/"},{"@type":"ListItem","position":2,"name":"Pol\u00edcia Militar apreende submetralhadora, pistola e quase 100 muni\u00e7\u00f5es na v\u00e9spera de Natal na Para\u00edba"}]},{"@type":"WebSite","@id":"https:\/\/www.pm.pb.gov.br\/portal\/#website","url":"https:\/\/www.pm.pb.gov.br\/portal\/","name":"Pol\u00edcia Militar da Para\u00edba","description":"","publisher":{"@id":"https:\/\/www.pm.pb.gov.br\/portal\/#organization"},"potentialAction":[{"@type":"SearchAction","target":{"@type":"EntryPoint","urlTemplate":"https:\/\/www.pm.pb.gov.br\/portal\/?s={search_term_string}"},"query-input":"required name=search_term_string"}],"inLanguage":"pt-BR"},{"@type":"Organization","@id":"https:\/\/www.pm.pb.gov.br\/portal\/#organization","name":"Pol\u00edcia Militar da Para\u00edba","url":"https:\/\/www.pm.pb.gov.br\/portal\/","logo":{"@type":"ImageObject","inLanguage":"pt-BR","@id":"https:\/\/www.pm.pb.gov.br\/portal\/#\/schema\/logo\/image\/","url":"https:\/\/www.pm.pb.gov.br\/portal\/wp-content\/uploads\/2025\/03\/cropped-logo-site-mag2-1.png","contentUrl":"https:\/\/www.pm.pb.gov.br\/portal\/wp-content\/uploads\/2025\/03\/cropped-logo-site-mag2-1.png","width":320,"height":90,"caption":"Pol\u00edcia Militar da Para\u00edba"},"image":{"@id":"https:\/\/www.pm.pb.gov.br\/portal\/#\/schema\/logo\/image\/"}},{"@type":"Person","@id":"https:\/\/www.pm.pb.gov.br\/portal\/#\/schema\/person\/f84f56dcc78ce4357054da888b8247fd","name":"Tarcisio Oliveira","image":{"@type":"ImageObject","inLanguage":"pt-BR","@id":"https:\/\/www.pm.pb.gov.br\/portal\/#\/schema\/person\/image\/","url":"https:\/\/secure.gravatar.com\/avatar\/72917b630b69d31cd0297507f34bac97?s=96&d=mm&r=g","contentUrl":"https:\/\/secure.gravatar.com\/avatar\/72917b630b69d31cd0297507f34bac97?s=96&d=mm&r=g","caption":"Tarcisio Oliveira"},"url":"https:\/\/www.pm.pb.gov.br\/portal\/author\/tarcisio\/"}]}},"_links":{"self":[{"href":"https:\/\/www.pm.pb.gov.br\/portal\/wp-json\/wp\/v2\/posts\/915305"}],"collection":[{"href":"https:\/\/www.pm.pb.gov.br\/portal\/wp-json\/wp\/v2\/posts"}],"about":[{"href":"https:\/\/www.pm.pb.gov.br\/portal\/wp-json\/wp\/v2\/types\/post"}],"author":[{"embeddable":true,"href":"https:\/\/www.pm.pb.gov.br\/portal\/wp-json\/wp\/v2\/users\/12"}],"replies":[{"embeddable":true,"href":"https:\/\/www.pm.pb.gov.br\/portal\/wp-json\/wp\/v2\/comments?post=915305"}],"version-history":[{"count":2,"href":"https:\/\/www.pm.pb.gov.br\/portal\/wp-json\/wp\/v2\/posts\/915305\/revisions"}],"predecessor-version":[{"id":915313,"href":"https:\/\/www.pm.pb.gov.br\/portal\/wp-json\/wp\/v2\/posts\/915305\/revisions\/915313"}],"wp:featuredmedia":[{"embeddable":true,"href":"https:\/\/www.pm.pb.gov.br\/portal\/wp-json\/wp\/v2\/media\/915306"}],"wp:attachment":[{"href":"https:\/\/www.pm.pb.gov.br\/portal\/wp-json\/wp\/v2\/media?parent=915305"}],"wp:term":[{"taxonomy":"category","embeddable":true,"href":"https:\/\/www.pm.pb.gov.br\/portal\/wp-json\/wp\/v2\/categories?post=915305"},{"taxonomy":"post_tag","embeddable":true,"href":"https:\/\/www.pm.pb.gov.br\/portal\/wp-json\/wp\/v2\/tags?post=915305"}],"curies":[{"name":"wp","href":"https:\/\/api.w.org\/{rel}","templated":true}]}}