{"id":915302,"date":"2022-12-24T02:31:20","date_gmt":"2022-12-24T05:31:20","guid":{"rendered":"https:\/\/www.pm.pb.gov.br\/portal\/?p=915302"},"modified":"2022-12-24T02:31:23","modified_gmt":"2022-12-24T05:31:23","slug":"operacao-verao-sobem-para-12-as-prisoes-da-pm-por-crimes-patrimoniais","status":"publish","type":"post","link":"https:\/\/www.pm.pb.gov.br\/portal\/2022\/12\/24\/operacao-verao-sobem-para-12-as-prisoes-da-pm-por-crimes-patrimoniais\/","title":{"rendered":"<strong>Opera\u00e7\u00e3o Ver\u00e3o: Sobem para 12 as pris\u00f5es da PM por crimes patrimoniais<\/strong>"},"content":{"rendered":"\n<p>Em apenas tr\u00eas dias da Opera\u00e7\u00e3o Ver\u00e3o, 12 suspeitos j\u00e1 foram presos pela Pol\u00edcia Militar envolvidos em crimes patrimoniais e outros delitos em Jo\u00e3o Pessoa. As a\u00e7\u00f5es aconteceram nos bairros da Orla e regi\u00e3o, localidade com alta circula\u00e7\u00e3o de pessoas no per\u00edodo de dezembro, e intensifica\u00e7\u00e3o das atividades das For\u00e7as de Seguran\u00e7a.<\/p>\n<p>Nessa \u00faltima sexta-feira (23), policiais do Batalh\u00e3o Especializado em Policiamento Tur\u00edstico (BEPTur) prenderam em flagrante dois homens suspeitos de roubo no bairro do Miramar. De acordo com o comando do Batalh\u00e3o, eles usavam um simulacro para amea\u00e7ar as v\u00edtimas, material que foi apreendido pelos policiais. Tamb\u00e9m na sexta, um foragido da Justi\u00e7a, com 41 anos de idade, estava com um mandado de pris\u00e3o em aberto expedido pela Vara de Execu\u00e7\u00e3o Penal, pelos crimes de roubo e furto. Ele foi identificado em Tamba\u00fa durante abordagens da PM e preso.<\/p>\n<p>Outros cinco suspeitos de assalto, entre eles reincidentes em atos criminosos, foram detidos pela Pol\u00edcia Militar na quinta-feira (22) no bairro de Mana\u00edra, e as v\u00edtimas tiveram seus patrim\u00f4nios recuperados, como ve\u00edculos e objetos pessoais. Nas a\u00e7\u00f5es, duas armas de fogo e um simulacro foram apreendidos (foto acima).<\/p>\n<p>Desde o in\u00edcio da Opera\u00e7\u00e3o Ver\u00e3o, na quarta (21), tr\u00eas mandados de pris\u00e3o foram cumpridos contra foragidos localizados em Miramar e Cabo Branco, pelos crimes de roubo, porte e posse ilegal de arma de fogo. Um homem que estava com uma tornozeleira eletr\u00f4nica desligada tamb\u00e9m foi detido. Novas a\u00e7\u00f5es devem acontecer neste final de semana.<\/p>\n\n\n","protected":false},"excerpt":{"rendered":"<p>Em apenas tr\u00eas dias da Opera\u00e7\u00e3o Ver\u00e3o, 12 suspeitos j\u00e1 foram presos pela Pol\u00edcia Militar envolvidos em crimes patrimoniais e<\/p>\n","protected":false},"author":12,"featured_media":915303,"comment_status":"closed","ping_status":"closed","sticky":false,"template":"","format":"standard","meta":{"_exactmetrics_skip_tracking":false,"_exactmetrics_sitenote_active":false,"_exactmetrics_sitenote_note":"","_exactmetrics_sitenote_category":0,"footnotes":""},"categories":[4],"tags":[],"yoast_head":"<!-- This site is optimized with the Yoast SEO plugin v22.0 - https:\/\/yoast.com\/wordpress\/plugins\/seo\/ -->\n<title>Opera\u00e7\u00e3o Ver\u00e3o: Sobem para 12 as pris\u00f5es da PM por crimes patrimoniais - Pol\u00edcia Militar da Para\u00edba<\/title>\n<meta name=\"robots\" content=\"index, follow, max-snippet:-1, max-image-preview:large, max-video-preview:-1\" \/>\n<link rel=\"canonical\" href=\"https:\/\/www.pm.pb.gov.br\/portal\/2022\/12\/24\/operacao-verao-sobem-para-12-as-prisoes-da-pm-por-crimes-patrimoniais\/\" \/>\n<meta property=\"og:locale\" content=\"pt_BR\" \/>\n<meta property=\"og:type\" content=\"article\" \/>\n<meta property=\"og:title\" content=\"Opera\u00e7\u00e3o Ver\u00e3o: Sobem para 12 as pris\u00f5es da PM por crimes patrimoniais - Pol\u00edcia Militar da Para\u00edba\" \/>\n<meta property=\"og:description\" content=\"Em apenas tr\u00eas dias da Opera\u00e7\u00e3o Ver\u00e3o, 12 suspeitos j\u00e1 foram presos pela Pol\u00edcia Militar envolvidos em crimes patrimoniais e\" \/>\n<meta property=\"og:url\" content=\"https:\/\/www.pm.pb.gov.br\/portal\/2022\/12\/24\/operacao-verao-sobem-para-12-as-prisoes-da-pm-por-crimes-patrimoniais\/\" \/>\n<meta property=\"og:site_name\" content=\"Pol\u00edcia Militar da Para\u00edba\" \/>\n<meta property=\"article:published_time\" content=\"2022-12-24T05:31:20+00:00\" \/>\n<meta property=\"article:modified_time\" content=\"2022-12-24T05:31:23+00:00\" \/>\n<meta property=\"og:image\" content=\"http:\/\/www.pm.pb.gov.br\/portal\/wp-content\/uploads\/2022\/12\/opverao2.jpg\" \/>\n\t<meta property=\"og:image:width\" content=\"800\" \/>\n\t<meta property=\"og:image:height\" content=\"445\" \/>\n\t<meta property=\"og:image:type\" content=\"image\/jpeg\" \/>\n<meta name=\"author\" content=\"Tarcisio Oliveira\" \/>\n<meta name=\"twitter:card\" content=\"summary_large_image\" \/>\n<meta name=\"twitter:label1\" content=\"Escrito por\" \/>\n\t<meta name=\"twitter:data1\" content=\"Tarcisio Oliveira\" \/>\n\t<meta name=\"twitter:label2\" content=\"Est. tempo de leitura\" \/>\n\t<meta name=\"twitter:data2\" content=\"2 minutos\" \/>\n<script type=\"application\/ld+json\" class=\"yoast-schema-graph\">{\"@context\":\"https:\/\/schema.org\",\"@graph\":[{\"@type\":\"Article\",\"@id\":\"https:\/\/www.pm.pb.gov.br\/portal\/2022\/12\/24\/operacao-verao-sobem-para-12-as-prisoes-da-pm-por-crimes-patrimoniais\/#article\",\"isPartOf\":{\"@id\":\"https:\/\/www.pm.pb.gov.br\/portal\/2022\/12\/24\/operacao-verao-sobem-para-12-as-prisoes-da-pm-por-crimes-patrimoniais\/\"},\"author\":{\"name\":\"Tarcisio Oliveira\",\"@id\":\"https:\/\/www.pm.pb.gov.br\/portal\/#\/schema\/person\/f84f56dcc78ce4357054da888b8247fd\"},\"headline\":\"Opera\u00e7\u00e3o Ver\u00e3o: Sobem para 12 as pris\u00f5es da PM por crimes patrimoniais\",\"datePublished\":\"2022-12-24T05:31:20+00:00\",\"dateModified\":\"2022-12-24T05:31:23+00:00\",\"mainEntityOfPage\":{\"@id\":\"https:\/\/www.pm.pb.gov.br\/portal\/2022\/12\/24\/operacao-verao-sobem-para-12-as-prisoes-da-pm-por-crimes-patrimoniais\/\"},\"wordCount\":287,\"publisher\":{\"@id\":\"https:\/\/www.pm.pb.gov.br\/portal\/#organization\"},\"articleSection\":[\"A\u00e7\u00f5es Policiais\"],\"inLanguage\":\"pt-BR\"},{\"@type\":\"WebPage\",\"@id\":\"https:\/\/www.pm.pb.gov.br\/portal\/2022\/12\/24\/operacao-verao-sobem-para-12-as-prisoes-da-pm-por-crimes-patrimoniais\/\",\"url\":\"https:\/\/www.pm.pb.gov.br\/portal\/2022\/12\/24\/operacao-verao-sobem-para-12-as-prisoes-da-pm-por-crimes-patrimoniais\/\",\"name\":\"Opera\u00e7\u00e3o Ver\u00e3o: Sobem para 12 as pris\u00f5es da PM por crimes patrimoniais - Pol\u00edcia Militar da Para\u00edba\",\"isPartOf\":{\"@id\":\"https:\/\/www.pm.pb.gov.br\/portal\/#website\"},\"datePublished\":\"2022-12-24T05:31:20+00:00\",\"dateModified\":\"2022-12-24T05:31:23+00:00\",\"breadcrumb\":{\"@id\":\"https:\/\/www.pm.pb.gov.br\/portal\/2022\/12\/24\/operacao-verao-sobem-para-12-as-prisoes-da-pm-por-crimes-patrimoniais\/#breadcrumb\"},\"inLanguage\":\"pt-BR\",\"potentialAction\":[{\"@type\":\"ReadAction\",\"target\":[\"https:\/\/www.pm.pb.gov.br\/portal\/2022\/12\/24\/operacao-verao-sobem-para-12-as-prisoes-da-pm-por-crimes-patrimoniais\/\"]}]},{\"@type\":\"BreadcrumbList\",\"@id\":\"https:\/\/www.pm.pb.gov.br\/portal\/2022\/12\/24\/operacao-verao-sobem-para-12-as-prisoes-da-pm-por-crimes-patrimoniais\/#breadcrumb\",\"itemListElement\":[{\"@type\":\"ListItem\",\"position\":1,\"name\":\"In\u00edcio\",\"item\":\"https:\/\/www.pm.pb.gov.br\/portal\/\"},{\"@type\":\"ListItem\",\"position\":2,\"name\":\"Opera\u00e7\u00e3o Ver\u00e3o: Sobem para 12 as pris\u00f5es da PM por crimes patrimoniais\"}]},{\"@type\":\"WebSite\",\"@id\":\"https:\/\/www.pm.pb.gov.br\/portal\/#website\",\"url\":\"https:\/\/www.pm.pb.gov.br\/portal\/\",\"name\":\"Pol\u00edcia Militar da Para\u00edba\",\"description\":\"\",\"publisher\":{\"@id\":\"https:\/\/www.pm.pb.gov.br\/portal\/#organization\"},\"potentialAction\":[{\"@type\":\"SearchAction\",\"target\":{\"@type\":\"EntryPoint\",\"urlTemplate\":\"https:\/\/www.pm.pb.gov.br\/portal\/?s={search_term_string}\"},\"query-input\":\"required name=search_term_string\"}],\"inLanguage\":\"pt-BR\"},{\"@type\":\"Organization\",\"@id\":\"https:\/\/www.pm.pb.gov.br\/portal\/#organization\",\"name\":\"Pol\u00edcia Militar da Para\u00edba\",\"url\":\"https:\/\/www.pm.pb.gov.br\/portal\/\",\"logo\":{\"@type\":\"ImageObject\",\"inLanguage\":\"pt-BR\",\"@id\":\"https:\/\/www.pm.pb.gov.br\/portal\/#\/schema\/logo\/image\/\",\"url\":\"https:\/\/www.pm.pb.gov.br\/portal\/wp-content\/uploads\/2025\/03\/cropped-logo-site-mag2-1.png\",\"contentUrl\":\"https:\/\/www.pm.pb.gov.br\/portal\/wp-content\/uploads\/2025\/03\/cropped-logo-site-mag2-1.png\",\"width\":320,\"height\":90,\"caption\":\"Pol\u00edcia Militar da Para\u00edba\"},\"image\":{\"@id\":\"https:\/\/www.pm.pb.gov.br\/portal\/#\/schema\/logo\/image\/\"}},{\"@type\":\"Person\",\"@id\":\"https:\/\/www.pm.pb.gov.br\/portal\/#\/schema\/person\/f84f56dcc78ce4357054da888b8247fd\",\"name\":\"Tarcisio Oliveira\",\"image\":{\"@type\":\"ImageObject\",\"inLanguage\":\"pt-BR\",\"@id\":\"https:\/\/www.pm.pb.gov.br\/portal\/#\/schema\/person\/image\/\",\"url\":\"https:\/\/secure.gravatar.com\/avatar\/72917b630b69d31cd0297507f34bac97?s=96&d=mm&r=g\",\"contentUrl\":\"https:\/\/secure.gravatar.com\/avatar\/72917b630b69d31cd0297507f34bac97?s=96&d=mm&r=g\",\"caption\":\"Tarcisio Oliveira\"},\"url\":\"https:\/\/www.pm.pb.gov.br\/portal\/author\/tarcisio\/\"}]}<\/script>\n<!-- \/ Yoast SEO plugin. -->","yoast_head_json":{"title":"Opera\u00e7\u00e3o Ver\u00e3o: Sobem para 12 as pris\u00f5es da PM por crimes patrimoniais - Pol\u00edcia Militar da Para\u00edba","robots":{"index":"index","follow":"follow","max-snippet":"max-snippet:-1","max-image-preview":"max-image-preview:large","max-video-preview":"max-video-preview:-1"},"canonical":"https:\/\/www.pm.pb.gov.br\/portal\/2022\/12\/24\/operacao-verao-sobem-para-12-as-prisoes-da-pm-por-crimes-patrimoniais\/","og_locale":"pt_BR","og_type":"article","og_title":"Opera\u00e7\u00e3o Ver\u00e3o: Sobem para 12 as pris\u00f5es da PM por crimes patrimoniais - Pol\u00edcia Militar da Para\u00edba","og_description":"Em apenas tr\u00eas dias da Opera\u00e7\u00e3o Ver\u00e3o, 12 suspeitos j\u00e1 foram presos pela Pol\u00edcia Militar envolvidos em crimes patrimoniais e","og_url":"https:\/\/www.pm.pb.gov.br\/portal\/2022\/12\/24\/operacao-verao-sobem-para-12-as-prisoes-da-pm-por-crimes-patrimoniais\/","og_site_name":"Pol\u00edcia Militar da Para\u00edba","article_published_time":"2022-12-24T05:31:20+00:00","article_modified_time":"2022-12-24T05:31:23+00:00","og_image":[{"width":800,"height":445,"url":"http:\/\/www.pm.pb.gov.br\/portal\/wp-content\/uploads\/2022\/12\/opverao2.jpg","type":"image\/jpeg"}],"author":"Tarcisio Oliveira","twitter_card":"summary_large_image","twitter_misc":{"Escrito por":"Tarcisio Oliveira","Est. tempo de leitura":"2 minutos"},"schema":{"@context":"https:\/\/schema.org","@graph":[{"@type":"Article","@id":"https:\/\/www.pm.pb.gov.br\/portal\/2022\/12\/24\/operacao-verao-sobem-para-12-as-prisoes-da-pm-por-crimes-patrimoniais\/#article","isPartOf":{"@id":"https:\/\/www.pm.pb.gov.br\/portal\/2022\/12\/24\/operacao-verao-sobem-para-12-as-prisoes-da-pm-por-crimes-patrimoniais\/"},"author":{"name":"Tarcisio Oliveira","@id":"https:\/\/www.pm.pb.gov.br\/portal\/#\/schema\/person\/f84f56dcc78ce4357054da888b8247fd"},"headline":"Opera\u00e7\u00e3o Ver\u00e3o: Sobem para 12 as pris\u00f5es da PM por crimes patrimoniais","datePublished":"2022-12-24T05:31:20+00:00","dateModified":"2022-12-24T05:31:23+00:00","mainEntityOfPage":{"@id":"https:\/\/www.pm.pb.gov.br\/portal\/2022\/12\/24\/operacao-verao-sobem-para-12-as-prisoes-da-pm-por-crimes-patrimoniais\/"},"wordCount":287,"publisher":{"@id":"https:\/\/www.pm.pb.gov.br\/portal\/#organization"},"articleSection":["A\u00e7\u00f5es Policiais"],"inLanguage":"pt-BR"},{"@type":"WebPage","@id":"https:\/\/www.pm.pb.gov.br\/portal\/2022\/12\/24\/operacao-verao-sobem-para-12-as-prisoes-da-pm-por-crimes-patrimoniais\/","url":"https:\/\/www.pm.pb.gov.br\/portal\/2022\/12\/24\/operacao-verao-sobem-para-12-as-prisoes-da-pm-por-crimes-patrimoniais\/","name":"Opera\u00e7\u00e3o Ver\u00e3o: Sobem para 12 as pris\u00f5es da PM por crimes patrimoniais - Pol\u00edcia Militar da Para\u00edba","isPartOf":{"@id":"https:\/\/www.pm.pb.gov.br\/portal\/#website"},"datePublished":"2022-12-24T05:31:20+00:00","dateModified":"2022-12-24T05:31:23+00:00","breadcrumb":{"@id":"https:\/\/www.pm.pb.gov.br\/portal\/2022\/12\/24\/operacao-verao-sobem-para-12-as-prisoes-da-pm-por-crimes-patrimoniais\/#breadcrumb"},"inLanguage":"pt-BR","potentialAction":[{"@type":"ReadAction","target":["https:\/\/www.pm.pb.gov.br\/portal\/2022\/12\/24\/operacao-verao-sobem-para-12-as-prisoes-da-pm-por-crimes-patrimoniais\/"]}]},{"@type":"BreadcrumbList","@id":"https:\/\/www.pm.pb.gov.br\/portal\/2022\/12\/24\/operacao-verao-sobem-para-12-as-prisoes-da-pm-por-crimes-patrimoniais\/#breadcrumb","itemListElement":[{"@type":"ListItem","position":1,"name":"In\u00edcio","item":"https:\/\/www.pm.pb.gov.br\/portal\/"},{"@type":"ListItem","position":2,"name":"Opera\u00e7\u00e3o Ver\u00e3o: Sobem para 12 as pris\u00f5es da PM por crimes patrimoniais"}]},{"@type":"WebSite","@id":"https:\/\/www.pm.pb.gov.br\/portal\/#website","url":"https:\/\/www.pm.pb.gov.br\/portal\/","name":"Pol\u00edcia Militar da Para\u00edba","description":"","publisher":{"@id":"https:\/\/www.pm.pb.gov.br\/portal\/#organization"},"potentialAction":[{"@type":"SearchAction","target":{"@type":"EntryPoint","urlTemplate":"https:\/\/www.pm.pb.gov.br\/portal\/?s={search_term_string}"},"query-input":"required name=search_term_string"}],"inLanguage":"pt-BR"},{"@type":"Organization","@id":"https:\/\/www.pm.pb.gov.br\/portal\/#organization","name":"Pol\u00edcia Militar da Para\u00edba","url":"https:\/\/www.pm.pb.gov.br\/portal\/","logo":{"@type":"ImageObject","inLanguage":"pt-BR","@id":"https:\/\/www.pm.pb.gov.br\/portal\/#\/schema\/logo\/image\/","url":"https:\/\/www.pm.pb.gov.br\/portal\/wp-content\/uploads\/2025\/03\/cropped-logo-site-mag2-1.png","contentUrl":"https:\/\/www.pm.pb.gov.br\/portal\/wp-content\/uploads\/2025\/03\/cropped-logo-site-mag2-1.png","width":320,"height":90,"caption":"Pol\u00edcia Militar da Para\u00edba"},"image":{"@id":"https:\/\/www.pm.pb.gov.br\/portal\/#\/schema\/logo\/image\/"}},{"@type":"Person","@id":"https:\/\/www.pm.pb.gov.br\/portal\/#\/schema\/person\/f84f56dcc78ce4357054da888b8247fd","name":"Tarcisio Oliveira","image":{"@type":"ImageObject","inLanguage":"pt-BR","@id":"https:\/\/www.pm.pb.gov.br\/portal\/#\/schema\/person\/image\/","url":"https:\/\/secure.gravatar.com\/avatar\/72917b630b69d31cd0297507f34bac97?s=96&d=mm&r=g","contentUrl":"https:\/\/secure.gravatar.com\/avatar\/72917b630b69d31cd0297507f34bac97?s=96&d=mm&r=g","caption":"Tarcisio Oliveira"},"url":"https:\/\/www.pm.pb.gov.br\/portal\/author\/tarcisio\/"}]}},"_links":{"self":[{"href":"https:\/\/www.pm.pb.gov.br\/portal\/wp-json\/wp\/v2\/posts\/915302"}],"collection":[{"href":"https:\/\/www.pm.pb.gov.br\/portal\/wp-json\/wp\/v2\/posts"}],"about":[{"href":"https:\/\/www.pm.pb.gov.br\/portal\/wp-json\/wp\/v2\/types\/post"}],"author":[{"embeddable":true,"href":"https:\/\/www.pm.pb.gov.br\/portal\/wp-json\/wp\/v2\/users\/12"}],"replies":[{"embeddable":true,"href":"https:\/\/www.pm.pb.gov.br\/portal\/wp-json\/wp\/v2\/comments?post=915302"}],"version-history":[{"count":1,"href":"https:\/\/www.pm.pb.gov.br\/portal\/wp-json\/wp\/v2\/posts\/915302\/revisions"}],"predecessor-version":[{"id":915304,"href":"https:\/\/www.pm.pb.gov.br\/portal\/wp-json\/wp\/v2\/posts\/915302\/revisions\/915304"}],"wp:featuredmedia":[{"embeddable":true,"href":"https:\/\/www.pm.pb.gov.br\/portal\/wp-json\/wp\/v2\/media\/915303"}],"wp:attachment":[{"href":"https:\/\/www.pm.pb.gov.br\/portal\/wp-json\/wp\/v2\/media?parent=915302"}],"wp:term":[{"taxonomy":"category","embeddable":true,"href":"https:\/\/www.pm.pb.gov.br\/portal\/wp-json\/wp\/v2\/categories?post=915302"},{"taxonomy":"post_tag","embeddable":true,"href":"https:\/\/www.pm.pb.gov.br\/portal\/wp-json\/wp\/v2\/tags?post=915302"}],"curies":[{"name":"wp","href":"https:\/\/api.w.org\/{rel}","templated":true}]}}