{"id":915292,"date":"2022-12-23T22:22:51","date_gmt":"2022-12-24T01:22:51","guid":{"rendered":"https:\/\/www.pm.pb.gov.br\/portal\/?p=915292"},"modified":"2022-12-23T22:22:54","modified_gmt":"2022-12-24T01:22:54","slug":"governador-joao-azevedo-acompanha-inicio-da-distribuicao-de-24-toneladas-de-alimentos-arrecadados-pela-campanha-pm-solidaria","status":"publish","type":"post","link":"https:\/\/www.pm.pb.gov.br\/portal\/2022\/12\/23\/governador-joao-azevedo-acompanha-inicio-da-distribuicao-de-24-toneladas-de-alimentos-arrecadados-pela-campanha-pm-solidaria\/","title":{"rendered":"Governador Jo\u00e3o Azev\u00eado acompanha in\u00edcio da distribui\u00e7\u00e3o de 24 toneladas de alimentos arrecadados pela campanha PM Solid\u00e1ria"},"content":{"rendered":"\n<p>O governador Jo\u00e3o Azev\u00eado acompanhou, nesta sexta-feira (23), o in\u00edcio da distribui\u00e7\u00e3o de 24 toneladas de alimentos, arrecadados pela campanha Pol\u00edcia Solid\u00e1ria, que j\u00e1 come\u00e7aram a ser entregues em comunidades carentes de toda a Para\u00edba. Apenas na Grande Jo\u00e3o Pessoa, as fam\u00edlias ser\u00e3o beneficiadas com 7,5 toneladas de alimentos em mais uma a\u00e7\u00e3o social da Pol\u00edcia Militar.<\/p>\n<p>Na ocasi\u00e3o, o governador Jo\u00e3o Azev\u00eado parabenizou os policiais pela campanha solid\u00e1ria e destacou a miss\u00e3o social das for\u00e7as de Seguran\u00e7a. \u201cEssa \u00e9 uma demonstra\u00e7\u00e3o da rela\u00e7\u00e3o da pol\u00edcia com a sociedade, que n\u00e3o \u00e9 apenas de repress\u00e3o, mas de participa\u00e7\u00e3o do dia a dia dos cidad\u00e3os, de respeito e de solidariedade. Por isso, deixo o meu agradecimento a cada um e cada uma que fez com que esse momento se tornasse poss\u00edvel porque esse alimento far\u00e1 a diferen\u00e7a na vida de quem recebeu, proporcionando momentos de emo\u00e7\u00e3o na vida de quem foi contemplado\u201d, falou.<\/p>\n<p><img loading=\"lazy\" decoding=\"async\" class=\" wp-image-915296 aligncenter\" src=\"http:\/\/www.pm.pb.gov.br\/portal\/wp-content\/uploads\/2022\/12\/unnamed-10-667x445.jpg\" alt=\"\" width=\"612\" height=\"408\" srcset=\"https:\/\/www.pm.pb.gov.br\/portal\/wp-content\/uploads\/2022\/12\/unnamed-10-667x445.jpg 667w, https:\/\/www.pm.pb.gov.br\/portal\/wp-content\/uploads\/2022\/12\/unnamed-10-854x570.jpg 854w, https:\/\/www.pm.pb.gov.br\/portal\/wp-content\/uploads\/2022\/12\/unnamed-10-768x512.jpg 768w, https:\/\/www.pm.pb.gov.br\/portal\/wp-content\/uploads\/2022\/12\/unnamed-10-272x182.jpg 272w, https:\/\/www.pm.pb.gov.br\/portal\/wp-content\/uploads\/2022\/12\/unnamed-10.jpg 1280w\" sizes=\"(max-width: 612px) 100vw, 612px\" \/><\/p>\n<p>O comandante-geral da Pol\u00edcia Militar, coronel S\u00e9rgio Fonseca, destacou que a campanha de arrecada\u00e7\u00e3o de alimentos ir\u00e1 continuar at\u00e9 a pr\u00f3xima semana. \u201cEu agrade\u00e7o a todos os policiais pelo esfor\u00e7o, que permitiu essa grande arrecada\u00e7\u00e3o de alimentos e vamos continuar com essa campanha para que mais pessoas tenham um in\u00edcio de 2023 mais feliz porque essa \u00e9 uma a\u00e7\u00e3o que vai fazer a diferen\u00e7a muito grande para muitas fam\u00edlias paraibanas\u201d, disse.<\/p>\n<p><img loading=\"lazy\" decoding=\"async\" class=\"size-medium wp-image-915297 aligncenter\" src=\"http:\/\/www.pm.pb.gov.br\/portal\/wp-content\/uploads\/2022\/12\/unnamed-11-593x445.jpg\" alt=\"\" width=\"593\" height=\"445\" srcset=\"https:\/\/www.pm.pb.gov.br\/portal\/wp-content\/uploads\/2022\/12\/unnamed-11-593x445.jpg 593w, https:\/\/www.pm.pb.gov.br\/portal\/wp-content\/uploads\/2022\/12\/unnamed-11-760x570.jpg 760w, https:\/\/www.pm.pb.gov.br\/portal\/wp-content\/uploads\/2022\/12\/unnamed-11-768x576.jpg 768w, https:\/\/www.pm.pb.gov.br\/portal\/wp-content\/uploads\/2022\/12\/unnamed-11-1536x1152.jpg 1536w, https:\/\/www.pm.pb.gov.br\/portal\/wp-content\/uploads\/2022\/12\/unnamed-11.jpg 1600w\" sizes=\"(max-width: 593px) 100vw, 593px\" \/><\/p>\n<p>A campanha Pol\u00edcia Solid\u00e1ria foi iniciada em novembro. Os quart\u00e9is foram os pontos de arrecada\u00e7\u00e3o dos alimentos que come\u00e7aram a ser entregues hoje nas comunidades paraibanas.<\/p>\n<p><img loading=\"lazy\" decoding=\"async\" class=\"wp-image-915298 aligncenter\" src=\"http:\/\/www.pm.pb.gov.br\/portal\/wp-content\/uploads\/2022\/12\/unnamed-12-593x445.jpg\" alt=\"\" width=\"559\" height=\"419\" srcset=\"https:\/\/www.pm.pb.gov.br\/portal\/wp-content\/uploads\/2022\/12\/unnamed-12-593x445.jpg 593w, https:\/\/www.pm.pb.gov.br\/portal\/wp-content\/uploads\/2022\/12\/unnamed-12-760x570.jpg 760w, https:\/\/www.pm.pb.gov.br\/portal\/wp-content\/uploads\/2022\/12\/unnamed-12-768x576.jpg 768w, https:\/\/www.pm.pb.gov.br\/portal\/wp-content\/uploads\/2022\/12\/unnamed-12-1536x1152.jpg 1536w, https:\/\/www.pm.pb.gov.br\/portal\/wp-content\/uploads\/2022\/12\/unnamed-12.jpg 1600w\" sizes=\"(max-width: 559px) 100vw, 559px\" \/><\/p>\n<p><img loading=\"lazy\" decoding=\"async\" class=\" wp-image-915299 aligncenter\" src=\"http:\/\/www.pm.pb.gov.br\/portal\/wp-content\/uploads\/2022\/12\/unnamed-8-1-667x445.jpg\" alt=\"\" width=\"579\" height=\"386\" srcset=\"https:\/\/www.pm.pb.gov.br\/portal\/wp-content\/uploads\/2022\/12\/unnamed-8-1-667x445.jpg 667w, https:\/\/www.pm.pb.gov.br\/portal\/wp-content\/uploads\/2022\/12\/unnamed-8-1-854x570.jpg 854w, https:\/\/www.pm.pb.gov.br\/portal\/wp-content\/uploads\/2022\/12\/unnamed-8-1-768x512.jpg 768w, https:\/\/www.pm.pb.gov.br\/portal\/wp-content\/uploads\/2022\/12\/unnamed-8-1-272x182.jpg 272w, https:\/\/www.pm.pb.gov.br\/portal\/wp-content\/uploads\/2022\/12\/unnamed-8-1.jpg 1280w\" sizes=\"(max-width: 579px) 100vw, 579px\" \/><\/p>\n<p>Fonte: Secom-PB<\/p>\n\n\n","protected":false},"excerpt":{"rendered":"<p>O governador Jo\u00e3o Azev\u00eado acompanhou, nesta sexta-feira (23), o in\u00edcio da distribui\u00e7\u00e3o de 24 toneladas de alimentos, arrecadados pela campanha<\/p>\n","protected":false},"author":12,"featured_media":915293,"comment_status":"closed","ping_status":"closed","sticky":false,"template":"","format":"standard","meta":{"_exactmetrics_skip_tracking":false,"_exactmetrics_sitenote_active":false,"_exactmetrics_sitenote_note":"","_exactmetrics_sitenote_category":0,"footnotes":""},"categories":[25,4],"tags":[],"yoast_head":"<!-- This site is optimized with the Yoast SEO plugin v22.0 - https:\/\/yoast.com\/wordpress\/plugins\/seo\/ -->\n<title>Governador Jo\u00e3o Azev\u00eado acompanha in\u00edcio da distribui\u00e7\u00e3o de 24 toneladas de alimentos arrecadados pela campanha PM Solid\u00e1ria - Pol\u00edcia Militar da Para\u00edba<\/title>\n<meta name=\"robots\" content=\"index, follow, max-snippet:-1, max-image-preview:large, max-video-preview:-1\" \/>\n<link rel=\"canonical\" href=\"https:\/\/www.pm.pb.gov.br\/portal\/2022\/12\/23\/governador-joao-azevedo-acompanha-inicio-da-distribuicao-de-24-toneladas-de-alimentos-arrecadados-pela-campanha-pm-solidaria\/\" \/>\n<meta property=\"og:locale\" content=\"pt_BR\" \/>\n<meta property=\"og:type\" content=\"article\" \/>\n<meta property=\"og:title\" content=\"Governador Jo\u00e3o Azev\u00eado acompanha in\u00edcio da distribui\u00e7\u00e3o de 24 toneladas de alimentos arrecadados pela campanha PM Solid\u00e1ria - Pol\u00edcia Militar da Para\u00edba\" \/>\n<meta property=\"og:description\" content=\"O governador Jo\u00e3o Azev\u00eado acompanhou, nesta sexta-feira (23), o in\u00edcio da distribui\u00e7\u00e3o de 24 toneladas de alimentos, arrecadados pela campanha\" \/>\n<meta property=\"og:url\" content=\"https:\/\/www.pm.pb.gov.br\/portal\/2022\/12\/23\/governador-joao-azevedo-acompanha-inicio-da-distribuicao-de-24-toneladas-de-alimentos-arrecadados-pela-campanha-pm-solidaria\/\" \/>\n<meta property=\"og:site_name\" content=\"Pol\u00edcia Militar da Para\u00edba\" \/>\n<meta property=\"article:published_time\" content=\"2022-12-24T01:22:51+00:00\" \/>\n<meta property=\"article:modified_time\" content=\"2022-12-24T01:22:54+00:00\" \/>\n<meta property=\"og:image\" content=\"http:\/\/www.pm.pb.gov.br\/portal\/wp-content\/uploads\/2022\/12\/pmsolidaria.jpg\" \/>\n\t<meta property=\"og:image:width\" content=\"800\" \/>\n\t<meta property=\"og:image:height\" content=\"445\" \/>\n\t<meta property=\"og:image:type\" content=\"image\/jpeg\" \/>\n<meta name=\"author\" content=\"Tarcisio Oliveira\" \/>\n<meta name=\"twitter:card\" content=\"summary_large_image\" \/>\n<meta name=\"twitter:label1\" content=\"Escrito por\" \/>\n\t<meta name=\"twitter:data1\" content=\"Tarcisio Oliveira\" \/>\n\t<meta name=\"twitter:label2\" content=\"Est. tempo de leitura\" \/>\n\t<meta name=\"twitter:data2\" content=\"3 minutos\" \/>\n<script type=\"application\/ld+json\" class=\"yoast-schema-graph\">{\"@context\":\"https:\/\/schema.org\",\"@graph\":[{\"@type\":\"Article\",\"@id\":\"https:\/\/www.pm.pb.gov.br\/portal\/2022\/12\/23\/governador-joao-azevedo-acompanha-inicio-da-distribuicao-de-24-toneladas-de-alimentos-arrecadados-pela-campanha-pm-solidaria\/#article\",\"isPartOf\":{\"@id\":\"https:\/\/www.pm.pb.gov.br\/portal\/2022\/12\/23\/governador-joao-azevedo-acompanha-inicio-da-distribuicao-de-24-toneladas-de-alimentos-arrecadados-pela-campanha-pm-solidaria\/\"},\"author\":{\"name\":\"Tarcisio Oliveira\",\"@id\":\"https:\/\/www.pm.pb.gov.br\/portal\/#\/schema\/person\/f84f56dcc78ce4357054da888b8247fd\"},\"headline\":\"Governador Jo\u00e3o Azev\u00eado acompanha in\u00edcio da distribui\u00e7\u00e3o de 24 toneladas de alimentos arrecadados pela campanha PM Solid\u00e1ria\",\"datePublished\":\"2022-12-24T01:22:51+00:00\",\"dateModified\":\"2022-12-24T01:22:54+00:00\",\"mainEntityOfPage\":{\"@id\":\"https:\/\/www.pm.pb.gov.br\/portal\/2022\/12\/23\/governador-joao-azevedo-acompanha-inicio-da-distribuicao-de-24-toneladas-de-alimentos-arrecadados-pela-campanha-pm-solidaria\/\"},\"wordCount\":311,\"publisher\":{\"@id\":\"https:\/\/www.pm.pb.gov.br\/portal\/#organization\"},\"articleSection\":[\"190 Anos PMPB\",\"A\u00e7\u00f5es Policiais\"],\"inLanguage\":\"pt-BR\"},{\"@type\":\"WebPage\",\"@id\":\"https:\/\/www.pm.pb.gov.br\/portal\/2022\/12\/23\/governador-joao-azevedo-acompanha-inicio-da-distribuicao-de-24-toneladas-de-alimentos-arrecadados-pela-campanha-pm-solidaria\/\",\"url\":\"https:\/\/www.pm.pb.gov.br\/portal\/2022\/12\/23\/governador-joao-azevedo-acompanha-inicio-da-distribuicao-de-24-toneladas-de-alimentos-arrecadados-pela-campanha-pm-solidaria\/\",\"name\":\"Governador Jo\u00e3o Azev\u00eado acompanha in\u00edcio da distribui\u00e7\u00e3o de 24 toneladas de alimentos arrecadados pela campanha PM Solid\u00e1ria - Pol\u00edcia Militar da Para\u00edba\",\"isPartOf\":{\"@id\":\"https:\/\/www.pm.pb.gov.br\/portal\/#website\"},\"datePublished\":\"2022-12-24T01:22:51+00:00\",\"dateModified\":\"2022-12-24T01:22:54+00:00\",\"breadcrumb\":{\"@id\":\"https:\/\/www.pm.pb.gov.br\/portal\/2022\/12\/23\/governador-joao-azevedo-acompanha-inicio-da-distribuicao-de-24-toneladas-de-alimentos-arrecadados-pela-campanha-pm-solidaria\/#breadcrumb\"},\"inLanguage\":\"pt-BR\",\"potentialAction\":[{\"@type\":\"ReadAction\",\"target\":[\"https:\/\/www.pm.pb.gov.br\/portal\/2022\/12\/23\/governador-joao-azevedo-acompanha-inicio-da-distribuicao-de-24-toneladas-de-alimentos-arrecadados-pela-campanha-pm-solidaria\/\"]}]},{\"@type\":\"BreadcrumbList\",\"@id\":\"https:\/\/www.pm.pb.gov.br\/portal\/2022\/12\/23\/governador-joao-azevedo-acompanha-inicio-da-distribuicao-de-24-toneladas-de-alimentos-arrecadados-pela-campanha-pm-solidaria\/#breadcrumb\",\"itemListElement\":[{\"@type\":\"ListItem\",\"position\":1,\"name\":\"In\u00edcio\",\"item\":\"https:\/\/www.pm.pb.gov.br\/portal\/\"},{\"@type\":\"ListItem\",\"position\":2,\"name\":\"Governador Jo\u00e3o Azev\u00eado acompanha in\u00edcio da distribui\u00e7\u00e3o de 24 toneladas de alimentos arrecadados pela campanha PM Solid\u00e1ria\"}]},{\"@type\":\"WebSite\",\"@id\":\"https:\/\/www.pm.pb.gov.br\/portal\/#website\",\"url\":\"https:\/\/www.pm.pb.gov.br\/portal\/\",\"name\":\"Pol\u00edcia Militar da Para\u00edba\",\"description\":\"\",\"publisher\":{\"@id\":\"https:\/\/www.pm.pb.gov.br\/portal\/#organization\"},\"potentialAction\":[{\"@type\":\"SearchAction\",\"target\":{\"@type\":\"EntryPoint\",\"urlTemplate\":\"https:\/\/www.pm.pb.gov.br\/portal\/?s={search_term_string}\"},\"query-input\":\"required name=search_term_string\"}],\"inLanguage\":\"pt-BR\"},{\"@type\":\"Organization\",\"@id\":\"https:\/\/www.pm.pb.gov.br\/portal\/#organization\",\"name\":\"Pol\u00edcia Militar da Para\u00edba\",\"url\":\"https:\/\/www.pm.pb.gov.br\/portal\/\",\"logo\":{\"@type\":\"ImageObject\",\"inLanguage\":\"pt-BR\",\"@id\":\"https:\/\/www.pm.pb.gov.br\/portal\/#\/schema\/logo\/image\/\",\"url\":\"https:\/\/www.pm.pb.gov.br\/portal\/wp-content\/uploads\/2025\/03\/cropped-logo-site-mag2-1.png\",\"contentUrl\":\"https:\/\/www.pm.pb.gov.br\/portal\/wp-content\/uploads\/2025\/03\/cropped-logo-site-mag2-1.png\",\"width\":320,\"height\":90,\"caption\":\"Pol\u00edcia Militar da Para\u00edba\"},\"image\":{\"@id\":\"https:\/\/www.pm.pb.gov.br\/portal\/#\/schema\/logo\/image\/\"}},{\"@type\":\"Person\",\"@id\":\"https:\/\/www.pm.pb.gov.br\/portal\/#\/schema\/person\/f84f56dcc78ce4357054da888b8247fd\",\"name\":\"Tarcisio Oliveira\",\"image\":{\"@type\":\"ImageObject\",\"inLanguage\":\"pt-BR\",\"@id\":\"https:\/\/www.pm.pb.gov.br\/portal\/#\/schema\/person\/image\/\",\"url\":\"https:\/\/secure.gravatar.com\/avatar\/72917b630b69d31cd0297507f34bac97?s=96&d=mm&r=g\",\"contentUrl\":\"https:\/\/secure.gravatar.com\/avatar\/72917b630b69d31cd0297507f34bac97?s=96&d=mm&r=g\",\"caption\":\"Tarcisio Oliveira\"},\"url\":\"https:\/\/www.pm.pb.gov.br\/portal\/author\/tarcisio\/\"}]}<\/script>\n<!-- \/ Yoast SEO plugin. -->","yoast_head_json":{"title":"Governador Jo\u00e3o Azev\u00eado acompanha in\u00edcio da distribui\u00e7\u00e3o de 24 toneladas de alimentos arrecadados pela campanha PM Solid\u00e1ria - Pol\u00edcia Militar da Para\u00edba","robots":{"index":"index","follow":"follow","max-snippet":"max-snippet:-1","max-image-preview":"max-image-preview:large","max-video-preview":"max-video-preview:-1"},"canonical":"https:\/\/www.pm.pb.gov.br\/portal\/2022\/12\/23\/governador-joao-azevedo-acompanha-inicio-da-distribuicao-de-24-toneladas-de-alimentos-arrecadados-pela-campanha-pm-solidaria\/","og_locale":"pt_BR","og_type":"article","og_title":"Governador Jo\u00e3o Azev\u00eado acompanha in\u00edcio da distribui\u00e7\u00e3o de 24 toneladas de alimentos arrecadados pela campanha PM Solid\u00e1ria - Pol\u00edcia Militar da Para\u00edba","og_description":"O governador Jo\u00e3o Azev\u00eado acompanhou, nesta sexta-feira (23), o in\u00edcio da distribui\u00e7\u00e3o de 24 toneladas de alimentos, arrecadados pela campanha","og_url":"https:\/\/www.pm.pb.gov.br\/portal\/2022\/12\/23\/governador-joao-azevedo-acompanha-inicio-da-distribuicao-de-24-toneladas-de-alimentos-arrecadados-pela-campanha-pm-solidaria\/","og_site_name":"Pol\u00edcia Militar da Para\u00edba","article_published_time":"2022-12-24T01:22:51+00:00","article_modified_time":"2022-12-24T01:22:54+00:00","og_image":[{"width":800,"height":445,"url":"http:\/\/www.pm.pb.gov.br\/portal\/wp-content\/uploads\/2022\/12\/pmsolidaria.jpg","type":"image\/jpeg"}],"author":"Tarcisio Oliveira","twitter_card":"summary_large_image","twitter_misc":{"Escrito por":"Tarcisio Oliveira","Est. tempo de leitura":"3 minutos"},"schema":{"@context":"https:\/\/schema.org","@graph":[{"@type":"Article","@id":"https:\/\/www.pm.pb.gov.br\/portal\/2022\/12\/23\/governador-joao-azevedo-acompanha-inicio-da-distribuicao-de-24-toneladas-de-alimentos-arrecadados-pela-campanha-pm-solidaria\/#article","isPartOf":{"@id":"https:\/\/www.pm.pb.gov.br\/portal\/2022\/12\/23\/governador-joao-azevedo-acompanha-inicio-da-distribuicao-de-24-toneladas-de-alimentos-arrecadados-pela-campanha-pm-solidaria\/"},"author":{"name":"Tarcisio Oliveira","@id":"https:\/\/www.pm.pb.gov.br\/portal\/#\/schema\/person\/f84f56dcc78ce4357054da888b8247fd"},"headline":"Governador Jo\u00e3o Azev\u00eado acompanha in\u00edcio da distribui\u00e7\u00e3o de 24 toneladas de alimentos arrecadados pela campanha PM Solid\u00e1ria","datePublished":"2022-12-24T01:22:51+00:00","dateModified":"2022-12-24T01:22:54+00:00","mainEntityOfPage":{"@id":"https:\/\/www.pm.pb.gov.br\/portal\/2022\/12\/23\/governador-joao-azevedo-acompanha-inicio-da-distribuicao-de-24-toneladas-de-alimentos-arrecadados-pela-campanha-pm-solidaria\/"},"wordCount":311,"publisher":{"@id":"https:\/\/www.pm.pb.gov.br\/portal\/#organization"},"articleSection":["190 Anos PMPB","A\u00e7\u00f5es Policiais"],"inLanguage":"pt-BR"},{"@type":"WebPage","@id":"https:\/\/www.pm.pb.gov.br\/portal\/2022\/12\/23\/governador-joao-azevedo-acompanha-inicio-da-distribuicao-de-24-toneladas-de-alimentos-arrecadados-pela-campanha-pm-solidaria\/","url":"https:\/\/www.pm.pb.gov.br\/portal\/2022\/12\/23\/governador-joao-azevedo-acompanha-inicio-da-distribuicao-de-24-toneladas-de-alimentos-arrecadados-pela-campanha-pm-solidaria\/","name":"Governador Jo\u00e3o Azev\u00eado acompanha in\u00edcio da distribui\u00e7\u00e3o de 24 toneladas de alimentos arrecadados pela campanha PM Solid\u00e1ria - Pol\u00edcia Militar da Para\u00edba","isPartOf":{"@id":"https:\/\/www.pm.pb.gov.br\/portal\/#website"},"datePublished":"2022-12-24T01:22:51+00:00","dateModified":"2022-12-24T01:22:54+00:00","breadcrumb":{"@id":"https:\/\/www.pm.pb.gov.br\/portal\/2022\/12\/23\/governador-joao-azevedo-acompanha-inicio-da-distribuicao-de-24-toneladas-de-alimentos-arrecadados-pela-campanha-pm-solidaria\/#breadcrumb"},"inLanguage":"pt-BR","potentialAction":[{"@type":"ReadAction","target":["https:\/\/www.pm.pb.gov.br\/portal\/2022\/12\/23\/governador-joao-azevedo-acompanha-inicio-da-distribuicao-de-24-toneladas-de-alimentos-arrecadados-pela-campanha-pm-solidaria\/"]}]},{"@type":"BreadcrumbList","@id":"https:\/\/www.pm.pb.gov.br\/portal\/2022\/12\/23\/governador-joao-azevedo-acompanha-inicio-da-distribuicao-de-24-toneladas-de-alimentos-arrecadados-pela-campanha-pm-solidaria\/#breadcrumb","itemListElement":[{"@type":"ListItem","position":1,"name":"In\u00edcio","item":"https:\/\/www.pm.pb.gov.br\/portal\/"},{"@type":"ListItem","position":2,"name":"Governador Jo\u00e3o Azev\u00eado acompanha in\u00edcio da distribui\u00e7\u00e3o de 24 toneladas de alimentos arrecadados pela campanha PM Solid\u00e1ria"}]},{"@type":"WebSite","@id":"https:\/\/www.pm.pb.gov.br\/portal\/#website","url":"https:\/\/www.pm.pb.gov.br\/portal\/","name":"Pol\u00edcia Militar da Para\u00edba","description":"","publisher":{"@id":"https:\/\/www.pm.pb.gov.br\/portal\/#organization"},"potentialAction":[{"@type":"SearchAction","target":{"@type":"EntryPoint","urlTemplate":"https:\/\/www.pm.pb.gov.br\/portal\/?s={search_term_string}"},"query-input":"required name=search_term_string"}],"inLanguage":"pt-BR"},{"@type":"Organization","@id":"https:\/\/www.pm.pb.gov.br\/portal\/#organization","name":"Pol\u00edcia Militar da Para\u00edba","url":"https:\/\/www.pm.pb.gov.br\/portal\/","logo":{"@type":"ImageObject","inLanguage":"pt-BR","@id":"https:\/\/www.pm.pb.gov.br\/portal\/#\/schema\/logo\/image\/","url":"https:\/\/www.pm.pb.gov.br\/portal\/wp-content\/uploads\/2025\/03\/cropped-logo-site-mag2-1.png","contentUrl":"https:\/\/www.pm.pb.gov.br\/portal\/wp-content\/uploads\/2025\/03\/cropped-logo-site-mag2-1.png","width":320,"height":90,"caption":"Pol\u00edcia Militar da Para\u00edba"},"image":{"@id":"https:\/\/www.pm.pb.gov.br\/portal\/#\/schema\/logo\/image\/"}},{"@type":"Person","@id":"https:\/\/www.pm.pb.gov.br\/portal\/#\/schema\/person\/f84f56dcc78ce4357054da888b8247fd","name":"Tarcisio Oliveira","image":{"@type":"ImageObject","inLanguage":"pt-BR","@id":"https:\/\/www.pm.pb.gov.br\/portal\/#\/schema\/person\/image\/","url":"https:\/\/secure.gravatar.com\/avatar\/72917b630b69d31cd0297507f34bac97?s=96&d=mm&r=g","contentUrl":"https:\/\/secure.gravatar.com\/avatar\/72917b630b69d31cd0297507f34bac97?s=96&d=mm&r=g","caption":"Tarcisio Oliveira"},"url":"https:\/\/www.pm.pb.gov.br\/portal\/author\/tarcisio\/"}]}},"_links":{"self":[{"href":"https:\/\/www.pm.pb.gov.br\/portal\/wp-json\/wp\/v2\/posts\/915292"}],"collection":[{"href":"https:\/\/www.pm.pb.gov.br\/portal\/wp-json\/wp\/v2\/posts"}],"about":[{"href":"https:\/\/www.pm.pb.gov.br\/portal\/wp-json\/wp\/v2\/types\/post"}],"author":[{"embeddable":true,"href":"https:\/\/www.pm.pb.gov.br\/portal\/wp-json\/wp\/v2\/users\/12"}],"replies":[{"embeddable":true,"href":"https:\/\/www.pm.pb.gov.br\/portal\/wp-json\/wp\/v2\/comments?post=915292"}],"version-history":[{"count":1,"href":"https:\/\/www.pm.pb.gov.br\/portal\/wp-json\/wp\/v2\/posts\/915292\/revisions"}],"predecessor-version":[{"id":915300,"href":"https:\/\/www.pm.pb.gov.br\/portal\/wp-json\/wp\/v2\/posts\/915292\/revisions\/915300"}],"wp:featuredmedia":[{"embeddable":true,"href":"https:\/\/www.pm.pb.gov.br\/portal\/wp-json\/wp\/v2\/media\/915293"}],"wp:attachment":[{"href":"https:\/\/www.pm.pb.gov.br\/portal\/wp-json\/wp\/v2\/media?parent=915292"}],"wp:term":[{"taxonomy":"category","embeddable":true,"href":"https:\/\/www.pm.pb.gov.br\/portal\/wp-json\/wp\/v2\/categories?post=915292"},{"taxonomy":"post_tag","embeddable":true,"href":"https:\/\/www.pm.pb.gov.br\/portal\/wp-json\/wp\/v2\/tags?post=915292"}],"curies":[{"name":"wp","href":"https:\/\/api.w.org\/{rel}","templated":true}]}}