{"id":914987,"date":"2022-11-17T15:00:00","date_gmt":"2022-11-17T18:00:00","guid":{"rendered":"https:\/\/www.pm.pb.gov.br\/portal\/?p=914987"},"modified":"2022-11-17T16:11:55","modified_gmt":"2022-11-17T19:11:55","slug":"bpamb-celebra-34-anos-de-atuacao-em-defesa-do-meio-ambiente-na-paraiba","status":"publish","type":"post","link":"https:\/\/www.pm.pb.gov.br\/portal\/2022\/11\/17\/bpamb-celebra-34-anos-de-atuacao-em-defesa-do-meio-ambiente-na-paraiba\/","title":{"rendered":"BPAmb celebra 34 anos de atua\u00e7\u00e3o em defesa do meio ambiente na Para\u00edba"},"content":{"rendered":"\n\n\n<p>Foi com reconhecimento, homenagens e agradecimentos que o Batalh\u00e3o de Pol\u00edcia Ambiental celebrou seus 34 anos de atua\u00e7\u00e3o em defesa do meio ambiente na Para\u00edba. A solenidade realizada nesta quinta-feira (17), contou com a presen\u00e7a do comandante-geral da Pol\u00edcia Militar, coronel S\u00e9rgio Fonseca, na sede do BPAmb, em Jo\u00e3o Pessoa, foram entregues mais de 50 l\u00e1ureas e medalhas a militares e civis.<\/p>\n<p><img loading=\"lazy\" decoding=\"async\" class=\"wp-image-914989 aligncenter\" src=\"http:\/\/www.pm.pb.gov.br\/portal\/wp-content\/uploads\/2022\/11\/WhatsApp-Image-2022-11-17-at-16.04.34-668x445.jpeg\" alt=\"\" width=\"438\" height=\"292\" srcset=\"https:\/\/www.pm.pb.gov.br\/portal\/wp-content\/uploads\/2022\/11\/WhatsApp-Image-2022-11-17-at-16.04.34-668x445.jpeg 668w, https:\/\/www.pm.pb.gov.br\/portal\/wp-content\/uploads\/2022\/11\/WhatsApp-Image-2022-11-17-at-16.04.34-855x570.jpeg 855w, https:\/\/www.pm.pb.gov.br\/portal\/wp-content\/uploads\/2022\/11\/WhatsApp-Image-2022-11-17-at-16.04.34-768x512.jpeg 768w, https:\/\/www.pm.pb.gov.br\/portal\/wp-content\/uploads\/2022\/11\/WhatsApp-Image-2022-11-17-at-16.04.34-272x182.jpeg 272w, https:\/\/www.pm.pb.gov.br\/portal\/wp-content\/uploads\/2022\/11\/WhatsApp-Image-2022-11-17-at-16.04.34.jpeg 1280w\" sizes=\"(max-width: 438px) 100vw, 438px\" \/><\/p>\n<p>O evento foi prestigiado por v\u00e1rias autoridades da PM e de outras institui\u00e7\u00f5es parceiras que atuam em conjunto com o Batalh\u00e3o Ambiental. Os ex-comandantes da unidade tamb\u00e9m foram homenageados.<\/p>\n<p><img loading=\"lazy\" decoding=\"async\" class=\"wp-image-914988 aligncenter\" src=\"http:\/\/www.pm.pb.gov.br\/portal\/wp-content\/uploads\/2022\/11\/WhatsApp-Image-2022-11-17-at-16.02.58-668x445.jpeg\" alt=\"\" width=\"434\" height=\"289\" srcset=\"https:\/\/www.pm.pb.gov.br\/portal\/wp-content\/uploads\/2022\/11\/WhatsApp-Image-2022-11-17-at-16.02.58-668x445.jpeg 668w, https:\/\/www.pm.pb.gov.br\/portal\/wp-content\/uploads\/2022\/11\/WhatsApp-Image-2022-11-17-at-16.02.58-855x570.jpeg 855w, https:\/\/www.pm.pb.gov.br\/portal\/wp-content\/uploads\/2022\/11\/WhatsApp-Image-2022-11-17-at-16.02.58-768x512.jpeg 768w, https:\/\/www.pm.pb.gov.br\/portal\/wp-content\/uploads\/2022\/11\/WhatsApp-Image-2022-11-17-at-16.02.58-272x182.jpeg 272w, https:\/\/www.pm.pb.gov.br\/portal\/wp-content\/uploads\/2022\/11\/WhatsApp-Image-2022-11-17-at-16.02.58.jpeg 1280w\" sizes=\"(max-width: 434px) 100vw, 434px\" \/><\/p>\n<p>HIST\u00d3RICO &#8211; A Companhia de Policiamento Florestal foi criada pelo Decreto Estadual n.\u00ba 12.705 de 14 de outubro de 1988, tendo em vista a necessidade do estado em contar com o policiamento ostensivo na \u00e1rea ambiental. Atrav\u00e9s do Decreto Estadual 31.778, datado de 12 de novembro de 2010, a companhia transformou-se no Batalh\u00e3o de Pol\u00edcia Ambiental (BPAmb), fortalecendo seu objetivo de preservar a fauna e a flora e de coibir os crimes ambientais em todo o nosso estado. O Batalh\u00e3o \u00e9 respons\u00e1vel pelo comando, planejamento, coordena\u00e7\u00e3o, operacionaliza\u00e7\u00e3o, fiscaliza\u00e7\u00e3o, treinamento, seguran\u00e7a, manuten\u00e7\u00e3o e controle das atividades de policiamento ambiental em todo o estado da Para\u00edba.<\/p>\n","protected":false},"excerpt":{"rendered":"<p>Foi com reconhecimento, homenagens e agradecimentos que o Batalh\u00e3o de Pol\u00edcia Ambiental celebrou seus 34 anos de atua\u00e7\u00e3o em defesa<\/p>\n","protected":false},"author":5,"featured_media":914988,"comment_status":"closed","ping_status":"closed","sticky":false,"template":"","format":"standard","meta":{"_exactmetrics_skip_tracking":false,"_exactmetrics_sitenote_active":false,"_exactmetrics_sitenote_note":"","_exactmetrics_sitenote_category":0,"footnotes":""},"categories":[9],"tags":[],"yoast_head":"<!-- This site is optimized with the Yoast SEO plugin v22.0 - https:\/\/yoast.com\/wordpress\/plugins\/seo\/ -->\n<title>BPAmb celebra 34 anos de atua\u00e7\u00e3o em defesa do meio ambiente na Para\u00edba - Pol\u00edcia Militar da Para\u00edba<\/title>\n<meta name=\"robots\" content=\"index, follow, max-snippet:-1, max-image-preview:large, max-video-preview:-1\" \/>\n<link rel=\"canonical\" href=\"https:\/\/www.pm.pb.gov.br\/portal\/2022\/11\/17\/bpamb-celebra-34-anos-de-atuacao-em-defesa-do-meio-ambiente-na-paraiba\/\" \/>\n<meta property=\"og:locale\" content=\"pt_BR\" \/>\n<meta property=\"og:type\" content=\"article\" \/>\n<meta property=\"og:title\" content=\"BPAmb celebra 34 anos de atua\u00e7\u00e3o em defesa do meio ambiente na Para\u00edba - Pol\u00edcia Militar da Para\u00edba\" \/>\n<meta property=\"og:description\" content=\"Foi com reconhecimento, homenagens e agradecimentos que o Batalh\u00e3o de Pol\u00edcia Ambiental celebrou seus 34 anos de atua\u00e7\u00e3o em defesa\" \/>\n<meta property=\"og:url\" content=\"https:\/\/www.pm.pb.gov.br\/portal\/2022\/11\/17\/bpamb-celebra-34-anos-de-atuacao-em-defesa-do-meio-ambiente-na-paraiba\/\" \/>\n<meta property=\"og:site_name\" content=\"Pol\u00edcia Militar da Para\u00edba\" \/>\n<meta property=\"article:published_time\" content=\"2022-11-17T18:00:00+00:00\" \/>\n<meta property=\"article:modified_time\" content=\"2022-11-17T19:11:55+00:00\" \/>\n<meta property=\"og:image\" content=\"http:\/\/www.pm.pb.gov.br\/portal\/wp-content\/uploads\/2022\/11\/WhatsApp-Image-2022-11-17-at-16.02.58.jpeg\" \/>\n\t<meta property=\"og:image:width\" content=\"1280\" \/>\n\t<meta property=\"og:image:height\" content=\"853\" \/>\n\t<meta property=\"og:image:type\" content=\"image\/jpeg\" \/>\n<meta name=\"author\" content=\"Assessoria de Imprensa da PMPB\" \/>\n<meta name=\"twitter:card\" content=\"summary_large_image\" \/>\n<meta name=\"twitter:label1\" content=\"Escrito por\" \/>\n\t<meta name=\"twitter:data1\" content=\"Assessoria de Imprensa da PMPB\" \/>\n\t<meta name=\"twitter:label2\" content=\"Est. tempo de leitura\" \/>\n\t<meta name=\"twitter:data2\" content=\"2 minutos\" \/>\n<script type=\"application\/ld+json\" class=\"yoast-schema-graph\">{\"@context\":\"https:\/\/schema.org\",\"@graph\":[{\"@type\":\"Article\",\"@id\":\"https:\/\/www.pm.pb.gov.br\/portal\/2022\/11\/17\/bpamb-celebra-34-anos-de-atuacao-em-defesa-do-meio-ambiente-na-paraiba\/#article\",\"isPartOf\":{\"@id\":\"https:\/\/www.pm.pb.gov.br\/portal\/2022\/11\/17\/bpamb-celebra-34-anos-de-atuacao-em-defesa-do-meio-ambiente-na-paraiba\/\"},\"author\":{\"name\":\"Assessoria de Imprensa da PMPB\",\"@id\":\"https:\/\/www.pm.pb.gov.br\/portal\/#\/schema\/person\/e8454f46651c3ecf0e1ba3c1666d9947\"},\"headline\":\"BPAmb celebra 34 anos de atua\u00e7\u00e3o em defesa do meio ambiente na Para\u00edba\",\"datePublished\":\"2022-11-17T18:00:00+00:00\",\"dateModified\":\"2022-11-17T19:11:55+00:00\",\"mainEntityOfPage\":{\"@id\":\"https:\/\/www.pm.pb.gov.br\/portal\/2022\/11\/17\/bpamb-celebra-34-anos-de-atuacao-em-defesa-do-meio-ambiente-na-paraiba\/\"},\"wordCount\":224,\"publisher\":{\"@id\":\"https:\/\/www.pm.pb.gov.br\/portal\/#organization\"},\"articleSection\":[\"Eventos\"],\"inLanguage\":\"pt-BR\"},{\"@type\":\"WebPage\",\"@id\":\"https:\/\/www.pm.pb.gov.br\/portal\/2022\/11\/17\/bpamb-celebra-34-anos-de-atuacao-em-defesa-do-meio-ambiente-na-paraiba\/\",\"url\":\"https:\/\/www.pm.pb.gov.br\/portal\/2022\/11\/17\/bpamb-celebra-34-anos-de-atuacao-em-defesa-do-meio-ambiente-na-paraiba\/\",\"name\":\"BPAmb celebra 34 anos de atua\u00e7\u00e3o em defesa do meio ambiente na Para\u00edba - Pol\u00edcia Militar da Para\u00edba\",\"isPartOf\":{\"@id\":\"https:\/\/www.pm.pb.gov.br\/portal\/#website\"},\"datePublished\":\"2022-11-17T18:00:00+00:00\",\"dateModified\":\"2022-11-17T19:11:55+00:00\",\"breadcrumb\":{\"@id\":\"https:\/\/www.pm.pb.gov.br\/portal\/2022\/11\/17\/bpamb-celebra-34-anos-de-atuacao-em-defesa-do-meio-ambiente-na-paraiba\/#breadcrumb\"},\"inLanguage\":\"pt-BR\",\"potentialAction\":[{\"@type\":\"ReadAction\",\"target\":[\"https:\/\/www.pm.pb.gov.br\/portal\/2022\/11\/17\/bpamb-celebra-34-anos-de-atuacao-em-defesa-do-meio-ambiente-na-paraiba\/\"]}]},{\"@type\":\"BreadcrumbList\",\"@id\":\"https:\/\/www.pm.pb.gov.br\/portal\/2022\/11\/17\/bpamb-celebra-34-anos-de-atuacao-em-defesa-do-meio-ambiente-na-paraiba\/#breadcrumb\",\"itemListElement\":[{\"@type\":\"ListItem\",\"position\":1,\"name\":\"In\u00edcio\",\"item\":\"https:\/\/www.pm.pb.gov.br\/portal\/\"},{\"@type\":\"ListItem\",\"position\":2,\"name\":\"BPAmb celebra 34 anos de atua\u00e7\u00e3o em defesa do meio ambiente na Para\u00edba\"}]},{\"@type\":\"WebSite\",\"@id\":\"https:\/\/www.pm.pb.gov.br\/portal\/#website\",\"url\":\"https:\/\/www.pm.pb.gov.br\/portal\/\",\"name\":\"Pol\u00edcia Militar da Para\u00edba\",\"description\":\"\",\"publisher\":{\"@id\":\"https:\/\/www.pm.pb.gov.br\/portal\/#organization\"},\"potentialAction\":[{\"@type\":\"SearchAction\",\"target\":{\"@type\":\"EntryPoint\",\"urlTemplate\":\"https:\/\/www.pm.pb.gov.br\/portal\/?s={search_term_string}\"},\"query-input\":\"required name=search_term_string\"}],\"inLanguage\":\"pt-BR\"},{\"@type\":\"Organization\",\"@id\":\"https:\/\/www.pm.pb.gov.br\/portal\/#organization\",\"name\":\"Pol\u00edcia Militar da Para\u00edba\",\"url\":\"https:\/\/www.pm.pb.gov.br\/portal\/\",\"logo\":{\"@type\":\"ImageObject\",\"inLanguage\":\"pt-BR\",\"@id\":\"https:\/\/www.pm.pb.gov.br\/portal\/#\/schema\/logo\/image\/\",\"url\":\"https:\/\/www.pm.pb.gov.br\/portal\/wp-content\/uploads\/2025\/03\/cropped-logo-site-mag2-1.png\",\"contentUrl\":\"https:\/\/www.pm.pb.gov.br\/portal\/wp-content\/uploads\/2025\/03\/cropped-logo-site-mag2-1.png\",\"width\":320,\"height\":90,\"caption\":\"Pol\u00edcia Militar da Para\u00edba\"},\"image\":{\"@id\":\"https:\/\/www.pm.pb.gov.br\/portal\/#\/schema\/logo\/image\/\"}},{\"@type\":\"Person\",\"@id\":\"https:\/\/www.pm.pb.gov.br\/portal\/#\/schema\/person\/e8454f46651c3ecf0e1ba3c1666d9947\",\"name\":\"Assessoria de Imprensa da PMPB\",\"image\":{\"@type\":\"ImageObject\",\"inLanguage\":\"pt-BR\",\"@id\":\"https:\/\/www.pm.pb.gov.br\/portal\/#\/schema\/person\/image\/\",\"url\":\"https:\/\/secure.gravatar.com\/avatar\/2efe197438265d1e90bd98c4c8e1acf8?s=96&d=mm&r=g\",\"contentUrl\":\"https:\/\/secure.gravatar.com\/avatar\/2efe197438265d1e90bd98c4c8e1acf8?s=96&d=mm&r=g\",\"caption\":\"Assessoria de Imprensa da PMPB\"},\"url\":\"https:\/\/www.pm.pb.gov.br\/portal\/author\/assessoria\/\"}]}<\/script>\n<!-- \/ Yoast SEO plugin. -->","yoast_head_json":{"title":"BPAmb celebra 34 anos de atua\u00e7\u00e3o em defesa do meio ambiente na Para\u00edba - Pol\u00edcia Militar da Para\u00edba","robots":{"index":"index","follow":"follow","max-snippet":"max-snippet:-1","max-image-preview":"max-image-preview:large","max-video-preview":"max-video-preview:-1"},"canonical":"https:\/\/www.pm.pb.gov.br\/portal\/2022\/11\/17\/bpamb-celebra-34-anos-de-atuacao-em-defesa-do-meio-ambiente-na-paraiba\/","og_locale":"pt_BR","og_type":"article","og_title":"BPAmb celebra 34 anos de atua\u00e7\u00e3o em defesa do meio ambiente na Para\u00edba - Pol\u00edcia Militar da Para\u00edba","og_description":"Foi com reconhecimento, homenagens e agradecimentos que o Batalh\u00e3o de Pol\u00edcia Ambiental celebrou seus 34 anos de atua\u00e7\u00e3o em defesa","og_url":"https:\/\/www.pm.pb.gov.br\/portal\/2022\/11\/17\/bpamb-celebra-34-anos-de-atuacao-em-defesa-do-meio-ambiente-na-paraiba\/","og_site_name":"Pol\u00edcia Militar da Para\u00edba","article_published_time":"2022-11-17T18:00:00+00:00","article_modified_time":"2022-11-17T19:11:55+00:00","og_image":[{"width":1280,"height":853,"url":"http:\/\/www.pm.pb.gov.br\/portal\/wp-content\/uploads\/2022\/11\/WhatsApp-Image-2022-11-17-at-16.02.58.jpeg","type":"image\/jpeg"}],"author":"Assessoria de Imprensa da PMPB","twitter_card":"summary_large_image","twitter_misc":{"Escrito por":"Assessoria de Imprensa da PMPB","Est. tempo de leitura":"2 minutos"},"schema":{"@context":"https:\/\/schema.org","@graph":[{"@type":"Article","@id":"https:\/\/www.pm.pb.gov.br\/portal\/2022\/11\/17\/bpamb-celebra-34-anos-de-atuacao-em-defesa-do-meio-ambiente-na-paraiba\/#article","isPartOf":{"@id":"https:\/\/www.pm.pb.gov.br\/portal\/2022\/11\/17\/bpamb-celebra-34-anos-de-atuacao-em-defesa-do-meio-ambiente-na-paraiba\/"},"author":{"name":"Assessoria de Imprensa da PMPB","@id":"https:\/\/www.pm.pb.gov.br\/portal\/#\/schema\/person\/e8454f46651c3ecf0e1ba3c1666d9947"},"headline":"BPAmb celebra 34 anos de atua\u00e7\u00e3o em defesa do meio ambiente na Para\u00edba","datePublished":"2022-11-17T18:00:00+00:00","dateModified":"2022-11-17T19:11:55+00:00","mainEntityOfPage":{"@id":"https:\/\/www.pm.pb.gov.br\/portal\/2022\/11\/17\/bpamb-celebra-34-anos-de-atuacao-em-defesa-do-meio-ambiente-na-paraiba\/"},"wordCount":224,"publisher":{"@id":"https:\/\/www.pm.pb.gov.br\/portal\/#organization"},"articleSection":["Eventos"],"inLanguage":"pt-BR"},{"@type":"WebPage","@id":"https:\/\/www.pm.pb.gov.br\/portal\/2022\/11\/17\/bpamb-celebra-34-anos-de-atuacao-em-defesa-do-meio-ambiente-na-paraiba\/","url":"https:\/\/www.pm.pb.gov.br\/portal\/2022\/11\/17\/bpamb-celebra-34-anos-de-atuacao-em-defesa-do-meio-ambiente-na-paraiba\/","name":"BPAmb celebra 34 anos de atua\u00e7\u00e3o em defesa do meio ambiente na Para\u00edba - Pol\u00edcia Militar da Para\u00edba","isPartOf":{"@id":"https:\/\/www.pm.pb.gov.br\/portal\/#website"},"datePublished":"2022-11-17T18:00:00+00:00","dateModified":"2022-11-17T19:11:55+00:00","breadcrumb":{"@id":"https:\/\/www.pm.pb.gov.br\/portal\/2022\/11\/17\/bpamb-celebra-34-anos-de-atuacao-em-defesa-do-meio-ambiente-na-paraiba\/#breadcrumb"},"inLanguage":"pt-BR","potentialAction":[{"@type":"ReadAction","target":["https:\/\/www.pm.pb.gov.br\/portal\/2022\/11\/17\/bpamb-celebra-34-anos-de-atuacao-em-defesa-do-meio-ambiente-na-paraiba\/"]}]},{"@type":"BreadcrumbList","@id":"https:\/\/www.pm.pb.gov.br\/portal\/2022\/11\/17\/bpamb-celebra-34-anos-de-atuacao-em-defesa-do-meio-ambiente-na-paraiba\/#breadcrumb","itemListElement":[{"@type":"ListItem","position":1,"name":"In\u00edcio","item":"https:\/\/www.pm.pb.gov.br\/portal\/"},{"@type":"ListItem","position":2,"name":"BPAmb celebra 34 anos de atua\u00e7\u00e3o em defesa do meio ambiente na Para\u00edba"}]},{"@type":"WebSite","@id":"https:\/\/www.pm.pb.gov.br\/portal\/#website","url":"https:\/\/www.pm.pb.gov.br\/portal\/","name":"Pol\u00edcia Militar da Para\u00edba","description":"","publisher":{"@id":"https:\/\/www.pm.pb.gov.br\/portal\/#organization"},"potentialAction":[{"@type":"SearchAction","target":{"@type":"EntryPoint","urlTemplate":"https:\/\/www.pm.pb.gov.br\/portal\/?s={search_term_string}"},"query-input":"required name=search_term_string"}],"inLanguage":"pt-BR"},{"@type":"Organization","@id":"https:\/\/www.pm.pb.gov.br\/portal\/#organization","name":"Pol\u00edcia Militar da Para\u00edba","url":"https:\/\/www.pm.pb.gov.br\/portal\/","logo":{"@type":"ImageObject","inLanguage":"pt-BR","@id":"https:\/\/www.pm.pb.gov.br\/portal\/#\/schema\/logo\/image\/","url":"https:\/\/www.pm.pb.gov.br\/portal\/wp-content\/uploads\/2025\/03\/cropped-logo-site-mag2-1.png","contentUrl":"https:\/\/www.pm.pb.gov.br\/portal\/wp-content\/uploads\/2025\/03\/cropped-logo-site-mag2-1.png","width":320,"height":90,"caption":"Pol\u00edcia Militar da Para\u00edba"},"image":{"@id":"https:\/\/www.pm.pb.gov.br\/portal\/#\/schema\/logo\/image\/"}},{"@type":"Person","@id":"https:\/\/www.pm.pb.gov.br\/portal\/#\/schema\/person\/e8454f46651c3ecf0e1ba3c1666d9947","name":"Assessoria de Imprensa da PMPB","image":{"@type":"ImageObject","inLanguage":"pt-BR","@id":"https:\/\/www.pm.pb.gov.br\/portal\/#\/schema\/person\/image\/","url":"https:\/\/secure.gravatar.com\/avatar\/2efe197438265d1e90bd98c4c8e1acf8?s=96&d=mm&r=g","contentUrl":"https:\/\/secure.gravatar.com\/avatar\/2efe197438265d1e90bd98c4c8e1acf8?s=96&d=mm&r=g","caption":"Assessoria de Imprensa da PMPB"},"url":"https:\/\/www.pm.pb.gov.br\/portal\/author\/assessoria\/"}]}},"_links":{"self":[{"href":"https:\/\/www.pm.pb.gov.br\/portal\/wp-json\/wp\/v2\/posts\/914987"}],"collection":[{"href":"https:\/\/www.pm.pb.gov.br\/portal\/wp-json\/wp\/v2\/posts"}],"about":[{"href":"https:\/\/www.pm.pb.gov.br\/portal\/wp-json\/wp\/v2\/types\/post"}],"author":[{"embeddable":true,"href":"https:\/\/www.pm.pb.gov.br\/portal\/wp-json\/wp\/v2\/users\/5"}],"replies":[{"embeddable":true,"href":"https:\/\/www.pm.pb.gov.br\/portal\/wp-json\/wp\/v2\/comments?post=914987"}],"version-history":[{"count":2,"href":"https:\/\/www.pm.pb.gov.br\/portal\/wp-json\/wp\/v2\/posts\/914987\/revisions"}],"predecessor-version":[{"id":914992,"href":"https:\/\/www.pm.pb.gov.br\/portal\/wp-json\/wp\/v2\/posts\/914987\/revisions\/914992"}],"wp:featuredmedia":[{"embeddable":true,"href":"https:\/\/www.pm.pb.gov.br\/portal\/wp-json\/wp\/v2\/media\/914988"}],"wp:attachment":[{"href":"https:\/\/www.pm.pb.gov.br\/portal\/wp-json\/wp\/v2\/media?parent=914987"}],"wp:term":[{"taxonomy":"category","embeddable":true,"href":"https:\/\/www.pm.pb.gov.br\/portal\/wp-json\/wp\/v2\/categories?post=914987"},{"taxonomy":"post_tag","embeddable":true,"href":"https:\/\/www.pm.pb.gov.br\/portal\/wp-json\/wp\/v2\/tags?post=914987"}],"curies":[{"name":"wp","href":"https:\/\/api.w.org\/{rel}","templated":true}]}}