{"id":914966,"date":"2022-10-18T21:00:00","date_gmt":"2022-10-19T00:00:00","guid":{"rendered":"https:\/\/www.pm.pb.gov.br\/portal\/?p=914966"},"modified":"2022-11-18T13:19:54","modified_gmt":"2022-11-18T16:19:54","slug":"policia-militar-prende-suspeitos-de-trafico-e-apreende-mais-de-100-porcoes-de-drogas-na-zona-sul-de-joao-pessoa","status":"publish","type":"post","link":"https:\/\/www.pm.pb.gov.br\/portal\/2022\/10\/18\/policia-militar-prende-suspeitos-de-trafico-e-apreende-mais-de-100-porcoes-de-drogas-na-zona-sul-de-joao-pessoa\/","title":{"rendered":"Pol\u00edcia Militar prende suspeitos de tr\u00e1fico e apreende mais de 100 por\u00e7\u00f5es de drogas na zona sul de Jo\u00e3o Pessoa"},"content":{"rendered":"\n<p class=\"x_MsoNormal\">A Pol\u00edcia Militar prendeu, na tarde desta ter\u00e7a-feira (18), dois suspeitos de tr\u00e1fico e apreendeu mais de 100 por\u00e7\u00f5es de drogas, no bairro de Mangabeira, em Jo\u00e3o Pessoa. A a\u00e7\u00e3o resultou ainda na apreens\u00e3o de simulacro de arma de fogo, muni\u00e7\u00e3o e diversos materiais usados pelo tr\u00e1fico (foto acima).<\/p>\n<p class=\"x_MsoNormal\">Os dois suspeitos, que tem 19 anos de idade, foram abordados pelos policiais do 5\u00ba Batalh\u00e3o nas proximidades de um condom\u00ednio. Um deles tentou fugir mas foi detido em seu apartamento. Com a dupla, os policiais localizaram 74 pinos com subst\u00e2ncia an\u00e1loga \u00e0 coca\u00edna, 32 por\u00e7\u00f5es e um tablete de subst\u00e2ncia similar \u00e0 maconha, vasta quantidade de pinos vazios para embalar e transportar entorpecentes, papel laminado, faca, uma r\u00e9plica de arma de fogo, uma muni\u00e7\u00e3o calibre 38, e mais de R$ 500 em dinheiro.<\/p>\n<p class=\"x_MsoNormal\">De acordo com os policiais que fizeram a pris\u00e3o, um dos suspeitos j\u00e1 tinha passagem pela pol\u00edcia pelo crime de roubo. Toda a ocorr\u00eancia e os materiais apreendidos nesta ter\u00e7a foram encaminhados para a Central de Flagrantes para os procedimentos cab\u00edveis.<\/p>\n\n\n","protected":false},"excerpt":{"rendered":"<p>A Pol\u00edcia Militar prendeu, na tarde desta ter\u00e7a-feira (18), dois suspeitos de tr\u00e1fico e apreendeu mais de 100 por\u00e7\u00f5es de<\/p>\n","protected":false},"author":12,"featured_media":914967,"comment_status":"closed","ping_status":"closed","sticky":false,"template":"","format":"standard","meta":{"_exactmetrics_skip_tracking":false,"_exactmetrics_sitenote_active":false,"_exactmetrics_sitenote_note":"","_exactmetrics_sitenote_category":0,"footnotes":""},"categories":[4],"tags":[],"yoast_head":"<!-- This site is optimized with the Yoast SEO plugin v22.0 - https:\/\/yoast.com\/wordpress\/plugins\/seo\/ -->\n<title>Pol\u00edcia Militar prende suspeitos de tr\u00e1fico e apreende mais de 100 por\u00e7\u00f5es de drogas na zona sul de Jo\u00e3o Pessoa - Pol\u00edcia Militar da Para\u00edba<\/title>\n<meta name=\"robots\" content=\"index, follow, max-snippet:-1, max-image-preview:large, max-video-preview:-1\" \/>\n<link rel=\"canonical\" href=\"https:\/\/www.pm.pb.gov.br\/portal\/2022\/10\/18\/policia-militar-prende-suspeitos-de-trafico-e-apreende-mais-de-100-porcoes-de-drogas-na-zona-sul-de-joao-pessoa\/\" \/>\n<meta property=\"og:locale\" content=\"pt_BR\" \/>\n<meta property=\"og:type\" content=\"article\" \/>\n<meta property=\"og:title\" content=\"Pol\u00edcia Militar prende suspeitos de tr\u00e1fico e apreende mais de 100 por\u00e7\u00f5es de drogas na zona sul de Jo\u00e3o Pessoa - Pol\u00edcia Militar da Para\u00edba\" \/>\n<meta property=\"og:description\" content=\"A Pol\u00edcia Militar prendeu, na tarde desta ter\u00e7a-feira (18), dois suspeitos de tr\u00e1fico e apreendeu mais de 100 por\u00e7\u00f5es de\" \/>\n<meta property=\"og:url\" content=\"https:\/\/www.pm.pb.gov.br\/portal\/2022\/10\/18\/policia-militar-prende-suspeitos-de-trafico-e-apreende-mais-de-100-porcoes-de-drogas-na-zona-sul-de-joao-pessoa\/\" \/>\n<meta property=\"og:site_name\" content=\"Pol\u00edcia Militar da Para\u00edba\" \/>\n<meta property=\"article:published_time\" content=\"2022-10-19T00:00:00+00:00\" \/>\n<meta property=\"article:modified_time\" content=\"2022-11-18T16:19:54+00:00\" \/>\n<meta property=\"og:image\" content=\"http:\/\/www.pm.pb.gov.br\/portal\/wp-content\/uploads\/2022\/11\/apreensao1.jpeg\" \/>\n\t<meta property=\"og:image:width\" content=\"800\" \/>\n\t<meta property=\"og:image:height\" content=\"445\" \/>\n\t<meta property=\"og:image:type\" content=\"image\/jpeg\" \/>\n<meta name=\"author\" content=\"Tarcisio Oliveira\" \/>\n<meta name=\"twitter:card\" content=\"summary_large_image\" \/>\n<meta name=\"twitter:label1\" content=\"Escrito por\" \/>\n\t<meta name=\"twitter:data1\" content=\"Tarcisio Oliveira\" \/>\n\t<meta name=\"twitter:label2\" content=\"Est. tempo de leitura\" \/>\n\t<meta name=\"twitter:data2\" content=\"1 minuto\" \/>\n<script type=\"application\/ld+json\" class=\"yoast-schema-graph\">{\"@context\":\"https:\/\/schema.org\",\"@graph\":[{\"@type\":\"Article\",\"@id\":\"https:\/\/www.pm.pb.gov.br\/portal\/2022\/10\/18\/policia-militar-prende-suspeitos-de-trafico-e-apreende-mais-de-100-porcoes-de-drogas-na-zona-sul-de-joao-pessoa\/#article\",\"isPartOf\":{\"@id\":\"https:\/\/www.pm.pb.gov.br\/portal\/2022\/10\/18\/policia-militar-prende-suspeitos-de-trafico-e-apreende-mais-de-100-porcoes-de-drogas-na-zona-sul-de-joao-pessoa\/\"},\"author\":{\"name\":\"Tarcisio Oliveira\",\"@id\":\"https:\/\/www.pm.pb.gov.br\/portal\/#\/schema\/person\/f84f56dcc78ce4357054da888b8247fd\"},\"headline\":\"Pol\u00edcia Militar prende suspeitos de tr\u00e1fico e apreende mais de 100 por\u00e7\u00f5es de drogas na zona sul de Jo\u00e3o Pessoa\",\"datePublished\":\"2022-10-19T00:00:00+00:00\",\"dateModified\":\"2022-11-18T16:19:54+00:00\",\"mainEntityOfPage\":{\"@id\":\"https:\/\/www.pm.pb.gov.br\/portal\/2022\/10\/18\/policia-militar-prende-suspeitos-de-trafico-e-apreende-mais-de-100-porcoes-de-drogas-na-zona-sul-de-joao-pessoa\/\"},\"wordCount\":210,\"publisher\":{\"@id\":\"https:\/\/www.pm.pb.gov.br\/portal\/#organization\"},\"articleSection\":[\"A\u00e7\u00f5es Policiais\"],\"inLanguage\":\"pt-BR\"},{\"@type\":\"WebPage\",\"@id\":\"https:\/\/www.pm.pb.gov.br\/portal\/2022\/10\/18\/policia-militar-prende-suspeitos-de-trafico-e-apreende-mais-de-100-porcoes-de-drogas-na-zona-sul-de-joao-pessoa\/\",\"url\":\"https:\/\/www.pm.pb.gov.br\/portal\/2022\/10\/18\/policia-militar-prende-suspeitos-de-trafico-e-apreende-mais-de-100-porcoes-de-drogas-na-zona-sul-de-joao-pessoa\/\",\"name\":\"Pol\u00edcia Militar prende suspeitos de tr\u00e1fico e apreende mais de 100 por\u00e7\u00f5es de drogas na zona sul de Jo\u00e3o Pessoa - Pol\u00edcia Militar da Para\u00edba\",\"isPartOf\":{\"@id\":\"https:\/\/www.pm.pb.gov.br\/portal\/#website\"},\"datePublished\":\"2022-10-19T00:00:00+00:00\",\"dateModified\":\"2022-11-18T16:19:54+00:00\",\"breadcrumb\":{\"@id\":\"https:\/\/www.pm.pb.gov.br\/portal\/2022\/10\/18\/policia-militar-prende-suspeitos-de-trafico-e-apreende-mais-de-100-porcoes-de-drogas-na-zona-sul-de-joao-pessoa\/#breadcrumb\"},\"inLanguage\":\"pt-BR\",\"potentialAction\":[{\"@type\":\"ReadAction\",\"target\":[\"https:\/\/www.pm.pb.gov.br\/portal\/2022\/10\/18\/policia-militar-prende-suspeitos-de-trafico-e-apreende-mais-de-100-porcoes-de-drogas-na-zona-sul-de-joao-pessoa\/\"]}]},{\"@type\":\"BreadcrumbList\",\"@id\":\"https:\/\/www.pm.pb.gov.br\/portal\/2022\/10\/18\/policia-militar-prende-suspeitos-de-trafico-e-apreende-mais-de-100-porcoes-de-drogas-na-zona-sul-de-joao-pessoa\/#breadcrumb\",\"itemListElement\":[{\"@type\":\"ListItem\",\"position\":1,\"name\":\"In\u00edcio\",\"item\":\"https:\/\/www.pm.pb.gov.br\/portal\/\"},{\"@type\":\"ListItem\",\"position\":2,\"name\":\"Pol\u00edcia Militar prende suspeitos de tr\u00e1fico e apreende mais de 100 por\u00e7\u00f5es de drogas na zona sul de Jo\u00e3o Pessoa\"}]},{\"@type\":\"WebSite\",\"@id\":\"https:\/\/www.pm.pb.gov.br\/portal\/#website\",\"url\":\"https:\/\/www.pm.pb.gov.br\/portal\/\",\"name\":\"Pol\u00edcia Militar da Para\u00edba\",\"description\":\"\",\"publisher\":{\"@id\":\"https:\/\/www.pm.pb.gov.br\/portal\/#organization\"},\"potentialAction\":[{\"@type\":\"SearchAction\",\"target\":{\"@type\":\"EntryPoint\",\"urlTemplate\":\"https:\/\/www.pm.pb.gov.br\/portal\/?s={search_term_string}\"},\"query-input\":\"required name=search_term_string\"}],\"inLanguage\":\"pt-BR\"},{\"@type\":\"Organization\",\"@id\":\"https:\/\/www.pm.pb.gov.br\/portal\/#organization\",\"name\":\"Pol\u00edcia Militar da Para\u00edba\",\"url\":\"https:\/\/www.pm.pb.gov.br\/portal\/\",\"logo\":{\"@type\":\"ImageObject\",\"inLanguage\":\"pt-BR\",\"@id\":\"https:\/\/www.pm.pb.gov.br\/portal\/#\/schema\/logo\/image\/\",\"url\":\"https:\/\/www.pm.pb.gov.br\/portal\/wp-content\/uploads\/2025\/03\/cropped-logo-site-mag2-1.png\",\"contentUrl\":\"https:\/\/www.pm.pb.gov.br\/portal\/wp-content\/uploads\/2025\/03\/cropped-logo-site-mag2-1.png\",\"width\":320,\"height\":90,\"caption\":\"Pol\u00edcia Militar da Para\u00edba\"},\"image\":{\"@id\":\"https:\/\/www.pm.pb.gov.br\/portal\/#\/schema\/logo\/image\/\"}},{\"@type\":\"Person\",\"@id\":\"https:\/\/www.pm.pb.gov.br\/portal\/#\/schema\/person\/f84f56dcc78ce4357054da888b8247fd\",\"name\":\"Tarcisio Oliveira\",\"image\":{\"@type\":\"ImageObject\",\"inLanguage\":\"pt-BR\",\"@id\":\"https:\/\/www.pm.pb.gov.br\/portal\/#\/schema\/person\/image\/\",\"url\":\"https:\/\/secure.gravatar.com\/avatar\/72917b630b69d31cd0297507f34bac97?s=96&d=mm&r=g\",\"contentUrl\":\"https:\/\/secure.gravatar.com\/avatar\/72917b630b69d31cd0297507f34bac97?s=96&d=mm&r=g\",\"caption\":\"Tarcisio Oliveira\"},\"url\":\"https:\/\/www.pm.pb.gov.br\/portal\/author\/tarcisio\/\"}]}<\/script>\n<!-- \/ Yoast SEO plugin. -->","yoast_head_json":{"title":"Pol\u00edcia Militar prende suspeitos de tr\u00e1fico e apreende mais de 100 por\u00e7\u00f5es de drogas na zona sul de Jo\u00e3o Pessoa - Pol\u00edcia Militar da Para\u00edba","robots":{"index":"index","follow":"follow","max-snippet":"max-snippet:-1","max-image-preview":"max-image-preview:large","max-video-preview":"max-video-preview:-1"},"canonical":"https:\/\/www.pm.pb.gov.br\/portal\/2022\/10\/18\/policia-militar-prende-suspeitos-de-trafico-e-apreende-mais-de-100-porcoes-de-drogas-na-zona-sul-de-joao-pessoa\/","og_locale":"pt_BR","og_type":"article","og_title":"Pol\u00edcia Militar prende suspeitos de tr\u00e1fico e apreende mais de 100 por\u00e7\u00f5es de drogas na zona sul de Jo\u00e3o Pessoa - Pol\u00edcia Militar da Para\u00edba","og_description":"A Pol\u00edcia Militar prendeu, na tarde desta ter\u00e7a-feira (18), dois suspeitos de tr\u00e1fico e apreendeu mais de 100 por\u00e7\u00f5es de","og_url":"https:\/\/www.pm.pb.gov.br\/portal\/2022\/10\/18\/policia-militar-prende-suspeitos-de-trafico-e-apreende-mais-de-100-porcoes-de-drogas-na-zona-sul-de-joao-pessoa\/","og_site_name":"Pol\u00edcia Militar da Para\u00edba","article_published_time":"2022-10-19T00:00:00+00:00","article_modified_time":"2022-11-18T16:19:54+00:00","og_image":[{"width":800,"height":445,"url":"http:\/\/www.pm.pb.gov.br\/portal\/wp-content\/uploads\/2022\/11\/apreensao1.jpeg","type":"image\/jpeg"}],"author":"Tarcisio Oliveira","twitter_card":"summary_large_image","twitter_misc":{"Escrito por":"Tarcisio Oliveira","Est. tempo de leitura":"1 minuto"},"schema":{"@context":"https:\/\/schema.org","@graph":[{"@type":"Article","@id":"https:\/\/www.pm.pb.gov.br\/portal\/2022\/10\/18\/policia-militar-prende-suspeitos-de-trafico-e-apreende-mais-de-100-porcoes-de-drogas-na-zona-sul-de-joao-pessoa\/#article","isPartOf":{"@id":"https:\/\/www.pm.pb.gov.br\/portal\/2022\/10\/18\/policia-militar-prende-suspeitos-de-trafico-e-apreende-mais-de-100-porcoes-de-drogas-na-zona-sul-de-joao-pessoa\/"},"author":{"name":"Tarcisio Oliveira","@id":"https:\/\/www.pm.pb.gov.br\/portal\/#\/schema\/person\/f84f56dcc78ce4357054da888b8247fd"},"headline":"Pol\u00edcia Militar prende suspeitos de tr\u00e1fico e apreende mais de 100 por\u00e7\u00f5es de drogas na zona sul de Jo\u00e3o Pessoa","datePublished":"2022-10-19T00:00:00+00:00","dateModified":"2022-11-18T16:19:54+00:00","mainEntityOfPage":{"@id":"https:\/\/www.pm.pb.gov.br\/portal\/2022\/10\/18\/policia-militar-prende-suspeitos-de-trafico-e-apreende-mais-de-100-porcoes-de-drogas-na-zona-sul-de-joao-pessoa\/"},"wordCount":210,"publisher":{"@id":"https:\/\/www.pm.pb.gov.br\/portal\/#organization"},"articleSection":["A\u00e7\u00f5es Policiais"],"inLanguage":"pt-BR"},{"@type":"WebPage","@id":"https:\/\/www.pm.pb.gov.br\/portal\/2022\/10\/18\/policia-militar-prende-suspeitos-de-trafico-e-apreende-mais-de-100-porcoes-de-drogas-na-zona-sul-de-joao-pessoa\/","url":"https:\/\/www.pm.pb.gov.br\/portal\/2022\/10\/18\/policia-militar-prende-suspeitos-de-trafico-e-apreende-mais-de-100-porcoes-de-drogas-na-zona-sul-de-joao-pessoa\/","name":"Pol\u00edcia Militar prende suspeitos de tr\u00e1fico e apreende mais de 100 por\u00e7\u00f5es de drogas na zona sul de Jo\u00e3o Pessoa - Pol\u00edcia Militar da Para\u00edba","isPartOf":{"@id":"https:\/\/www.pm.pb.gov.br\/portal\/#website"},"datePublished":"2022-10-19T00:00:00+00:00","dateModified":"2022-11-18T16:19:54+00:00","breadcrumb":{"@id":"https:\/\/www.pm.pb.gov.br\/portal\/2022\/10\/18\/policia-militar-prende-suspeitos-de-trafico-e-apreende-mais-de-100-porcoes-de-drogas-na-zona-sul-de-joao-pessoa\/#breadcrumb"},"inLanguage":"pt-BR","potentialAction":[{"@type":"ReadAction","target":["https:\/\/www.pm.pb.gov.br\/portal\/2022\/10\/18\/policia-militar-prende-suspeitos-de-trafico-e-apreende-mais-de-100-porcoes-de-drogas-na-zona-sul-de-joao-pessoa\/"]}]},{"@type":"BreadcrumbList","@id":"https:\/\/www.pm.pb.gov.br\/portal\/2022\/10\/18\/policia-militar-prende-suspeitos-de-trafico-e-apreende-mais-de-100-porcoes-de-drogas-na-zona-sul-de-joao-pessoa\/#breadcrumb","itemListElement":[{"@type":"ListItem","position":1,"name":"In\u00edcio","item":"https:\/\/www.pm.pb.gov.br\/portal\/"},{"@type":"ListItem","position":2,"name":"Pol\u00edcia Militar prende suspeitos de tr\u00e1fico e apreende mais de 100 por\u00e7\u00f5es de drogas na zona sul de Jo\u00e3o Pessoa"}]},{"@type":"WebSite","@id":"https:\/\/www.pm.pb.gov.br\/portal\/#website","url":"https:\/\/www.pm.pb.gov.br\/portal\/","name":"Pol\u00edcia Militar da Para\u00edba","description":"","publisher":{"@id":"https:\/\/www.pm.pb.gov.br\/portal\/#organization"},"potentialAction":[{"@type":"SearchAction","target":{"@type":"EntryPoint","urlTemplate":"https:\/\/www.pm.pb.gov.br\/portal\/?s={search_term_string}"},"query-input":"required name=search_term_string"}],"inLanguage":"pt-BR"},{"@type":"Organization","@id":"https:\/\/www.pm.pb.gov.br\/portal\/#organization","name":"Pol\u00edcia Militar da Para\u00edba","url":"https:\/\/www.pm.pb.gov.br\/portal\/","logo":{"@type":"ImageObject","inLanguage":"pt-BR","@id":"https:\/\/www.pm.pb.gov.br\/portal\/#\/schema\/logo\/image\/","url":"https:\/\/www.pm.pb.gov.br\/portal\/wp-content\/uploads\/2025\/03\/cropped-logo-site-mag2-1.png","contentUrl":"https:\/\/www.pm.pb.gov.br\/portal\/wp-content\/uploads\/2025\/03\/cropped-logo-site-mag2-1.png","width":320,"height":90,"caption":"Pol\u00edcia Militar da Para\u00edba"},"image":{"@id":"https:\/\/www.pm.pb.gov.br\/portal\/#\/schema\/logo\/image\/"}},{"@type":"Person","@id":"https:\/\/www.pm.pb.gov.br\/portal\/#\/schema\/person\/f84f56dcc78ce4357054da888b8247fd","name":"Tarcisio Oliveira","image":{"@type":"ImageObject","inLanguage":"pt-BR","@id":"https:\/\/www.pm.pb.gov.br\/portal\/#\/schema\/person\/image\/","url":"https:\/\/secure.gravatar.com\/avatar\/72917b630b69d31cd0297507f34bac97?s=96&d=mm&r=g","contentUrl":"https:\/\/secure.gravatar.com\/avatar\/72917b630b69d31cd0297507f34bac97?s=96&d=mm&r=g","caption":"Tarcisio Oliveira"},"url":"https:\/\/www.pm.pb.gov.br\/portal\/author\/tarcisio\/"}]}},"_links":{"self":[{"href":"https:\/\/www.pm.pb.gov.br\/portal\/wp-json\/wp\/v2\/posts\/914966"}],"collection":[{"href":"https:\/\/www.pm.pb.gov.br\/portal\/wp-json\/wp\/v2\/posts"}],"about":[{"href":"https:\/\/www.pm.pb.gov.br\/portal\/wp-json\/wp\/v2\/types\/post"}],"author":[{"embeddable":true,"href":"https:\/\/www.pm.pb.gov.br\/portal\/wp-json\/wp\/v2\/users\/12"}],"replies":[{"embeddable":true,"href":"https:\/\/www.pm.pb.gov.br\/portal\/wp-json\/wp\/v2\/comments?post=914966"}],"version-history":[{"count":1,"href":"https:\/\/www.pm.pb.gov.br\/portal\/wp-json\/wp\/v2\/posts\/914966\/revisions"}],"predecessor-version":[{"id":914968,"href":"https:\/\/www.pm.pb.gov.br\/portal\/wp-json\/wp\/v2\/posts\/914966\/revisions\/914968"}],"wp:featuredmedia":[{"embeddable":true,"href":"https:\/\/www.pm.pb.gov.br\/portal\/wp-json\/wp\/v2\/media\/914967"}],"wp:attachment":[{"href":"https:\/\/www.pm.pb.gov.br\/portal\/wp-json\/wp\/v2\/media?parent=914966"}],"wp:term":[{"taxonomy":"category","embeddable":true,"href":"https:\/\/www.pm.pb.gov.br\/portal\/wp-json\/wp\/v2\/categories?post=914966"},{"taxonomy":"post_tag","embeddable":true,"href":"https:\/\/www.pm.pb.gov.br\/portal\/wp-json\/wp\/v2\/tags?post=914966"}],"curies":[{"name":"wp","href":"https:\/\/api.w.org\/{rel}","templated":true}]}}