{"id":914952,"date":"2022-10-22T08:00:00","date_gmt":"2022-10-22T11:00:00","guid":{"rendered":"https:\/\/www.pm.pb.gov.br\/portal\/?p=914952"},"modified":"2022-11-18T13:16:33","modified_gmt":"2022-11-18T16:16:33","slug":"esquadrao-antibombas-da-policia-militar-desativa-explosivos-usados-em-ataque-de-grupo-criminoso-no-sertao","status":"publish","type":"post","link":"https:\/\/www.pm.pb.gov.br\/portal\/2022\/10\/22\/esquadrao-antibombas-da-policia-militar-desativa-explosivos-usados-em-ataque-de-grupo-criminoso-no-sertao\/","title":{"rendered":"Esquadr\u00e3o Antibombas da Pol\u00edcia Militar desativa explosivos usados em ataque de grupo criminoso no Sert\u00e3o"},"content":{"rendered":"\n<p class=\"x_MsoNormal\"><img loading=\"lazy\" decoding=\"async\" class=\"wp-image-914957 alignleft\" src=\"http:\/\/www.pm.pb.gov.br\/portal\/wp-content\/uploads\/2022\/11\/antibombas-334x445.jpeg\" alt=\"\" width=\"297\" height=\"396\" srcset=\"https:\/\/www.pm.pb.gov.br\/portal\/wp-content\/uploads\/2022\/11\/antibombas-334x445.jpeg 334w, https:\/\/www.pm.pb.gov.br\/portal\/wp-content\/uploads\/2022\/11\/antibombas-428x570.jpeg 428w, https:\/\/www.pm.pb.gov.br\/portal\/wp-content\/uploads\/2022\/11\/antibombas-768x1024.jpeg 768w, https:\/\/www.pm.pb.gov.br\/portal\/wp-content\/uploads\/2022\/11\/antibombas-1152x1536.jpeg 1152w, https:\/\/www.pm.pb.gov.br\/portal\/wp-content\/uploads\/2022\/11\/antibombas.jpeg 1200w\" sizes=\"(max-width: 297px) 100vw, 297px\" \/>A Pol\u00edcia Militar da Para\u00edba desativou quatro explosivos que estavam sendo usados por um grupo criminoso que atacou um carro-forte em Pernambuco, na tarde da \u00faltima sexta-feira (21).&nbsp; O material foi localizado dentro de um ve\u00edculo roubado usado pelos suspeitos, ap\u00f3s a tentativa de assalto na regi\u00e3o do munic\u00edpio pernambucano de Brejinho. O grupo fugiu para a regi\u00e3o de Teixeira, na Para\u00edba, e segue sendo procurado.<\/p>\n<p class=\"x_MsoNormal\">O material explosivo foi desativado pelo Esquadr\u00e3o Antibombas do Grupamento de A\u00e7\u00f5es T\u00e1ticas Especiais (Gate), do Batalh\u00e3o de Opera\u00e7\u00f5es Especiais (Bope). De acordo com o comando do Gate, foi realizada a identifica\u00e7\u00e3o, desativa\u00e7\u00e3o e remo\u00e7\u00e3o dos artefatos explosivos encontrados no carro, abandonado pelos criminosos na Para\u00edba (fotos acima e abaixo).&nbsp; Ainda no ve\u00edculo roubado, policiais do 3\u00ba Batalh\u00e3o tamb\u00e9m apreenderam um fuzil, muni\u00e7\u00f5es de calibre 5,56, que tem alto poder de fogo, e carregadores.<\/p>\n<p><img loading=\"lazy\" decoding=\"async\" class=\"wp-image-914956 aligncenter\" src=\"http:\/\/www.pm.pb.gov.br\/portal\/wp-content\/uploads\/2022\/11\/explosivos_desativados-5-485x445.jpeg\" alt=\"\" width=\"434\" height=\"398\" srcset=\"https:\/\/www.pm.pb.gov.br\/portal\/wp-content\/uploads\/2022\/11\/explosivos_desativados-5-485x445.jpeg 485w, https:\/\/www.pm.pb.gov.br\/portal\/wp-content\/uploads\/2022\/11\/explosivos_desativados-5-621x570.jpeg 621w, https:\/\/www.pm.pb.gov.br\/portal\/wp-content\/uploads\/2022\/11\/explosivos_desativados-5-768x705.jpeg 768w, https:\/\/www.pm.pb.gov.br\/portal\/wp-content\/uploads\/2022\/11\/explosivos_desativados-5-1536x1409.jpeg 1536w, https:\/\/www.pm.pb.gov.br\/portal\/wp-content\/uploads\/2022\/11\/explosivos_desativados-5.jpeg 1600w\" sizes=\"(max-width: 434px) 100vw, 434px\" \/><\/p>\n<p><img loading=\"lazy\" decoding=\"async\" class=\" wp-image-914955 aligncenter\" src=\"http:\/\/www.pm.pb.gov.br\/portal\/wp-content\/uploads\/2022\/11\/explosivos_desativados-4-593x445.jpeg\" alt=\"\" width=\"431\" height=\"323\" srcset=\"https:\/\/www.pm.pb.gov.br\/portal\/wp-content\/uploads\/2022\/11\/explosivos_desativados-4-593x445.jpeg 593w, https:\/\/www.pm.pb.gov.br\/portal\/wp-content\/uploads\/2022\/11\/explosivos_desativados-4-760x570.jpeg 760w, https:\/\/www.pm.pb.gov.br\/portal\/wp-content\/uploads\/2022\/11\/explosivos_desativados-4-768x576.jpeg 768w, https:\/\/www.pm.pb.gov.br\/portal\/wp-content\/uploads\/2022\/11\/explosivos_desativados-4-1536x1152.jpeg 1536w, https:\/\/www.pm.pb.gov.br\/portal\/wp-content\/uploads\/2022\/11\/explosivos_desativados-4.jpeg 1600w\" sizes=\"(max-width: 431px) 100vw, 431px\" \/><\/p>\n<p><img loading=\"lazy\" decoding=\"async\" class=\" wp-image-914954 aligncenter\" src=\"http:\/\/www.pm.pb.gov.br\/portal\/wp-content\/uploads\/2022\/11\/explosivos_desativados-3-579x445.jpeg\" alt=\"\" width=\"442\" height=\"339\" srcset=\"https:\/\/www.pm.pb.gov.br\/portal\/wp-content\/uploads\/2022\/11\/explosivos_desativados-3-579x445.jpeg 579w, https:\/\/www.pm.pb.gov.br\/portal\/wp-content\/uploads\/2022\/11\/explosivos_desativados-3-741x570.jpeg 741w, https:\/\/www.pm.pb.gov.br\/portal\/wp-content\/uploads\/2022\/11\/explosivos_desativados-3-768x590.jpeg 768w, https:\/\/www.pm.pb.gov.br\/portal\/wp-content\/uploads\/2022\/11\/explosivos_desativados-3-1536x1181.jpeg 1536w, https:\/\/www.pm.pb.gov.br\/portal\/wp-content\/uploads\/2022\/11\/explosivos_desativados-3.jpeg 1600w\" sizes=\"(max-width: 442px) 100vw, 442px\" \/><\/p>\n<p class=\"x_MsoNormal\">Todo o material apreendido foi encaminhado para a delegacia pela Pol\u00edcia Cient\u00edfica de Pernambuco e pelas guarni\u00e7\u00f5es da PMPB. Ao fugir para a Para\u00edba, o grupo criminoso entrou em confronto com a Pol\u00edcia Civil e segue sendo procurado pela PMPB e demais For\u00e7as de Seguran\u00e7a dos dois estados.<\/p>\n","protected":false},"excerpt":{"rendered":"<p>A Pol\u00edcia Militar da Para\u00edba desativou quatro explosivos que estavam sendo usados por um grupo criminoso que atacou um carro-forte<\/p>\n","protected":false},"author":12,"featured_media":914953,"comment_status":"closed","ping_status":"closed","sticky":false,"template":"","format":"standard","meta":{"_exactmetrics_skip_tracking":false,"_exactmetrics_sitenote_active":false,"_exactmetrics_sitenote_note":"","_exactmetrics_sitenote_category":0,"footnotes":""},"categories":[4],"tags":[],"yoast_head":"<!-- This site is optimized with the Yoast SEO plugin v22.0 - https:\/\/yoast.com\/wordpress\/plugins\/seo\/ -->\n<title>Esquadr\u00e3o Antibombas da Pol\u00edcia Militar desativa explosivos usados em ataque de grupo criminoso no Sert\u00e3o - Pol\u00edcia Militar da Para\u00edba<\/title>\n<meta name=\"robots\" content=\"index, follow, max-snippet:-1, max-image-preview:large, max-video-preview:-1\" \/>\n<link rel=\"canonical\" href=\"https:\/\/www.pm.pb.gov.br\/portal\/2022\/10\/22\/esquadrao-antibombas-da-policia-militar-desativa-explosivos-usados-em-ataque-de-grupo-criminoso-no-sertao\/\" \/>\n<meta property=\"og:locale\" content=\"pt_BR\" \/>\n<meta property=\"og:type\" content=\"article\" \/>\n<meta property=\"og:title\" content=\"Esquadr\u00e3o Antibombas da Pol\u00edcia Militar desativa explosivos usados em ataque de grupo criminoso no Sert\u00e3o - Pol\u00edcia Militar da Para\u00edba\" \/>\n<meta property=\"og:description\" content=\"A Pol\u00edcia Militar da Para\u00edba desativou quatro explosivos que estavam sendo usados por um grupo criminoso que atacou um carro-forte\" \/>\n<meta property=\"og:url\" content=\"https:\/\/www.pm.pb.gov.br\/portal\/2022\/10\/22\/esquadrao-antibombas-da-policia-militar-desativa-explosivos-usados-em-ataque-de-grupo-criminoso-no-sertao\/\" \/>\n<meta property=\"og:site_name\" content=\"Pol\u00edcia Militar da Para\u00edba\" \/>\n<meta property=\"article:published_time\" content=\"2022-10-22T11:00:00+00:00\" \/>\n<meta property=\"article:modified_time\" content=\"2022-11-18T16:16:33+00:00\" \/>\n<meta property=\"og:image\" content=\"http:\/\/www.pm.pb.gov.br\/portal\/wp-content\/uploads\/2022\/11\/explosivos_desativados-1.jpeg\" \/>\n\t<meta property=\"og:image:width\" content=\"800\" \/>\n\t<meta property=\"og:image:height\" content=\"445\" \/>\n\t<meta property=\"og:image:type\" content=\"image\/jpeg\" \/>\n<meta name=\"author\" content=\"Tarcisio Oliveira\" \/>\n<meta name=\"twitter:card\" content=\"summary_large_image\" \/>\n<meta name=\"twitter:label1\" content=\"Escrito por\" \/>\n\t<meta name=\"twitter:data1\" content=\"Tarcisio Oliveira\" \/>\n\t<meta name=\"twitter:label2\" content=\"Est. tempo de leitura\" \/>\n\t<meta name=\"twitter:data2\" content=\"2 minutos\" \/>\n<script type=\"application\/ld+json\" class=\"yoast-schema-graph\">{\"@context\":\"https:\/\/schema.org\",\"@graph\":[{\"@type\":\"Article\",\"@id\":\"https:\/\/www.pm.pb.gov.br\/portal\/2022\/10\/22\/esquadrao-antibombas-da-policia-militar-desativa-explosivos-usados-em-ataque-de-grupo-criminoso-no-sertao\/#article\",\"isPartOf\":{\"@id\":\"https:\/\/www.pm.pb.gov.br\/portal\/2022\/10\/22\/esquadrao-antibombas-da-policia-militar-desativa-explosivos-usados-em-ataque-de-grupo-criminoso-no-sertao\/\"},\"author\":{\"name\":\"Tarcisio Oliveira\",\"@id\":\"https:\/\/www.pm.pb.gov.br\/portal\/#\/schema\/person\/f84f56dcc78ce4357054da888b8247fd\"},\"headline\":\"Esquadr\u00e3o Antibombas da Pol\u00edcia Militar desativa explosivos usados em ataque de grupo criminoso no Sert\u00e3o\",\"datePublished\":\"2022-10-22T11:00:00+00:00\",\"dateModified\":\"2022-11-18T16:16:33+00:00\",\"mainEntityOfPage\":{\"@id\":\"https:\/\/www.pm.pb.gov.br\/portal\/2022\/10\/22\/esquadrao-antibombas-da-policia-militar-desativa-explosivos-usados-em-ataque-de-grupo-criminoso-no-sertao\/\"},\"wordCount\":233,\"publisher\":{\"@id\":\"https:\/\/www.pm.pb.gov.br\/portal\/#organization\"},\"articleSection\":[\"A\u00e7\u00f5es Policiais\"],\"inLanguage\":\"pt-BR\"},{\"@type\":\"WebPage\",\"@id\":\"https:\/\/www.pm.pb.gov.br\/portal\/2022\/10\/22\/esquadrao-antibombas-da-policia-militar-desativa-explosivos-usados-em-ataque-de-grupo-criminoso-no-sertao\/\",\"url\":\"https:\/\/www.pm.pb.gov.br\/portal\/2022\/10\/22\/esquadrao-antibombas-da-policia-militar-desativa-explosivos-usados-em-ataque-de-grupo-criminoso-no-sertao\/\",\"name\":\"Esquadr\u00e3o Antibombas da Pol\u00edcia Militar desativa explosivos usados em ataque de grupo criminoso no Sert\u00e3o - Pol\u00edcia Militar da Para\u00edba\",\"isPartOf\":{\"@id\":\"https:\/\/www.pm.pb.gov.br\/portal\/#website\"},\"datePublished\":\"2022-10-22T11:00:00+00:00\",\"dateModified\":\"2022-11-18T16:16:33+00:00\",\"breadcrumb\":{\"@id\":\"https:\/\/www.pm.pb.gov.br\/portal\/2022\/10\/22\/esquadrao-antibombas-da-policia-militar-desativa-explosivos-usados-em-ataque-de-grupo-criminoso-no-sertao\/#breadcrumb\"},\"inLanguage\":\"pt-BR\",\"potentialAction\":[{\"@type\":\"ReadAction\",\"target\":[\"https:\/\/www.pm.pb.gov.br\/portal\/2022\/10\/22\/esquadrao-antibombas-da-policia-militar-desativa-explosivos-usados-em-ataque-de-grupo-criminoso-no-sertao\/\"]}]},{\"@type\":\"BreadcrumbList\",\"@id\":\"https:\/\/www.pm.pb.gov.br\/portal\/2022\/10\/22\/esquadrao-antibombas-da-policia-militar-desativa-explosivos-usados-em-ataque-de-grupo-criminoso-no-sertao\/#breadcrumb\",\"itemListElement\":[{\"@type\":\"ListItem\",\"position\":1,\"name\":\"In\u00edcio\",\"item\":\"https:\/\/www.pm.pb.gov.br\/portal\/\"},{\"@type\":\"ListItem\",\"position\":2,\"name\":\"Esquadr\u00e3o Antibombas da Pol\u00edcia Militar desativa explosivos usados em ataque de grupo criminoso no Sert\u00e3o\"}]},{\"@type\":\"WebSite\",\"@id\":\"https:\/\/www.pm.pb.gov.br\/portal\/#website\",\"url\":\"https:\/\/www.pm.pb.gov.br\/portal\/\",\"name\":\"Pol\u00edcia Militar da Para\u00edba\",\"description\":\"\",\"publisher\":{\"@id\":\"https:\/\/www.pm.pb.gov.br\/portal\/#organization\"},\"potentialAction\":[{\"@type\":\"SearchAction\",\"target\":{\"@type\":\"EntryPoint\",\"urlTemplate\":\"https:\/\/www.pm.pb.gov.br\/portal\/?s={search_term_string}\"},\"query-input\":\"required name=search_term_string\"}],\"inLanguage\":\"pt-BR\"},{\"@type\":\"Organization\",\"@id\":\"https:\/\/www.pm.pb.gov.br\/portal\/#organization\",\"name\":\"Pol\u00edcia Militar da Para\u00edba\",\"url\":\"https:\/\/www.pm.pb.gov.br\/portal\/\",\"logo\":{\"@type\":\"ImageObject\",\"inLanguage\":\"pt-BR\",\"@id\":\"https:\/\/www.pm.pb.gov.br\/portal\/#\/schema\/logo\/image\/\",\"url\":\"https:\/\/www.pm.pb.gov.br\/portal\/wp-content\/uploads\/2025\/03\/cropped-logo-site-mag2-1.png\",\"contentUrl\":\"https:\/\/www.pm.pb.gov.br\/portal\/wp-content\/uploads\/2025\/03\/cropped-logo-site-mag2-1.png\",\"width\":320,\"height\":90,\"caption\":\"Pol\u00edcia Militar da Para\u00edba\"},\"image\":{\"@id\":\"https:\/\/www.pm.pb.gov.br\/portal\/#\/schema\/logo\/image\/\"}},{\"@type\":\"Person\",\"@id\":\"https:\/\/www.pm.pb.gov.br\/portal\/#\/schema\/person\/f84f56dcc78ce4357054da888b8247fd\",\"name\":\"Tarcisio Oliveira\",\"image\":{\"@type\":\"ImageObject\",\"inLanguage\":\"pt-BR\",\"@id\":\"https:\/\/www.pm.pb.gov.br\/portal\/#\/schema\/person\/image\/\",\"url\":\"https:\/\/secure.gravatar.com\/avatar\/72917b630b69d31cd0297507f34bac97?s=96&d=mm&r=g\",\"contentUrl\":\"https:\/\/secure.gravatar.com\/avatar\/72917b630b69d31cd0297507f34bac97?s=96&d=mm&r=g\",\"caption\":\"Tarcisio Oliveira\"},\"url\":\"https:\/\/www.pm.pb.gov.br\/portal\/author\/tarcisio\/\"}]}<\/script>\n<!-- \/ Yoast SEO plugin. -->","yoast_head_json":{"title":"Esquadr\u00e3o Antibombas da Pol\u00edcia Militar desativa explosivos usados em ataque de grupo criminoso no Sert\u00e3o - Pol\u00edcia Militar da Para\u00edba","robots":{"index":"index","follow":"follow","max-snippet":"max-snippet:-1","max-image-preview":"max-image-preview:large","max-video-preview":"max-video-preview:-1"},"canonical":"https:\/\/www.pm.pb.gov.br\/portal\/2022\/10\/22\/esquadrao-antibombas-da-policia-militar-desativa-explosivos-usados-em-ataque-de-grupo-criminoso-no-sertao\/","og_locale":"pt_BR","og_type":"article","og_title":"Esquadr\u00e3o Antibombas da Pol\u00edcia Militar desativa explosivos usados em ataque de grupo criminoso no Sert\u00e3o - Pol\u00edcia Militar da Para\u00edba","og_description":"A Pol\u00edcia Militar da Para\u00edba desativou quatro explosivos que estavam sendo usados por um grupo criminoso que atacou um carro-forte","og_url":"https:\/\/www.pm.pb.gov.br\/portal\/2022\/10\/22\/esquadrao-antibombas-da-policia-militar-desativa-explosivos-usados-em-ataque-de-grupo-criminoso-no-sertao\/","og_site_name":"Pol\u00edcia Militar da Para\u00edba","article_published_time":"2022-10-22T11:00:00+00:00","article_modified_time":"2022-11-18T16:16:33+00:00","og_image":[{"width":800,"height":445,"url":"http:\/\/www.pm.pb.gov.br\/portal\/wp-content\/uploads\/2022\/11\/explosivos_desativados-1.jpeg","type":"image\/jpeg"}],"author":"Tarcisio Oliveira","twitter_card":"summary_large_image","twitter_misc":{"Escrito por":"Tarcisio Oliveira","Est. tempo de leitura":"2 minutos"},"schema":{"@context":"https:\/\/schema.org","@graph":[{"@type":"Article","@id":"https:\/\/www.pm.pb.gov.br\/portal\/2022\/10\/22\/esquadrao-antibombas-da-policia-militar-desativa-explosivos-usados-em-ataque-de-grupo-criminoso-no-sertao\/#article","isPartOf":{"@id":"https:\/\/www.pm.pb.gov.br\/portal\/2022\/10\/22\/esquadrao-antibombas-da-policia-militar-desativa-explosivos-usados-em-ataque-de-grupo-criminoso-no-sertao\/"},"author":{"name":"Tarcisio Oliveira","@id":"https:\/\/www.pm.pb.gov.br\/portal\/#\/schema\/person\/f84f56dcc78ce4357054da888b8247fd"},"headline":"Esquadr\u00e3o Antibombas da Pol\u00edcia Militar desativa explosivos usados em ataque de grupo criminoso no Sert\u00e3o","datePublished":"2022-10-22T11:00:00+00:00","dateModified":"2022-11-18T16:16:33+00:00","mainEntityOfPage":{"@id":"https:\/\/www.pm.pb.gov.br\/portal\/2022\/10\/22\/esquadrao-antibombas-da-policia-militar-desativa-explosivos-usados-em-ataque-de-grupo-criminoso-no-sertao\/"},"wordCount":233,"publisher":{"@id":"https:\/\/www.pm.pb.gov.br\/portal\/#organization"},"articleSection":["A\u00e7\u00f5es Policiais"],"inLanguage":"pt-BR"},{"@type":"WebPage","@id":"https:\/\/www.pm.pb.gov.br\/portal\/2022\/10\/22\/esquadrao-antibombas-da-policia-militar-desativa-explosivos-usados-em-ataque-de-grupo-criminoso-no-sertao\/","url":"https:\/\/www.pm.pb.gov.br\/portal\/2022\/10\/22\/esquadrao-antibombas-da-policia-militar-desativa-explosivos-usados-em-ataque-de-grupo-criminoso-no-sertao\/","name":"Esquadr\u00e3o Antibombas da Pol\u00edcia Militar desativa explosivos usados em ataque de grupo criminoso no Sert\u00e3o - Pol\u00edcia Militar da Para\u00edba","isPartOf":{"@id":"https:\/\/www.pm.pb.gov.br\/portal\/#website"},"datePublished":"2022-10-22T11:00:00+00:00","dateModified":"2022-11-18T16:16:33+00:00","breadcrumb":{"@id":"https:\/\/www.pm.pb.gov.br\/portal\/2022\/10\/22\/esquadrao-antibombas-da-policia-militar-desativa-explosivos-usados-em-ataque-de-grupo-criminoso-no-sertao\/#breadcrumb"},"inLanguage":"pt-BR","potentialAction":[{"@type":"ReadAction","target":["https:\/\/www.pm.pb.gov.br\/portal\/2022\/10\/22\/esquadrao-antibombas-da-policia-militar-desativa-explosivos-usados-em-ataque-de-grupo-criminoso-no-sertao\/"]}]},{"@type":"BreadcrumbList","@id":"https:\/\/www.pm.pb.gov.br\/portal\/2022\/10\/22\/esquadrao-antibombas-da-policia-militar-desativa-explosivos-usados-em-ataque-de-grupo-criminoso-no-sertao\/#breadcrumb","itemListElement":[{"@type":"ListItem","position":1,"name":"In\u00edcio","item":"https:\/\/www.pm.pb.gov.br\/portal\/"},{"@type":"ListItem","position":2,"name":"Esquadr\u00e3o Antibombas da Pol\u00edcia Militar desativa explosivos usados em ataque de grupo criminoso no Sert\u00e3o"}]},{"@type":"WebSite","@id":"https:\/\/www.pm.pb.gov.br\/portal\/#website","url":"https:\/\/www.pm.pb.gov.br\/portal\/","name":"Pol\u00edcia Militar da Para\u00edba","description":"","publisher":{"@id":"https:\/\/www.pm.pb.gov.br\/portal\/#organization"},"potentialAction":[{"@type":"SearchAction","target":{"@type":"EntryPoint","urlTemplate":"https:\/\/www.pm.pb.gov.br\/portal\/?s={search_term_string}"},"query-input":"required name=search_term_string"}],"inLanguage":"pt-BR"},{"@type":"Organization","@id":"https:\/\/www.pm.pb.gov.br\/portal\/#organization","name":"Pol\u00edcia Militar da Para\u00edba","url":"https:\/\/www.pm.pb.gov.br\/portal\/","logo":{"@type":"ImageObject","inLanguage":"pt-BR","@id":"https:\/\/www.pm.pb.gov.br\/portal\/#\/schema\/logo\/image\/","url":"https:\/\/www.pm.pb.gov.br\/portal\/wp-content\/uploads\/2025\/03\/cropped-logo-site-mag2-1.png","contentUrl":"https:\/\/www.pm.pb.gov.br\/portal\/wp-content\/uploads\/2025\/03\/cropped-logo-site-mag2-1.png","width":320,"height":90,"caption":"Pol\u00edcia Militar da Para\u00edba"},"image":{"@id":"https:\/\/www.pm.pb.gov.br\/portal\/#\/schema\/logo\/image\/"}},{"@type":"Person","@id":"https:\/\/www.pm.pb.gov.br\/portal\/#\/schema\/person\/f84f56dcc78ce4357054da888b8247fd","name":"Tarcisio Oliveira","image":{"@type":"ImageObject","inLanguage":"pt-BR","@id":"https:\/\/www.pm.pb.gov.br\/portal\/#\/schema\/person\/image\/","url":"https:\/\/secure.gravatar.com\/avatar\/72917b630b69d31cd0297507f34bac97?s=96&d=mm&r=g","contentUrl":"https:\/\/secure.gravatar.com\/avatar\/72917b630b69d31cd0297507f34bac97?s=96&d=mm&r=g","caption":"Tarcisio Oliveira"},"url":"https:\/\/www.pm.pb.gov.br\/portal\/author\/tarcisio\/"}]}},"_links":{"self":[{"href":"https:\/\/www.pm.pb.gov.br\/portal\/wp-json\/wp\/v2\/posts\/914952"}],"collection":[{"href":"https:\/\/www.pm.pb.gov.br\/portal\/wp-json\/wp\/v2\/posts"}],"about":[{"href":"https:\/\/www.pm.pb.gov.br\/portal\/wp-json\/wp\/v2\/types\/post"}],"author":[{"embeddable":true,"href":"https:\/\/www.pm.pb.gov.br\/portal\/wp-json\/wp\/v2\/users\/12"}],"replies":[{"embeddable":true,"href":"https:\/\/www.pm.pb.gov.br\/portal\/wp-json\/wp\/v2\/comments?post=914952"}],"version-history":[{"count":2,"href":"https:\/\/www.pm.pb.gov.br\/portal\/wp-json\/wp\/v2\/posts\/914952\/revisions"}],"predecessor-version":[{"id":915007,"href":"https:\/\/www.pm.pb.gov.br\/portal\/wp-json\/wp\/v2\/posts\/914952\/revisions\/915007"}],"wp:featuredmedia":[{"embeddable":true,"href":"https:\/\/www.pm.pb.gov.br\/portal\/wp-json\/wp\/v2\/media\/914953"}],"wp:attachment":[{"href":"https:\/\/www.pm.pb.gov.br\/portal\/wp-json\/wp\/v2\/media?parent=914952"}],"wp:term":[{"taxonomy":"category","embeddable":true,"href":"https:\/\/www.pm.pb.gov.br\/portal\/wp-json\/wp\/v2\/categories?post=914952"},{"taxonomy":"post_tag","embeddable":true,"href":"https:\/\/www.pm.pb.gov.br\/portal\/wp-json\/wp\/v2\/tags?post=914952"}],"curies":[{"name":"wp","href":"https:\/\/api.w.org\/{rel}","templated":true}]}}