{"id":914947,"date":"2022-10-22T18:00:00","date_gmt":"2022-10-22T21:00:00","guid":{"rendered":"https:\/\/www.pm.pb.gov.br\/portal\/?p=914947"},"modified":"2022-11-18T13:14:33","modified_gmt":"2022-11-18T16:14:33","slug":"policia-militar-intensifica-acoes-e-apreende-armas-de-fogo-na-regiao-metropolitana","status":"publish","type":"post","link":"https:\/\/www.pm.pb.gov.br\/portal\/2022\/10\/22\/policia-militar-intensifica-acoes-e-apreende-armas-de-fogo-na-regiao-metropolitana\/","title":{"rendered":"Pol\u00edcia\u00a0Militar\u00a0intensifica a\u00e7\u00f5es e\u00a0apreende\u00a0armas de fogo na Regi\u00e3o Metropolitana"},"content":{"rendered":"\n<p class=\"x_MsoNormal\">A Pol\u00edcia Militar vem intensificando as a\u00e7\u00f5es de policiamento durante o fim de semana em todo Estado.&nbsp; Com a intensifica\u00e7\u00e3o das a\u00e7\u00f5es, as apreens\u00f5es ocorreram nas cidades de Santa Rita, Bayeux e Cruz do Esp\u00edrito Santo.<\/p>\n<p class=\"x_MsoNormal\">Na madrugada deste s\u00e1bado (22), em Santa Rita, policiais militares da For\u00e7a T\u00e1tica do 7\u00ba Batalh\u00e3o, foram acionados pelo Centro Integrado de Opera\u00e7\u00f5es Policiais (Ciop), informando que haviam tr\u00eas suspeitos armados, tentando abordar os ve\u00edculos na BR-230, no bairro de V\u00e1rzea Nova. A equipe policial se deslocou at\u00e9 o local e na tentativa de abordagem foram recebidos a tiros, que revidaram a agress\u00e3o, conseguindo prender dois suspeitos de 21 e 28 anos e apreender um adolescente de 15 anos. Com os suspeitos, a PM apreendeu uma espingarda calibre 12 (foto acima).<\/p>\n<p class=\"x_MsoNormal\">Os suspeitos e a arma apreendida foram conduzidos para a Delegacia, em Santa Rita.<\/p>\n<p class=\"x_MsoNormal\">Mais cedo, policiais militares da For\u00e7a T\u00e1tica do 7\u00ba Batalh\u00e3o prenderam um homem de 23 anos, ap\u00f3s localizarem um rev\u00f3lver calibre 38 com seis muni\u00e7\u00f5es dentro do interior do ve\u00edculo do suspeito. O jovem foi detido e apresentado juntamente com arma de fogo na 6\u00aa Delegacia, em Santa Rita.<\/p>\n<p class=\"x_MsoNormal\">Na cidade de Bayeux, um adolescente de 15 anos foi apreendido com uma arma de fogo e drogas. Durante a abordagem foi encontrado um rev\u00f3lver calibre 38, al\u00e9m de 14 papelotes de coca\u00edna e 58 pedras de crack. O menor apreendido foi conduzido juntamente com o material para a 6\u00aa Delegacia, em Santa Rita.&nbsp;<\/p>\n<p class=\"x_MsoNormal\">J\u00e1 em Cruz do Esp\u00edrito Santo, os policiais militares do 7\u00ba Batalh\u00e3o, prenderam um homem de 48 anos, que tentou se desfazer de duas espingardas e muni\u00e7\u00f5es, jogando-as por cima de um muro. O suspeito e o materiais apreendidos foram encaminhados para a Delegacia, para os procedimentos cab\u00edveis.<\/p>\n","protected":false},"excerpt":{"rendered":"<p>A Pol\u00edcia Militar vem intensificando as a\u00e7\u00f5es de policiamento durante o fim de semana em todo Estado.&nbsp; Com a intensifica\u00e7\u00e3o<\/p>\n","protected":false},"author":12,"featured_media":914948,"comment_status":"closed","ping_status":"closed","sticky":false,"template":"","format":"standard","meta":{"_exactmetrics_skip_tracking":false,"_exactmetrics_sitenote_active":false,"_exactmetrics_sitenote_note":"","_exactmetrics_sitenote_category":0,"footnotes":""},"categories":[4],"tags":[],"yoast_head":"<!-- This site is optimized with the Yoast SEO plugin v22.0 - https:\/\/yoast.com\/wordpress\/plugins\/seo\/ -->\n<title>Pol\u00edcia\u00a0Militar\u00a0intensifica a\u00e7\u00f5es e\u00a0apreende\u00a0armas de fogo na Regi\u00e3o Metropolitana - Pol\u00edcia Militar da Para\u00edba<\/title>\n<meta name=\"robots\" content=\"index, follow, max-snippet:-1, max-image-preview:large, max-video-preview:-1\" \/>\n<link rel=\"canonical\" href=\"https:\/\/www.pm.pb.gov.br\/portal\/2022\/10\/22\/policia-militar-intensifica-acoes-e-apreende-armas-de-fogo-na-regiao-metropolitana\/\" \/>\n<meta property=\"og:locale\" content=\"pt_BR\" \/>\n<meta property=\"og:type\" content=\"article\" \/>\n<meta property=\"og:title\" content=\"Pol\u00edcia\u00a0Militar\u00a0intensifica a\u00e7\u00f5es e\u00a0apreende\u00a0armas de fogo na Regi\u00e3o Metropolitana - Pol\u00edcia Militar da Para\u00edba\" \/>\n<meta property=\"og:description\" content=\"A Pol\u00edcia Militar vem intensificando as a\u00e7\u00f5es de policiamento durante o fim de semana em todo Estado.&nbsp; Com a intensifica\u00e7\u00e3o\" \/>\n<meta property=\"og:url\" content=\"https:\/\/www.pm.pb.gov.br\/portal\/2022\/10\/22\/policia-militar-intensifica-acoes-e-apreende-armas-de-fogo-na-regiao-metropolitana\/\" \/>\n<meta property=\"og:site_name\" content=\"Pol\u00edcia Militar da Para\u00edba\" \/>\n<meta property=\"article:published_time\" content=\"2022-10-22T21:00:00+00:00\" \/>\n<meta property=\"article:modified_time\" content=\"2022-11-18T16:14:33+00:00\" \/>\n<meta property=\"og:image\" content=\"http:\/\/www.pm.pb.gov.br\/portal\/wp-content\/uploads\/2022\/11\/WhatsApp-Image-2022-10-22-at-10.36.16.jpeg\" \/>\n\t<meta property=\"og:image:width\" content=\"800\" \/>\n\t<meta property=\"og:image:height\" content=\"445\" \/>\n\t<meta property=\"og:image:type\" content=\"image\/jpeg\" \/>\n<meta name=\"author\" content=\"Tarcisio Oliveira\" \/>\n<meta name=\"twitter:card\" content=\"summary_large_image\" \/>\n<meta name=\"twitter:label1\" content=\"Escrito por\" \/>\n\t<meta name=\"twitter:data1\" content=\"Tarcisio Oliveira\" \/>\n\t<meta name=\"twitter:label2\" content=\"Est. tempo de leitura\" \/>\n\t<meta name=\"twitter:data2\" content=\"2 minutos\" \/>\n<script type=\"application\/ld+json\" class=\"yoast-schema-graph\">{\"@context\":\"https:\/\/schema.org\",\"@graph\":[{\"@type\":\"Article\",\"@id\":\"https:\/\/www.pm.pb.gov.br\/portal\/2022\/10\/22\/policia-militar-intensifica-acoes-e-apreende-armas-de-fogo-na-regiao-metropolitana\/#article\",\"isPartOf\":{\"@id\":\"https:\/\/www.pm.pb.gov.br\/portal\/2022\/10\/22\/policia-militar-intensifica-acoes-e-apreende-armas-de-fogo-na-regiao-metropolitana\/\"},\"author\":{\"name\":\"Tarcisio Oliveira\",\"@id\":\"https:\/\/www.pm.pb.gov.br\/portal\/#\/schema\/person\/f84f56dcc78ce4357054da888b8247fd\"},\"headline\":\"Pol\u00edcia\u00a0Militar\u00a0intensifica a\u00e7\u00f5es e\u00a0apreende\u00a0armas de fogo na Regi\u00e3o Metropolitana\",\"datePublished\":\"2022-10-22T21:00:00+00:00\",\"dateModified\":\"2022-11-18T16:14:33+00:00\",\"mainEntityOfPage\":{\"@id\":\"https:\/\/www.pm.pb.gov.br\/portal\/2022\/10\/22\/policia-militar-intensifica-acoes-e-apreende-armas-de-fogo-na-regiao-metropolitana\/\"},\"wordCount\":321,\"publisher\":{\"@id\":\"https:\/\/www.pm.pb.gov.br\/portal\/#organization\"},\"articleSection\":[\"A\u00e7\u00f5es Policiais\"],\"inLanguage\":\"pt-BR\"},{\"@type\":\"WebPage\",\"@id\":\"https:\/\/www.pm.pb.gov.br\/portal\/2022\/10\/22\/policia-militar-intensifica-acoes-e-apreende-armas-de-fogo-na-regiao-metropolitana\/\",\"url\":\"https:\/\/www.pm.pb.gov.br\/portal\/2022\/10\/22\/policia-militar-intensifica-acoes-e-apreende-armas-de-fogo-na-regiao-metropolitana\/\",\"name\":\"Pol\u00edcia\u00a0Militar\u00a0intensifica a\u00e7\u00f5es e\u00a0apreende\u00a0armas de fogo na Regi\u00e3o Metropolitana - Pol\u00edcia Militar da Para\u00edba\",\"isPartOf\":{\"@id\":\"https:\/\/www.pm.pb.gov.br\/portal\/#website\"},\"datePublished\":\"2022-10-22T21:00:00+00:00\",\"dateModified\":\"2022-11-18T16:14:33+00:00\",\"breadcrumb\":{\"@id\":\"https:\/\/www.pm.pb.gov.br\/portal\/2022\/10\/22\/policia-militar-intensifica-acoes-e-apreende-armas-de-fogo-na-regiao-metropolitana\/#breadcrumb\"},\"inLanguage\":\"pt-BR\",\"potentialAction\":[{\"@type\":\"ReadAction\",\"target\":[\"https:\/\/www.pm.pb.gov.br\/portal\/2022\/10\/22\/policia-militar-intensifica-acoes-e-apreende-armas-de-fogo-na-regiao-metropolitana\/\"]}]},{\"@type\":\"BreadcrumbList\",\"@id\":\"https:\/\/www.pm.pb.gov.br\/portal\/2022\/10\/22\/policia-militar-intensifica-acoes-e-apreende-armas-de-fogo-na-regiao-metropolitana\/#breadcrumb\",\"itemListElement\":[{\"@type\":\"ListItem\",\"position\":1,\"name\":\"In\u00edcio\",\"item\":\"https:\/\/www.pm.pb.gov.br\/portal\/\"},{\"@type\":\"ListItem\",\"position\":2,\"name\":\"Pol\u00edcia\u00a0Militar\u00a0intensifica a\u00e7\u00f5es e\u00a0apreende\u00a0armas de fogo na Regi\u00e3o Metropolitana\"}]},{\"@type\":\"WebSite\",\"@id\":\"https:\/\/www.pm.pb.gov.br\/portal\/#website\",\"url\":\"https:\/\/www.pm.pb.gov.br\/portal\/\",\"name\":\"Pol\u00edcia Militar da Para\u00edba\",\"description\":\"\",\"publisher\":{\"@id\":\"https:\/\/www.pm.pb.gov.br\/portal\/#organization\"},\"potentialAction\":[{\"@type\":\"SearchAction\",\"target\":{\"@type\":\"EntryPoint\",\"urlTemplate\":\"https:\/\/www.pm.pb.gov.br\/portal\/?s={search_term_string}\"},\"query-input\":\"required name=search_term_string\"}],\"inLanguage\":\"pt-BR\"},{\"@type\":\"Organization\",\"@id\":\"https:\/\/www.pm.pb.gov.br\/portal\/#organization\",\"name\":\"Pol\u00edcia Militar da Para\u00edba\",\"url\":\"https:\/\/www.pm.pb.gov.br\/portal\/\",\"logo\":{\"@type\":\"ImageObject\",\"inLanguage\":\"pt-BR\",\"@id\":\"https:\/\/www.pm.pb.gov.br\/portal\/#\/schema\/logo\/image\/\",\"url\":\"https:\/\/www.pm.pb.gov.br\/portal\/wp-content\/uploads\/2025\/03\/cropped-logo-site-mag2-1.png\",\"contentUrl\":\"https:\/\/www.pm.pb.gov.br\/portal\/wp-content\/uploads\/2025\/03\/cropped-logo-site-mag2-1.png\",\"width\":320,\"height\":90,\"caption\":\"Pol\u00edcia Militar da Para\u00edba\"},\"image\":{\"@id\":\"https:\/\/www.pm.pb.gov.br\/portal\/#\/schema\/logo\/image\/\"}},{\"@type\":\"Person\",\"@id\":\"https:\/\/www.pm.pb.gov.br\/portal\/#\/schema\/person\/f84f56dcc78ce4357054da888b8247fd\",\"name\":\"Tarcisio Oliveira\",\"image\":{\"@type\":\"ImageObject\",\"inLanguage\":\"pt-BR\",\"@id\":\"https:\/\/www.pm.pb.gov.br\/portal\/#\/schema\/person\/image\/\",\"url\":\"https:\/\/secure.gravatar.com\/avatar\/72917b630b69d31cd0297507f34bac97?s=96&d=mm&r=g\",\"contentUrl\":\"https:\/\/secure.gravatar.com\/avatar\/72917b630b69d31cd0297507f34bac97?s=96&d=mm&r=g\",\"caption\":\"Tarcisio Oliveira\"},\"url\":\"https:\/\/www.pm.pb.gov.br\/portal\/author\/tarcisio\/\"}]}<\/script>\n<!-- \/ Yoast SEO plugin. -->","yoast_head_json":{"title":"Pol\u00edcia\u00a0Militar\u00a0intensifica a\u00e7\u00f5es e\u00a0apreende\u00a0armas de fogo na Regi\u00e3o Metropolitana - Pol\u00edcia Militar da Para\u00edba","robots":{"index":"index","follow":"follow","max-snippet":"max-snippet:-1","max-image-preview":"max-image-preview:large","max-video-preview":"max-video-preview:-1"},"canonical":"https:\/\/www.pm.pb.gov.br\/portal\/2022\/10\/22\/policia-militar-intensifica-acoes-e-apreende-armas-de-fogo-na-regiao-metropolitana\/","og_locale":"pt_BR","og_type":"article","og_title":"Pol\u00edcia\u00a0Militar\u00a0intensifica a\u00e7\u00f5es e\u00a0apreende\u00a0armas de fogo na Regi\u00e3o Metropolitana - Pol\u00edcia Militar da Para\u00edba","og_description":"A Pol\u00edcia Militar vem intensificando as a\u00e7\u00f5es de policiamento durante o fim de semana em todo Estado.&nbsp; Com a intensifica\u00e7\u00e3o","og_url":"https:\/\/www.pm.pb.gov.br\/portal\/2022\/10\/22\/policia-militar-intensifica-acoes-e-apreende-armas-de-fogo-na-regiao-metropolitana\/","og_site_name":"Pol\u00edcia Militar da Para\u00edba","article_published_time":"2022-10-22T21:00:00+00:00","article_modified_time":"2022-11-18T16:14:33+00:00","og_image":[{"width":800,"height":445,"url":"http:\/\/www.pm.pb.gov.br\/portal\/wp-content\/uploads\/2022\/11\/WhatsApp-Image-2022-10-22-at-10.36.16.jpeg","type":"image\/jpeg"}],"author":"Tarcisio Oliveira","twitter_card":"summary_large_image","twitter_misc":{"Escrito por":"Tarcisio Oliveira","Est. tempo de leitura":"2 minutos"},"schema":{"@context":"https:\/\/schema.org","@graph":[{"@type":"Article","@id":"https:\/\/www.pm.pb.gov.br\/portal\/2022\/10\/22\/policia-militar-intensifica-acoes-e-apreende-armas-de-fogo-na-regiao-metropolitana\/#article","isPartOf":{"@id":"https:\/\/www.pm.pb.gov.br\/portal\/2022\/10\/22\/policia-militar-intensifica-acoes-e-apreende-armas-de-fogo-na-regiao-metropolitana\/"},"author":{"name":"Tarcisio Oliveira","@id":"https:\/\/www.pm.pb.gov.br\/portal\/#\/schema\/person\/f84f56dcc78ce4357054da888b8247fd"},"headline":"Pol\u00edcia\u00a0Militar\u00a0intensifica a\u00e7\u00f5es e\u00a0apreende\u00a0armas de fogo na Regi\u00e3o Metropolitana","datePublished":"2022-10-22T21:00:00+00:00","dateModified":"2022-11-18T16:14:33+00:00","mainEntityOfPage":{"@id":"https:\/\/www.pm.pb.gov.br\/portal\/2022\/10\/22\/policia-militar-intensifica-acoes-e-apreende-armas-de-fogo-na-regiao-metropolitana\/"},"wordCount":321,"publisher":{"@id":"https:\/\/www.pm.pb.gov.br\/portal\/#organization"},"articleSection":["A\u00e7\u00f5es Policiais"],"inLanguage":"pt-BR"},{"@type":"WebPage","@id":"https:\/\/www.pm.pb.gov.br\/portal\/2022\/10\/22\/policia-militar-intensifica-acoes-e-apreende-armas-de-fogo-na-regiao-metropolitana\/","url":"https:\/\/www.pm.pb.gov.br\/portal\/2022\/10\/22\/policia-militar-intensifica-acoes-e-apreende-armas-de-fogo-na-regiao-metropolitana\/","name":"Pol\u00edcia\u00a0Militar\u00a0intensifica a\u00e7\u00f5es e\u00a0apreende\u00a0armas de fogo na Regi\u00e3o Metropolitana - Pol\u00edcia Militar da Para\u00edba","isPartOf":{"@id":"https:\/\/www.pm.pb.gov.br\/portal\/#website"},"datePublished":"2022-10-22T21:00:00+00:00","dateModified":"2022-11-18T16:14:33+00:00","breadcrumb":{"@id":"https:\/\/www.pm.pb.gov.br\/portal\/2022\/10\/22\/policia-militar-intensifica-acoes-e-apreende-armas-de-fogo-na-regiao-metropolitana\/#breadcrumb"},"inLanguage":"pt-BR","potentialAction":[{"@type":"ReadAction","target":["https:\/\/www.pm.pb.gov.br\/portal\/2022\/10\/22\/policia-militar-intensifica-acoes-e-apreende-armas-de-fogo-na-regiao-metropolitana\/"]}]},{"@type":"BreadcrumbList","@id":"https:\/\/www.pm.pb.gov.br\/portal\/2022\/10\/22\/policia-militar-intensifica-acoes-e-apreende-armas-de-fogo-na-regiao-metropolitana\/#breadcrumb","itemListElement":[{"@type":"ListItem","position":1,"name":"In\u00edcio","item":"https:\/\/www.pm.pb.gov.br\/portal\/"},{"@type":"ListItem","position":2,"name":"Pol\u00edcia\u00a0Militar\u00a0intensifica a\u00e7\u00f5es e\u00a0apreende\u00a0armas de fogo na Regi\u00e3o Metropolitana"}]},{"@type":"WebSite","@id":"https:\/\/www.pm.pb.gov.br\/portal\/#website","url":"https:\/\/www.pm.pb.gov.br\/portal\/","name":"Pol\u00edcia Militar da Para\u00edba","description":"","publisher":{"@id":"https:\/\/www.pm.pb.gov.br\/portal\/#organization"},"potentialAction":[{"@type":"SearchAction","target":{"@type":"EntryPoint","urlTemplate":"https:\/\/www.pm.pb.gov.br\/portal\/?s={search_term_string}"},"query-input":"required name=search_term_string"}],"inLanguage":"pt-BR"},{"@type":"Organization","@id":"https:\/\/www.pm.pb.gov.br\/portal\/#organization","name":"Pol\u00edcia Militar da Para\u00edba","url":"https:\/\/www.pm.pb.gov.br\/portal\/","logo":{"@type":"ImageObject","inLanguage":"pt-BR","@id":"https:\/\/www.pm.pb.gov.br\/portal\/#\/schema\/logo\/image\/","url":"https:\/\/www.pm.pb.gov.br\/portal\/wp-content\/uploads\/2025\/03\/cropped-logo-site-mag2-1.png","contentUrl":"https:\/\/www.pm.pb.gov.br\/portal\/wp-content\/uploads\/2025\/03\/cropped-logo-site-mag2-1.png","width":320,"height":90,"caption":"Pol\u00edcia Militar da Para\u00edba"},"image":{"@id":"https:\/\/www.pm.pb.gov.br\/portal\/#\/schema\/logo\/image\/"}},{"@type":"Person","@id":"https:\/\/www.pm.pb.gov.br\/portal\/#\/schema\/person\/f84f56dcc78ce4357054da888b8247fd","name":"Tarcisio Oliveira","image":{"@type":"ImageObject","inLanguage":"pt-BR","@id":"https:\/\/www.pm.pb.gov.br\/portal\/#\/schema\/person\/image\/","url":"https:\/\/secure.gravatar.com\/avatar\/72917b630b69d31cd0297507f34bac97?s=96&d=mm&r=g","contentUrl":"https:\/\/secure.gravatar.com\/avatar\/72917b630b69d31cd0297507f34bac97?s=96&d=mm&r=g","caption":"Tarcisio Oliveira"},"url":"https:\/\/www.pm.pb.gov.br\/portal\/author\/tarcisio\/"}]}},"_links":{"self":[{"href":"https:\/\/www.pm.pb.gov.br\/portal\/wp-json\/wp\/v2\/posts\/914947"}],"collection":[{"href":"https:\/\/www.pm.pb.gov.br\/portal\/wp-json\/wp\/v2\/posts"}],"about":[{"href":"https:\/\/www.pm.pb.gov.br\/portal\/wp-json\/wp\/v2\/types\/post"}],"author":[{"embeddable":true,"href":"https:\/\/www.pm.pb.gov.br\/portal\/wp-json\/wp\/v2\/users\/12"}],"replies":[{"embeddable":true,"href":"https:\/\/www.pm.pb.gov.br\/portal\/wp-json\/wp\/v2\/comments?post=914947"}],"version-history":[{"count":2,"href":"https:\/\/www.pm.pb.gov.br\/portal\/wp-json\/wp\/v2\/posts\/914947\/revisions"}],"predecessor-version":[{"id":915006,"href":"https:\/\/www.pm.pb.gov.br\/portal\/wp-json\/wp\/v2\/posts\/914947\/revisions\/915006"}],"wp:featuredmedia":[{"embeddable":true,"href":"https:\/\/www.pm.pb.gov.br\/portal\/wp-json\/wp\/v2\/media\/914948"}],"wp:attachment":[{"href":"https:\/\/www.pm.pb.gov.br\/portal\/wp-json\/wp\/v2\/media?parent=914947"}],"wp:term":[{"taxonomy":"category","embeddable":true,"href":"https:\/\/www.pm.pb.gov.br\/portal\/wp-json\/wp\/v2\/categories?post=914947"},{"taxonomy":"post_tag","embeddable":true,"href":"https:\/\/www.pm.pb.gov.br\/portal\/wp-json\/wp\/v2\/tags?post=914947"}],"curies":[{"name":"wp","href":"https:\/\/api.w.org\/{rel}","templated":true}]}}