{"id":914944,"date":"2022-10-23T10:00:00","date_gmt":"2022-10-23T13:00:00","guid":{"rendered":"https:\/\/www.pm.pb.gov.br\/portal\/?p=914944"},"modified":"2022-11-18T13:13:51","modified_gmt":"2022-11-18T16:13:51","slug":"policial-militar-de-folga-prende-suspeitos-apos-praticarem-roubo-a-loja-em-campina-grande","status":"publish","type":"post","link":"https:\/\/www.pm.pb.gov.br\/portal\/2022\/10\/23\/policial-militar-de-folga-prende-suspeitos-apos-praticarem-roubo-a-loja-em-campina-grande\/","title":{"rendered":"Policial militar de folga prende suspeitos ap\u00f3s praticarem roubo a loja em Campina Grande"},"content":{"rendered":"\n<p class=\"x_MsoNormal\"><span style=\"font-family: times new roman, serif; font-size: large;\">Um policial do Regimento de Opera\u00e7\u00f5es T\u00e1ticas com Apoio de Motocicletas (Rotam) prendeu tr\u00eas suspeitos e apreendeu um adolescente ap\u00f3s praticarem um roubo a uma loja de artigos para celulares, na tarde deste s\u00e1bado (22), no Centro de Campina Grande. O sargento, que estava de folga, perseguiu o ve\u00edculo e recuperou todo material roubado da loja (foto acima).<\/span><\/p>\n<p class=\"x_MsoNormal\"><span style=\"font-family: times new roman, serif; font-size: large;\">\u00a0O 3\u00ba Sargento Oberlan dos Santos estava indo deixar seu filho na escola, quando presenciou um ve\u00edculo de cor amarela na contram\u00e3o, ultrapassando o sinal vermelho na Avenida Canal. O militar, mesmo com seu filho na garupa da moto, manteve contato com seus companheiros de farda, pedindo apoio para averiguar o fato. O sargento Oberlan usou o seu tiroc\u00ednio policial e come\u00e7ou a fazer o acompanhamento do ve\u00edculo por toda extens\u00e3o da avenida.<\/span><\/p>\n<p class=\"x_MsoNormal\"><span style=\"font-family: times new roman, serif; font-size: large;\">Durante a persegui\u00e7\u00e3o na Al\u00e7a Leste os suspeitos perderam o controle e capotaram o ve\u00edculo, que caiu em um barranco. \u201cDesembarquei da minha motocicleta e fiz a abordagem, rendi a todos, mandando descer do ve\u00edculo e que deitassem no ch\u00e3o\u201d, disse o Sargento Oberlan.<br aria-hidden=\"true\" \/><br aria-hidden=\"true\" \/>Ap\u00f3s a chegada do apoio policial, foi identificado que os suspeitos, que tem 12, 17, 18 e 27 anos, tinham efetuado um roubo a uma loja de artigos para celulares no Centro. Com eles, foram recuperados a quantia de R$ 5.328,00 em esp\u00e9cie, tr\u00eas aparelhos celulares e uma caixa de som e um simulacro de arma de fogo usado na a\u00e7\u00e3o criminosa para amea\u00e7ar as v\u00edtimas.<br aria-hidden=\"true\" \/><br aria-hidden=\"true\" \/>Ainda segundo o policial, tr\u00eas dos suspeitos j\u00e1 tem passagem pela pol\u00edcia e o ve\u00edculo pode ser o mesmo que foi utilizado para furtar celulares de uma \u00a0loja na cidade de Itaporanga.<br aria-hidden=\"true\" \/><br aria-hidden=\"true\" \/>Os suspeitos e todo material recuperado foram conduzidos para a Central de Flagrantes, em Campina Grande, para os procedimentos cab\u00edveis<\/span><\/p>\n","protected":false},"excerpt":{"rendered":"<p>Um policial do Regimento de Opera\u00e7\u00f5es T\u00e1ticas com Apoio de Motocicletas (Rotam) prendeu tr\u00eas suspeitos e apreendeu um adolescente ap\u00f3s<\/p>\n","protected":false},"author":12,"featured_media":914945,"comment_status":"closed","ping_status":"closed","sticky":false,"template":"","format":"standard","meta":{"_exactmetrics_skip_tracking":false,"_exactmetrics_sitenote_active":false,"_exactmetrics_sitenote_note":"","_exactmetrics_sitenote_category":0,"footnotes":""},"categories":[4],"tags":[],"yoast_head":"<!-- This site is optimized with the Yoast SEO plugin v22.0 - https:\/\/yoast.com\/wordpress\/plugins\/seo\/ -->\n<title>Policial militar de folga prende suspeitos ap\u00f3s praticarem roubo a loja em Campina Grande - Pol\u00edcia Militar da Para\u00edba<\/title>\n<meta name=\"robots\" content=\"index, follow, max-snippet:-1, max-image-preview:large, max-video-preview:-1\" \/>\n<link rel=\"canonical\" href=\"https:\/\/www.pm.pb.gov.br\/portal\/2022\/10\/23\/policial-militar-de-folga-prende-suspeitos-apos-praticarem-roubo-a-loja-em-campina-grande\/\" \/>\n<meta property=\"og:locale\" content=\"pt_BR\" \/>\n<meta property=\"og:type\" content=\"article\" \/>\n<meta property=\"og:title\" content=\"Policial militar de folga prende suspeitos ap\u00f3s praticarem roubo a loja em Campina Grande - Pol\u00edcia Militar da Para\u00edba\" \/>\n<meta property=\"og:description\" content=\"Um policial do Regimento de Opera\u00e7\u00f5es T\u00e1ticas com Apoio de Motocicletas (Rotam) prendeu tr\u00eas suspeitos e apreendeu um adolescente ap\u00f3s\" \/>\n<meta property=\"og:url\" content=\"https:\/\/www.pm.pb.gov.br\/portal\/2022\/10\/23\/policial-militar-de-folga-prende-suspeitos-apos-praticarem-roubo-a-loja-em-campina-grande\/\" \/>\n<meta property=\"og:site_name\" content=\"Pol\u00edcia Militar da Para\u00edba\" \/>\n<meta property=\"article:published_time\" content=\"2022-10-23T13:00:00+00:00\" \/>\n<meta property=\"article:modified_time\" content=\"2022-11-18T16:13:51+00:00\" \/>\n<meta property=\"og:image\" content=\"http:\/\/www.pm.pb.gov.br\/portal\/wp-content\/uploads\/2022\/11\/material-CG.jpeg\" \/>\n\t<meta property=\"og:image:width\" content=\"800\" \/>\n\t<meta property=\"og:image:height\" content=\"445\" \/>\n\t<meta property=\"og:image:type\" content=\"image\/jpeg\" \/>\n<meta name=\"author\" content=\"Tarcisio Oliveira\" \/>\n<meta name=\"twitter:card\" content=\"summary_large_image\" \/>\n<meta name=\"twitter:label1\" content=\"Escrito por\" \/>\n\t<meta name=\"twitter:data1\" content=\"Tarcisio Oliveira\" \/>\n\t<meta name=\"twitter:label2\" content=\"Est. tempo de leitura\" \/>\n\t<meta name=\"twitter:data2\" content=\"2 minutos\" \/>\n<script type=\"application\/ld+json\" class=\"yoast-schema-graph\">{\"@context\":\"https:\/\/schema.org\",\"@graph\":[{\"@type\":\"Article\",\"@id\":\"https:\/\/www.pm.pb.gov.br\/portal\/2022\/10\/23\/policial-militar-de-folga-prende-suspeitos-apos-praticarem-roubo-a-loja-em-campina-grande\/#article\",\"isPartOf\":{\"@id\":\"https:\/\/www.pm.pb.gov.br\/portal\/2022\/10\/23\/policial-militar-de-folga-prende-suspeitos-apos-praticarem-roubo-a-loja-em-campina-grande\/\"},\"author\":{\"name\":\"Tarcisio Oliveira\",\"@id\":\"https:\/\/www.pm.pb.gov.br\/portal\/#\/schema\/person\/f84f56dcc78ce4357054da888b8247fd\"},\"headline\":\"Policial militar de folga prende suspeitos ap\u00f3s praticarem roubo a loja em Campina Grande\",\"datePublished\":\"2022-10-23T13:00:00+00:00\",\"dateModified\":\"2022-11-18T16:13:51+00:00\",\"mainEntityOfPage\":{\"@id\":\"https:\/\/www.pm.pb.gov.br\/portal\/2022\/10\/23\/policial-militar-de-folga-prende-suspeitos-apos-praticarem-roubo-a-loja-em-campina-grande\/\"},\"wordCount\":328,\"publisher\":{\"@id\":\"https:\/\/www.pm.pb.gov.br\/portal\/#organization\"},\"articleSection\":[\"A\u00e7\u00f5es Policiais\"],\"inLanguage\":\"pt-BR\"},{\"@type\":\"WebPage\",\"@id\":\"https:\/\/www.pm.pb.gov.br\/portal\/2022\/10\/23\/policial-militar-de-folga-prende-suspeitos-apos-praticarem-roubo-a-loja-em-campina-grande\/\",\"url\":\"https:\/\/www.pm.pb.gov.br\/portal\/2022\/10\/23\/policial-militar-de-folga-prende-suspeitos-apos-praticarem-roubo-a-loja-em-campina-grande\/\",\"name\":\"Policial militar de folga prende suspeitos ap\u00f3s praticarem roubo a loja em Campina Grande - Pol\u00edcia Militar da Para\u00edba\",\"isPartOf\":{\"@id\":\"https:\/\/www.pm.pb.gov.br\/portal\/#website\"},\"datePublished\":\"2022-10-23T13:00:00+00:00\",\"dateModified\":\"2022-11-18T16:13:51+00:00\",\"breadcrumb\":{\"@id\":\"https:\/\/www.pm.pb.gov.br\/portal\/2022\/10\/23\/policial-militar-de-folga-prende-suspeitos-apos-praticarem-roubo-a-loja-em-campina-grande\/#breadcrumb\"},\"inLanguage\":\"pt-BR\",\"potentialAction\":[{\"@type\":\"ReadAction\",\"target\":[\"https:\/\/www.pm.pb.gov.br\/portal\/2022\/10\/23\/policial-militar-de-folga-prende-suspeitos-apos-praticarem-roubo-a-loja-em-campina-grande\/\"]}]},{\"@type\":\"BreadcrumbList\",\"@id\":\"https:\/\/www.pm.pb.gov.br\/portal\/2022\/10\/23\/policial-militar-de-folga-prende-suspeitos-apos-praticarem-roubo-a-loja-em-campina-grande\/#breadcrumb\",\"itemListElement\":[{\"@type\":\"ListItem\",\"position\":1,\"name\":\"In\u00edcio\",\"item\":\"https:\/\/www.pm.pb.gov.br\/portal\/\"},{\"@type\":\"ListItem\",\"position\":2,\"name\":\"Policial militar de folga prende suspeitos ap\u00f3s praticarem roubo a loja em Campina Grande\"}]},{\"@type\":\"WebSite\",\"@id\":\"https:\/\/www.pm.pb.gov.br\/portal\/#website\",\"url\":\"https:\/\/www.pm.pb.gov.br\/portal\/\",\"name\":\"Pol\u00edcia Militar da Para\u00edba\",\"description\":\"\",\"publisher\":{\"@id\":\"https:\/\/www.pm.pb.gov.br\/portal\/#organization\"},\"potentialAction\":[{\"@type\":\"SearchAction\",\"target\":{\"@type\":\"EntryPoint\",\"urlTemplate\":\"https:\/\/www.pm.pb.gov.br\/portal\/?s={search_term_string}\"},\"query-input\":\"required name=search_term_string\"}],\"inLanguage\":\"pt-BR\"},{\"@type\":\"Organization\",\"@id\":\"https:\/\/www.pm.pb.gov.br\/portal\/#organization\",\"name\":\"Pol\u00edcia Militar da Para\u00edba\",\"url\":\"https:\/\/www.pm.pb.gov.br\/portal\/\",\"logo\":{\"@type\":\"ImageObject\",\"inLanguage\":\"pt-BR\",\"@id\":\"https:\/\/www.pm.pb.gov.br\/portal\/#\/schema\/logo\/image\/\",\"url\":\"https:\/\/www.pm.pb.gov.br\/portal\/wp-content\/uploads\/2025\/03\/cropped-logo-site-mag2-1.png\",\"contentUrl\":\"https:\/\/www.pm.pb.gov.br\/portal\/wp-content\/uploads\/2025\/03\/cropped-logo-site-mag2-1.png\",\"width\":320,\"height\":90,\"caption\":\"Pol\u00edcia Militar da Para\u00edba\"},\"image\":{\"@id\":\"https:\/\/www.pm.pb.gov.br\/portal\/#\/schema\/logo\/image\/\"}},{\"@type\":\"Person\",\"@id\":\"https:\/\/www.pm.pb.gov.br\/portal\/#\/schema\/person\/f84f56dcc78ce4357054da888b8247fd\",\"name\":\"Tarcisio Oliveira\",\"image\":{\"@type\":\"ImageObject\",\"inLanguage\":\"pt-BR\",\"@id\":\"https:\/\/www.pm.pb.gov.br\/portal\/#\/schema\/person\/image\/\",\"url\":\"https:\/\/secure.gravatar.com\/avatar\/72917b630b69d31cd0297507f34bac97?s=96&d=mm&r=g\",\"contentUrl\":\"https:\/\/secure.gravatar.com\/avatar\/72917b630b69d31cd0297507f34bac97?s=96&d=mm&r=g\",\"caption\":\"Tarcisio Oliveira\"},\"url\":\"https:\/\/www.pm.pb.gov.br\/portal\/author\/tarcisio\/\"}]}<\/script>\n<!-- \/ Yoast SEO plugin. -->","yoast_head_json":{"title":"Policial militar de folga prende suspeitos ap\u00f3s praticarem roubo a loja em Campina Grande - Pol\u00edcia Militar da Para\u00edba","robots":{"index":"index","follow":"follow","max-snippet":"max-snippet:-1","max-image-preview":"max-image-preview:large","max-video-preview":"max-video-preview:-1"},"canonical":"https:\/\/www.pm.pb.gov.br\/portal\/2022\/10\/23\/policial-militar-de-folga-prende-suspeitos-apos-praticarem-roubo-a-loja-em-campina-grande\/","og_locale":"pt_BR","og_type":"article","og_title":"Policial militar de folga prende suspeitos ap\u00f3s praticarem roubo a loja em Campina Grande - Pol\u00edcia Militar da Para\u00edba","og_description":"Um policial do Regimento de Opera\u00e7\u00f5es T\u00e1ticas com Apoio de Motocicletas (Rotam) prendeu tr\u00eas suspeitos e apreendeu um adolescente ap\u00f3s","og_url":"https:\/\/www.pm.pb.gov.br\/portal\/2022\/10\/23\/policial-militar-de-folga-prende-suspeitos-apos-praticarem-roubo-a-loja-em-campina-grande\/","og_site_name":"Pol\u00edcia Militar da Para\u00edba","article_published_time":"2022-10-23T13:00:00+00:00","article_modified_time":"2022-11-18T16:13:51+00:00","og_image":[{"width":800,"height":445,"url":"http:\/\/www.pm.pb.gov.br\/portal\/wp-content\/uploads\/2022\/11\/material-CG.jpeg","type":"image\/jpeg"}],"author":"Tarcisio Oliveira","twitter_card":"summary_large_image","twitter_misc":{"Escrito por":"Tarcisio Oliveira","Est. tempo de leitura":"2 minutos"},"schema":{"@context":"https:\/\/schema.org","@graph":[{"@type":"Article","@id":"https:\/\/www.pm.pb.gov.br\/portal\/2022\/10\/23\/policial-militar-de-folga-prende-suspeitos-apos-praticarem-roubo-a-loja-em-campina-grande\/#article","isPartOf":{"@id":"https:\/\/www.pm.pb.gov.br\/portal\/2022\/10\/23\/policial-militar-de-folga-prende-suspeitos-apos-praticarem-roubo-a-loja-em-campina-grande\/"},"author":{"name":"Tarcisio Oliveira","@id":"https:\/\/www.pm.pb.gov.br\/portal\/#\/schema\/person\/f84f56dcc78ce4357054da888b8247fd"},"headline":"Policial militar de folga prende suspeitos ap\u00f3s praticarem roubo a loja em Campina Grande","datePublished":"2022-10-23T13:00:00+00:00","dateModified":"2022-11-18T16:13:51+00:00","mainEntityOfPage":{"@id":"https:\/\/www.pm.pb.gov.br\/portal\/2022\/10\/23\/policial-militar-de-folga-prende-suspeitos-apos-praticarem-roubo-a-loja-em-campina-grande\/"},"wordCount":328,"publisher":{"@id":"https:\/\/www.pm.pb.gov.br\/portal\/#organization"},"articleSection":["A\u00e7\u00f5es Policiais"],"inLanguage":"pt-BR"},{"@type":"WebPage","@id":"https:\/\/www.pm.pb.gov.br\/portal\/2022\/10\/23\/policial-militar-de-folga-prende-suspeitos-apos-praticarem-roubo-a-loja-em-campina-grande\/","url":"https:\/\/www.pm.pb.gov.br\/portal\/2022\/10\/23\/policial-militar-de-folga-prende-suspeitos-apos-praticarem-roubo-a-loja-em-campina-grande\/","name":"Policial militar de folga prende suspeitos ap\u00f3s praticarem roubo a loja em Campina Grande - Pol\u00edcia Militar da Para\u00edba","isPartOf":{"@id":"https:\/\/www.pm.pb.gov.br\/portal\/#website"},"datePublished":"2022-10-23T13:00:00+00:00","dateModified":"2022-11-18T16:13:51+00:00","breadcrumb":{"@id":"https:\/\/www.pm.pb.gov.br\/portal\/2022\/10\/23\/policial-militar-de-folga-prende-suspeitos-apos-praticarem-roubo-a-loja-em-campina-grande\/#breadcrumb"},"inLanguage":"pt-BR","potentialAction":[{"@type":"ReadAction","target":["https:\/\/www.pm.pb.gov.br\/portal\/2022\/10\/23\/policial-militar-de-folga-prende-suspeitos-apos-praticarem-roubo-a-loja-em-campina-grande\/"]}]},{"@type":"BreadcrumbList","@id":"https:\/\/www.pm.pb.gov.br\/portal\/2022\/10\/23\/policial-militar-de-folga-prende-suspeitos-apos-praticarem-roubo-a-loja-em-campina-grande\/#breadcrumb","itemListElement":[{"@type":"ListItem","position":1,"name":"In\u00edcio","item":"https:\/\/www.pm.pb.gov.br\/portal\/"},{"@type":"ListItem","position":2,"name":"Policial militar de folga prende suspeitos ap\u00f3s praticarem roubo a loja em Campina Grande"}]},{"@type":"WebSite","@id":"https:\/\/www.pm.pb.gov.br\/portal\/#website","url":"https:\/\/www.pm.pb.gov.br\/portal\/","name":"Pol\u00edcia Militar da Para\u00edba","description":"","publisher":{"@id":"https:\/\/www.pm.pb.gov.br\/portal\/#organization"},"potentialAction":[{"@type":"SearchAction","target":{"@type":"EntryPoint","urlTemplate":"https:\/\/www.pm.pb.gov.br\/portal\/?s={search_term_string}"},"query-input":"required name=search_term_string"}],"inLanguage":"pt-BR"},{"@type":"Organization","@id":"https:\/\/www.pm.pb.gov.br\/portal\/#organization","name":"Pol\u00edcia Militar da Para\u00edba","url":"https:\/\/www.pm.pb.gov.br\/portal\/","logo":{"@type":"ImageObject","inLanguage":"pt-BR","@id":"https:\/\/www.pm.pb.gov.br\/portal\/#\/schema\/logo\/image\/","url":"https:\/\/www.pm.pb.gov.br\/portal\/wp-content\/uploads\/2025\/03\/cropped-logo-site-mag2-1.png","contentUrl":"https:\/\/www.pm.pb.gov.br\/portal\/wp-content\/uploads\/2025\/03\/cropped-logo-site-mag2-1.png","width":320,"height":90,"caption":"Pol\u00edcia Militar da Para\u00edba"},"image":{"@id":"https:\/\/www.pm.pb.gov.br\/portal\/#\/schema\/logo\/image\/"}},{"@type":"Person","@id":"https:\/\/www.pm.pb.gov.br\/portal\/#\/schema\/person\/f84f56dcc78ce4357054da888b8247fd","name":"Tarcisio Oliveira","image":{"@type":"ImageObject","inLanguage":"pt-BR","@id":"https:\/\/www.pm.pb.gov.br\/portal\/#\/schema\/person\/image\/","url":"https:\/\/secure.gravatar.com\/avatar\/72917b630b69d31cd0297507f34bac97?s=96&d=mm&r=g","contentUrl":"https:\/\/secure.gravatar.com\/avatar\/72917b630b69d31cd0297507f34bac97?s=96&d=mm&r=g","caption":"Tarcisio Oliveira"},"url":"https:\/\/www.pm.pb.gov.br\/portal\/author\/tarcisio\/"}]}},"_links":{"self":[{"href":"https:\/\/www.pm.pb.gov.br\/portal\/wp-json\/wp\/v2\/posts\/914944"}],"collection":[{"href":"https:\/\/www.pm.pb.gov.br\/portal\/wp-json\/wp\/v2\/posts"}],"about":[{"href":"https:\/\/www.pm.pb.gov.br\/portal\/wp-json\/wp\/v2\/types\/post"}],"author":[{"embeddable":true,"href":"https:\/\/www.pm.pb.gov.br\/portal\/wp-json\/wp\/v2\/users\/12"}],"replies":[{"embeddable":true,"href":"https:\/\/www.pm.pb.gov.br\/portal\/wp-json\/wp\/v2\/comments?post=914944"}],"version-history":[{"count":1,"href":"https:\/\/www.pm.pb.gov.br\/portal\/wp-json\/wp\/v2\/posts\/914944\/revisions"}],"predecessor-version":[{"id":914946,"href":"https:\/\/www.pm.pb.gov.br\/portal\/wp-json\/wp\/v2\/posts\/914944\/revisions\/914946"}],"wp:featuredmedia":[{"embeddable":true,"href":"https:\/\/www.pm.pb.gov.br\/portal\/wp-json\/wp\/v2\/media\/914945"}],"wp:attachment":[{"href":"https:\/\/www.pm.pb.gov.br\/portal\/wp-json\/wp\/v2\/media?parent=914944"}],"wp:term":[{"taxonomy":"category","embeddable":true,"href":"https:\/\/www.pm.pb.gov.br\/portal\/wp-json\/wp\/v2\/categories?post=914944"},{"taxonomy":"post_tag","embeddable":true,"href":"https:\/\/www.pm.pb.gov.br\/portal\/wp-json\/wp\/v2\/tags?post=914944"}],"curies":[{"name":"wp","href":"https:\/\/api.w.org\/{rel}","templated":true}]}}