{"id":914540,"date":"2022-05-24T15:02:13","date_gmt":"2022-05-24T18:02:13","guid":{"rendered":"https:\/\/www.pm.pb.gov.br\/portal\/?p=914540"},"modified":"2022-05-24T20:27:38","modified_gmt":"2022-05-24T23:27:38","slug":"policia-militar-troca-tiros-com-criminosos-e-prende-procurado-da-justica-por-homicidio-em-mandacaru","status":"publish","type":"post","link":"https:\/\/www.pm.pb.gov.br\/portal\/2022\/05\/24\/policia-militar-troca-tiros-com-criminosos-e-prende-procurado-da-justica-por-homicidio-em-mandacaru\/","title":{"rendered":"Pol\u00edcia Militar troca tiros com criminosos e prende procurado da justi\u00e7a por homic\u00eddio em Mandacaru"},"content":{"rendered":"\n<p>A Pol\u00edcia Militar prendeu um procurado da justi\u00e7a que responde pelo crime de homic\u00eddio qualificado, na tarde ter\u00e7a-feira (24), em mais uma a\u00e7\u00e3o do 1\u00ba Batalh\u00e3o, dentro do bairro de Mandacaru, em Jo\u00e3o Pessoa. No momento da abordagem ao suspeito, houve uma troca de tiros contra criminosos que queriam evitar a pris\u00e3o dele.<br><br>O preso tem 27 anos e foi localizado na comunidade Porto de Jo\u00e3o Tota. Ao ser consultado o nome dele atrav\u00e9s do CIOP (Centro Integrado de Opera\u00e7\u00f5es Policiais), foi descoberto que o acusado estava com um mandado de pris\u00e3o em aberto, expedido pela 2\u00aa Vara do Tribunal do J\u00fari de Jo\u00e3o Pessoa. Ele tamb\u00e9m \u00e9 suspeito de participar de ataques a tiros contra grupos rivais, no bairro.<br><br>O acusado foi apresentado na Centra de Flagrantes, no Geisel.<br><br><\/p>\n","protected":false},"excerpt":{"rendered":"<p>A Pol\u00edcia Militar prendeu um procurado da justi\u00e7a que responde pelo crime de homic\u00eddio qualificado, na tarde ter\u00e7a-feira (24), em<\/p>\n","protected":false},"author":5,"featured_media":914551,"comment_status":"closed","ping_status":"closed","sticky":false,"template":"","format":"standard","meta":{"_exactmetrics_skip_tracking":false,"_exactmetrics_sitenote_active":false,"_exactmetrics_sitenote_note":"","_exactmetrics_sitenote_category":0,"footnotes":""},"categories":[4],"tags":[],"yoast_head":"<!-- This site is optimized with the Yoast SEO plugin v22.0 - https:\/\/yoast.com\/wordpress\/plugins\/seo\/ -->\n<title>Pol\u00edcia Militar troca tiros com criminosos e prende procurado da justi\u00e7a por homic\u00eddio em Mandacaru - Pol\u00edcia Militar da Para\u00edba<\/title>\n<meta name=\"robots\" content=\"index, follow, max-snippet:-1, max-image-preview:large, max-video-preview:-1\" \/>\n<link rel=\"canonical\" href=\"https:\/\/www.pm.pb.gov.br\/portal\/2022\/05\/24\/policia-militar-troca-tiros-com-criminosos-e-prende-procurado-da-justica-por-homicidio-em-mandacaru\/\" \/>\n<meta property=\"og:locale\" content=\"pt_BR\" \/>\n<meta property=\"og:type\" content=\"article\" \/>\n<meta property=\"og:title\" content=\"Pol\u00edcia Militar troca tiros com criminosos e prende procurado da justi\u00e7a por homic\u00eddio em Mandacaru - Pol\u00edcia Militar da Para\u00edba\" \/>\n<meta property=\"og:description\" content=\"A Pol\u00edcia Militar prendeu um procurado da justi\u00e7a que responde pelo crime de homic\u00eddio qualificado, na tarde ter\u00e7a-feira (24), em\" \/>\n<meta property=\"og:url\" content=\"https:\/\/www.pm.pb.gov.br\/portal\/2022\/05\/24\/policia-militar-troca-tiros-com-criminosos-e-prende-procurado-da-justica-por-homicidio-em-mandacaru\/\" \/>\n<meta property=\"og:site_name\" content=\"Pol\u00edcia Militar da Para\u00edba\" \/>\n<meta property=\"article:published_time\" content=\"2022-05-24T18:02:13+00:00\" \/>\n<meta property=\"article:modified_time\" content=\"2022-05-24T23:27:38+00:00\" \/>\n<meta property=\"og:image\" content=\"http:\/\/www.pm.pb.gov.br\/portal\/wp-content\/uploads\/2022\/05\/48a54ca6-aa2a-442c-bc57-ba74f04ece8e.jpeg\" \/>\n\t<meta property=\"og:image:width\" content=\"775\" \/>\n\t<meta property=\"og:image:height\" content=\"493\" \/>\n\t<meta property=\"og:image:type\" content=\"image\/jpeg\" \/>\n<meta name=\"author\" content=\"Assessoria de Imprensa da PMPB\" \/>\n<meta name=\"twitter:card\" content=\"summary_large_image\" \/>\n<meta name=\"twitter:label1\" content=\"Escrito por\" \/>\n\t<meta name=\"twitter:data1\" content=\"Assessoria de Imprensa da PMPB\" \/>\n\t<meta name=\"twitter:label2\" content=\"Est. tempo de leitura\" \/>\n\t<meta name=\"twitter:data2\" content=\"1 minuto\" \/>\n<script type=\"application\/ld+json\" class=\"yoast-schema-graph\">{\"@context\":\"https:\/\/schema.org\",\"@graph\":[{\"@type\":\"Article\",\"@id\":\"https:\/\/www.pm.pb.gov.br\/portal\/2022\/05\/24\/policia-militar-troca-tiros-com-criminosos-e-prende-procurado-da-justica-por-homicidio-em-mandacaru\/#article\",\"isPartOf\":{\"@id\":\"https:\/\/www.pm.pb.gov.br\/portal\/2022\/05\/24\/policia-militar-troca-tiros-com-criminosos-e-prende-procurado-da-justica-por-homicidio-em-mandacaru\/\"},\"author\":{\"name\":\"Assessoria de Imprensa da PMPB\",\"@id\":\"https:\/\/www.pm.pb.gov.br\/portal\/#\/schema\/person\/e8454f46651c3ecf0e1ba3c1666d9947\"},\"headline\":\"Pol\u00edcia Militar troca tiros com criminosos e prende procurado da justi\u00e7a por homic\u00eddio em Mandacaru\",\"datePublished\":\"2022-05-24T18:02:13+00:00\",\"dateModified\":\"2022-05-24T23:27:38+00:00\",\"mainEntityOfPage\":{\"@id\":\"https:\/\/www.pm.pb.gov.br\/portal\/2022\/05\/24\/policia-militar-troca-tiros-com-criminosos-e-prende-procurado-da-justica-por-homicidio-em-mandacaru\/\"},\"wordCount\":158,\"publisher\":{\"@id\":\"https:\/\/www.pm.pb.gov.br\/portal\/#organization\"},\"articleSection\":[\"A\u00e7\u00f5es Policiais\"],\"inLanguage\":\"pt-BR\"},{\"@type\":\"WebPage\",\"@id\":\"https:\/\/www.pm.pb.gov.br\/portal\/2022\/05\/24\/policia-militar-troca-tiros-com-criminosos-e-prende-procurado-da-justica-por-homicidio-em-mandacaru\/\",\"url\":\"https:\/\/www.pm.pb.gov.br\/portal\/2022\/05\/24\/policia-militar-troca-tiros-com-criminosos-e-prende-procurado-da-justica-por-homicidio-em-mandacaru\/\",\"name\":\"Pol\u00edcia Militar troca tiros com criminosos e prende procurado da justi\u00e7a por homic\u00eddio em Mandacaru - Pol\u00edcia Militar da Para\u00edba\",\"isPartOf\":{\"@id\":\"https:\/\/www.pm.pb.gov.br\/portal\/#website\"},\"datePublished\":\"2022-05-24T18:02:13+00:00\",\"dateModified\":\"2022-05-24T23:27:38+00:00\",\"breadcrumb\":{\"@id\":\"https:\/\/www.pm.pb.gov.br\/portal\/2022\/05\/24\/policia-militar-troca-tiros-com-criminosos-e-prende-procurado-da-justica-por-homicidio-em-mandacaru\/#breadcrumb\"},\"inLanguage\":\"pt-BR\",\"potentialAction\":[{\"@type\":\"ReadAction\",\"target\":[\"https:\/\/www.pm.pb.gov.br\/portal\/2022\/05\/24\/policia-militar-troca-tiros-com-criminosos-e-prende-procurado-da-justica-por-homicidio-em-mandacaru\/\"]}]},{\"@type\":\"BreadcrumbList\",\"@id\":\"https:\/\/www.pm.pb.gov.br\/portal\/2022\/05\/24\/policia-militar-troca-tiros-com-criminosos-e-prende-procurado-da-justica-por-homicidio-em-mandacaru\/#breadcrumb\",\"itemListElement\":[{\"@type\":\"ListItem\",\"position\":1,\"name\":\"In\u00edcio\",\"item\":\"https:\/\/www.pm.pb.gov.br\/portal\/\"},{\"@type\":\"ListItem\",\"position\":2,\"name\":\"Pol\u00edcia Militar troca tiros com criminosos e prende procurado da justi\u00e7a por homic\u00eddio em Mandacaru\"}]},{\"@type\":\"WebSite\",\"@id\":\"https:\/\/www.pm.pb.gov.br\/portal\/#website\",\"url\":\"https:\/\/www.pm.pb.gov.br\/portal\/\",\"name\":\"Pol\u00edcia Militar da Para\u00edba\",\"description\":\"\",\"publisher\":{\"@id\":\"https:\/\/www.pm.pb.gov.br\/portal\/#organization\"},\"potentialAction\":[{\"@type\":\"SearchAction\",\"target\":{\"@type\":\"EntryPoint\",\"urlTemplate\":\"https:\/\/www.pm.pb.gov.br\/portal\/?s={search_term_string}\"},\"query-input\":\"required name=search_term_string\"}],\"inLanguage\":\"pt-BR\"},{\"@type\":\"Organization\",\"@id\":\"https:\/\/www.pm.pb.gov.br\/portal\/#organization\",\"name\":\"Pol\u00edcia Militar da Para\u00edba\",\"url\":\"https:\/\/www.pm.pb.gov.br\/portal\/\",\"logo\":{\"@type\":\"ImageObject\",\"inLanguage\":\"pt-BR\",\"@id\":\"https:\/\/www.pm.pb.gov.br\/portal\/#\/schema\/logo\/image\/\",\"url\":\"https:\/\/www.pm.pb.gov.br\/portal\/wp-content\/uploads\/2025\/03\/cropped-logo-site-mag2-1.png\",\"contentUrl\":\"https:\/\/www.pm.pb.gov.br\/portal\/wp-content\/uploads\/2025\/03\/cropped-logo-site-mag2-1.png\",\"width\":320,\"height\":90,\"caption\":\"Pol\u00edcia Militar da Para\u00edba\"},\"image\":{\"@id\":\"https:\/\/www.pm.pb.gov.br\/portal\/#\/schema\/logo\/image\/\"}},{\"@type\":\"Person\",\"@id\":\"https:\/\/www.pm.pb.gov.br\/portal\/#\/schema\/person\/e8454f46651c3ecf0e1ba3c1666d9947\",\"name\":\"Assessoria de Imprensa da PMPB\",\"image\":{\"@type\":\"ImageObject\",\"inLanguage\":\"pt-BR\",\"@id\":\"https:\/\/www.pm.pb.gov.br\/portal\/#\/schema\/person\/image\/\",\"url\":\"https:\/\/secure.gravatar.com\/avatar\/2efe197438265d1e90bd98c4c8e1acf8?s=96&d=mm&r=g\",\"contentUrl\":\"https:\/\/secure.gravatar.com\/avatar\/2efe197438265d1e90bd98c4c8e1acf8?s=96&d=mm&r=g\",\"caption\":\"Assessoria de Imprensa da PMPB\"},\"url\":\"https:\/\/www.pm.pb.gov.br\/portal\/author\/assessoria\/\"}]}<\/script>\n<!-- \/ Yoast SEO plugin. -->","yoast_head_json":{"title":"Pol\u00edcia Militar troca tiros com criminosos e prende procurado da justi\u00e7a por homic\u00eddio em Mandacaru - Pol\u00edcia Militar da Para\u00edba","robots":{"index":"index","follow":"follow","max-snippet":"max-snippet:-1","max-image-preview":"max-image-preview:large","max-video-preview":"max-video-preview:-1"},"canonical":"https:\/\/www.pm.pb.gov.br\/portal\/2022\/05\/24\/policia-militar-troca-tiros-com-criminosos-e-prende-procurado-da-justica-por-homicidio-em-mandacaru\/","og_locale":"pt_BR","og_type":"article","og_title":"Pol\u00edcia Militar troca tiros com criminosos e prende procurado da justi\u00e7a por homic\u00eddio em Mandacaru - Pol\u00edcia Militar da Para\u00edba","og_description":"A Pol\u00edcia Militar prendeu um procurado da justi\u00e7a que responde pelo crime de homic\u00eddio qualificado, na tarde ter\u00e7a-feira (24), em","og_url":"https:\/\/www.pm.pb.gov.br\/portal\/2022\/05\/24\/policia-militar-troca-tiros-com-criminosos-e-prende-procurado-da-justica-por-homicidio-em-mandacaru\/","og_site_name":"Pol\u00edcia Militar da Para\u00edba","article_published_time":"2022-05-24T18:02:13+00:00","article_modified_time":"2022-05-24T23:27:38+00:00","og_image":[{"width":775,"height":493,"url":"http:\/\/www.pm.pb.gov.br\/portal\/wp-content\/uploads\/2022\/05\/48a54ca6-aa2a-442c-bc57-ba74f04ece8e.jpeg","type":"image\/jpeg"}],"author":"Assessoria de Imprensa da PMPB","twitter_card":"summary_large_image","twitter_misc":{"Escrito por":"Assessoria de Imprensa da PMPB","Est. tempo de leitura":"1 minuto"},"schema":{"@context":"https:\/\/schema.org","@graph":[{"@type":"Article","@id":"https:\/\/www.pm.pb.gov.br\/portal\/2022\/05\/24\/policia-militar-troca-tiros-com-criminosos-e-prende-procurado-da-justica-por-homicidio-em-mandacaru\/#article","isPartOf":{"@id":"https:\/\/www.pm.pb.gov.br\/portal\/2022\/05\/24\/policia-militar-troca-tiros-com-criminosos-e-prende-procurado-da-justica-por-homicidio-em-mandacaru\/"},"author":{"name":"Assessoria de Imprensa da PMPB","@id":"https:\/\/www.pm.pb.gov.br\/portal\/#\/schema\/person\/e8454f46651c3ecf0e1ba3c1666d9947"},"headline":"Pol\u00edcia Militar troca tiros com criminosos e prende procurado da justi\u00e7a por homic\u00eddio em Mandacaru","datePublished":"2022-05-24T18:02:13+00:00","dateModified":"2022-05-24T23:27:38+00:00","mainEntityOfPage":{"@id":"https:\/\/www.pm.pb.gov.br\/portal\/2022\/05\/24\/policia-militar-troca-tiros-com-criminosos-e-prende-procurado-da-justica-por-homicidio-em-mandacaru\/"},"wordCount":158,"publisher":{"@id":"https:\/\/www.pm.pb.gov.br\/portal\/#organization"},"articleSection":["A\u00e7\u00f5es Policiais"],"inLanguage":"pt-BR"},{"@type":"WebPage","@id":"https:\/\/www.pm.pb.gov.br\/portal\/2022\/05\/24\/policia-militar-troca-tiros-com-criminosos-e-prende-procurado-da-justica-por-homicidio-em-mandacaru\/","url":"https:\/\/www.pm.pb.gov.br\/portal\/2022\/05\/24\/policia-militar-troca-tiros-com-criminosos-e-prende-procurado-da-justica-por-homicidio-em-mandacaru\/","name":"Pol\u00edcia Militar troca tiros com criminosos e prende procurado da justi\u00e7a por homic\u00eddio em Mandacaru - Pol\u00edcia Militar da Para\u00edba","isPartOf":{"@id":"https:\/\/www.pm.pb.gov.br\/portal\/#website"},"datePublished":"2022-05-24T18:02:13+00:00","dateModified":"2022-05-24T23:27:38+00:00","breadcrumb":{"@id":"https:\/\/www.pm.pb.gov.br\/portal\/2022\/05\/24\/policia-militar-troca-tiros-com-criminosos-e-prende-procurado-da-justica-por-homicidio-em-mandacaru\/#breadcrumb"},"inLanguage":"pt-BR","potentialAction":[{"@type":"ReadAction","target":["https:\/\/www.pm.pb.gov.br\/portal\/2022\/05\/24\/policia-militar-troca-tiros-com-criminosos-e-prende-procurado-da-justica-por-homicidio-em-mandacaru\/"]}]},{"@type":"BreadcrumbList","@id":"https:\/\/www.pm.pb.gov.br\/portal\/2022\/05\/24\/policia-militar-troca-tiros-com-criminosos-e-prende-procurado-da-justica-por-homicidio-em-mandacaru\/#breadcrumb","itemListElement":[{"@type":"ListItem","position":1,"name":"In\u00edcio","item":"https:\/\/www.pm.pb.gov.br\/portal\/"},{"@type":"ListItem","position":2,"name":"Pol\u00edcia Militar troca tiros com criminosos e prende procurado da justi\u00e7a por homic\u00eddio em Mandacaru"}]},{"@type":"WebSite","@id":"https:\/\/www.pm.pb.gov.br\/portal\/#website","url":"https:\/\/www.pm.pb.gov.br\/portal\/","name":"Pol\u00edcia Militar da Para\u00edba","description":"","publisher":{"@id":"https:\/\/www.pm.pb.gov.br\/portal\/#organization"},"potentialAction":[{"@type":"SearchAction","target":{"@type":"EntryPoint","urlTemplate":"https:\/\/www.pm.pb.gov.br\/portal\/?s={search_term_string}"},"query-input":"required name=search_term_string"}],"inLanguage":"pt-BR"},{"@type":"Organization","@id":"https:\/\/www.pm.pb.gov.br\/portal\/#organization","name":"Pol\u00edcia Militar da Para\u00edba","url":"https:\/\/www.pm.pb.gov.br\/portal\/","logo":{"@type":"ImageObject","inLanguage":"pt-BR","@id":"https:\/\/www.pm.pb.gov.br\/portal\/#\/schema\/logo\/image\/","url":"https:\/\/www.pm.pb.gov.br\/portal\/wp-content\/uploads\/2025\/03\/cropped-logo-site-mag2-1.png","contentUrl":"https:\/\/www.pm.pb.gov.br\/portal\/wp-content\/uploads\/2025\/03\/cropped-logo-site-mag2-1.png","width":320,"height":90,"caption":"Pol\u00edcia Militar da Para\u00edba"},"image":{"@id":"https:\/\/www.pm.pb.gov.br\/portal\/#\/schema\/logo\/image\/"}},{"@type":"Person","@id":"https:\/\/www.pm.pb.gov.br\/portal\/#\/schema\/person\/e8454f46651c3ecf0e1ba3c1666d9947","name":"Assessoria de Imprensa da PMPB","image":{"@type":"ImageObject","inLanguage":"pt-BR","@id":"https:\/\/www.pm.pb.gov.br\/portal\/#\/schema\/person\/image\/","url":"https:\/\/secure.gravatar.com\/avatar\/2efe197438265d1e90bd98c4c8e1acf8?s=96&d=mm&r=g","contentUrl":"https:\/\/secure.gravatar.com\/avatar\/2efe197438265d1e90bd98c4c8e1acf8?s=96&d=mm&r=g","caption":"Assessoria de Imprensa da PMPB"},"url":"https:\/\/www.pm.pb.gov.br\/portal\/author\/assessoria\/"}]}},"_links":{"self":[{"href":"https:\/\/www.pm.pb.gov.br\/portal\/wp-json\/wp\/v2\/posts\/914540"}],"collection":[{"href":"https:\/\/www.pm.pb.gov.br\/portal\/wp-json\/wp\/v2\/posts"}],"about":[{"href":"https:\/\/www.pm.pb.gov.br\/portal\/wp-json\/wp\/v2\/types\/post"}],"author":[{"embeddable":true,"href":"https:\/\/www.pm.pb.gov.br\/portal\/wp-json\/wp\/v2\/users\/5"}],"replies":[{"embeddable":true,"href":"https:\/\/www.pm.pb.gov.br\/portal\/wp-json\/wp\/v2\/comments?post=914540"}],"version-history":[{"count":2,"href":"https:\/\/www.pm.pb.gov.br\/portal\/wp-json\/wp\/v2\/posts\/914540\/revisions"}],"predecessor-version":[{"id":914552,"href":"https:\/\/www.pm.pb.gov.br\/portal\/wp-json\/wp\/v2\/posts\/914540\/revisions\/914552"}],"wp:featuredmedia":[{"embeddable":true,"href":"https:\/\/www.pm.pb.gov.br\/portal\/wp-json\/wp\/v2\/media\/914551"}],"wp:attachment":[{"href":"https:\/\/www.pm.pb.gov.br\/portal\/wp-json\/wp\/v2\/media?parent=914540"}],"wp:term":[{"taxonomy":"category","embeddable":true,"href":"https:\/\/www.pm.pb.gov.br\/portal\/wp-json\/wp\/v2\/categories?post=914540"},{"taxonomy":"post_tag","embeddable":true,"href":"https:\/\/www.pm.pb.gov.br\/portal\/wp-json\/wp\/v2\/tags?post=914540"}],"curies":[{"name":"wp","href":"https:\/\/api.w.org\/{rel}","templated":true}]}}