{"id":914290,"date":"2022-05-04T19:49:30","date_gmt":"2022-05-04T22:49:30","guid":{"rendered":"https:\/\/www.pm.pb.gov.br\/portal\/?p=914290"},"modified":"2022-05-04T19:50:01","modified_gmt":"2022-05-04T22:50:01","slug":"policia-militar-intercepta-fuga-de-suspeitos-de-roubo-de-carga-na-paraiba-e-recupera-produtos-levados","status":"publish","type":"post","link":"https:\/\/www.pm.pb.gov.br\/portal\/2022\/05\/04\/policia-militar-intercepta-fuga-de-suspeitos-de-roubo-de-carga-na-paraiba-e-recupera-produtos-levados\/","title":{"rendered":"Pol\u00edcia Militar intercepta fuga de suspeitos de roubo de carga na Para\u00edba e recupera produtos levados"},"content":{"rendered":"\n<p>A Pol\u00edcia Militar interceptou um carro com suspeitos que tinham roubado a carga de um caminh\u00e3o que transportava mercadorias de uma empresa nacional, nessa quarta-feira (4). O roubo aconteceu na BR 101, em Mamanguape, e a fuga dos acusados foi frustrada na BR 230, em Santa Rita. Na a\u00e7\u00e3o, houve troca de tiros e os criminosos fugiram por uma mata, abandonando o ve\u00edculo com os materiais.<br><br>No carro, que tinha registro de roubo, os policiais do Batalh\u00e3o Especializado em Policiamento com Motocicletas (BEPMotos) recuperaram mais de vinte produtos, entre eletroeletr\u00f4nicos, utens\u00edlios do lar e pneus.<br><br>O caminh\u00e3o tinha sido recuperado ainda na regi\u00e3o de Mamanguape, atrav\u00e9s de a\u00e7\u00e3o conjunta da 2\u00aa Companhia Independente da PM (2\u00aa CIPM) e Pol\u00edcia Rodovi\u00e1ria Federal. O motorista do ve\u00edculo disse que foi surpreendido pelos bandidos quando fazia o transporte da carga que seria distribu\u00edda entre as filiais da empresa. Ap\u00f3s levarem o caminh\u00e3o e retirarem os produtos, os suspeitos fugiram no carro que foi interceptado em Santa Rita.<\/p>\n\n\n\n<p><img loading=\"lazy\" decoding=\"async\" width=\"1600\" height=\"1200\" class=\"wp-image-914299\" style=\"width: 800px;\" src=\"http:\/\/www.pm.pb.gov.br\/portal\/wp-content\/uploads\/2022\/05\/12aadc6b-c771-4f81-945a-98d8e640aed1.jpeg\" alt=\"\" srcset=\"https:\/\/www.pm.pb.gov.br\/portal\/wp-content\/uploads\/2022\/05\/12aadc6b-c771-4f81-945a-98d8e640aed1.jpeg 1600w, https:\/\/www.pm.pb.gov.br\/portal\/wp-content\/uploads\/2022\/05\/12aadc6b-c771-4f81-945a-98d8e640aed1-593x445.jpeg 593w, https:\/\/www.pm.pb.gov.br\/portal\/wp-content\/uploads\/2022\/05\/12aadc6b-c771-4f81-945a-98d8e640aed1-760x570.jpeg 760w, https:\/\/www.pm.pb.gov.br\/portal\/wp-content\/uploads\/2022\/05\/12aadc6b-c771-4f81-945a-98d8e640aed1-768x576.jpeg 768w, https:\/\/www.pm.pb.gov.br\/portal\/wp-content\/uploads\/2022\/05\/12aadc6b-c771-4f81-945a-98d8e640aed1-1536x1152.jpeg 1536w\" sizes=\"(max-width: 1600px) 100vw, 1600px\" \/><br><br>O material recuperado e o ve\u00edculo dos criminosos foram levados para a 6\u00aa Delegacia de Pol\u00edcia, em Santa Rita.<br><\/p>\n","protected":false},"excerpt":{"rendered":"<p>A Pol\u00edcia Militar interceptou um carro com suspeitos que tinham roubado a carga de um caminh\u00e3o que transportava mercadorias de<\/p>\n","protected":false},"author":5,"featured_media":914297,"comment_status":"closed","ping_status":"closed","sticky":false,"template":"","format":"standard","meta":{"_exactmetrics_skip_tracking":false,"_exactmetrics_sitenote_active":false,"_exactmetrics_sitenote_note":"","_exactmetrics_sitenote_category":0,"footnotes":""},"categories":[4],"tags":[],"yoast_head":"<!-- This site is optimized with the Yoast SEO plugin v22.0 - https:\/\/yoast.com\/wordpress\/plugins\/seo\/ -->\n<title>Pol\u00edcia Militar intercepta fuga de suspeitos de roubo de carga na Para\u00edba e recupera produtos levados - Pol\u00edcia Militar da Para\u00edba<\/title>\n<meta name=\"robots\" content=\"index, follow, max-snippet:-1, max-image-preview:large, max-video-preview:-1\" \/>\n<link rel=\"canonical\" href=\"https:\/\/www.pm.pb.gov.br\/portal\/2022\/05\/04\/policia-militar-intercepta-fuga-de-suspeitos-de-roubo-de-carga-na-paraiba-e-recupera-produtos-levados\/\" \/>\n<meta property=\"og:locale\" content=\"pt_BR\" \/>\n<meta property=\"og:type\" content=\"article\" \/>\n<meta property=\"og:title\" content=\"Pol\u00edcia Militar intercepta fuga de suspeitos de roubo de carga na Para\u00edba e recupera produtos levados - Pol\u00edcia Militar da Para\u00edba\" \/>\n<meta property=\"og:description\" content=\"A Pol\u00edcia Militar interceptou um carro com suspeitos que tinham roubado a carga de um caminh\u00e3o que transportava mercadorias de\" \/>\n<meta property=\"og:url\" content=\"https:\/\/www.pm.pb.gov.br\/portal\/2022\/05\/04\/policia-militar-intercepta-fuga-de-suspeitos-de-roubo-de-carga-na-paraiba-e-recupera-produtos-levados\/\" \/>\n<meta property=\"og:site_name\" content=\"Pol\u00edcia Militar da Para\u00edba\" \/>\n<meta property=\"article:published_time\" content=\"2022-05-04T22:49:30+00:00\" \/>\n<meta property=\"article:modified_time\" content=\"2022-05-04T22:50:01+00:00\" \/>\n<meta property=\"og:image\" content=\"http:\/\/www.pm.pb.gov.br\/portal\/wp-content\/uploads\/2022\/05\/bc59fb37-d4fe-437f-9e2f-eef4982c6dac.jpeg\" \/>\n\t<meta property=\"og:image:width\" content=\"1280\" \/>\n\t<meta property=\"og:image:height\" content=\"1107\" \/>\n\t<meta property=\"og:image:type\" content=\"image\/jpeg\" \/>\n<meta name=\"author\" content=\"Assessoria de Imprensa da PMPB\" \/>\n<meta name=\"twitter:card\" content=\"summary_large_image\" \/>\n<meta name=\"twitter:label1\" content=\"Escrito por\" \/>\n\t<meta name=\"twitter:data1\" content=\"Assessoria de Imprensa da PMPB\" \/>\n\t<meta name=\"twitter:label2\" content=\"Est. tempo de leitura\" \/>\n\t<meta name=\"twitter:data2\" content=\"2 minutos\" \/>\n<script type=\"application\/ld+json\" class=\"yoast-schema-graph\">{\"@context\":\"https:\/\/schema.org\",\"@graph\":[{\"@type\":\"Article\",\"@id\":\"https:\/\/www.pm.pb.gov.br\/portal\/2022\/05\/04\/policia-militar-intercepta-fuga-de-suspeitos-de-roubo-de-carga-na-paraiba-e-recupera-produtos-levados\/#article\",\"isPartOf\":{\"@id\":\"https:\/\/www.pm.pb.gov.br\/portal\/2022\/05\/04\/policia-militar-intercepta-fuga-de-suspeitos-de-roubo-de-carga-na-paraiba-e-recupera-produtos-levados\/\"},\"author\":{\"name\":\"Assessoria de Imprensa da PMPB\",\"@id\":\"https:\/\/www.pm.pb.gov.br\/portal\/#\/schema\/person\/e8454f46651c3ecf0e1ba3c1666d9947\"},\"headline\":\"Pol\u00edcia Militar intercepta fuga de suspeitos de roubo de carga na Para\u00edba e recupera produtos levados\",\"datePublished\":\"2022-05-04T22:49:30+00:00\",\"dateModified\":\"2022-05-04T22:50:01+00:00\",\"mainEntityOfPage\":{\"@id\":\"https:\/\/www.pm.pb.gov.br\/portal\/2022\/05\/04\/policia-militar-intercepta-fuga-de-suspeitos-de-roubo-de-carga-na-paraiba-e-recupera-produtos-levados\/\"},\"wordCount\":214,\"publisher\":{\"@id\":\"https:\/\/www.pm.pb.gov.br\/portal\/#organization\"},\"articleSection\":[\"A\u00e7\u00f5es Policiais\"],\"inLanguage\":\"pt-BR\"},{\"@type\":\"WebPage\",\"@id\":\"https:\/\/www.pm.pb.gov.br\/portal\/2022\/05\/04\/policia-militar-intercepta-fuga-de-suspeitos-de-roubo-de-carga-na-paraiba-e-recupera-produtos-levados\/\",\"url\":\"https:\/\/www.pm.pb.gov.br\/portal\/2022\/05\/04\/policia-militar-intercepta-fuga-de-suspeitos-de-roubo-de-carga-na-paraiba-e-recupera-produtos-levados\/\",\"name\":\"Pol\u00edcia Militar intercepta fuga de suspeitos de roubo de carga na Para\u00edba e recupera produtos levados - Pol\u00edcia Militar da Para\u00edba\",\"isPartOf\":{\"@id\":\"https:\/\/www.pm.pb.gov.br\/portal\/#website\"},\"datePublished\":\"2022-05-04T22:49:30+00:00\",\"dateModified\":\"2022-05-04T22:50:01+00:00\",\"breadcrumb\":{\"@id\":\"https:\/\/www.pm.pb.gov.br\/portal\/2022\/05\/04\/policia-militar-intercepta-fuga-de-suspeitos-de-roubo-de-carga-na-paraiba-e-recupera-produtos-levados\/#breadcrumb\"},\"inLanguage\":\"pt-BR\",\"potentialAction\":[{\"@type\":\"ReadAction\",\"target\":[\"https:\/\/www.pm.pb.gov.br\/portal\/2022\/05\/04\/policia-militar-intercepta-fuga-de-suspeitos-de-roubo-de-carga-na-paraiba-e-recupera-produtos-levados\/\"]}]},{\"@type\":\"BreadcrumbList\",\"@id\":\"https:\/\/www.pm.pb.gov.br\/portal\/2022\/05\/04\/policia-militar-intercepta-fuga-de-suspeitos-de-roubo-de-carga-na-paraiba-e-recupera-produtos-levados\/#breadcrumb\",\"itemListElement\":[{\"@type\":\"ListItem\",\"position\":1,\"name\":\"In\u00edcio\",\"item\":\"https:\/\/www.pm.pb.gov.br\/portal\/\"},{\"@type\":\"ListItem\",\"position\":2,\"name\":\"Pol\u00edcia Militar intercepta fuga de suspeitos de roubo de carga na Para\u00edba e recupera produtos levados\"}]},{\"@type\":\"WebSite\",\"@id\":\"https:\/\/www.pm.pb.gov.br\/portal\/#website\",\"url\":\"https:\/\/www.pm.pb.gov.br\/portal\/\",\"name\":\"Pol\u00edcia Militar da Para\u00edba\",\"description\":\"\",\"publisher\":{\"@id\":\"https:\/\/www.pm.pb.gov.br\/portal\/#organization\"},\"potentialAction\":[{\"@type\":\"SearchAction\",\"target\":{\"@type\":\"EntryPoint\",\"urlTemplate\":\"https:\/\/www.pm.pb.gov.br\/portal\/?s={search_term_string}\"},\"query-input\":\"required name=search_term_string\"}],\"inLanguage\":\"pt-BR\"},{\"@type\":\"Organization\",\"@id\":\"https:\/\/www.pm.pb.gov.br\/portal\/#organization\",\"name\":\"Pol\u00edcia Militar da Para\u00edba\",\"url\":\"https:\/\/www.pm.pb.gov.br\/portal\/\",\"logo\":{\"@type\":\"ImageObject\",\"inLanguage\":\"pt-BR\",\"@id\":\"https:\/\/www.pm.pb.gov.br\/portal\/#\/schema\/logo\/image\/\",\"url\":\"https:\/\/www.pm.pb.gov.br\/portal\/wp-content\/uploads\/2025\/03\/cropped-logo-site-mag2-1.png\",\"contentUrl\":\"https:\/\/www.pm.pb.gov.br\/portal\/wp-content\/uploads\/2025\/03\/cropped-logo-site-mag2-1.png\",\"width\":320,\"height\":90,\"caption\":\"Pol\u00edcia Militar da Para\u00edba\"},\"image\":{\"@id\":\"https:\/\/www.pm.pb.gov.br\/portal\/#\/schema\/logo\/image\/\"}},{\"@type\":\"Person\",\"@id\":\"https:\/\/www.pm.pb.gov.br\/portal\/#\/schema\/person\/e8454f46651c3ecf0e1ba3c1666d9947\",\"name\":\"Assessoria de Imprensa da PMPB\",\"image\":{\"@type\":\"ImageObject\",\"inLanguage\":\"pt-BR\",\"@id\":\"https:\/\/www.pm.pb.gov.br\/portal\/#\/schema\/person\/image\/\",\"url\":\"https:\/\/secure.gravatar.com\/avatar\/2efe197438265d1e90bd98c4c8e1acf8?s=96&d=mm&r=g\",\"contentUrl\":\"https:\/\/secure.gravatar.com\/avatar\/2efe197438265d1e90bd98c4c8e1acf8?s=96&d=mm&r=g\",\"caption\":\"Assessoria de Imprensa da PMPB\"},\"url\":\"https:\/\/www.pm.pb.gov.br\/portal\/author\/assessoria\/\"}]}<\/script>\n<!-- \/ Yoast SEO plugin. -->","yoast_head_json":{"title":"Pol\u00edcia Militar intercepta fuga de suspeitos de roubo de carga na Para\u00edba e recupera produtos levados - Pol\u00edcia Militar da Para\u00edba","robots":{"index":"index","follow":"follow","max-snippet":"max-snippet:-1","max-image-preview":"max-image-preview:large","max-video-preview":"max-video-preview:-1"},"canonical":"https:\/\/www.pm.pb.gov.br\/portal\/2022\/05\/04\/policia-militar-intercepta-fuga-de-suspeitos-de-roubo-de-carga-na-paraiba-e-recupera-produtos-levados\/","og_locale":"pt_BR","og_type":"article","og_title":"Pol\u00edcia Militar intercepta fuga de suspeitos de roubo de carga na Para\u00edba e recupera produtos levados - Pol\u00edcia Militar da Para\u00edba","og_description":"A Pol\u00edcia Militar interceptou um carro com suspeitos que tinham roubado a carga de um caminh\u00e3o que transportava mercadorias de","og_url":"https:\/\/www.pm.pb.gov.br\/portal\/2022\/05\/04\/policia-militar-intercepta-fuga-de-suspeitos-de-roubo-de-carga-na-paraiba-e-recupera-produtos-levados\/","og_site_name":"Pol\u00edcia Militar da Para\u00edba","article_published_time":"2022-05-04T22:49:30+00:00","article_modified_time":"2022-05-04T22:50:01+00:00","og_image":[{"width":1280,"height":1107,"url":"http:\/\/www.pm.pb.gov.br\/portal\/wp-content\/uploads\/2022\/05\/bc59fb37-d4fe-437f-9e2f-eef4982c6dac.jpeg","type":"image\/jpeg"}],"author":"Assessoria de Imprensa da PMPB","twitter_card":"summary_large_image","twitter_misc":{"Escrito por":"Assessoria de Imprensa da PMPB","Est. tempo de leitura":"2 minutos"},"schema":{"@context":"https:\/\/schema.org","@graph":[{"@type":"Article","@id":"https:\/\/www.pm.pb.gov.br\/portal\/2022\/05\/04\/policia-militar-intercepta-fuga-de-suspeitos-de-roubo-de-carga-na-paraiba-e-recupera-produtos-levados\/#article","isPartOf":{"@id":"https:\/\/www.pm.pb.gov.br\/portal\/2022\/05\/04\/policia-militar-intercepta-fuga-de-suspeitos-de-roubo-de-carga-na-paraiba-e-recupera-produtos-levados\/"},"author":{"name":"Assessoria de Imprensa da PMPB","@id":"https:\/\/www.pm.pb.gov.br\/portal\/#\/schema\/person\/e8454f46651c3ecf0e1ba3c1666d9947"},"headline":"Pol\u00edcia Militar intercepta fuga de suspeitos de roubo de carga na Para\u00edba e recupera produtos levados","datePublished":"2022-05-04T22:49:30+00:00","dateModified":"2022-05-04T22:50:01+00:00","mainEntityOfPage":{"@id":"https:\/\/www.pm.pb.gov.br\/portal\/2022\/05\/04\/policia-militar-intercepta-fuga-de-suspeitos-de-roubo-de-carga-na-paraiba-e-recupera-produtos-levados\/"},"wordCount":214,"publisher":{"@id":"https:\/\/www.pm.pb.gov.br\/portal\/#organization"},"articleSection":["A\u00e7\u00f5es Policiais"],"inLanguage":"pt-BR"},{"@type":"WebPage","@id":"https:\/\/www.pm.pb.gov.br\/portal\/2022\/05\/04\/policia-militar-intercepta-fuga-de-suspeitos-de-roubo-de-carga-na-paraiba-e-recupera-produtos-levados\/","url":"https:\/\/www.pm.pb.gov.br\/portal\/2022\/05\/04\/policia-militar-intercepta-fuga-de-suspeitos-de-roubo-de-carga-na-paraiba-e-recupera-produtos-levados\/","name":"Pol\u00edcia Militar intercepta fuga de suspeitos de roubo de carga na Para\u00edba e recupera produtos levados - Pol\u00edcia Militar da Para\u00edba","isPartOf":{"@id":"https:\/\/www.pm.pb.gov.br\/portal\/#website"},"datePublished":"2022-05-04T22:49:30+00:00","dateModified":"2022-05-04T22:50:01+00:00","breadcrumb":{"@id":"https:\/\/www.pm.pb.gov.br\/portal\/2022\/05\/04\/policia-militar-intercepta-fuga-de-suspeitos-de-roubo-de-carga-na-paraiba-e-recupera-produtos-levados\/#breadcrumb"},"inLanguage":"pt-BR","potentialAction":[{"@type":"ReadAction","target":["https:\/\/www.pm.pb.gov.br\/portal\/2022\/05\/04\/policia-militar-intercepta-fuga-de-suspeitos-de-roubo-de-carga-na-paraiba-e-recupera-produtos-levados\/"]}]},{"@type":"BreadcrumbList","@id":"https:\/\/www.pm.pb.gov.br\/portal\/2022\/05\/04\/policia-militar-intercepta-fuga-de-suspeitos-de-roubo-de-carga-na-paraiba-e-recupera-produtos-levados\/#breadcrumb","itemListElement":[{"@type":"ListItem","position":1,"name":"In\u00edcio","item":"https:\/\/www.pm.pb.gov.br\/portal\/"},{"@type":"ListItem","position":2,"name":"Pol\u00edcia Militar intercepta fuga de suspeitos de roubo de carga na Para\u00edba e recupera produtos levados"}]},{"@type":"WebSite","@id":"https:\/\/www.pm.pb.gov.br\/portal\/#website","url":"https:\/\/www.pm.pb.gov.br\/portal\/","name":"Pol\u00edcia Militar da Para\u00edba","description":"","publisher":{"@id":"https:\/\/www.pm.pb.gov.br\/portal\/#organization"},"potentialAction":[{"@type":"SearchAction","target":{"@type":"EntryPoint","urlTemplate":"https:\/\/www.pm.pb.gov.br\/portal\/?s={search_term_string}"},"query-input":"required name=search_term_string"}],"inLanguage":"pt-BR"},{"@type":"Organization","@id":"https:\/\/www.pm.pb.gov.br\/portal\/#organization","name":"Pol\u00edcia Militar da Para\u00edba","url":"https:\/\/www.pm.pb.gov.br\/portal\/","logo":{"@type":"ImageObject","inLanguage":"pt-BR","@id":"https:\/\/www.pm.pb.gov.br\/portal\/#\/schema\/logo\/image\/","url":"https:\/\/www.pm.pb.gov.br\/portal\/wp-content\/uploads\/2025\/03\/cropped-logo-site-mag2-1.png","contentUrl":"https:\/\/www.pm.pb.gov.br\/portal\/wp-content\/uploads\/2025\/03\/cropped-logo-site-mag2-1.png","width":320,"height":90,"caption":"Pol\u00edcia Militar da Para\u00edba"},"image":{"@id":"https:\/\/www.pm.pb.gov.br\/portal\/#\/schema\/logo\/image\/"}},{"@type":"Person","@id":"https:\/\/www.pm.pb.gov.br\/portal\/#\/schema\/person\/e8454f46651c3ecf0e1ba3c1666d9947","name":"Assessoria de Imprensa da PMPB","image":{"@type":"ImageObject","inLanguage":"pt-BR","@id":"https:\/\/www.pm.pb.gov.br\/portal\/#\/schema\/person\/image\/","url":"https:\/\/secure.gravatar.com\/avatar\/2efe197438265d1e90bd98c4c8e1acf8?s=96&d=mm&r=g","contentUrl":"https:\/\/secure.gravatar.com\/avatar\/2efe197438265d1e90bd98c4c8e1acf8?s=96&d=mm&r=g","caption":"Assessoria de Imprensa da PMPB"},"url":"https:\/\/www.pm.pb.gov.br\/portal\/author\/assessoria\/"}]}},"_links":{"self":[{"href":"https:\/\/www.pm.pb.gov.br\/portal\/wp-json\/wp\/v2\/posts\/914290"}],"collection":[{"href":"https:\/\/www.pm.pb.gov.br\/portal\/wp-json\/wp\/v2\/posts"}],"about":[{"href":"https:\/\/www.pm.pb.gov.br\/portal\/wp-json\/wp\/v2\/types\/post"}],"author":[{"embeddable":true,"href":"https:\/\/www.pm.pb.gov.br\/portal\/wp-json\/wp\/v2\/users\/5"}],"replies":[{"embeddable":true,"href":"https:\/\/www.pm.pb.gov.br\/portal\/wp-json\/wp\/v2\/comments?post=914290"}],"version-history":[{"count":3,"href":"https:\/\/www.pm.pb.gov.br\/portal\/wp-json\/wp\/v2\/posts\/914290\/revisions"}],"predecessor-version":[{"id":914301,"href":"https:\/\/www.pm.pb.gov.br\/portal\/wp-json\/wp\/v2\/posts\/914290\/revisions\/914301"}],"wp:featuredmedia":[{"embeddable":true,"href":"https:\/\/www.pm.pb.gov.br\/portal\/wp-json\/wp\/v2\/media\/914297"}],"wp:attachment":[{"href":"https:\/\/www.pm.pb.gov.br\/portal\/wp-json\/wp\/v2\/media?parent=914290"}],"wp:term":[{"taxonomy":"category","embeddable":true,"href":"https:\/\/www.pm.pb.gov.br\/portal\/wp-json\/wp\/v2\/categories?post=914290"},{"taxonomy":"post_tag","embeddable":true,"href":"https:\/\/www.pm.pb.gov.br\/portal\/wp-json\/wp\/v2\/tags?post=914290"}],"curies":[{"name":"wp","href":"https:\/\/api.w.org\/{rel}","templated":true}]}}