{"id":914272,"date":"2022-05-04T18:11:51","date_gmt":"2022-05-04T21:11:51","guid":{"rendered":"https:\/\/www.pm.pb.gov.br\/portal\/?p=914272"},"modified":"2022-05-04T19:47:34","modified_gmt":"2022-05-04T22:47:34","slug":"pm-apreende-arma-durante-operacao-na-feira-de-quarta-feira-em-joao-pessoa","status":"publish","type":"post","link":"https:\/\/www.pm.pb.gov.br\/portal\/2022\/05\/04\/pm-apreende-arma-durante-operacao-na-feira-de-quarta-feira-em-joao-pessoa\/","title":{"rendered":"PM apreende arma durante opera\u00e7\u00e3o na \u2018feira de quarta-feira\u2019 em Jo\u00e3o Pessoa"},"content":{"rendered":"\n<p>A Pol\u00edcia Militar apreendeu um rev\u00f3lver que estava com uma mulher de 38 anos, nesta quarta-feira (4), durante a Opera\u00e7\u00e3o Mercado Seguro, na feira de Jaguaribe (conhecida como feira de quarta-feira), em Jo\u00e3o Pessoa. A arma estava dentro da bolsa dela e teria sido passada por um homem, que n\u00e3o foi localizado.<\/p>\n\n\n\n<p>Por meio de uma den\u00fancia ao Centro Integrado de Opera\u00e7\u00f5es Policiais (Ciop), os policiais da For\u00e7a T\u00e1tica do 1\u00ba Batalh\u00e3o, que participavam da opera\u00e7\u00e3o, foram informados que a mulher e um homem estariam bebendo no local e que ele tinha passado a arma para a mulher esconder na bolsa. Ela foi localizada e na revista, o rev\u00f3lver foi encontrado.<\/p>\n\n\n\n<p>A mulher presa e a arma foram apresentadas na Central de Pol\u00edcia, no Geisel.<\/p>\n\n\n\n<p><strong>Opera\u00e7\u00e3o Mercado Seguro \u2013<\/strong>&nbsp;Com o&nbsp;objetivo de refor\u00e7ar a seguran\u00e7a nos mercados e feiras livres da zona norte da Capital, o comando do 1\u00ba Batalh\u00e3o da Pol\u00edcia Militar deflagrou a Opera\u00e7\u00e3o Mercado Seguro, com a\u00e7\u00f5es principalmente para o mercado central e as feiras da Torre, de Jaguaribe, Cruz das Armas e Oitizeiro.<\/p>\n\n\n\n<p><br><\/p>\n","protected":false},"excerpt":{"rendered":"<p>A Pol\u00edcia Militar apreendeu um rev\u00f3lver que estava com uma mulher de 38 anos, nesta quarta-feira (4), durante a Opera\u00e7\u00e3o<\/p>\n","protected":false},"author":5,"featured_media":914292,"comment_status":"closed","ping_status":"closed","sticky":false,"template":"","format":"standard","meta":{"_exactmetrics_skip_tracking":false,"_exactmetrics_sitenote_active":false,"_exactmetrics_sitenote_note":"","_exactmetrics_sitenote_category":0,"footnotes":""},"categories":[4],"tags":[],"yoast_head":"<!-- This site is optimized with the Yoast SEO plugin v22.0 - https:\/\/yoast.com\/wordpress\/plugins\/seo\/ -->\n<title>PM apreende arma durante opera\u00e7\u00e3o na \u2018feira de quarta-feira\u2019 em Jo\u00e3o Pessoa - Pol\u00edcia Militar da Para\u00edba<\/title>\n<meta name=\"robots\" content=\"index, follow, max-snippet:-1, max-image-preview:large, max-video-preview:-1\" \/>\n<link rel=\"canonical\" href=\"https:\/\/www.pm.pb.gov.br\/portal\/2022\/05\/04\/pm-apreende-arma-durante-operacao-na-feira-de-quarta-feira-em-joao-pessoa\/\" \/>\n<meta property=\"og:locale\" content=\"pt_BR\" \/>\n<meta property=\"og:type\" content=\"article\" \/>\n<meta property=\"og:title\" content=\"PM apreende arma durante opera\u00e7\u00e3o na \u2018feira de quarta-feira\u2019 em Jo\u00e3o Pessoa - Pol\u00edcia Militar da Para\u00edba\" \/>\n<meta property=\"og:description\" content=\"A Pol\u00edcia Militar apreendeu um rev\u00f3lver que estava com uma mulher de 38 anos, nesta quarta-feira (4), durante a Opera\u00e7\u00e3o\" \/>\n<meta property=\"og:url\" content=\"https:\/\/www.pm.pb.gov.br\/portal\/2022\/05\/04\/pm-apreende-arma-durante-operacao-na-feira-de-quarta-feira-em-joao-pessoa\/\" \/>\n<meta property=\"og:site_name\" content=\"Pol\u00edcia Militar da Para\u00edba\" \/>\n<meta property=\"article:published_time\" content=\"2022-05-04T21:11:51+00:00\" \/>\n<meta property=\"article:modified_time\" content=\"2022-05-04T22:47:34+00:00\" \/>\n<meta property=\"og:image\" content=\"http:\/\/www.pm.pb.gov.br\/portal\/wp-content\/uploads\/2022\/05\/5da44ad2-dd59-46a9-a095-7db48b5060af.jpeg\" \/>\n\t<meta property=\"og:image:width\" content=\"1195\" \/>\n\t<meta property=\"og:image:height\" content=\"801\" \/>\n\t<meta property=\"og:image:type\" content=\"image\/jpeg\" \/>\n<meta name=\"author\" content=\"Assessoria de Imprensa da PMPB\" \/>\n<meta name=\"twitter:card\" content=\"summary_large_image\" \/>\n<meta name=\"twitter:label1\" content=\"Escrito por\" \/>\n\t<meta name=\"twitter:data1\" content=\"Assessoria de Imprensa da PMPB\" \/>\n\t<meta name=\"twitter:label2\" content=\"Est. tempo de leitura\" \/>\n\t<meta name=\"twitter:data2\" content=\"1 minuto\" \/>\n<script type=\"application\/ld+json\" class=\"yoast-schema-graph\">{\"@context\":\"https:\/\/schema.org\",\"@graph\":[{\"@type\":\"Article\",\"@id\":\"https:\/\/www.pm.pb.gov.br\/portal\/2022\/05\/04\/pm-apreende-arma-durante-operacao-na-feira-de-quarta-feira-em-joao-pessoa\/#article\",\"isPartOf\":{\"@id\":\"https:\/\/www.pm.pb.gov.br\/portal\/2022\/05\/04\/pm-apreende-arma-durante-operacao-na-feira-de-quarta-feira-em-joao-pessoa\/\"},\"author\":{\"name\":\"Assessoria de Imprensa da PMPB\",\"@id\":\"https:\/\/www.pm.pb.gov.br\/portal\/#\/schema\/person\/e8454f46651c3ecf0e1ba3c1666d9947\"},\"headline\":\"PM apreende arma durante opera\u00e7\u00e3o na \u2018feira de quarta-feira\u2019 em Jo\u00e3o Pessoa\",\"datePublished\":\"2022-05-04T21:11:51+00:00\",\"dateModified\":\"2022-05-04T22:47:34+00:00\",\"mainEntityOfPage\":{\"@id\":\"https:\/\/www.pm.pb.gov.br\/portal\/2022\/05\/04\/pm-apreende-arma-durante-operacao-na-feira-de-quarta-feira-em-joao-pessoa\/\"},\"wordCount\":209,\"publisher\":{\"@id\":\"https:\/\/www.pm.pb.gov.br\/portal\/#organization\"},\"articleSection\":[\"A\u00e7\u00f5es Policiais\"],\"inLanguage\":\"pt-BR\"},{\"@type\":\"WebPage\",\"@id\":\"https:\/\/www.pm.pb.gov.br\/portal\/2022\/05\/04\/pm-apreende-arma-durante-operacao-na-feira-de-quarta-feira-em-joao-pessoa\/\",\"url\":\"https:\/\/www.pm.pb.gov.br\/portal\/2022\/05\/04\/pm-apreende-arma-durante-operacao-na-feira-de-quarta-feira-em-joao-pessoa\/\",\"name\":\"PM apreende arma durante opera\u00e7\u00e3o na \u2018feira de quarta-feira\u2019 em Jo\u00e3o Pessoa - Pol\u00edcia Militar da Para\u00edba\",\"isPartOf\":{\"@id\":\"https:\/\/www.pm.pb.gov.br\/portal\/#website\"},\"datePublished\":\"2022-05-04T21:11:51+00:00\",\"dateModified\":\"2022-05-04T22:47:34+00:00\",\"breadcrumb\":{\"@id\":\"https:\/\/www.pm.pb.gov.br\/portal\/2022\/05\/04\/pm-apreende-arma-durante-operacao-na-feira-de-quarta-feira-em-joao-pessoa\/#breadcrumb\"},\"inLanguage\":\"pt-BR\",\"potentialAction\":[{\"@type\":\"ReadAction\",\"target\":[\"https:\/\/www.pm.pb.gov.br\/portal\/2022\/05\/04\/pm-apreende-arma-durante-operacao-na-feira-de-quarta-feira-em-joao-pessoa\/\"]}]},{\"@type\":\"BreadcrumbList\",\"@id\":\"https:\/\/www.pm.pb.gov.br\/portal\/2022\/05\/04\/pm-apreende-arma-durante-operacao-na-feira-de-quarta-feira-em-joao-pessoa\/#breadcrumb\",\"itemListElement\":[{\"@type\":\"ListItem\",\"position\":1,\"name\":\"In\u00edcio\",\"item\":\"https:\/\/www.pm.pb.gov.br\/portal\/\"},{\"@type\":\"ListItem\",\"position\":2,\"name\":\"PM apreende arma durante opera\u00e7\u00e3o na \u2018feira de quarta-feira\u2019 em Jo\u00e3o Pessoa\"}]},{\"@type\":\"WebSite\",\"@id\":\"https:\/\/www.pm.pb.gov.br\/portal\/#website\",\"url\":\"https:\/\/www.pm.pb.gov.br\/portal\/\",\"name\":\"Pol\u00edcia Militar da Para\u00edba\",\"description\":\"\",\"publisher\":{\"@id\":\"https:\/\/www.pm.pb.gov.br\/portal\/#organization\"},\"potentialAction\":[{\"@type\":\"SearchAction\",\"target\":{\"@type\":\"EntryPoint\",\"urlTemplate\":\"https:\/\/www.pm.pb.gov.br\/portal\/?s={search_term_string}\"},\"query-input\":\"required name=search_term_string\"}],\"inLanguage\":\"pt-BR\"},{\"@type\":\"Organization\",\"@id\":\"https:\/\/www.pm.pb.gov.br\/portal\/#organization\",\"name\":\"Pol\u00edcia Militar da Para\u00edba\",\"url\":\"https:\/\/www.pm.pb.gov.br\/portal\/\",\"logo\":{\"@type\":\"ImageObject\",\"inLanguage\":\"pt-BR\",\"@id\":\"https:\/\/www.pm.pb.gov.br\/portal\/#\/schema\/logo\/image\/\",\"url\":\"https:\/\/www.pm.pb.gov.br\/portal\/wp-content\/uploads\/2025\/03\/cropped-logo-site-mag2-1.png\",\"contentUrl\":\"https:\/\/www.pm.pb.gov.br\/portal\/wp-content\/uploads\/2025\/03\/cropped-logo-site-mag2-1.png\",\"width\":320,\"height\":90,\"caption\":\"Pol\u00edcia Militar da Para\u00edba\"},\"image\":{\"@id\":\"https:\/\/www.pm.pb.gov.br\/portal\/#\/schema\/logo\/image\/\"}},{\"@type\":\"Person\",\"@id\":\"https:\/\/www.pm.pb.gov.br\/portal\/#\/schema\/person\/e8454f46651c3ecf0e1ba3c1666d9947\",\"name\":\"Assessoria de Imprensa da PMPB\",\"image\":{\"@type\":\"ImageObject\",\"inLanguage\":\"pt-BR\",\"@id\":\"https:\/\/www.pm.pb.gov.br\/portal\/#\/schema\/person\/image\/\",\"url\":\"https:\/\/secure.gravatar.com\/avatar\/2efe197438265d1e90bd98c4c8e1acf8?s=96&d=mm&r=g\",\"contentUrl\":\"https:\/\/secure.gravatar.com\/avatar\/2efe197438265d1e90bd98c4c8e1acf8?s=96&d=mm&r=g\",\"caption\":\"Assessoria de Imprensa da PMPB\"},\"url\":\"https:\/\/www.pm.pb.gov.br\/portal\/author\/assessoria\/\"}]}<\/script>\n<!-- \/ Yoast SEO plugin. -->","yoast_head_json":{"title":"PM apreende arma durante opera\u00e7\u00e3o na \u2018feira de quarta-feira\u2019 em Jo\u00e3o Pessoa - Pol\u00edcia Militar da Para\u00edba","robots":{"index":"index","follow":"follow","max-snippet":"max-snippet:-1","max-image-preview":"max-image-preview:large","max-video-preview":"max-video-preview:-1"},"canonical":"https:\/\/www.pm.pb.gov.br\/portal\/2022\/05\/04\/pm-apreende-arma-durante-operacao-na-feira-de-quarta-feira-em-joao-pessoa\/","og_locale":"pt_BR","og_type":"article","og_title":"PM apreende arma durante opera\u00e7\u00e3o na \u2018feira de quarta-feira\u2019 em Jo\u00e3o Pessoa - Pol\u00edcia Militar da Para\u00edba","og_description":"A Pol\u00edcia Militar apreendeu um rev\u00f3lver que estava com uma mulher de 38 anos, nesta quarta-feira (4), durante a Opera\u00e7\u00e3o","og_url":"https:\/\/www.pm.pb.gov.br\/portal\/2022\/05\/04\/pm-apreende-arma-durante-operacao-na-feira-de-quarta-feira-em-joao-pessoa\/","og_site_name":"Pol\u00edcia Militar da Para\u00edba","article_published_time":"2022-05-04T21:11:51+00:00","article_modified_time":"2022-05-04T22:47:34+00:00","og_image":[{"width":1195,"height":801,"url":"http:\/\/www.pm.pb.gov.br\/portal\/wp-content\/uploads\/2022\/05\/5da44ad2-dd59-46a9-a095-7db48b5060af.jpeg","type":"image\/jpeg"}],"author":"Assessoria de Imprensa da PMPB","twitter_card":"summary_large_image","twitter_misc":{"Escrito por":"Assessoria de Imprensa da PMPB","Est. tempo de leitura":"1 minuto"},"schema":{"@context":"https:\/\/schema.org","@graph":[{"@type":"Article","@id":"https:\/\/www.pm.pb.gov.br\/portal\/2022\/05\/04\/pm-apreende-arma-durante-operacao-na-feira-de-quarta-feira-em-joao-pessoa\/#article","isPartOf":{"@id":"https:\/\/www.pm.pb.gov.br\/portal\/2022\/05\/04\/pm-apreende-arma-durante-operacao-na-feira-de-quarta-feira-em-joao-pessoa\/"},"author":{"name":"Assessoria de Imprensa da PMPB","@id":"https:\/\/www.pm.pb.gov.br\/portal\/#\/schema\/person\/e8454f46651c3ecf0e1ba3c1666d9947"},"headline":"PM apreende arma durante opera\u00e7\u00e3o na \u2018feira de quarta-feira\u2019 em Jo\u00e3o Pessoa","datePublished":"2022-05-04T21:11:51+00:00","dateModified":"2022-05-04T22:47:34+00:00","mainEntityOfPage":{"@id":"https:\/\/www.pm.pb.gov.br\/portal\/2022\/05\/04\/pm-apreende-arma-durante-operacao-na-feira-de-quarta-feira-em-joao-pessoa\/"},"wordCount":209,"publisher":{"@id":"https:\/\/www.pm.pb.gov.br\/portal\/#organization"},"articleSection":["A\u00e7\u00f5es Policiais"],"inLanguage":"pt-BR"},{"@type":"WebPage","@id":"https:\/\/www.pm.pb.gov.br\/portal\/2022\/05\/04\/pm-apreende-arma-durante-operacao-na-feira-de-quarta-feira-em-joao-pessoa\/","url":"https:\/\/www.pm.pb.gov.br\/portal\/2022\/05\/04\/pm-apreende-arma-durante-operacao-na-feira-de-quarta-feira-em-joao-pessoa\/","name":"PM apreende arma durante opera\u00e7\u00e3o na \u2018feira de quarta-feira\u2019 em Jo\u00e3o Pessoa - Pol\u00edcia Militar da Para\u00edba","isPartOf":{"@id":"https:\/\/www.pm.pb.gov.br\/portal\/#website"},"datePublished":"2022-05-04T21:11:51+00:00","dateModified":"2022-05-04T22:47:34+00:00","breadcrumb":{"@id":"https:\/\/www.pm.pb.gov.br\/portal\/2022\/05\/04\/pm-apreende-arma-durante-operacao-na-feira-de-quarta-feira-em-joao-pessoa\/#breadcrumb"},"inLanguage":"pt-BR","potentialAction":[{"@type":"ReadAction","target":["https:\/\/www.pm.pb.gov.br\/portal\/2022\/05\/04\/pm-apreende-arma-durante-operacao-na-feira-de-quarta-feira-em-joao-pessoa\/"]}]},{"@type":"BreadcrumbList","@id":"https:\/\/www.pm.pb.gov.br\/portal\/2022\/05\/04\/pm-apreende-arma-durante-operacao-na-feira-de-quarta-feira-em-joao-pessoa\/#breadcrumb","itemListElement":[{"@type":"ListItem","position":1,"name":"In\u00edcio","item":"https:\/\/www.pm.pb.gov.br\/portal\/"},{"@type":"ListItem","position":2,"name":"PM apreende arma durante opera\u00e7\u00e3o na \u2018feira de quarta-feira\u2019 em Jo\u00e3o Pessoa"}]},{"@type":"WebSite","@id":"https:\/\/www.pm.pb.gov.br\/portal\/#website","url":"https:\/\/www.pm.pb.gov.br\/portal\/","name":"Pol\u00edcia Militar da Para\u00edba","description":"","publisher":{"@id":"https:\/\/www.pm.pb.gov.br\/portal\/#organization"},"potentialAction":[{"@type":"SearchAction","target":{"@type":"EntryPoint","urlTemplate":"https:\/\/www.pm.pb.gov.br\/portal\/?s={search_term_string}"},"query-input":"required name=search_term_string"}],"inLanguage":"pt-BR"},{"@type":"Organization","@id":"https:\/\/www.pm.pb.gov.br\/portal\/#organization","name":"Pol\u00edcia Militar da Para\u00edba","url":"https:\/\/www.pm.pb.gov.br\/portal\/","logo":{"@type":"ImageObject","inLanguage":"pt-BR","@id":"https:\/\/www.pm.pb.gov.br\/portal\/#\/schema\/logo\/image\/","url":"https:\/\/www.pm.pb.gov.br\/portal\/wp-content\/uploads\/2025\/03\/cropped-logo-site-mag2-1.png","contentUrl":"https:\/\/www.pm.pb.gov.br\/portal\/wp-content\/uploads\/2025\/03\/cropped-logo-site-mag2-1.png","width":320,"height":90,"caption":"Pol\u00edcia Militar da Para\u00edba"},"image":{"@id":"https:\/\/www.pm.pb.gov.br\/portal\/#\/schema\/logo\/image\/"}},{"@type":"Person","@id":"https:\/\/www.pm.pb.gov.br\/portal\/#\/schema\/person\/e8454f46651c3ecf0e1ba3c1666d9947","name":"Assessoria de Imprensa da PMPB","image":{"@type":"ImageObject","inLanguage":"pt-BR","@id":"https:\/\/www.pm.pb.gov.br\/portal\/#\/schema\/person\/image\/","url":"https:\/\/secure.gravatar.com\/avatar\/2efe197438265d1e90bd98c4c8e1acf8?s=96&d=mm&r=g","contentUrl":"https:\/\/secure.gravatar.com\/avatar\/2efe197438265d1e90bd98c4c8e1acf8?s=96&d=mm&r=g","caption":"Assessoria de Imprensa da PMPB"},"url":"https:\/\/www.pm.pb.gov.br\/portal\/author\/assessoria\/"}]}},"_links":{"self":[{"href":"https:\/\/www.pm.pb.gov.br\/portal\/wp-json\/wp\/v2\/posts\/914272"}],"collection":[{"href":"https:\/\/www.pm.pb.gov.br\/portal\/wp-json\/wp\/v2\/posts"}],"about":[{"href":"https:\/\/www.pm.pb.gov.br\/portal\/wp-json\/wp\/v2\/types\/post"}],"author":[{"embeddable":true,"href":"https:\/\/www.pm.pb.gov.br\/portal\/wp-json\/wp\/v2\/users\/5"}],"replies":[{"embeddable":true,"href":"https:\/\/www.pm.pb.gov.br\/portal\/wp-json\/wp\/v2\/comments?post=914272"}],"version-history":[{"count":3,"href":"https:\/\/www.pm.pb.gov.br\/portal\/wp-json\/wp\/v2\/posts\/914272\/revisions"}],"predecessor-version":[{"id":914294,"href":"https:\/\/www.pm.pb.gov.br\/portal\/wp-json\/wp\/v2\/posts\/914272\/revisions\/914294"}],"wp:featuredmedia":[{"embeddable":true,"href":"https:\/\/www.pm.pb.gov.br\/portal\/wp-json\/wp\/v2\/media\/914292"}],"wp:attachment":[{"href":"https:\/\/www.pm.pb.gov.br\/portal\/wp-json\/wp\/v2\/media?parent=914272"}],"wp:term":[{"taxonomy":"category","embeddable":true,"href":"https:\/\/www.pm.pb.gov.br\/portal\/wp-json\/wp\/v2\/categories?post=914272"},{"taxonomy":"post_tag","embeddable":true,"href":"https:\/\/www.pm.pb.gov.br\/portal\/wp-json\/wp\/v2\/tags?post=914272"}],"curies":[{"name":"wp","href":"https:\/\/api.w.org\/{rel}","templated":true}]}}