{"id":914222,"date":"2022-05-02T11:06:22","date_gmt":"2022-05-02T14:06:22","guid":{"rendered":"https:\/\/www.pm.pb.gov.br\/portal\/?p=914222"},"modified":"2022-05-02T11:06:25","modified_gmt":"2022-05-02T14:06:25","slug":"operacao-trabalhador-policia-militar-apreende-18-armas-de-fogo-e-prende-mais-de-100-suspeitos-na-pb","status":"publish","type":"post","link":"https:\/\/www.pm.pb.gov.br\/portal\/2022\/05\/02\/operacao-trabalhador-policia-militar-apreende-18-armas-de-fogo-e-prende-mais-de-100-suspeitos-na-pb\/","title":{"rendered":"Opera\u00e7\u00e3o Trabalhador: Pol\u00edcia Militar apreende 18 armas de fogo e prende mais de 100 suspeitos na PB"},"content":{"rendered":"\n<p>A Pol\u00edcia Militar prendeu 107 suspeitos, apreendeu 18 armas de fogo e mais de 2kg de drogas durante a Opera\u00e7\u00e3o Trabalhador, que contou com um refor\u00e7o de 501 policiais por dia e 199 viaturas, em todo o Estado, com a\u00e7\u00f5es da noite da \u00faltima quinta-feira (28) at\u00e9 o fim da noite deste domingo (1\u00ba).<br><br>A opera\u00e7\u00e3o foi coordenada pela Secretaria de Estado da Seguran\u00e7a e Defesa Social e contou com o trabalho integrado da Pol\u00edcia Militar, Pol\u00edcia Civil, Pol\u00edcia Penal, Corpo de Bombeiros Militar, Guarda Municipal de Jo\u00e3o Pessoa, SEMOB da Capital e DETRAN.<\/p>\n\n\n\n<p><img loading=\"lazy\" decoding=\"async\" width=\"1280\" height=\"854\" class=\"wp-image-914228\" style=\"width: 800px;\" src=\"http:\/\/www.pm.pb.gov.br\/portal\/wp-content\/uploads\/2022\/05\/13cf3b3a-0da1-4a5e-aae4-e7c1da6b437e.jpg\" alt=\"\" srcset=\"https:\/\/www.pm.pb.gov.br\/portal\/wp-content\/uploads\/2022\/05\/13cf3b3a-0da1-4a5e-aae4-e7c1da6b437e.jpg 1280w, https:\/\/www.pm.pb.gov.br\/portal\/wp-content\/uploads\/2022\/05\/13cf3b3a-0da1-4a5e-aae4-e7c1da6b437e-667x445.jpg 667w, https:\/\/www.pm.pb.gov.br\/portal\/wp-content\/uploads\/2022\/05\/13cf3b3a-0da1-4a5e-aae4-e7c1da6b437e-854x570.jpg 854w, https:\/\/www.pm.pb.gov.br\/portal\/wp-content\/uploads\/2022\/05\/13cf3b3a-0da1-4a5e-aae4-e7c1da6b437e-768x512.jpg 768w, https:\/\/www.pm.pb.gov.br\/portal\/wp-content\/uploads\/2022\/05\/13cf3b3a-0da1-4a5e-aae4-e7c1da6b437e-272x182.jpg 272w\" sizes=\"(max-width: 1280px) 100vw, 1280px\" \/> <br><br>No per\u00edodo, conforme n\u00fameros da Coordenadoria de Estat\u00edstica e Avalia\u00e7\u00e3o (EM\/7) da PM, houve uma redu\u00e7\u00e3o de 26% dos casos de assaltos, em compara\u00e7\u00e3o com o mesmo per\u00edodo do ano passado. A queda maior foi em rela\u00e7\u00e3o aos roubos em estabelecimentos comerciais, que ca\u00edram 61%. <\/p>\n\n\n\n<p><img loading=\"lazy\" decoding=\"async\" width=\"1600\" height=\"1068\" class=\"wp-image-914229\" style=\"width: 800px;\" src=\"http:\/\/www.pm.pb.gov.br\/portal\/wp-content\/uploads\/2022\/05\/8e1fc255-c4e1-4260-9c58-af7bb51750b6.jpg\" alt=\"\" srcset=\"https:\/\/www.pm.pb.gov.br\/portal\/wp-content\/uploads\/2022\/05\/8e1fc255-c4e1-4260-9c58-af7bb51750b6.jpg 1600w, https:\/\/www.pm.pb.gov.br\/portal\/wp-content\/uploads\/2022\/05\/8e1fc255-c4e1-4260-9c58-af7bb51750b6-667x445.jpg 667w, https:\/\/www.pm.pb.gov.br\/portal\/wp-content\/uploads\/2022\/05\/8e1fc255-c4e1-4260-9c58-af7bb51750b6-854x570.jpg 854w, https:\/\/www.pm.pb.gov.br\/portal\/wp-content\/uploads\/2022\/05\/8e1fc255-c4e1-4260-9c58-af7bb51750b6-768x513.jpg 768w, https:\/\/www.pm.pb.gov.br\/portal\/wp-content\/uploads\/2022\/05\/8e1fc255-c4e1-4260-9c58-af7bb51750b6-1536x1025.jpg 1536w, https:\/\/www.pm.pb.gov.br\/portal\/wp-content\/uploads\/2022\/05\/8e1fc255-c4e1-4260-9c58-af7bb51750b6-272x182.jpg 272w\" sizes=\"(max-width: 1600px) 100vw, 1600px\" \/><br><br>Entre os pontos de refor\u00e7o, as pra\u00e7as, a exemplo do Centro Hist\u00f3rico de Jo\u00e3o Pessoa, tiveram as a\u00e7\u00f5es preventivas intensificadas.<br><br><strong>Ve\u00edculos recuperados <\/strong>\u2013 As abordagens e outras a\u00e7\u00f5es resultaram na apreens\u00e3o de 30 ve\u00edculos com registros de roubos na Para\u00edba e em outros Estados. O n\u00famero aponta um crescimento de 43% na recupera\u00e7\u00e3o de ve\u00edculos, quando comparados com o feriado do trabalho de 2021.<\/p>\n\n\n\n<p><img loading=\"lazy\" decoding=\"async\" width=\"1600\" height=\"1068\" class=\"wp-image-914230\" style=\"width: 800px;\" src=\"http:\/\/www.pm.pb.gov.br\/portal\/wp-content\/uploads\/2022\/05\/fa14b715-b114-4f8e-b384-da95547af931.jpg\" alt=\"\" srcset=\"https:\/\/www.pm.pb.gov.br\/portal\/wp-content\/uploads\/2022\/05\/fa14b715-b114-4f8e-b384-da95547af931.jpg 1600w, https:\/\/www.pm.pb.gov.br\/portal\/wp-content\/uploads\/2022\/05\/fa14b715-b114-4f8e-b384-da95547af931-667x445.jpg 667w, https:\/\/www.pm.pb.gov.br\/portal\/wp-content\/uploads\/2022\/05\/fa14b715-b114-4f8e-b384-da95547af931-854x570.jpg 854w, https:\/\/www.pm.pb.gov.br\/portal\/wp-content\/uploads\/2022\/05\/fa14b715-b114-4f8e-b384-da95547af931-768x513.jpg 768w, https:\/\/www.pm.pb.gov.br\/portal\/wp-content\/uploads\/2022\/05\/fa14b715-b114-4f8e-b384-da95547af931-1536x1025.jpg 1536w, https:\/\/www.pm.pb.gov.br\/portal\/wp-content\/uploads\/2022\/05\/fa14b715-b114-4f8e-b384-da95547af931-272x182.jpg 272w\" sizes=\"(max-width: 1600px) 100vw, 1600px\" \/><br><br><\/p>\n","protected":false},"excerpt":{"rendered":"<p>A Pol\u00edcia Militar prendeu 107 suspeitos, apreendeu 18 armas de fogo e mais de 2kg de drogas durante a Opera\u00e7\u00e3o<\/p>\n","protected":false},"author":5,"featured_media":914227,"comment_status":"closed","ping_status":"closed","sticky":false,"template":"","format":"standard","meta":{"_exactmetrics_skip_tracking":false,"_exactmetrics_sitenote_active":false,"_exactmetrics_sitenote_note":"","_exactmetrics_sitenote_category":0,"footnotes":""},"categories":[4],"tags":[],"yoast_head":"<!-- This site is optimized with the Yoast SEO plugin v22.0 - https:\/\/yoast.com\/wordpress\/plugins\/seo\/ -->\n<title>Opera\u00e7\u00e3o Trabalhador: Pol\u00edcia Militar apreende 18 armas de fogo e prende mais de 100 suspeitos na PB - Pol\u00edcia Militar da Para\u00edba<\/title>\n<meta name=\"robots\" content=\"index, follow, max-snippet:-1, max-image-preview:large, max-video-preview:-1\" \/>\n<link rel=\"canonical\" href=\"https:\/\/www.pm.pb.gov.br\/portal\/2022\/05\/02\/operacao-trabalhador-policia-militar-apreende-18-armas-de-fogo-e-prende-mais-de-100-suspeitos-na-pb\/\" \/>\n<meta property=\"og:locale\" content=\"pt_BR\" \/>\n<meta property=\"og:type\" content=\"article\" \/>\n<meta property=\"og:title\" content=\"Opera\u00e7\u00e3o Trabalhador: Pol\u00edcia Militar apreende 18 armas de fogo e prende mais de 100 suspeitos na PB - Pol\u00edcia Militar da Para\u00edba\" \/>\n<meta property=\"og:description\" content=\"A Pol\u00edcia Militar prendeu 107 suspeitos, apreendeu 18 armas de fogo e mais de 2kg de drogas durante a Opera\u00e7\u00e3o\" \/>\n<meta property=\"og:url\" content=\"https:\/\/www.pm.pb.gov.br\/portal\/2022\/05\/02\/operacao-trabalhador-policia-militar-apreende-18-armas-de-fogo-e-prende-mais-de-100-suspeitos-na-pb\/\" \/>\n<meta property=\"og:site_name\" content=\"Pol\u00edcia Militar da Para\u00edba\" \/>\n<meta property=\"article:published_time\" content=\"2022-05-02T14:06:22+00:00\" \/>\n<meta property=\"article:modified_time\" content=\"2022-05-02T14:06:25+00:00\" \/>\n<meta property=\"og:image\" content=\"http:\/\/www.pm.pb.gov.br\/portal\/wp-content\/uploads\/2022\/05\/1a517275-628d-4eca-a8a2-7c5a3e6df4be.jpg\" \/>\n\t<meta property=\"og:image:width\" content=\"1600\" \/>\n\t<meta property=\"og:image:height\" content=\"1068\" \/>\n\t<meta property=\"og:image:type\" content=\"image\/jpeg\" \/>\n<meta name=\"author\" content=\"Assessoria de Imprensa da PMPB\" \/>\n<meta name=\"twitter:card\" content=\"summary_large_image\" \/>\n<meta name=\"twitter:label1\" content=\"Escrito por\" \/>\n\t<meta name=\"twitter:data1\" content=\"Assessoria de Imprensa da PMPB\" \/>\n\t<meta name=\"twitter:label2\" content=\"Est. tempo de leitura\" \/>\n\t<meta name=\"twitter:data2\" content=\"2 minutos\" \/>\n<script type=\"application\/ld+json\" class=\"yoast-schema-graph\">{\"@context\":\"https:\/\/schema.org\",\"@graph\":[{\"@type\":\"Article\",\"@id\":\"https:\/\/www.pm.pb.gov.br\/portal\/2022\/05\/02\/operacao-trabalhador-policia-militar-apreende-18-armas-de-fogo-e-prende-mais-de-100-suspeitos-na-pb\/#article\",\"isPartOf\":{\"@id\":\"https:\/\/www.pm.pb.gov.br\/portal\/2022\/05\/02\/operacao-trabalhador-policia-militar-apreende-18-armas-de-fogo-e-prende-mais-de-100-suspeitos-na-pb\/\"},\"author\":{\"name\":\"Assessoria de Imprensa da PMPB\",\"@id\":\"https:\/\/www.pm.pb.gov.br\/portal\/#\/schema\/person\/e8454f46651c3ecf0e1ba3c1666d9947\"},\"headline\":\"Opera\u00e7\u00e3o Trabalhador: Pol\u00edcia Militar apreende 18 armas de fogo e prende mais de 100 suspeitos na PB\",\"datePublished\":\"2022-05-02T14:06:22+00:00\",\"dateModified\":\"2022-05-02T14:06:25+00:00\",\"mainEntityOfPage\":{\"@id\":\"https:\/\/www.pm.pb.gov.br\/portal\/2022\/05\/02\/operacao-trabalhador-policia-militar-apreende-18-armas-de-fogo-e-prende-mais-de-100-suspeitos-na-pb\/\"},\"wordCount\":240,\"publisher\":{\"@id\":\"https:\/\/www.pm.pb.gov.br\/portal\/#organization\"},\"articleSection\":[\"A\u00e7\u00f5es Policiais\"],\"inLanguage\":\"pt-BR\"},{\"@type\":\"WebPage\",\"@id\":\"https:\/\/www.pm.pb.gov.br\/portal\/2022\/05\/02\/operacao-trabalhador-policia-militar-apreende-18-armas-de-fogo-e-prende-mais-de-100-suspeitos-na-pb\/\",\"url\":\"https:\/\/www.pm.pb.gov.br\/portal\/2022\/05\/02\/operacao-trabalhador-policia-militar-apreende-18-armas-de-fogo-e-prende-mais-de-100-suspeitos-na-pb\/\",\"name\":\"Opera\u00e7\u00e3o Trabalhador: Pol\u00edcia Militar apreende 18 armas de fogo e prende mais de 100 suspeitos na PB - Pol\u00edcia Militar da Para\u00edba\",\"isPartOf\":{\"@id\":\"https:\/\/www.pm.pb.gov.br\/portal\/#website\"},\"datePublished\":\"2022-05-02T14:06:22+00:00\",\"dateModified\":\"2022-05-02T14:06:25+00:00\",\"breadcrumb\":{\"@id\":\"https:\/\/www.pm.pb.gov.br\/portal\/2022\/05\/02\/operacao-trabalhador-policia-militar-apreende-18-armas-de-fogo-e-prende-mais-de-100-suspeitos-na-pb\/#breadcrumb\"},\"inLanguage\":\"pt-BR\",\"potentialAction\":[{\"@type\":\"ReadAction\",\"target\":[\"https:\/\/www.pm.pb.gov.br\/portal\/2022\/05\/02\/operacao-trabalhador-policia-militar-apreende-18-armas-de-fogo-e-prende-mais-de-100-suspeitos-na-pb\/\"]}]},{\"@type\":\"BreadcrumbList\",\"@id\":\"https:\/\/www.pm.pb.gov.br\/portal\/2022\/05\/02\/operacao-trabalhador-policia-militar-apreende-18-armas-de-fogo-e-prende-mais-de-100-suspeitos-na-pb\/#breadcrumb\",\"itemListElement\":[{\"@type\":\"ListItem\",\"position\":1,\"name\":\"In\u00edcio\",\"item\":\"https:\/\/www.pm.pb.gov.br\/portal\/\"},{\"@type\":\"ListItem\",\"position\":2,\"name\":\"Opera\u00e7\u00e3o Trabalhador: Pol\u00edcia Militar apreende 18 armas de fogo e prende mais de 100 suspeitos na PB\"}]},{\"@type\":\"WebSite\",\"@id\":\"https:\/\/www.pm.pb.gov.br\/portal\/#website\",\"url\":\"https:\/\/www.pm.pb.gov.br\/portal\/\",\"name\":\"Pol\u00edcia Militar da Para\u00edba\",\"description\":\"\",\"publisher\":{\"@id\":\"https:\/\/www.pm.pb.gov.br\/portal\/#organization\"},\"potentialAction\":[{\"@type\":\"SearchAction\",\"target\":{\"@type\":\"EntryPoint\",\"urlTemplate\":\"https:\/\/www.pm.pb.gov.br\/portal\/?s={search_term_string}\"},\"query-input\":\"required name=search_term_string\"}],\"inLanguage\":\"pt-BR\"},{\"@type\":\"Organization\",\"@id\":\"https:\/\/www.pm.pb.gov.br\/portal\/#organization\",\"name\":\"Pol\u00edcia Militar da Para\u00edba\",\"url\":\"https:\/\/www.pm.pb.gov.br\/portal\/\",\"logo\":{\"@type\":\"ImageObject\",\"inLanguage\":\"pt-BR\",\"@id\":\"https:\/\/www.pm.pb.gov.br\/portal\/#\/schema\/logo\/image\/\",\"url\":\"https:\/\/www.pm.pb.gov.br\/portal\/wp-content\/uploads\/2025\/03\/cropped-logo-site-mag2-1.png\",\"contentUrl\":\"https:\/\/www.pm.pb.gov.br\/portal\/wp-content\/uploads\/2025\/03\/cropped-logo-site-mag2-1.png\",\"width\":320,\"height\":90,\"caption\":\"Pol\u00edcia Militar da Para\u00edba\"},\"image\":{\"@id\":\"https:\/\/www.pm.pb.gov.br\/portal\/#\/schema\/logo\/image\/\"}},{\"@type\":\"Person\",\"@id\":\"https:\/\/www.pm.pb.gov.br\/portal\/#\/schema\/person\/e8454f46651c3ecf0e1ba3c1666d9947\",\"name\":\"Assessoria de Imprensa da PMPB\",\"image\":{\"@type\":\"ImageObject\",\"inLanguage\":\"pt-BR\",\"@id\":\"https:\/\/www.pm.pb.gov.br\/portal\/#\/schema\/person\/image\/\",\"url\":\"https:\/\/secure.gravatar.com\/avatar\/2efe197438265d1e90bd98c4c8e1acf8?s=96&d=mm&r=g\",\"contentUrl\":\"https:\/\/secure.gravatar.com\/avatar\/2efe197438265d1e90bd98c4c8e1acf8?s=96&d=mm&r=g\",\"caption\":\"Assessoria de Imprensa da PMPB\"},\"url\":\"https:\/\/www.pm.pb.gov.br\/portal\/author\/assessoria\/\"}]}<\/script>\n<!-- \/ Yoast SEO plugin. -->","yoast_head_json":{"title":"Opera\u00e7\u00e3o Trabalhador: Pol\u00edcia Militar apreende 18 armas de fogo e prende mais de 100 suspeitos na PB - Pol\u00edcia Militar da Para\u00edba","robots":{"index":"index","follow":"follow","max-snippet":"max-snippet:-1","max-image-preview":"max-image-preview:large","max-video-preview":"max-video-preview:-1"},"canonical":"https:\/\/www.pm.pb.gov.br\/portal\/2022\/05\/02\/operacao-trabalhador-policia-militar-apreende-18-armas-de-fogo-e-prende-mais-de-100-suspeitos-na-pb\/","og_locale":"pt_BR","og_type":"article","og_title":"Opera\u00e7\u00e3o Trabalhador: Pol\u00edcia Militar apreende 18 armas de fogo e prende mais de 100 suspeitos na PB - Pol\u00edcia Militar da Para\u00edba","og_description":"A Pol\u00edcia Militar prendeu 107 suspeitos, apreendeu 18 armas de fogo e mais de 2kg de drogas durante a Opera\u00e7\u00e3o","og_url":"https:\/\/www.pm.pb.gov.br\/portal\/2022\/05\/02\/operacao-trabalhador-policia-militar-apreende-18-armas-de-fogo-e-prende-mais-de-100-suspeitos-na-pb\/","og_site_name":"Pol\u00edcia Militar da Para\u00edba","article_published_time":"2022-05-02T14:06:22+00:00","article_modified_time":"2022-05-02T14:06:25+00:00","og_image":[{"width":1600,"height":1068,"url":"http:\/\/www.pm.pb.gov.br\/portal\/wp-content\/uploads\/2022\/05\/1a517275-628d-4eca-a8a2-7c5a3e6df4be.jpg","type":"image\/jpeg"}],"author":"Assessoria de Imprensa da PMPB","twitter_card":"summary_large_image","twitter_misc":{"Escrito por":"Assessoria de Imprensa da PMPB","Est. tempo de leitura":"2 minutos"},"schema":{"@context":"https:\/\/schema.org","@graph":[{"@type":"Article","@id":"https:\/\/www.pm.pb.gov.br\/portal\/2022\/05\/02\/operacao-trabalhador-policia-militar-apreende-18-armas-de-fogo-e-prende-mais-de-100-suspeitos-na-pb\/#article","isPartOf":{"@id":"https:\/\/www.pm.pb.gov.br\/portal\/2022\/05\/02\/operacao-trabalhador-policia-militar-apreende-18-armas-de-fogo-e-prende-mais-de-100-suspeitos-na-pb\/"},"author":{"name":"Assessoria de Imprensa da PMPB","@id":"https:\/\/www.pm.pb.gov.br\/portal\/#\/schema\/person\/e8454f46651c3ecf0e1ba3c1666d9947"},"headline":"Opera\u00e7\u00e3o Trabalhador: Pol\u00edcia Militar apreende 18 armas de fogo e prende mais de 100 suspeitos na PB","datePublished":"2022-05-02T14:06:22+00:00","dateModified":"2022-05-02T14:06:25+00:00","mainEntityOfPage":{"@id":"https:\/\/www.pm.pb.gov.br\/portal\/2022\/05\/02\/operacao-trabalhador-policia-militar-apreende-18-armas-de-fogo-e-prende-mais-de-100-suspeitos-na-pb\/"},"wordCount":240,"publisher":{"@id":"https:\/\/www.pm.pb.gov.br\/portal\/#organization"},"articleSection":["A\u00e7\u00f5es Policiais"],"inLanguage":"pt-BR"},{"@type":"WebPage","@id":"https:\/\/www.pm.pb.gov.br\/portal\/2022\/05\/02\/operacao-trabalhador-policia-militar-apreende-18-armas-de-fogo-e-prende-mais-de-100-suspeitos-na-pb\/","url":"https:\/\/www.pm.pb.gov.br\/portal\/2022\/05\/02\/operacao-trabalhador-policia-militar-apreende-18-armas-de-fogo-e-prende-mais-de-100-suspeitos-na-pb\/","name":"Opera\u00e7\u00e3o Trabalhador: Pol\u00edcia Militar apreende 18 armas de fogo e prende mais de 100 suspeitos na PB - Pol\u00edcia Militar da Para\u00edba","isPartOf":{"@id":"https:\/\/www.pm.pb.gov.br\/portal\/#website"},"datePublished":"2022-05-02T14:06:22+00:00","dateModified":"2022-05-02T14:06:25+00:00","breadcrumb":{"@id":"https:\/\/www.pm.pb.gov.br\/portal\/2022\/05\/02\/operacao-trabalhador-policia-militar-apreende-18-armas-de-fogo-e-prende-mais-de-100-suspeitos-na-pb\/#breadcrumb"},"inLanguage":"pt-BR","potentialAction":[{"@type":"ReadAction","target":["https:\/\/www.pm.pb.gov.br\/portal\/2022\/05\/02\/operacao-trabalhador-policia-militar-apreende-18-armas-de-fogo-e-prende-mais-de-100-suspeitos-na-pb\/"]}]},{"@type":"BreadcrumbList","@id":"https:\/\/www.pm.pb.gov.br\/portal\/2022\/05\/02\/operacao-trabalhador-policia-militar-apreende-18-armas-de-fogo-e-prende-mais-de-100-suspeitos-na-pb\/#breadcrumb","itemListElement":[{"@type":"ListItem","position":1,"name":"In\u00edcio","item":"https:\/\/www.pm.pb.gov.br\/portal\/"},{"@type":"ListItem","position":2,"name":"Opera\u00e7\u00e3o Trabalhador: Pol\u00edcia Militar apreende 18 armas de fogo e prende mais de 100 suspeitos na PB"}]},{"@type":"WebSite","@id":"https:\/\/www.pm.pb.gov.br\/portal\/#website","url":"https:\/\/www.pm.pb.gov.br\/portal\/","name":"Pol\u00edcia Militar da Para\u00edba","description":"","publisher":{"@id":"https:\/\/www.pm.pb.gov.br\/portal\/#organization"},"potentialAction":[{"@type":"SearchAction","target":{"@type":"EntryPoint","urlTemplate":"https:\/\/www.pm.pb.gov.br\/portal\/?s={search_term_string}"},"query-input":"required name=search_term_string"}],"inLanguage":"pt-BR"},{"@type":"Organization","@id":"https:\/\/www.pm.pb.gov.br\/portal\/#organization","name":"Pol\u00edcia Militar da Para\u00edba","url":"https:\/\/www.pm.pb.gov.br\/portal\/","logo":{"@type":"ImageObject","inLanguage":"pt-BR","@id":"https:\/\/www.pm.pb.gov.br\/portal\/#\/schema\/logo\/image\/","url":"https:\/\/www.pm.pb.gov.br\/portal\/wp-content\/uploads\/2025\/03\/cropped-logo-site-mag2-1.png","contentUrl":"https:\/\/www.pm.pb.gov.br\/portal\/wp-content\/uploads\/2025\/03\/cropped-logo-site-mag2-1.png","width":320,"height":90,"caption":"Pol\u00edcia Militar da Para\u00edba"},"image":{"@id":"https:\/\/www.pm.pb.gov.br\/portal\/#\/schema\/logo\/image\/"}},{"@type":"Person","@id":"https:\/\/www.pm.pb.gov.br\/portal\/#\/schema\/person\/e8454f46651c3ecf0e1ba3c1666d9947","name":"Assessoria de Imprensa da PMPB","image":{"@type":"ImageObject","inLanguage":"pt-BR","@id":"https:\/\/www.pm.pb.gov.br\/portal\/#\/schema\/person\/image\/","url":"https:\/\/secure.gravatar.com\/avatar\/2efe197438265d1e90bd98c4c8e1acf8?s=96&d=mm&r=g","contentUrl":"https:\/\/secure.gravatar.com\/avatar\/2efe197438265d1e90bd98c4c8e1acf8?s=96&d=mm&r=g","caption":"Assessoria de Imprensa da PMPB"},"url":"https:\/\/www.pm.pb.gov.br\/portal\/author\/assessoria\/"}]}},"_links":{"self":[{"href":"https:\/\/www.pm.pb.gov.br\/portal\/wp-json\/wp\/v2\/posts\/914222"}],"collection":[{"href":"https:\/\/www.pm.pb.gov.br\/portal\/wp-json\/wp\/v2\/posts"}],"about":[{"href":"https:\/\/www.pm.pb.gov.br\/portal\/wp-json\/wp\/v2\/types\/post"}],"author":[{"embeddable":true,"href":"https:\/\/www.pm.pb.gov.br\/portal\/wp-json\/wp\/v2\/users\/5"}],"replies":[{"embeddable":true,"href":"https:\/\/www.pm.pb.gov.br\/portal\/wp-json\/wp\/v2\/comments?post=914222"}],"version-history":[{"count":2,"href":"https:\/\/www.pm.pb.gov.br\/portal\/wp-json\/wp\/v2\/posts\/914222\/revisions"}],"predecessor-version":[{"id":914231,"href":"https:\/\/www.pm.pb.gov.br\/portal\/wp-json\/wp\/v2\/posts\/914222\/revisions\/914231"}],"wp:featuredmedia":[{"embeddable":true,"href":"https:\/\/www.pm.pb.gov.br\/portal\/wp-json\/wp\/v2\/media\/914227"}],"wp:attachment":[{"href":"https:\/\/www.pm.pb.gov.br\/portal\/wp-json\/wp\/v2\/media?parent=914222"}],"wp:term":[{"taxonomy":"category","embeddable":true,"href":"https:\/\/www.pm.pb.gov.br\/portal\/wp-json\/wp\/v2\/categories?post=914222"},{"taxonomy":"post_tag","embeddable":true,"href":"https:\/\/www.pm.pb.gov.br\/portal\/wp-json\/wp\/v2\/tags?post=914222"}],"curies":[{"name":"wp","href":"https:\/\/api.w.org\/{rel}","templated":true}]}}