{"id":914202,"date":"2022-04-27T20:22:07","date_gmt":"2022-04-27T23:22:07","guid":{"rendered":"https:\/\/www.pm.pb.gov.br\/portal\/?p=914202"},"modified":"2022-04-27T20:22:11","modified_gmt":"2022-04-27T23:22:11","slug":"policia-militar-e-guarda-municipal-de-joao-pessoa-reafirmam-parceria-e-planejam-operacoes-integradas","status":"publish","type":"post","link":"https:\/\/www.pm.pb.gov.br\/portal\/2022\/04\/27\/policia-militar-e-guarda-municipal-de-joao-pessoa-reafirmam-parceria-e-planejam-operacoes-integradas\/","title":{"rendered":"Pol\u00edcia Militar e Guarda Municipal de Jo\u00e3o Pessoa reafirmam parceria e planejam opera\u00e7\u00f5es integradas"},"content":{"rendered":"\n<p>A Pol\u00edcia Militar e a Guarda Civil Municipal (GCM) de Jo\u00e3o Pessoa v\u00e3o atuar de forma conjunta em opera\u00e7\u00f5es para refor\u00e7ar a seguran\u00e7a em pra\u00e7as, no Centro Hist\u00f3rico da Capital e em outros locais que demandam um trabalho integrado das duas corpora\u00e7\u00f5es. \u00c9 o que ficou decidido durante reuni\u00e3o que aconteceu na manh\u00e3 desta quarta-feira (27), entre o comandante-geral da Pol\u00edcia Militar, coronel S\u00e9rgio Fonseca, o secret\u00e1rio de Seguran\u00e7a Urbana e Cidadania de Jo\u00e3o Pessoa (Semusb), Jo\u00e3o Almeida, e o comandante da (GCM), Vitor Freire.<br><br>Na oportunidade, eles reafirmaram a parceria e o respeito entre os dois \u00f3rg\u00e3os, que t\u00eam uma \u2018miss\u00e3o comum\u2019, conforme destacou o comandante-geral da Pol\u00edcia Militar, coronel S\u00e9rgio Fonseca. \u201cNosso prop\u00f3sito, ou seja, a nossa miss\u00e3o \u00e9 garantir a seguran\u00e7a do cidad\u00e3o, cada um dentro de suas atribui\u00e7\u00f5es, claro, mas sempre um sabendo que pode contar com o outro, por isso vamos avan\u00e7ar ainda mais nessa integra\u00e7\u00e3o com a Guarda Municipal de Jo\u00e3o Pessoa, que ter\u00e1 todo apoio e suporte da Pol\u00edcia Militar\u201d, destacou.<\/p>\n\n\n\n<p><img loading=\"lazy\" decoding=\"async\" width=\"1024\" height=\"682\" class=\"wp-image-914210\" style=\"width: 800px;\" src=\"http:\/\/www.pm.pb.gov.br\/portal\/wp-content\/uploads\/2022\/04\/8676eeae-8889-4853-82f9-6b18707222c1.jpeg\" alt=\"\" srcset=\"https:\/\/www.pm.pb.gov.br\/portal\/wp-content\/uploads\/2022\/04\/8676eeae-8889-4853-82f9-6b18707222c1.jpeg 1024w, https:\/\/www.pm.pb.gov.br\/portal\/wp-content\/uploads\/2022\/04\/8676eeae-8889-4853-82f9-6b18707222c1-668x445.jpeg 668w, https:\/\/www.pm.pb.gov.br\/portal\/wp-content\/uploads\/2022\/04\/8676eeae-8889-4853-82f9-6b18707222c1-856x570.jpeg 856w, https:\/\/www.pm.pb.gov.br\/portal\/wp-content\/uploads\/2022\/04\/8676eeae-8889-4853-82f9-6b18707222c1-768x512.jpeg 768w, https:\/\/www.pm.pb.gov.br\/portal\/wp-content\/uploads\/2022\/04\/8676eeae-8889-4853-82f9-6b18707222c1-272x182.jpeg 272w\" sizes=\"(max-width: 1024px) 100vw, 1024px\" \/><br><br><strong>A\u00e7\u00f5es preventivas em pra\u00e7as<\/strong> \u2013 As opera\u00e7\u00f5es para levar mais seguran\u00e7a \u00e0s pra\u00e7as devem come\u00e7ar ainda nesta semana. Ser\u00e1 feito um mapeamento estat\u00edstico para direcionar as a\u00e7\u00f5es. Entre os locais que ter\u00e3o uma aten\u00e7\u00e3o especial desta parceria, est\u00e1 o Centro Hist\u00f3rico de Jo\u00e3o Pessoa, por ser um local de movimenta\u00e7\u00e3o de turistas, do com\u00e9rcio e promo\u00e7\u00e3o da cultura no Estado. Pra\u00e7a da Paz e outras pra\u00e7as tamb\u00e9m ser\u00e3o alvo das a\u00e7\u00f5es.<\/p>\n","protected":false},"excerpt":{"rendered":"<p>A Pol\u00edcia Militar e a Guarda Civil Municipal (GCM) de Jo\u00e3o Pessoa v\u00e3o atuar de forma conjunta em opera\u00e7\u00f5es para<\/p>\n","protected":false},"author":5,"featured_media":914209,"comment_status":"closed","ping_status":"closed","sticky":false,"template":"","format":"standard","meta":{"_exactmetrics_skip_tracking":false,"_exactmetrics_sitenote_active":false,"_exactmetrics_sitenote_note":"","_exactmetrics_sitenote_category":0,"footnotes":""},"categories":[4],"tags":[],"yoast_head":"<!-- This site is optimized with the Yoast SEO plugin v22.0 - https:\/\/yoast.com\/wordpress\/plugins\/seo\/ -->\n<title>Pol\u00edcia Militar e Guarda Municipal de Jo\u00e3o Pessoa reafirmam parceria e planejam opera\u00e7\u00f5es integradas - Pol\u00edcia Militar da Para\u00edba<\/title>\n<meta name=\"robots\" content=\"index, follow, max-snippet:-1, max-image-preview:large, max-video-preview:-1\" \/>\n<link rel=\"canonical\" href=\"https:\/\/www.pm.pb.gov.br\/portal\/2022\/04\/27\/policia-militar-e-guarda-municipal-de-joao-pessoa-reafirmam-parceria-e-planejam-operacoes-integradas\/\" \/>\n<meta property=\"og:locale\" content=\"pt_BR\" \/>\n<meta property=\"og:type\" content=\"article\" \/>\n<meta property=\"og:title\" content=\"Pol\u00edcia Militar e Guarda Municipal de Jo\u00e3o Pessoa reafirmam parceria e planejam opera\u00e7\u00f5es integradas - Pol\u00edcia Militar da Para\u00edba\" \/>\n<meta property=\"og:description\" content=\"A Pol\u00edcia Militar e a Guarda Civil Municipal (GCM) de Jo\u00e3o Pessoa v\u00e3o atuar de forma conjunta em opera\u00e7\u00f5es para\" \/>\n<meta property=\"og:url\" content=\"https:\/\/www.pm.pb.gov.br\/portal\/2022\/04\/27\/policia-militar-e-guarda-municipal-de-joao-pessoa-reafirmam-parceria-e-planejam-operacoes-integradas\/\" \/>\n<meta property=\"og:site_name\" content=\"Pol\u00edcia Militar da Para\u00edba\" \/>\n<meta property=\"article:published_time\" content=\"2022-04-27T23:22:07+00:00\" \/>\n<meta property=\"article:modified_time\" content=\"2022-04-27T23:22:11+00:00\" \/>\n<meta property=\"og:image\" content=\"http:\/\/www.pm.pb.gov.br\/portal\/wp-content\/uploads\/2022\/04\/cc836353-6a10-4d20-92fd-6c001bcd24eb.jpeg\" \/>\n\t<meta property=\"og:image:width\" content=\"1024\" \/>\n\t<meta property=\"og:image:height\" content=\"682\" \/>\n\t<meta property=\"og:image:type\" content=\"image\/jpeg\" \/>\n<meta name=\"author\" content=\"Assessoria de Imprensa da PMPB\" \/>\n<meta name=\"twitter:card\" content=\"summary_large_image\" \/>\n<meta name=\"twitter:label1\" content=\"Escrito por\" \/>\n\t<meta name=\"twitter:data1\" content=\"Assessoria de Imprensa da PMPB\" \/>\n\t<meta name=\"twitter:label2\" content=\"Est. tempo de leitura\" \/>\n\t<meta name=\"twitter:data2\" content=\"2 minutos\" \/>\n<script type=\"application\/ld+json\" class=\"yoast-schema-graph\">{\"@context\":\"https:\/\/schema.org\",\"@graph\":[{\"@type\":\"Article\",\"@id\":\"https:\/\/www.pm.pb.gov.br\/portal\/2022\/04\/27\/policia-militar-e-guarda-municipal-de-joao-pessoa-reafirmam-parceria-e-planejam-operacoes-integradas\/#article\",\"isPartOf\":{\"@id\":\"https:\/\/www.pm.pb.gov.br\/portal\/2022\/04\/27\/policia-militar-e-guarda-municipal-de-joao-pessoa-reafirmam-parceria-e-planejam-operacoes-integradas\/\"},\"author\":{\"name\":\"Assessoria de Imprensa da PMPB\",\"@id\":\"https:\/\/www.pm.pb.gov.br\/portal\/#\/schema\/person\/e8454f46651c3ecf0e1ba3c1666d9947\"},\"headline\":\"Pol\u00edcia Militar e Guarda Municipal de Jo\u00e3o Pessoa reafirmam parceria e planejam opera\u00e7\u00f5es integradas\",\"datePublished\":\"2022-04-27T23:22:07+00:00\",\"dateModified\":\"2022-04-27T23:22:11+00:00\",\"mainEntityOfPage\":{\"@id\":\"https:\/\/www.pm.pb.gov.br\/portal\/2022\/04\/27\/policia-militar-e-guarda-municipal-de-joao-pessoa-reafirmam-parceria-e-planejam-operacoes-integradas\/\"},\"wordCount\":302,\"publisher\":{\"@id\":\"https:\/\/www.pm.pb.gov.br\/portal\/#organization\"},\"articleSection\":[\"A\u00e7\u00f5es Policiais\"],\"inLanguage\":\"pt-BR\"},{\"@type\":\"WebPage\",\"@id\":\"https:\/\/www.pm.pb.gov.br\/portal\/2022\/04\/27\/policia-militar-e-guarda-municipal-de-joao-pessoa-reafirmam-parceria-e-planejam-operacoes-integradas\/\",\"url\":\"https:\/\/www.pm.pb.gov.br\/portal\/2022\/04\/27\/policia-militar-e-guarda-municipal-de-joao-pessoa-reafirmam-parceria-e-planejam-operacoes-integradas\/\",\"name\":\"Pol\u00edcia Militar e Guarda Municipal de Jo\u00e3o Pessoa reafirmam parceria e planejam opera\u00e7\u00f5es integradas - Pol\u00edcia Militar da Para\u00edba\",\"isPartOf\":{\"@id\":\"https:\/\/www.pm.pb.gov.br\/portal\/#website\"},\"datePublished\":\"2022-04-27T23:22:07+00:00\",\"dateModified\":\"2022-04-27T23:22:11+00:00\",\"breadcrumb\":{\"@id\":\"https:\/\/www.pm.pb.gov.br\/portal\/2022\/04\/27\/policia-militar-e-guarda-municipal-de-joao-pessoa-reafirmam-parceria-e-planejam-operacoes-integradas\/#breadcrumb\"},\"inLanguage\":\"pt-BR\",\"potentialAction\":[{\"@type\":\"ReadAction\",\"target\":[\"https:\/\/www.pm.pb.gov.br\/portal\/2022\/04\/27\/policia-militar-e-guarda-municipal-de-joao-pessoa-reafirmam-parceria-e-planejam-operacoes-integradas\/\"]}]},{\"@type\":\"BreadcrumbList\",\"@id\":\"https:\/\/www.pm.pb.gov.br\/portal\/2022\/04\/27\/policia-militar-e-guarda-municipal-de-joao-pessoa-reafirmam-parceria-e-planejam-operacoes-integradas\/#breadcrumb\",\"itemListElement\":[{\"@type\":\"ListItem\",\"position\":1,\"name\":\"In\u00edcio\",\"item\":\"https:\/\/www.pm.pb.gov.br\/portal\/\"},{\"@type\":\"ListItem\",\"position\":2,\"name\":\"Pol\u00edcia Militar e Guarda Municipal de Jo\u00e3o Pessoa reafirmam parceria e planejam opera\u00e7\u00f5es integradas\"}]},{\"@type\":\"WebSite\",\"@id\":\"https:\/\/www.pm.pb.gov.br\/portal\/#website\",\"url\":\"https:\/\/www.pm.pb.gov.br\/portal\/\",\"name\":\"Pol\u00edcia Militar da Para\u00edba\",\"description\":\"\",\"publisher\":{\"@id\":\"https:\/\/www.pm.pb.gov.br\/portal\/#organization\"},\"potentialAction\":[{\"@type\":\"SearchAction\",\"target\":{\"@type\":\"EntryPoint\",\"urlTemplate\":\"https:\/\/www.pm.pb.gov.br\/portal\/?s={search_term_string}\"},\"query-input\":\"required name=search_term_string\"}],\"inLanguage\":\"pt-BR\"},{\"@type\":\"Organization\",\"@id\":\"https:\/\/www.pm.pb.gov.br\/portal\/#organization\",\"name\":\"Pol\u00edcia Militar da Para\u00edba\",\"url\":\"https:\/\/www.pm.pb.gov.br\/portal\/\",\"logo\":{\"@type\":\"ImageObject\",\"inLanguage\":\"pt-BR\",\"@id\":\"https:\/\/www.pm.pb.gov.br\/portal\/#\/schema\/logo\/image\/\",\"url\":\"https:\/\/www.pm.pb.gov.br\/portal\/wp-content\/uploads\/2025\/03\/cropped-logo-site-mag2-1.png\",\"contentUrl\":\"https:\/\/www.pm.pb.gov.br\/portal\/wp-content\/uploads\/2025\/03\/cropped-logo-site-mag2-1.png\",\"width\":320,\"height\":90,\"caption\":\"Pol\u00edcia Militar da Para\u00edba\"},\"image\":{\"@id\":\"https:\/\/www.pm.pb.gov.br\/portal\/#\/schema\/logo\/image\/\"}},{\"@type\":\"Person\",\"@id\":\"https:\/\/www.pm.pb.gov.br\/portal\/#\/schema\/person\/e8454f46651c3ecf0e1ba3c1666d9947\",\"name\":\"Assessoria de Imprensa da PMPB\",\"image\":{\"@type\":\"ImageObject\",\"inLanguage\":\"pt-BR\",\"@id\":\"https:\/\/www.pm.pb.gov.br\/portal\/#\/schema\/person\/image\/\",\"url\":\"https:\/\/secure.gravatar.com\/avatar\/2efe197438265d1e90bd98c4c8e1acf8?s=96&d=mm&r=g\",\"contentUrl\":\"https:\/\/secure.gravatar.com\/avatar\/2efe197438265d1e90bd98c4c8e1acf8?s=96&d=mm&r=g\",\"caption\":\"Assessoria de Imprensa da PMPB\"},\"url\":\"https:\/\/www.pm.pb.gov.br\/portal\/author\/assessoria\/\"}]}<\/script>\n<!-- \/ Yoast SEO plugin. -->","yoast_head_json":{"title":"Pol\u00edcia Militar e Guarda Municipal de Jo\u00e3o Pessoa reafirmam parceria e planejam opera\u00e7\u00f5es integradas - Pol\u00edcia Militar da Para\u00edba","robots":{"index":"index","follow":"follow","max-snippet":"max-snippet:-1","max-image-preview":"max-image-preview:large","max-video-preview":"max-video-preview:-1"},"canonical":"https:\/\/www.pm.pb.gov.br\/portal\/2022\/04\/27\/policia-militar-e-guarda-municipal-de-joao-pessoa-reafirmam-parceria-e-planejam-operacoes-integradas\/","og_locale":"pt_BR","og_type":"article","og_title":"Pol\u00edcia Militar e Guarda Municipal de Jo\u00e3o Pessoa reafirmam parceria e planejam opera\u00e7\u00f5es integradas - Pol\u00edcia Militar da Para\u00edba","og_description":"A Pol\u00edcia Militar e a Guarda Civil Municipal (GCM) de Jo\u00e3o Pessoa v\u00e3o atuar de forma conjunta em opera\u00e7\u00f5es para","og_url":"https:\/\/www.pm.pb.gov.br\/portal\/2022\/04\/27\/policia-militar-e-guarda-municipal-de-joao-pessoa-reafirmam-parceria-e-planejam-operacoes-integradas\/","og_site_name":"Pol\u00edcia Militar da Para\u00edba","article_published_time":"2022-04-27T23:22:07+00:00","article_modified_time":"2022-04-27T23:22:11+00:00","og_image":[{"width":1024,"height":682,"url":"http:\/\/www.pm.pb.gov.br\/portal\/wp-content\/uploads\/2022\/04\/cc836353-6a10-4d20-92fd-6c001bcd24eb.jpeg","type":"image\/jpeg"}],"author":"Assessoria de Imprensa da PMPB","twitter_card":"summary_large_image","twitter_misc":{"Escrito por":"Assessoria de Imprensa da PMPB","Est. tempo de leitura":"2 minutos"},"schema":{"@context":"https:\/\/schema.org","@graph":[{"@type":"Article","@id":"https:\/\/www.pm.pb.gov.br\/portal\/2022\/04\/27\/policia-militar-e-guarda-municipal-de-joao-pessoa-reafirmam-parceria-e-planejam-operacoes-integradas\/#article","isPartOf":{"@id":"https:\/\/www.pm.pb.gov.br\/portal\/2022\/04\/27\/policia-militar-e-guarda-municipal-de-joao-pessoa-reafirmam-parceria-e-planejam-operacoes-integradas\/"},"author":{"name":"Assessoria de Imprensa da PMPB","@id":"https:\/\/www.pm.pb.gov.br\/portal\/#\/schema\/person\/e8454f46651c3ecf0e1ba3c1666d9947"},"headline":"Pol\u00edcia Militar e Guarda Municipal de Jo\u00e3o Pessoa reafirmam parceria e planejam opera\u00e7\u00f5es integradas","datePublished":"2022-04-27T23:22:07+00:00","dateModified":"2022-04-27T23:22:11+00:00","mainEntityOfPage":{"@id":"https:\/\/www.pm.pb.gov.br\/portal\/2022\/04\/27\/policia-militar-e-guarda-municipal-de-joao-pessoa-reafirmam-parceria-e-planejam-operacoes-integradas\/"},"wordCount":302,"publisher":{"@id":"https:\/\/www.pm.pb.gov.br\/portal\/#organization"},"articleSection":["A\u00e7\u00f5es Policiais"],"inLanguage":"pt-BR"},{"@type":"WebPage","@id":"https:\/\/www.pm.pb.gov.br\/portal\/2022\/04\/27\/policia-militar-e-guarda-municipal-de-joao-pessoa-reafirmam-parceria-e-planejam-operacoes-integradas\/","url":"https:\/\/www.pm.pb.gov.br\/portal\/2022\/04\/27\/policia-militar-e-guarda-municipal-de-joao-pessoa-reafirmam-parceria-e-planejam-operacoes-integradas\/","name":"Pol\u00edcia Militar e Guarda Municipal de Jo\u00e3o Pessoa reafirmam parceria e planejam opera\u00e7\u00f5es integradas - Pol\u00edcia Militar da Para\u00edba","isPartOf":{"@id":"https:\/\/www.pm.pb.gov.br\/portal\/#website"},"datePublished":"2022-04-27T23:22:07+00:00","dateModified":"2022-04-27T23:22:11+00:00","breadcrumb":{"@id":"https:\/\/www.pm.pb.gov.br\/portal\/2022\/04\/27\/policia-militar-e-guarda-municipal-de-joao-pessoa-reafirmam-parceria-e-planejam-operacoes-integradas\/#breadcrumb"},"inLanguage":"pt-BR","potentialAction":[{"@type":"ReadAction","target":["https:\/\/www.pm.pb.gov.br\/portal\/2022\/04\/27\/policia-militar-e-guarda-municipal-de-joao-pessoa-reafirmam-parceria-e-planejam-operacoes-integradas\/"]}]},{"@type":"BreadcrumbList","@id":"https:\/\/www.pm.pb.gov.br\/portal\/2022\/04\/27\/policia-militar-e-guarda-municipal-de-joao-pessoa-reafirmam-parceria-e-planejam-operacoes-integradas\/#breadcrumb","itemListElement":[{"@type":"ListItem","position":1,"name":"In\u00edcio","item":"https:\/\/www.pm.pb.gov.br\/portal\/"},{"@type":"ListItem","position":2,"name":"Pol\u00edcia Militar e Guarda Municipal de Jo\u00e3o Pessoa reafirmam parceria e planejam opera\u00e7\u00f5es integradas"}]},{"@type":"WebSite","@id":"https:\/\/www.pm.pb.gov.br\/portal\/#website","url":"https:\/\/www.pm.pb.gov.br\/portal\/","name":"Pol\u00edcia Militar da Para\u00edba","description":"","publisher":{"@id":"https:\/\/www.pm.pb.gov.br\/portal\/#organization"},"potentialAction":[{"@type":"SearchAction","target":{"@type":"EntryPoint","urlTemplate":"https:\/\/www.pm.pb.gov.br\/portal\/?s={search_term_string}"},"query-input":"required name=search_term_string"}],"inLanguage":"pt-BR"},{"@type":"Organization","@id":"https:\/\/www.pm.pb.gov.br\/portal\/#organization","name":"Pol\u00edcia Militar da Para\u00edba","url":"https:\/\/www.pm.pb.gov.br\/portal\/","logo":{"@type":"ImageObject","inLanguage":"pt-BR","@id":"https:\/\/www.pm.pb.gov.br\/portal\/#\/schema\/logo\/image\/","url":"https:\/\/www.pm.pb.gov.br\/portal\/wp-content\/uploads\/2025\/03\/cropped-logo-site-mag2-1.png","contentUrl":"https:\/\/www.pm.pb.gov.br\/portal\/wp-content\/uploads\/2025\/03\/cropped-logo-site-mag2-1.png","width":320,"height":90,"caption":"Pol\u00edcia Militar da Para\u00edba"},"image":{"@id":"https:\/\/www.pm.pb.gov.br\/portal\/#\/schema\/logo\/image\/"}},{"@type":"Person","@id":"https:\/\/www.pm.pb.gov.br\/portal\/#\/schema\/person\/e8454f46651c3ecf0e1ba3c1666d9947","name":"Assessoria de Imprensa da PMPB","image":{"@type":"ImageObject","inLanguage":"pt-BR","@id":"https:\/\/www.pm.pb.gov.br\/portal\/#\/schema\/person\/image\/","url":"https:\/\/secure.gravatar.com\/avatar\/2efe197438265d1e90bd98c4c8e1acf8?s=96&d=mm&r=g","contentUrl":"https:\/\/secure.gravatar.com\/avatar\/2efe197438265d1e90bd98c4c8e1acf8?s=96&d=mm&r=g","caption":"Assessoria de Imprensa da PMPB"},"url":"https:\/\/www.pm.pb.gov.br\/portal\/author\/assessoria\/"}]}},"_links":{"self":[{"href":"https:\/\/www.pm.pb.gov.br\/portal\/wp-json\/wp\/v2\/posts\/914202"}],"collection":[{"href":"https:\/\/www.pm.pb.gov.br\/portal\/wp-json\/wp\/v2\/posts"}],"about":[{"href":"https:\/\/www.pm.pb.gov.br\/portal\/wp-json\/wp\/v2\/types\/post"}],"author":[{"embeddable":true,"href":"https:\/\/www.pm.pb.gov.br\/portal\/wp-json\/wp\/v2\/users\/5"}],"replies":[{"embeddable":true,"href":"https:\/\/www.pm.pb.gov.br\/portal\/wp-json\/wp\/v2\/comments?post=914202"}],"version-history":[{"count":2,"href":"https:\/\/www.pm.pb.gov.br\/portal\/wp-json\/wp\/v2\/posts\/914202\/revisions"}],"predecessor-version":[{"id":914211,"href":"https:\/\/www.pm.pb.gov.br\/portal\/wp-json\/wp\/v2\/posts\/914202\/revisions\/914211"}],"wp:featuredmedia":[{"embeddable":true,"href":"https:\/\/www.pm.pb.gov.br\/portal\/wp-json\/wp\/v2\/media\/914209"}],"wp:attachment":[{"href":"https:\/\/www.pm.pb.gov.br\/portal\/wp-json\/wp\/v2\/media?parent=914202"}],"wp:term":[{"taxonomy":"category","embeddable":true,"href":"https:\/\/www.pm.pb.gov.br\/portal\/wp-json\/wp\/v2\/categories?post=914202"},{"taxonomy":"post_tag","embeddable":true,"href":"https:\/\/www.pm.pb.gov.br\/portal\/wp-json\/wp\/v2\/tags?post=914202"}],"curies":[{"name":"wp","href":"https:\/\/api.w.org\/{rel}","templated":true}]}}