{"id":914198,"date":"2022-04-27T20:18:34","date_gmt":"2022-04-27T23:18:34","guid":{"rendered":"https:\/\/www.pm.pb.gov.br\/portal\/?p=914198"},"modified":"2022-04-27T20:18:36","modified_gmt":"2022-04-27T23:18:36","slug":"operacao-paradigma-reforca-presenca-policial-nas-ruas-do-litoral-ao-sertao-da-pb","status":"publish","type":"post","link":"https:\/\/www.pm.pb.gov.br\/portal\/2022\/04\/27\/operacao-paradigma-reforca-presenca-policial-nas-ruas-do-litoral-ao-sertao-da-pb\/","title":{"rendered":"Opera\u00e7\u00e3o Paradigma refor\u00e7a presen\u00e7a policial nas ruas do Litoral ao Sert\u00e3o da PB"},"content":{"rendered":"\n<p>O aumento das blitzen, abordagens e da presen\u00e7a policial nas ruas tem sido uma das marcas da Opera\u00e7\u00e3o Paradigma, deflagrada pelo comandante-geral da PM, coronel S\u00e9rgio Fonseca, desde o in\u00edcio do m\u00eas, com objetivo de promover mais sensa\u00e7\u00e3o de seguran\u00e7a para a popula\u00e7\u00e3o.<br><br>Na noite dessa ter\u00e7a-feira (26), a zona sul de Jo\u00e3o Pessoa teve um refor\u00e7o das a\u00e7\u00f5es para abordar pessoas, \u00f4nibus e outros ve\u00edculos em diferentes pontos da regi\u00e3o. A manh\u00e3 desta quarta-feira (27) j\u00e1 come\u00e7ou com a\u00e7\u00f5es no Vale do Pianc\u00f3, no Sert\u00e3o, principalmente em trechos que fazem divisa com outros Estados.<\/p>\n\n\n\n<p><img loading=\"lazy\" decoding=\"async\" width=\"1600\" height=\"1200\" class=\"wp-image-914205\" style=\"width: 800px;\" src=\"http:\/\/www.pm.pb.gov.br\/portal\/wp-content\/uploads\/2022\/04\/ZONA-SUL-DE-JP-5.jpg\" alt=\"\" srcset=\"https:\/\/www.pm.pb.gov.br\/portal\/wp-content\/uploads\/2022\/04\/ZONA-SUL-DE-JP-5.jpg 1600w, https:\/\/www.pm.pb.gov.br\/portal\/wp-content\/uploads\/2022\/04\/ZONA-SUL-DE-JP-5-593x445.jpg 593w, https:\/\/www.pm.pb.gov.br\/portal\/wp-content\/uploads\/2022\/04\/ZONA-SUL-DE-JP-5-760x570.jpg 760w, https:\/\/www.pm.pb.gov.br\/portal\/wp-content\/uploads\/2022\/04\/ZONA-SUL-DE-JP-5-768x576.jpg 768w, https:\/\/www.pm.pb.gov.br\/portal\/wp-content\/uploads\/2022\/04\/ZONA-SUL-DE-JP-5-1536x1152.jpg 1536w\" sizes=\"(max-width: 1600px) 100vw, 1600px\" \/><br><br>A Opera\u00e7\u00e3o Paradigma continuar\u00e1 sem data espec\u00edfica para o t\u00e9rmino, contemplando outras opera\u00e7\u00f5es tamb\u00e9m focadas no aumento da sensa\u00e7\u00e3o de seguran\u00e7a da popula\u00e7\u00e3o e na pris\u00e3o de criminosos.<\/p>\n\n\n\n<p><img loading=\"lazy\" decoding=\"async\" width=\"1280\" height=\"719\" class=\"wp-image-914204\" style=\"width: 800px;\" src=\"http:\/\/www.pm.pb.gov.br\/portal\/wp-content\/uploads\/2022\/04\/VALE-DO-PIANCO.jpg\" alt=\"\" srcset=\"https:\/\/www.pm.pb.gov.br\/portal\/wp-content\/uploads\/2022\/04\/VALE-DO-PIANCO.jpg 1280w, https:\/\/www.pm.pb.gov.br\/portal\/wp-content\/uploads\/2022\/04\/VALE-DO-PIANCO-792x445.jpg 792w, https:\/\/www.pm.pb.gov.br\/portal\/wp-content\/uploads\/2022\/04\/VALE-DO-PIANCO-1015x570.jpg 1015w, https:\/\/www.pm.pb.gov.br\/portal\/wp-content\/uploads\/2022\/04\/VALE-DO-PIANCO-768x431.jpg 768w\" sizes=\"(max-width: 1280px) 100vw, 1280px\" \/><br><br><strong>Armas apreendidas<\/strong> \u2013 Nas \u00faltimas horas, foram retiradas de circula\u00e7\u00e3o armas de fogo nas cidades de Pedro R\u00e9gis e Jo\u00e3o Pessoa (bairro de Tambi\u00e1 e Costa e Silva), nas abordagens da Opera\u00e7\u00e3o Paradigma.<br><br><strong>Mandados de pris\u00e3o cumpridos<\/strong> &#8211; Quatro mandados de pris\u00e3o foram cumpridos, entre a tarde dessa ter\u00e7a-feira (26) e come\u00e7o da manh\u00e3 desta quarta (27), nas cidades de Jo\u00e3o Pessoa, Patos e Sousa. Os presos eram procurados pela justi\u00e7a por roubo, homic\u00eddio e amea\u00e7a.<\/p>\n","protected":false},"excerpt":{"rendered":"<p>O aumento das blitzen, abordagens e da presen\u00e7a policial nas ruas tem sido uma das marcas da Opera\u00e7\u00e3o Paradigma, deflagrada<\/p>\n","protected":false},"author":5,"featured_media":914203,"comment_status":"closed","ping_status":"closed","sticky":false,"template":"","format":"standard","meta":{"_exactmetrics_skip_tracking":false,"_exactmetrics_sitenote_active":false,"_exactmetrics_sitenote_note":"","_exactmetrics_sitenote_category":0,"footnotes":""},"categories":[4],"tags":[],"yoast_head":"<!-- This site is optimized with the Yoast SEO plugin v22.0 - https:\/\/yoast.com\/wordpress\/plugins\/seo\/ -->\n<title>Opera\u00e7\u00e3o Paradigma refor\u00e7a presen\u00e7a policial nas ruas do Litoral ao Sert\u00e3o da PB - Pol\u00edcia Militar da Para\u00edba<\/title>\n<meta name=\"robots\" content=\"index, follow, max-snippet:-1, max-image-preview:large, max-video-preview:-1\" \/>\n<link rel=\"canonical\" href=\"https:\/\/www.pm.pb.gov.br\/portal\/2022\/04\/27\/operacao-paradigma-reforca-presenca-policial-nas-ruas-do-litoral-ao-sertao-da-pb\/\" \/>\n<meta property=\"og:locale\" content=\"pt_BR\" \/>\n<meta property=\"og:type\" content=\"article\" \/>\n<meta property=\"og:title\" content=\"Opera\u00e7\u00e3o Paradigma refor\u00e7a presen\u00e7a policial nas ruas do Litoral ao Sert\u00e3o da PB - Pol\u00edcia Militar da Para\u00edba\" \/>\n<meta property=\"og:description\" content=\"O aumento das blitzen, abordagens e da presen\u00e7a policial nas ruas tem sido uma das marcas da Opera\u00e7\u00e3o Paradigma, deflagrada\" \/>\n<meta property=\"og:url\" content=\"https:\/\/www.pm.pb.gov.br\/portal\/2022\/04\/27\/operacao-paradigma-reforca-presenca-policial-nas-ruas-do-litoral-ao-sertao-da-pb\/\" \/>\n<meta property=\"og:site_name\" content=\"Pol\u00edcia Militar da Para\u00edba\" \/>\n<meta property=\"article:published_time\" content=\"2022-04-27T23:18:34+00:00\" \/>\n<meta property=\"article:modified_time\" content=\"2022-04-27T23:18:36+00:00\" \/>\n<meta property=\"og:image\" content=\"http:\/\/www.pm.pb.gov.br\/portal\/wp-content\/uploads\/2022\/04\/ZONA-SUL-DE-JP-3.jpg\" \/>\n\t<meta property=\"og:image:width\" content=\"1600\" \/>\n\t<meta property=\"og:image:height\" content=\"900\" \/>\n\t<meta property=\"og:image:type\" content=\"image\/jpeg\" \/>\n<meta name=\"author\" content=\"Assessoria de Imprensa da PMPB\" \/>\n<meta name=\"twitter:card\" content=\"summary_large_image\" \/>\n<meta name=\"twitter:label1\" content=\"Escrito por\" \/>\n\t<meta name=\"twitter:data1\" content=\"Assessoria de Imprensa da PMPB\" \/>\n\t<meta name=\"twitter:label2\" content=\"Est. tempo de leitura\" \/>\n\t<meta name=\"twitter:data2\" content=\"2 minutos\" \/>\n<script type=\"application\/ld+json\" class=\"yoast-schema-graph\">{\"@context\":\"https:\/\/schema.org\",\"@graph\":[{\"@type\":\"Article\",\"@id\":\"https:\/\/www.pm.pb.gov.br\/portal\/2022\/04\/27\/operacao-paradigma-reforca-presenca-policial-nas-ruas-do-litoral-ao-sertao-da-pb\/#article\",\"isPartOf\":{\"@id\":\"https:\/\/www.pm.pb.gov.br\/portal\/2022\/04\/27\/operacao-paradigma-reforca-presenca-policial-nas-ruas-do-litoral-ao-sertao-da-pb\/\"},\"author\":{\"name\":\"Assessoria de Imprensa da PMPB\",\"@id\":\"https:\/\/www.pm.pb.gov.br\/portal\/#\/schema\/person\/e8454f46651c3ecf0e1ba3c1666d9947\"},\"headline\":\"Opera\u00e7\u00e3o Paradigma refor\u00e7a presen\u00e7a policial nas ruas do Litoral ao Sert\u00e3o da PB\",\"datePublished\":\"2022-04-27T23:18:34+00:00\",\"dateModified\":\"2022-04-27T23:18:36+00:00\",\"mainEntityOfPage\":{\"@id\":\"https:\/\/www.pm.pb.gov.br\/portal\/2022\/04\/27\/operacao-paradigma-reforca-presenca-policial-nas-ruas-do-litoral-ao-sertao-da-pb\/\"},\"wordCount\":249,\"publisher\":{\"@id\":\"https:\/\/www.pm.pb.gov.br\/portal\/#organization\"},\"articleSection\":[\"A\u00e7\u00f5es Policiais\"],\"inLanguage\":\"pt-BR\"},{\"@type\":\"WebPage\",\"@id\":\"https:\/\/www.pm.pb.gov.br\/portal\/2022\/04\/27\/operacao-paradigma-reforca-presenca-policial-nas-ruas-do-litoral-ao-sertao-da-pb\/\",\"url\":\"https:\/\/www.pm.pb.gov.br\/portal\/2022\/04\/27\/operacao-paradigma-reforca-presenca-policial-nas-ruas-do-litoral-ao-sertao-da-pb\/\",\"name\":\"Opera\u00e7\u00e3o Paradigma refor\u00e7a presen\u00e7a policial nas ruas do Litoral ao Sert\u00e3o da PB - Pol\u00edcia Militar da Para\u00edba\",\"isPartOf\":{\"@id\":\"https:\/\/www.pm.pb.gov.br\/portal\/#website\"},\"datePublished\":\"2022-04-27T23:18:34+00:00\",\"dateModified\":\"2022-04-27T23:18:36+00:00\",\"breadcrumb\":{\"@id\":\"https:\/\/www.pm.pb.gov.br\/portal\/2022\/04\/27\/operacao-paradigma-reforca-presenca-policial-nas-ruas-do-litoral-ao-sertao-da-pb\/#breadcrumb\"},\"inLanguage\":\"pt-BR\",\"potentialAction\":[{\"@type\":\"ReadAction\",\"target\":[\"https:\/\/www.pm.pb.gov.br\/portal\/2022\/04\/27\/operacao-paradigma-reforca-presenca-policial-nas-ruas-do-litoral-ao-sertao-da-pb\/\"]}]},{\"@type\":\"BreadcrumbList\",\"@id\":\"https:\/\/www.pm.pb.gov.br\/portal\/2022\/04\/27\/operacao-paradigma-reforca-presenca-policial-nas-ruas-do-litoral-ao-sertao-da-pb\/#breadcrumb\",\"itemListElement\":[{\"@type\":\"ListItem\",\"position\":1,\"name\":\"In\u00edcio\",\"item\":\"https:\/\/www.pm.pb.gov.br\/portal\/\"},{\"@type\":\"ListItem\",\"position\":2,\"name\":\"Opera\u00e7\u00e3o Paradigma refor\u00e7a presen\u00e7a policial nas ruas do Litoral ao Sert\u00e3o da PB\"}]},{\"@type\":\"WebSite\",\"@id\":\"https:\/\/www.pm.pb.gov.br\/portal\/#website\",\"url\":\"https:\/\/www.pm.pb.gov.br\/portal\/\",\"name\":\"Pol\u00edcia Militar da Para\u00edba\",\"description\":\"\",\"publisher\":{\"@id\":\"https:\/\/www.pm.pb.gov.br\/portal\/#organization\"},\"potentialAction\":[{\"@type\":\"SearchAction\",\"target\":{\"@type\":\"EntryPoint\",\"urlTemplate\":\"https:\/\/www.pm.pb.gov.br\/portal\/?s={search_term_string}\"},\"query-input\":\"required name=search_term_string\"}],\"inLanguage\":\"pt-BR\"},{\"@type\":\"Organization\",\"@id\":\"https:\/\/www.pm.pb.gov.br\/portal\/#organization\",\"name\":\"Pol\u00edcia Militar da Para\u00edba\",\"url\":\"https:\/\/www.pm.pb.gov.br\/portal\/\",\"logo\":{\"@type\":\"ImageObject\",\"inLanguage\":\"pt-BR\",\"@id\":\"https:\/\/www.pm.pb.gov.br\/portal\/#\/schema\/logo\/image\/\",\"url\":\"https:\/\/www.pm.pb.gov.br\/portal\/wp-content\/uploads\/2025\/03\/cropped-logo-site-mag2-1.png\",\"contentUrl\":\"https:\/\/www.pm.pb.gov.br\/portal\/wp-content\/uploads\/2025\/03\/cropped-logo-site-mag2-1.png\",\"width\":320,\"height\":90,\"caption\":\"Pol\u00edcia Militar da Para\u00edba\"},\"image\":{\"@id\":\"https:\/\/www.pm.pb.gov.br\/portal\/#\/schema\/logo\/image\/\"}},{\"@type\":\"Person\",\"@id\":\"https:\/\/www.pm.pb.gov.br\/portal\/#\/schema\/person\/e8454f46651c3ecf0e1ba3c1666d9947\",\"name\":\"Assessoria de Imprensa da PMPB\",\"image\":{\"@type\":\"ImageObject\",\"inLanguage\":\"pt-BR\",\"@id\":\"https:\/\/www.pm.pb.gov.br\/portal\/#\/schema\/person\/image\/\",\"url\":\"https:\/\/secure.gravatar.com\/avatar\/2efe197438265d1e90bd98c4c8e1acf8?s=96&d=mm&r=g\",\"contentUrl\":\"https:\/\/secure.gravatar.com\/avatar\/2efe197438265d1e90bd98c4c8e1acf8?s=96&d=mm&r=g\",\"caption\":\"Assessoria de Imprensa da PMPB\"},\"url\":\"https:\/\/www.pm.pb.gov.br\/portal\/author\/assessoria\/\"}]}<\/script>\n<!-- \/ Yoast SEO plugin. -->","yoast_head_json":{"title":"Opera\u00e7\u00e3o Paradigma refor\u00e7a presen\u00e7a policial nas ruas do Litoral ao Sert\u00e3o da PB - Pol\u00edcia Militar da Para\u00edba","robots":{"index":"index","follow":"follow","max-snippet":"max-snippet:-1","max-image-preview":"max-image-preview:large","max-video-preview":"max-video-preview:-1"},"canonical":"https:\/\/www.pm.pb.gov.br\/portal\/2022\/04\/27\/operacao-paradigma-reforca-presenca-policial-nas-ruas-do-litoral-ao-sertao-da-pb\/","og_locale":"pt_BR","og_type":"article","og_title":"Opera\u00e7\u00e3o Paradigma refor\u00e7a presen\u00e7a policial nas ruas do Litoral ao Sert\u00e3o da PB - Pol\u00edcia Militar da Para\u00edba","og_description":"O aumento das blitzen, abordagens e da presen\u00e7a policial nas ruas tem sido uma das marcas da Opera\u00e7\u00e3o Paradigma, deflagrada","og_url":"https:\/\/www.pm.pb.gov.br\/portal\/2022\/04\/27\/operacao-paradigma-reforca-presenca-policial-nas-ruas-do-litoral-ao-sertao-da-pb\/","og_site_name":"Pol\u00edcia Militar da Para\u00edba","article_published_time":"2022-04-27T23:18:34+00:00","article_modified_time":"2022-04-27T23:18:36+00:00","og_image":[{"width":1600,"height":900,"url":"http:\/\/www.pm.pb.gov.br\/portal\/wp-content\/uploads\/2022\/04\/ZONA-SUL-DE-JP-3.jpg","type":"image\/jpeg"}],"author":"Assessoria de Imprensa da PMPB","twitter_card":"summary_large_image","twitter_misc":{"Escrito por":"Assessoria de Imprensa da PMPB","Est. tempo de leitura":"2 minutos"},"schema":{"@context":"https:\/\/schema.org","@graph":[{"@type":"Article","@id":"https:\/\/www.pm.pb.gov.br\/portal\/2022\/04\/27\/operacao-paradigma-reforca-presenca-policial-nas-ruas-do-litoral-ao-sertao-da-pb\/#article","isPartOf":{"@id":"https:\/\/www.pm.pb.gov.br\/portal\/2022\/04\/27\/operacao-paradigma-reforca-presenca-policial-nas-ruas-do-litoral-ao-sertao-da-pb\/"},"author":{"name":"Assessoria de Imprensa da PMPB","@id":"https:\/\/www.pm.pb.gov.br\/portal\/#\/schema\/person\/e8454f46651c3ecf0e1ba3c1666d9947"},"headline":"Opera\u00e7\u00e3o Paradigma refor\u00e7a presen\u00e7a policial nas ruas do Litoral ao Sert\u00e3o da PB","datePublished":"2022-04-27T23:18:34+00:00","dateModified":"2022-04-27T23:18:36+00:00","mainEntityOfPage":{"@id":"https:\/\/www.pm.pb.gov.br\/portal\/2022\/04\/27\/operacao-paradigma-reforca-presenca-policial-nas-ruas-do-litoral-ao-sertao-da-pb\/"},"wordCount":249,"publisher":{"@id":"https:\/\/www.pm.pb.gov.br\/portal\/#organization"},"articleSection":["A\u00e7\u00f5es Policiais"],"inLanguage":"pt-BR"},{"@type":"WebPage","@id":"https:\/\/www.pm.pb.gov.br\/portal\/2022\/04\/27\/operacao-paradigma-reforca-presenca-policial-nas-ruas-do-litoral-ao-sertao-da-pb\/","url":"https:\/\/www.pm.pb.gov.br\/portal\/2022\/04\/27\/operacao-paradigma-reforca-presenca-policial-nas-ruas-do-litoral-ao-sertao-da-pb\/","name":"Opera\u00e7\u00e3o Paradigma refor\u00e7a presen\u00e7a policial nas ruas do Litoral ao Sert\u00e3o da PB - Pol\u00edcia Militar da Para\u00edba","isPartOf":{"@id":"https:\/\/www.pm.pb.gov.br\/portal\/#website"},"datePublished":"2022-04-27T23:18:34+00:00","dateModified":"2022-04-27T23:18:36+00:00","breadcrumb":{"@id":"https:\/\/www.pm.pb.gov.br\/portal\/2022\/04\/27\/operacao-paradigma-reforca-presenca-policial-nas-ruas-do-litoral-ao-sertao-da-pb\/#breadcrumb"},"inLanguage":"pt-BR","potentialAction":[{"@type":"ReadAction","target":["https:\/\/www.pm.pb.gov.br\/portal\/2022\/04\/27\/operacao-paradigma-reforca-presenca-policial-nas-ruas-do-litoral-ao-sertao-da-pb\/"]}]},{"@type":"BreadcrumbList","@id":"https:\/\/www.pm.pb.gov.br\/portal\/2022\/04\/27\/operacao-paradigma-reforca-presenca-policial-nas-ruas-do-litoral-ao-sertao-da-pb\/#breadcrumb","itemListElement":[{"@type":"ListItem","position":1,"name":"In\u00edcio","item":"https:\/\/www.pm.pb.gov.br\/portal\/"},{"@type":"ListItem","position":2,"name":"Opera\u00e7\u00e3o Paradigma refor\u00e7a presen\u00e7a policial nas ruas do Litoral ao Sert\u00e3o da PB"}]},{"@type":"WebSite","@id":"https:\/\/www.pm.pb.gov.br\/portal\/#website","url":"https:\/\/www.pm.pb.gov.br\/portal\/","name":"Pol\u00edcia Militar da Para\u00edba","description":"","publisher":{"@id":"https:\/\/www.pm.pb.gov.br\/portal\/#organization"},"potentialAction":[{"@type":"SearchAction","target":{"@type":"EntryPoint","urlTemplate":"https:\/\/www.pm.pb.gov.br\/portal\/?s={search_term_string}"},"query-input":"required name=search_term_string"}],"inLanguage":"pt-BR"},{"@type":"Organization","@id":"https:\/\/www.pm.pb.gov.br\/portal\/#organization","name":"Pol\u00edcia Militar da Para\u00edba","url":"https:\/\/www.pm.pb.gov.br\/portal\/","logo":{"@type":"ImageObject","inLanguage":"pt-BR","@id":"https:\/\/www.pm.pb.gov.br\/portal\/#\/schema\/logo\/image\/","url":"https:\/\/www.pm.pb.gov.br\/portal\/wp-content\/uploads\/2025\/03\/cropped-logo-site-mag2-1.png","contentUrl":"https:\/\/www.pm.pb.gov.br\/portal\/wp-content\/uploads\/2025\/03\/cropped-logo-site-mag2-1.png","width":320,"height":90,"caption":"Pol\u00edcia Militar da Para\u00edba"},"image":{"@id":"https:\/\/www.pm.pb.gov.br\/portal\/#\/schema\/logo\/image\/"}},{"@type":"Person","@id":"https:\/\/www.pm.pb.gov.br\/portal\/#\/schema\/person\/e8454f46651c3ecf0e1ba3c1666d9947","name":"Assessoria de Imprensa da PMPB","image":{"@type":"ImageObject","inLanguage":"pt-BR","@id":"https:\/\/www.pm.pb.gov.br\/portal\/#\/schema\/person\/image\/","url":"https:\/\/secure.gravatar.com\/avatar\/2efe197438265d1e90bd98c4c8e1acf8?s=96&d=mm&r=g","contentUrl":"https:\/\/secure.gravatar.com\/avatar\/2efe197438265d1e90bd98c4c8e1acf8?s=96&d=mm&r=g","caption":"Assessoria de Imprensa da PMPB"},"url":"https:\/\/www.pm.pb.gov.br\/portal\/author\/assessoria\/"}]}},"_links":{"self":[{"href":"https:\/\/www.pm.pb.gov.br\/portal\/wp-json\/wp\/v2\/posts\/914198"}],"collection":[{"href":"https:\/\/www.pm.pb.gov.br\/portal\/wp-json\/wp\/v2\/posts"}],"about":[{"href":"https:\/\/www.pm.pb.gov.br\/portal\/wp-json\/wp\/v2\/types\/post"}],"author":[{"embeddable":true,"href":"https:\/\/www.pm.pb.gov.br\/portal\/wp-json\/wp\/v2\/users\/5"}],"replies":[{"embeddable":true,"href":"https:\/\/www.pm.pb.gov.br\/portal\/wp-json\/wp\/v2\/comments?post=914198"}],"version-history":[{"count":2,"href":"https:\/\/www.pm.pb.gov.br\/portal\/wp-json\/wp\/v2\/posts\/914198\/revisions"}],"predecessor-version":[{"id":914206,"href":"https:\/\/www.pm.pb.gov.br\/portal\/wp-json\/wp\/v2\/posts\/914198\/revisions\/914206"}],"wp:featuredmedia":[{"embeddable":true,"href":"https:\/\/www.pm.pb.gov.br\/portal\/wp-json\/wp\/v2\/media\/914203"}],"wp:attachment":[{"href":"https:\/\/www.pm.pb.gov.br\/portal\/wp-json\/wp\/v2\/media?parent=914198"}],"wp:term":[{"taxonomy":"category","embeddable":true,"href":"https:\/\/www.pm.pb.gov.br\/portal\/wp-json\/wp\/v2\/categories?post=914198"},{"taxonomy":"post_tag","embeddable":true,"href":"https:\/\/www.pm.pb.gov.br\/portal\/wp-json\/wp\/v2\/tags?post=914198"}],"curies":[{"name":"wp","href":"https:\/\/api.w.org\/{rel}","templated":true}]}}