{"id":914186,"date":"2022-04-27T20:14:58","date_gmt":"2022-04-27T23:14:58","guid":{"rendered":"https:\/\/www.pm.pb.gov.br\/portal\/?p=914186"},"modified":"2022-04-27T20:15:00","modified_gmt":"2022-04-27T23:15:00","slug":"policia-militar-cumpre-quatro-mandados-de-prisao-contra-procurados-da-justica-da-paraiba","status":"publish","type":"post","link":"https:\/\/www.pm.pb.gov.br\/portal\/2022\/04\/27\/policia-militar-cumpre-quatro-mandados-de-prisao-contra-procurados-da-justica-da-paraiba\/","title":{"rendered":"Pol\u00edcia Militar cumpre quatro mandados de pris\u00e3o contra procurados da justi\u00e7a da Para\u00edba"},"content":{"rendered":"\n<p>Quatro mandados de pris\u00e3o foram cumpridos, entre a tarde dessa ter\u00e7a-feira (26) e come\u00e7o da manh\u00e3 desta quarta (27), nas cidades de Jo\u00e3o Pessoa, Patos e Sousa. Os presos eram procurados pela justi\u00e7a por roubo, homic\u00eddio e amea\u00e7a.<br><br>As a\u00e7\u00f5es que resultaram no cumprimento dos mandados de pris\u00e3o fazem parte da Opera\u00e7\u00e3o Paradigma, que completa um m\u00eas de atua\u00e7\u00e3o no pr\u00f3ximo dia 4. Os presos das \u00faltimas horas t\u00eam 30, 32, 37 e 52 anos.<br><br>Eles foram apresentados nas delegacias das cidades onde foram presos.<\/p>\n","protected":false},"excerpt":{"rendered":"<p>Quatro mandados de pris\u00e3o foram cumpridos, entre a tarde dessa ter\u00e7a-feira (26) e come\u00e7o da manh\u00e3 desta quarta (27), nas<\/p>\n","protected":false},"author":5,"featured_media":914199,"comment_status":"closed","ping_status":"closed","sticky":false,"template":"","format":"standard","meta":{"_exactmetrics_skip_tracking":false,"_exactmetrics_sitenote_active":false,"_exactmetrics_sitenote_note":"","_exactmetrics_sitenote_category":0,"footnotes":""},"categories":[4],"tags":[],"yoast_head":"<!-- This site is optimized with the Yoast SEO plugin v22.0 - https:\/\/yoast.com\/wordpress\/plugins\/seo\/ -->\n<title>Pol\u00edcia Militar cumpre quatro mandados de pris\u00e3o contra procurados da justi\u00e7a da Para\u00edba - Pol\u00edcia Militar da Para\u00edba<\/title>\n<meta name=\"robots\" content=\"index, follow, max-snippet:-1, max-image-preview:large, max-video-preview:-1\" \/>\n<link rel=\"canonical\" href=\"https:\/\/www.pm.pb.gov.br\/portal\/2022\/04\/27\/policia-militar-cumpre-quatro-mandados-de-prisao-contra-procurados-da-justica-da-paraiba\/\" \/>\n<meta property=\"og:locale\" content=\"pt_BR\" \/>\n<meta property=\"og:type\" content=\"article\" \/>\n<meta property=\"og:title\" content=\"Pol\u00edcia Militar cumpre quatro mandados de pris\u00e3o contra procurados da justi\u00e7a da Para\u00edba - Pol\u00edcia Militar da Para\u00edba\" \/>\n<meta property=\"og:description\" content=\"Quatro mandados de pris\u00e3o foram cumpridos, entre a tarde dessa ter\u00e7a-feira (26) e come\u00e7o da manh\u00e3 desta quarta (27), nas\" \/>\n<meta property=\"og:url\" content=\"https:\/\/www.pm.pb.gov.br\/portal\/2022\/04\/27\/policia-militar-cumpre-quatro-mandados-de-prisao-contra-procurados-da-justica-da-paraiba\/\" \/>\n<meta property=\"og:site_name\" content=\"Pol\u00edcia Militar da Para\u00edba\" \/>\n<meta property=\"article:published_time\" content=\"2022-04-27T23:14:58+00:00\" \/>\n<meta property=\"article:modified_time\" content=\"2022-04-27T23:15:00+00:00\" \/>\n<meta property=\"og:image\" content=\"http:\/\/www.pm.pb.gov.br\/portal\/wp-content\/uploads\/2022\/04\/ZONA-SUL-DE-JP-1.jpg\" \/>\n\t<meta property=\"og:image:width\" content=\"1599\" \/>\n\t<meta property=\"og:image:height\" content=\"899\" \/>\n\t<meta property=\"og:image:type\" content=\"image\/jpeg\" \/>\n<meta name=\"author\" content=\"Assessoria de Imprensa da PMPB\" \/>\n<meta name=\"twitter:card\" content=\"summary_large_image\" \/>\n<meta name=\"twitter:label1\" content=\"Escrito por\" \/>\n\t<meta name=\"twitter:data1\" content=\"Assessoria de Imprensa da PMPB\" \/>\n\t<meta name=\"twitter:label2\" content=\"Est. tempo de leitura\" \/>\n\t<meta name=\"twitter:data2\" content=\"1 minuto\" \/>\n<script type=\"application\/ld+json\" class=\"yoast-schema-graph\">{\"@context\":\"https:\/\/schema.org\",\"@graph\":[{\"@type\":\"Article\",\"@id\":\"https:\/\/www.pm.pb.gov.br\/portal\/2022\/04\/27\/policia-militar-cumpre-quatro-mandados-de-prisao-contra-procurados-da-justica-da-paraiba\/#article\",\"isPartOf\":{\"@id\":\"https:\/\/www.pm.pb.gov.br\/portal\/2022\/04\/27\/policia-militar-cumpre-quatro-mandados-de-prisao-contra-procurados-da-justica-da-paraiba\/\"},\"author\":{\"name\":\"Assessoria de Imprensa da PMPB\",\"@id\":\"https:\/\/www.pm.pb.gov.br\/portal\/#\/schema\/person\/e8454f46651c3ecf0e1ba3c1666d9947\"},\"headline\":\"Pol\u00edcia Militar cumpre quatro mandados de pris\u00e3o contra procurados da justi\u00e7a da Para\u00edba\",\"datePublished\":\"2022-04-27T23:14:58+00:00\",\"dateModified\":\"2022-04-27T23:15:00+00:00\",\"mainEntityOfPage\":{\"@id\":\"https:\/\/www.pm.pb.gov.br\/portal\/2022\/04\/27\/policia-militar-cumpre-quatro-mandados-de-prisao-contra-procurados-da-justica-da-paraiba\/\"},\"wordCount\":109,\"publisher\":{\"@id\":\"https:\/\/www.pm.pb.gov.br\/portal\/#organization\"},\"articleSection\":[\"A\u00e7\u00f5es Policiais\"],\"inLanguage\":\"pt-BR\"},{\"@type\":\"WebPage\",\"@id\":\"https:\/\/www.pm.pb.gov.br\/portal\/2022\/04\/27\/policia-militar-cumpre-quatro-mandados-de-prisao-contra-procurados-da-justica-da-paraiba\/\",\"url\":\"https:\/\/www.pm.pb.gov.br\/portal\/2022\/04\/27\/policia-militar-cumpre-quatro-mandados-de-prisao-contra-procurados-da-justica-da-paraiba\/\",\"name\":\"Pol\u00edcia Militar cumpre quatro mandados de pris\u00e3o contra procurados da justi\u00e7a da Para\u00edba - Pol\u00edcia Militar da Para\u00edba\",\"isPartOf\":{\"@id\":\"https:\/\/www.pm.pb.gov.br\/portal\/#website\"},\"datePublished\":\"2022-04-27T23:14:58+00:00\",\"dateModified\":\"2022-04-27T23:15:00+00:00\",\"breadcrumb\":{\"@id\":\"https:\/\/www.pm.pb.gov.br\/portal\/2022\/04\/27\/policia-militar-cumpre-quatro-mandados-de-prisao-contra-procurados-da-justica-da-paraiba\/#breadcrumb\"},\"inLanguage\":\"pt-BR\",\"potentialAction\":[{\"@type\":\"ReadAction\",\"target\":[\"https:\/\/www.pm.pb.gov.br\/portal\/2022\/04\/27\/policia-militar-cumpre-quatro-mandados-de-prisao-contra-procurados-da-justica-da-paraiba\/\"]}]},{\"@type\":\"BreadcrumbList\",\"@id\":\"https:\/\/www.pm.pb.gov.br\/portal\/2022\/04\/27\/policia-militar-cumpre-quatro-mandados-de-prisao-contra-procurados-da-justica-da-paraiba\/#breadcrumb\",\"itemListElement\":[{\"@type\":\"ListItem\",\"position\":1,\"name\":\"In\u00edcio\",\"item\":\"https:\/\/www.pm.pb.gov.br\/portal\/\"},{\"@type\":\"ListItem\",\"position\":2,\"name\":\"Pol\u00edcia Militar cumpre quatro mandados de pris\u00e3o contra procurados da justi\u00e7a da Para\u00edba\"}]},{\"@type\":\"WebSite\",\"@id\":\"https:\/\/www.pm.pb.gov.br\/portal\/#website\",\"url\":\"https:\/\/www.pm.pb.gov.br\/portal\/\",\"name\":\"Pol\u00edcia Militar da Para\u00edba\",\"description\":\"\",\"publisher\":{\"@id\":\"https:\/\/www.pm.pb.gov.br\/portal\/#organization\"},\"potentialAction\":[{\"@type\":\"SearchAction\",\"target\":{\"@type\":\"EntryPoint\",\"urlTemplate\":\"https:\/\/www.pm.pb.gov.br\/portal\/?s={search_term_string}\"},\"query-input\":\"required name=search_term_string\"}],\"inLanguage\":\"pt-BR\"},{\"@type\":\"Organization\",\"@id\":\"https:\/\/www.pm.pb.gov.br\/portal\/#organization\",\"name\":\"Pol\u00edcia Militar da Para\u00edba\",\"url\":\"https:\/\/www.pm.pb.gov.br\/portal\/\",\"logo\":{\"@type\":\"ImageObject\",\"inLanguage\":\"pt-BR\",\"@id\":\"https:\/\/www.pm.pb.gov.br\/portal\/#\/schema\/logo\/image\/\",\"url\":\"https:\/\/www.pm.pb.gov.br\/portal\/wp-content\/uploads\/2025\/03\/cropped-logo-site-mag2-1.png\",\"contentUrl\":\"https:\/\/www.pm.pb.gov.br\/portal\/wp-content\/uploads\/2025\/03\/cropped-logo-site-mag2-1.png\",\"width\":320,\"height\":90,\"caption\":\"Pol\u00edcia Militar da Para\u00edba\"},\"image\":{\"@id\":\"https:\/\/www.pm.pb.gov.br\/portal\/#\/schema\/logo\/image\/\"}},{\"@type\":\"Person\",\"@id\":\"https:\/\/www.pm.pb.gov.br\/portal\/#\/schema\/person\/e8454f46651c3ecf0e1ba3c1666d9947\",\"name\":\"Assessoria de Imprensa da PMPB\",\"image\":{\"@type\":\"ImageObject\",\"inLanguage\":\"pt-BR\",\"@id\":\"https:\/\/www.pm.pb.gov.br\/portal\/#\/schema\/person\/image\/\",\"url\":\"https:\/\/secure.gravatar.com\/avatar\/2efe197438265d1e90bd98c4c8e1acf8?s=96&d=mm&r=g\",\"contentUrl\":\"https:\/\/secure.gravatar.com\/avatar\/2efe197438265d1e90bd98c4c8e1acf8?s=96&d=mm&r=g\",\"caption\":\"Assessoria de Imprensa da PMPB\"},\"url\":\"https:\/\/www.pm.pb.gov.br\/portal\/author\/assessoria\/\"}]}<\/script>\n<!-- \/ Yoast SEO plugin. -->","yoast_head_json":{"title":"Pol\u00edcia Militar cumpre quatro mandados de pris\u00e3o contra procurados da justi\u00e7a da Para\u00edba - Pol\u00edcia Militar da Para\u00edba","robots":{"index":"index","follow":"follow","max-snippet":"max-snippet:-1","max-image-preview":"max-image-preview:large","max-video-preview":"max-video-preview:-1"},"canonical":"https:\/\/www.pm.pb.gov.br\/portal\/2022\/04\/27\/policia-militar-cumpre-quatro-mandados-de-prisao-contra-procurados-da-justica-da-paraiba\/","og_locale":"pt_BR","og_type":"article","og_title":"Pol\u00edcia Militar cumpre quatro mandados de pris\u00e3o contra procurados da justi\u00e7a da Para\u00edba - Pol\u00edcia Militar da Para\u00edba","og_description":"Quatro mandados de pris\u00e3o foram cumpridos, entre a tarde dessa ter\u00e7a-feira (26) e come\u00e7o da manh\u00e3 desta quarta (27), nas","og_url":"https:\/\/www.pm.pb.gov.br\/portal\/2022\/04\/27\/policia-militar-cumpre-quatro-mandados-de-prisao-contra-procurados-da-justica-da-paraiba\/","og_site_name":"Pol\u00edcia Militar da Para\u00edba","article_published_time":"2022-04-27T23:14:58+00:00","article_modified_time":"2022-04-27T23:15:00+00:00","og_image":[{"width":1599,"height":899,"url":"http:\/\/www.pm.pb.gov.br\/portal\/wp-content\/uploads\/2022\/04\/ZONA-SUL-DE-JP-1.jpg","type":"image\/jpeg"}],"author":"Assessoria de Imprensa da PMPB","twitter_card":"summary_large_image","twitter_misc":{"Escrito por":"Assessoria de Imprensa da PMPB","Est. tempo de leitura":"1 minuto"},"schema":{"@context":"https:\/\/schema.org","@graph":[{"@type":"Article","@id":"https:\/\/www.pm.pb.gov.br\/portal\/2022\/04\/27\/policia-militar-cumpre-quatro-mandados-de-prisao-contra-procurados-da-justica-da-paraiba\/#article","isPartOf":{"@id":"https:\/\/www.pm.pb.gov.br\/portal\/2022\/04\/27\/policia-militar-cumpre-quatro-mandados-de-prisao-contra-procurados-da-justica-da-paraiba\/"},"author":{"name":"Assessoria de Imprensa da PMPB","@id":"https:\/\/www.pm.pb.gov.br\/portal\/#\/schema\/person\/e8454f46651c3ecf0e1ba3c1666d9947"},"headline":"Pol\u00edcia Militar cumpre quatro mandados de pris\u00e3o contra procurados da justi\u00e7a da Para\u00edba","datePublished":"2022-04-27T23:14:58+00:00","dateModified":"2022-04-27T23:15:00+00:00","mainEntityOfPage":{"@id":"https:\/\/www.pm.pb.gov.br\/portal\/2022\/04\/27\/policia-militar-cumpre-quatro-mandados-de-prisao-contra-procurados-da-justica-da-paraiba\/"},"wordCount":109,"publisher":{"@id":"https:\/\/www.pm.pb.gov.br\/portal\/#organization"},"articleSection":["A\u00e7\u00f5es Policiais"],"inLanguage":"pt-BR"},{"@type":"WebPage","@id":"https:\/\/www.pm.pb.gov.br\/portal\/2022\/04\/27\/policia-militar-cumpre-quatro-mandados-de-prisao-contra-procurados-da-justica-da-paraiba\/","url":"https:\/\/www.pm.pb.gov.br\/portal\/2022\/04\/27\/policia-militar-cumpre-quatro-mandados-de-prisao-contra-procurados-da-justica-da-paraiba\/","name":"Pol\u00edcia Militar cumpre quatro mandados de pris\u00e3o contra procurados da justi\u00e7a da Para\u00edba - Pol\u00edcia Militar da Para\u00edba","isPartOf":{"@id":"https:\/\/www.pm.pb.gov.br\/portal\/#website"},"datePublished":"2022-04-27T23:14:58+00:00","dateModified":"2022-04-27T23:15:00+00:00","breadcrumb":{"@id":"https:\/\/www.pm.pb.gov.br\/portal\/2022\/04\/27\/policia-militar-cumpre-quatro-mandados-de-prisao-contra-procurados-da-justica-da-paraiba\/#breadcrumb"},"inLanguage":"pt-BR","potentialAction":[{"@type":"ReadAction","target":["https:\/\/www.pm.pb.gov.br\/portal\/2022\/04\/27\/policia-militar-cumpre-quatro-mandados-de-prisao-contra-procurados-da-justica-da-paraiba\/"]}]},{"@type":"BreadcrumbList","@id":"https:\/\/www.pm.pb.gov.br\/portal\/2022\/04\/27\/policia-militar-cumpre-quatro-mandados-de-prisao-contra-procurados-da-justica-da-paraiba\/#breadcrumb","itemListElement":[{"@type":"ListItem","position":1,"name":"In\u00edcio","item":"https:\/\/www.pm.pb.gov.br\/portal\/"},{"@type":"ListItem","position":2,"name":"Pol\u00edcia Militar cumpre quatro mandados de pris\u00e3o contra procurados da justi\u00e7a da Para\u00edba"}]},{"@type":"WebSite","@id":"https:\/\/www.pm.pb.gov.br\/portal\/#website","url":"https:\/\/www.pm.pb.gov.br\/portal\/","name":"Pol\u00edcia Militar da Para\u00edba","description":"","publisher":{"@id":"https:\/\/www.pm.pb.gov.br\/portal\/#organization"},"potentialAction":[{"@type":"SearchAction","target":{"@type":"EntryPoint","urlTemplate":"https:\/\/www.pm.pb.gov.br\/portal\/?s={search_term_string}"},"query-input":"required name=search_term_string"}],"inLanguage":"pt-BR"},{"@type":"Organization","@id":"https:\/\/www.pm.pb.gov.br\/portal\/#organization","name":"Pol\u00edcia Militar da Para\u00edba","url":"https:\/\/www.pm.pb.gov.br\/portal\/","logo":{"@type":"ImageObject","inLanguage":"pt-BR","@id":"https:\/\/www.pm.pb.gov.br\/portal\/#\/schema\/logo\/image\/","url":"https:\/\/www.pm.pb.gov.br\/portal\/wp-content\/uploads\/2025\/03\/cropped-logo-site-mag2-1.png","contentUrl":"https:\/\/www.pm.pb.gov.br\/portal\/wp-content\/uploads\/2025\/03\/cropped-logo-site-mag2-1.png","width":320,"height":90,"caption":"Pol\u00edcia Militar da Para\u00edba"},"image":{"@id":"https:\/\/www.pm.pb.gov.br\/portal\/#\/schema\/logo\/image\/"}},{"@type":"Person","@id":"https:\/\/www.pm.pb.gov.br\/portal\/#\/schema\/person\/e8454f46651c3ecf0e1ba3c1666d9947","name":"Assessoria de Imprensa da PMPB","image":{"@type":"ImageObject","inLanguage":"pt-BR","@id":"https:\/\/www.pm.pb.gov.br\/portal\/#\/schema\/person\/image\/","url":"https:\/\/secure.gravatar.com\/avatar\/2efe197438265d1e90bd98c4c8e1acf8?s=96&d=mm&r=g","contentUrl":"https:\/\/secure.gravatar.com\/avatar\/2efe197438265d1e90bd98c4c8e1acf8?s=96&d=mm&r=g","caption":"Assessoria de Imprensa da PMPB"},"url":"https:\/\/www.pm.pb.gov.br\/portal\/author\/assessoria\/"}]}},"_links":{"self":[{"href":"https:\/\/www.pm.pb.gov.br\/portal\/wp-json\/wp\/v2\/posts\/914186"}],"collection":[{"href":"https:\/\/www.pm.pb.gov.br\/portal\/wp-json\/wp\/v2\/posts"}],"about":[{"href":"https:\/\/www.pm.pb.gov.br\/portal\/wp-json\/wp\/v2\/types\/post"}],"author":[{"embeddable":true,"href":"https:\/\/www.pm.pb.gov.br\/portal\/wp-json\/wp\/v2\/users\/5"}],"replies":[{"embeddable":true,"href":"https:\/\/www.pm.pb.gov.br\/portal\/wp-json\/wp\/v2\/comments?post=914186"}],"version-history":[{"count":2,"href":"https:\/\/www.pm.pb.gov.br\/portal\/wp-json\/wp\/v2\/posts\/914186\/revisions"}],"predecessor-version":[{"id":914200,"href":"https:\/\/www.pm.pb.gov.br\/portal\/wp-json\/wp\/v2\/posts\/914186\/revisions\/914200"}],"wp:featuredmedia":[{"embeddable":true,"href":"https:\/\/www.pm.pb.gov.br\/portal\/wp-json\/wp\/v2\/media\/914199"}],"wp:attachment":[{"href":"https:\/\/www.pm.pb.gov.br\/portal\/wp-json\/wp\/v2\/media?parent=914186"}],"wp:term":[{"taxonomy":"category","embeddable":true,"href":"https:\/\/www.pm.pb.gov.br\/portal\/wp-json\/wp\/v2\/categories?post=914186"},{"taxonomy":"post_tag","embeddable":true,"href":"https:\/\/www.pm.pb.gov.br\/portal\/wp-json\/wp\/v2\/tags?post=914186"}],"curies":[{"name":"wp","href":"https:\/\/api.w.org\/{rel}","templated":true}]}}