{"id":913911,"date":"2022-04-07T04:51:58","date_gmt":"2022-04-07T07:51:58","guid":{"rendered":"https:\/\/www.pm.pb.gov.br\/portal\/?p=913911"},"modified":"2022-04-07T04:52:01","modified_gmt":"2022-04-07T07:52:01","slug":"governador-joao-azevedo-acompanha-passagem-de-comando-da-policia-militar","status":"publish","type":"post","link":"https:\/\/www.pm.pb.gov.br\/portal\/2022\/04\/07\/governador-joao-azevedo-acompanha-passagem-de-comando-da-policia-militar\/","title":{"rendered":"Governador Jo\u00e3o Azev\u00eado acompanha passagem de comando da Pol\u00edcia Militar"},"content":{"rendered":"\n<p>O governador Jo\u00e3o Azev\u00eado empossou, nesta quarta-feira (6), o novo comandante da Pol\u00edcia Militar da Para\u00edba, coronel S\u00e9rgio Fonseca, que substitui o coronel Euller Chaves. Na ocasi\u00e3o, tamb\u00e9m foram empossados o novo subcomandante da corpora\u00e7\u00e3o, coronel Jos\u00e9 Ronildo Sousa; o secret\u00e1rio de Estado da Administra\u00e7\u00e3o Penitenci\u00e1ria, Jo\u00e3o Alves de Albuquerque; e o corregedor geral da Secretaria de Estado da Seguran\u00e7a e Defesa Social, coronel Jair Carneiro de Barros. A solenidade de passagem do comando da Pol\u00edcia Militar ocorreu no Pavilh\u00e3o de Feiras e Exposi\u00e7\u00f5es do Centro de Conven\u00e7\u00f5es, em Jo\u00e3o Pessoa. <br><br><img loading=\"lazy\" decoding=\"async\" width=\"2560\" height=\"1707\" class=\"wp-image-913919\" style=\"width: 800px;\" src=\"http:\/\/www.pm.pb.gov.br\/portal\/wp-content\/uploads\/2022\/04\/unnamed-3-scaled.jpg\" alt=\"\" srcset=\"https:\/\/www.pm.pb.gov.br\/portal\/wp-content\/uploads\/2022\/04\/unnamed-3-scaled.jpg 2560w, https:\/\/www.pm.pb.gov.br\/portal\/wp-content\/uploads\/2022\/04\/unnamed-3-667x445.jpg 667w, https:\/\/www.pm.pb.gov.br\/portal\/wp-content\/uploads\/2022\/04\/unnamed-3-855x570.jpg 855w, https:\/\/www.pm.pb.gov.br\/portal\/wp-content\/uploads\/2022\/04\/unnamed-3-768x512.jpg 768w, https:\/\/www.pm.pb.gov.br\/portal\/wp-content\/uploads\/2022\/04\/unnamed-3-1536x1024.jpg 1536w, https:\/\/www.pm.pb.gov.br\/portal\/wp-content\/uploads\/2022\/04\/unnamed-3-2048x1366.jpg 2048w, https:\/\/www.pm.pb.gov.br\/portal\/wp-content\/uploads\/2022\/04\/unnamed-3-272x182.jpg 272w\" sizes=\"(max-width: 2560px) 100vw, 2560px\" \/><br> <br>Na oportunidade, o chefe do Executivo estadual agradeceu ao ex-comandante da Pol\u00edcia Militar, coronel Euller Chaves, pelo trabalho desenvolvido \u00e0 frente da institui\u00e7\u00e3o e desejou \u00eaxito ao novo comandante, S\u00e9rgio Fonseca. \u201cN\u00f3s sabemos da dedica\u00e7\u00e3o do coronel Euller no comando de uma corpora\u00e7\u00e3o que tem cerca de 10 mil homens e mulheres e de que ele fez muito pelo estado, e o novo comando chega com a miss\u00e3o de manter e avan\u00e7ar para tornar a Para\u00edba um estado mais seguro a cada dia. Os resultados que temos apontam o nosso estado como um dos melhores do Brasil na seguran\u00e7a, conforme estudos do Centro de Lideran\u00e7a P\u00fablica, e vamos manter esse ritmo forte de a\u00e7\u00e3o para que continuemos a proteger o nosso povo\u201d, frisou. <br> <br>O gestor tamb\u00e9m destacou as a\u00e7\u00f5es de valoriza\u00e7\u00e3o dos profissionais de Seguran\u00e7a. \u201cCom muito di\u00e1logo com as categorias, estamos extinguindo a bolsa desempenho, aumentamos em 24% o valor do cart\u00e3o alimenta\u00e7\u00e3o, reajustamos as horas-extras, reduzimos o tempo de promo\u00e7\u00f5es, bem como investimos em equipamentos, estrutura, tecnologia e armamentos para que nossos policiais exer\u00e7am suas fun\u00e7\u00f5es com dignidade porque o nosso compromisso \u00e9 promover uma seguran\u00e7a p\u00fablica de qualidade\u201d, acrescentou. <br> <br>O secret\u00e1rio de estado da Seguran\u00e7a e Defesa Social, Jean Francisco Nunes, evidenciou que o trabalho conjunto entre as for\u00e7as de Seguran\u00e7a ir\u00e1 permanecer com a realiza\u00e7\u00e3o de a\u00e7\u00f5es estrat\u00e9gicas voltadas para o combate ao crime. \u201cN\u00f3s vamos dar continuidade ao que vem dando certo, aprimorar a pol\u00edtica que vem sendo implementada e inovar com outras a\u00e7\u00f5es e opera\u00e7\u00f5es, numa integra\u00e7\u00e3o entre Pol\u00edcias Civil, Militar, Penal e Bombeiros para que a gente possa assegurar a sensa\u00e7\u00e3o de seguran\u00e7a que a popula\u00e7\u00e3o merece\u201d, disse. <br> <br>O novo comandante-geral da Pol\u00edcia Militar, coronel S\u00e9rgio Fonseca, assegurou compromisso e engajamento em a\u00e7\u00f5es e projetos para proporcionar a seguran\u00e7a dos paraibanos. \u201cEssa \u00e9 a data mais marcante da minha vida profissional e assumo  com muita responsabilidade, agradecendo a Deus e ao governador Jo\u00e3o Azev\u00eado por ter confiado a n\u00f3s essa miss\u00e3o e a popula\u00e7\u00e3o pode esperar muito trabalho, dedica\u00e7\u00e3o, zelo e a\u00e7\u00f5es, com uma pol\u00edcia cada vez mais atuante, com efetiva presen\u00e7a nas ruas, com novos conceitos operacionais, uso da tecnologia e repress\u00e3o qualificada\u201d, sustentou. <\/p>\n\n\n\n<p><img loading=\"lazy\" decoding=\"async\" width=\"2560\" height=\"1707\" class=\"wp-image-913920\" style=\"width: 800px;\" src=\"http:\/\/www.pm.pb.gov.br\/portal\/wp-content\/uploads\/2022\/04\/unnamed-1-scaled.jpg\" alt=\"\" srcset=\"https:\/\/www.pm.pb.gov.br\/portal\/wp-content\/uploads\/2022\/04\/unnamed-1-scaled.jpg 2560w, https:\/\/www.pm.pb.gov.br\/portal\/wp-content\/uploads\/2022\/04\/unnamed-1-667x445.jpg 667w, https:\/\/www.pm.pb.gov.br\/portal\/wp-content\/uploads\/2022\/04\/unnamed-1-855x570.jpg 855w, https:\/\/www.pm.pb.gov.br\/portal\/wp-content\/uploads\/2022\/04\/unnamed-1-768x512.jpg 768w, https:\/\/www.pm.pb.gov.br\/portal\/wp-content\/uploads\/2022\/04\/unnamed-1-1536x1024.jpg 1536w, https:\/\/www.pm.pb.gov.br\/portal\/wp-content\/uploads\/2022\/04\/unnamed-1-2048x1366.jpg 2048w, https:\/\/www.pm.pb.gov.br\/portal\/wp-content\/uploads\/2022\/04\/unnamed-1-272x182.jpg 272w\" sizes=\"(max-width: 2560px) 100vw, 2560px\" \/><br> <br>O coronel Euller Chaves, que deixou o comando da corpora\u00e7\u00e3o, fez um balan\u00e7o de sua gest\u00e3o. \u201cN\u00f3s temos orgulho do nosso legado, pois exercemos um trabalho com paix\u00e3o e responsabilidade, com a consci\u00eancia do dever cumprido no combate \u00e0 criminalidade, com reconhecimento nacional e implanta\u00e7\u00e3o de importantes a\u00e7\u00f5es que tamb\u00e9m nos permitiu cuidar da tropa com transpar\u00eancia e visibilidade\u201d, pontuou.<br> <br>Tamb\u00e9m empossado na solenidade, o novo secret\u00e1rio de estado da Administra\u00e7\u00e3o Penitenci\u00e1ria, Jo\u00e3o Alves, afirmou que ir\u00e1 manter o trabalho de fortalecimento das a\u00e7\u00f5es de ressocializa\u00e7\u00e3o no sistema prisional. \u201cN\u00f3s daremos as condi\u00e7\u00f5es para que as pessoas privadas de liberdade tenham acesso \u00e0 ressocializa\u00e7\u00e3o, podendo sair preparadas para o mercado de trabalho e com condi\u00e7\u00f5es de serem reintegradas \u00e0 sociedade. N\u00f3s temos projetos em andamento, outros j\u00e1 programados e iremos chegar a todo o estado com capacita\u00e7\u00e3o, educa\u00e7\u00e3o, sa\u00fade para dar dignidade aos reeducandos\u201d, falou.<br> <br>O novo corregedor-geral da Secretaria de Estado da Seguran\u00e7a e Defesa Social, coronel Jair Carneiro, tamb\u00e9m falou dos desafios \u00e0 frente do cargo. \u201cN\u00f3s sabemos que a corregedoria tem a miss\u00e3o de assistir e orientar todo o corpo das for\u00e7as de Seguran\u00e7a e o nosso maior desafio \u00e9 disseminar orienta\u00e7\u00f5es e formatar conhecimentos junto \u00e0s equipes de trabalho\u201d, comentou. <br> <br>O prefeito de Jo\u00e3o Pessoa, C\u00edcero Lucena; o vice-prefeito de Jo\u00e3o Pessoa, L\u00e9o Bezerra; os deputados federais Gerv\u00e1sio Maia Filho, Frei Anast\u00e1cio e Julian Lemos; o presidente da Assembleia Legislativa, Adriano Galdino, os deputados estaduais Wilson Filho, Raniery Paulino, Herv\u00e1zio Bezerra, Branco Mendes, Jutay Meneses e Pollyanna Dutra; vereadores; al\u00e9m de auxiliares da gest\u00e3o estadual prestigiaram o evento.<br><br>Fonte: SECOM<\/p>\n","protected":false},"excerpt":{"rendered":"<p>O governador Jo\u00e3o Azev\u00eado empossou, nesta quarta-feira (6), o novo comandante da Pol\u00edcia Militar da Para\u00edba, coronel S\u00e9rgio Fonseca, que<\/p>\n","protected":false},"author":5,"featured_media":913918,"comment_status":"closed","ping_status":"closed","sticky":false,"template":"","format":"standard","meta":{"_exactmetrics_skip_tracking":false,"_exactmetrics_sitenote_active":false,"_exactmetrics_sitenote_note":"","_exactmetrics_sitenote_category":0,"footnotes":""},"categories":[4],"tags":[],"yoast_head":"<!-- This site is optimized with the Yoast SEO plugin v22.0 - https:\/\/yoast.com\/wordpress\/plugins\/seo\/ -->\n<title>Governador Jo\u00e3o Azev\u00eado acompanha passagem de comando da Pol\u00edcia Militar - Pol\u00edcia Militar da Para\u00edba<\/title>\n<meta name=\"robots\" content=\"index, follow, max-snippet:-1, max-image-preview:large, max-video-preview:-1\" \/>\n<link rel=\"canonical\" href=\"https:\/\/www.pm.pb.gov.br\/portal\/2022\/04\/07\/governador-joao-azevedo-acompanha-passagem-de-comando-da-policia-militar\/\" \/>\n<meta property=\"og:locale\" content=\"pt_BR\" \/>\n<meta property=\"og:type\" content=\"article\" \/>\n<meta property=\"og:title\" content=\"Governador Jo\u00e3o Azev\u00eado acompanha passagem de comando da Pol\u00edcia Militar - Pol\u00edcia Militar da Para\u00edba\" \/>\n<meta property=\"og:description\" content=\"O governador Jo\u00e3o Azev\u00eado empossou, nesta quarta-feira (6), o novo comandante da Pol\u00edcia Militar da Para\u00edba, coronel S\u00e9rgio Fonseca, que\" \/>\n<meta property=\"og:url\" content=\"https:\/\/www.pm.pb.gov.br\/portal\/2022\/04\/07\/governador-joao-azevedo-acompanha-passagem-de-comando-da-policia-militar\/\" \/>\n<meta property=\"og:site_name\" content=\"Pol\u00edcia Militar da Para\u00edba\" \/>\n<meta property=\"article:published_time\" content=\"2022-04-07T07:51:58+00:00\" \/>\n<meta property=\"article:modified_time\" content=\"2022-04-07T07:52:01+00:00\" \/>\n<meta property=\"og:image\" content=\"http:\/\/www.pm.pb.gov.br\/portal\/wp-content\/uploads\/2022\/04\/unnamed-2-2-scaled.jpg\" \/>\n\t<meta property=\"og:image:width\" content=\"2560\" \/>\n\t<meta property=\"og:image:height\" content=\"1707\" \/>\n\t<meta property=\"og:image:type\" content=\"image\/jpeg\" \/>\n<meta name=\"author\" content=\"Assessoria de Imprensa da PMPB\" \/>\n<meta name=\"twitter:card\" content=\"summary_large_image\" \/>\n<meta name=\"twitter:label1\" content=\"Escrito por\" \/>\n\t<meta name=\"twitter:data1\" content=\"Assessoria de Imprensa da PMPB\" \/>\n\t<meta name=\"twitter:label2\" content=\"Est. tempo de leitura\" \/>\n\t<meta name=\"twitter:data2\" content=\"5 minutos\" \/>\n<script type=\"application\/ld+json\" class=\"yoast-schema-graph\">{\"@context\":\"https:\/\/schema.org\",\"@graph\":[{\"@type\":\"Article\",\"@id\":\"https:\/\/www.pm.pb.gov.br\/portal\/2022\/04\/07\/governador-joao-azevedo-acompanha-passagem-de-comando-da-policia-militar\/#article\",\"isPartOf\":{\"@id\":\"https:\/\/www.pm.pb.gov.br\/portal\/2022\/04\/07\/governador-joao-azevedo-acompanha-passagem-de-comando-da-policia-militar\/\"},\"author\":{\"name\":\"Assessoria de Imprensa da PMPB\",\"@id\":\"https:\/\/www.pm.pb.gov.br\/portal\/#\/schema\/person\/e8454f46651c3ecf0e1ba3c1666d9947\"},\"headline\":\"Governador Jo\u00e3o Azev\u00eado acompanha passagem de comando da Pol\u00edcia Militar\",\"datePublished\":\"2022-04-07T07:51:58+00:00\",\"dateModified\":\"2022-04-07T07:52:01+00:00\",\"mainEntityOfPage\":{\"@id\":\"https:\/\/www.pm.pb.gov.br\/portal\/2022\/04\/07\/governador-joao-azevedo-acompanha-passagem-de-comando-da-policia-militar\/\"},\"wordCount\":833,\"publisher\":{\"@id\":\"https:\/\/www.pm.pb.gov.br\/portal\/#organization\"},\"articleSection\":[\"A\u00e7\u00f5es Policiais\"],\"inLanguage\":\"pt-BR\"},{\"@type\":\"WebPage\",\"@id\":\"https:\/\/www.pm.pb.gov.br\/portal\/2022\/04\/07\/governador-joao-azevedo-acompanha-passagem-de-comando-da-policia-militar\/\",\"url\":\"https:\/\/www.pm.pb.gov.br\/portal\/2022\/04\/07\/governador-joao-azevedo-acompanha-passagem-de-comando-da-policia-militar\/\",\"name\":\"Governador Jo\u00e3o Azev\u00eado acompanha passagem de comando da Pol\u00edcia Militar - Pol\u00edcia Militar da Para\u00edba\",\"isPartOf\":{\"@id\":\"https:\/\/www.pm.pb.gov.br\/portal\/#website\"},\"datePublished\":\"2022-04-07T07:51:58+00:00\",\"dateModified\":\"2022-04-07T07:52:01+00:00\",\"breadcrumb\":{\"@id\":\"https:\/\/www.pm.pb.gov.br\/portal\/2022\/04\/07\/governador-joao-azevedo-acompanha-passagem-de-comando-da-policia-militar\/#breadcrumb\"},\"inLanguage\":\"pt-BR\",\"potentialAction\":[{\"@type\":\"ReadAction\",\"target\":[\"https:\/\/www.pm.pb.gov.br\/portal\/2022\/04\/07\/governador-joao-azevedo-acompanha-passagem-de-comando-da-policia-militar\/\"]}]},{\"@type\":\"BreadcrumbList\",\"@id\":\"https:\/\/www.pm.pb.gov.br\/portal\/2022\/04\/07\/governador-joao-azevedo-acompanha-passagem-de-comando-da-policia-militar\/#breadcrumb\",\"itemListElement\":[{\"@type\":\"ListItem\",\"position\":1,\"name\":\"In\u00edcio\",\"item\":\"https:\/\/www.pm.pb.gov.br\/portal\/\"},{\"@type\":\"ListItem\",\"position\":2,\"name\":\"Governador Jo\u00e3o Azev\u00eado acompanha passagem de comando da Pol\u00edcia Militar\"}]},{\"@type\":\"WebSite\",\"@id\":\"https:\/\/www.pm.pb.gov.br\/portal\/#website\",\"url\":\"https:\/\/www.pm.pb.gov.br\/portal\/\",\"name\":\"Pol\u00edcia Militar da Para\u00edba\",\"description\":\"\",\"publisher\":{\"@id\":\"https:\/\/www.pm.pb.gov.br\/portal\/#organization\"},\"potentialAction\":[{\"@type\":\"SearchAction\",\"target\":{\"@type\":\"EntryPoint\",\"urlTemplate\":\"https:\/\/www.pm.pb.gov.br\/portal\/?s={search_term_string}\"},\"query-input\":\"required name=search_term_string\"}],\"inLanguage\":\"pt-BR\"},{\"@type\":\"Organization\",\"@id\":\"https:\/\/www.pm.pb.gov.br\/portal\/#organization\",\"name\":\"Pol\u00edcia Militar da Para\u00edba\",\"url\":\"https:\/\/www.pm.pb.gov.br\/portal\/\",\"logo\":{\"@type\":\"ImageObject\",\"inLanguage\":\"pt-BR\",\"@id\":\"https:\/\/www.pm.pb.gov.br\/portal\/#\/schema\/logo\/image\/\",\"url\":\"https:\/\/www.pm.pb.gov.br\/portal\/wp-content\/uploads\/2025\/03\/cropped-logo-site-mag2-1.png\",\"contentUrl\":\"https:\/\/www.pm.pb.gov.br\/portal\/wp-content\/uploads\/2025\/03\/cropped-logo-site-mag2-1.png\",\"width\":320,\"height\":90,\"caption\":\"Pol\u00edcia Militar da Para\u00edba\"},\"image\":{\"@id\":\"https:\/\/www.pm.pb.gov.br\/portal\/#\/schema\/logo\/image\/\"}},{\"@type\":\"Person\",\"@id\":\"https:\/\/www.pm.pb.gov.br\/portal\/#\/schema\/person\/e8454f46651c3ecf0e1ba3c1666d9947\",\"name\":\"Assessoria de Imprensa da PMPB\",\"image\":{\"@type\":\"ImageObject\",\"inLanguage\":\"pt-BR\",\"@id\":\"https:\/\/www.pm.pb.gov.br\/portal\/#\/schema\/person\/image\/\",\"url\":\"https:\/\/secure.gravatar.com\/avatar\/2efe197438265d1e90bd98c4c8e1acf8?s=96&d=mm&r=g\",\"contentUrl\":\"https:\/\/secure.gravatar.com\/avatar\/2efe197438265d1e90bd98c4c8e1acf8?s=96&d=mm&r=g\",\"caption\":\"Assessoria de Imprensa da PMPB\"},\"url\":\"https:\/\/www.pm.pb.gov.br\/portal\/author\/assessoria\/\"}]}<\/script>\n<!-- \/ Yoast SEO plugin. -->","yoast_head_json":{"title":"Governador Jo\u00e3o Azev\u00eado acompanha passagem de comando da Pol\u00edcia Militar - Pol\u00edcia Militar da Para\u00edba","robots":{"index":"index","follow":"follow","max-snippet":"max-snippet:-1","max-image-preview":"max-image-preview:large","max-video-preview":"max-video-preview:-1"},"canonical":"https:\/\/www.pm.pb.gov.br\/portal\/2022\/04\/07\/governador-joao-azevedo-acompanha-passagem-de-comando-da-policia-militar\/","og_locale":"pt_BR","og_type":"article","og_title":"Governador Jo\u00e3o Azev\u00eado acompanha passagem de comando da Pol\u00edcia Militar - Pol\u00edcia Militar da Para\u00edba","og_description":"O governador Jo\u00e3o Azev\u00eado empossou, nesta quarta-feira (6), o novo comandante da Pol\u00edcia Militar da Para\u00edba, coronel S\u00e9rgio Fonseca, que","og_url":"https:\/\/www.pm.pb.gov.br\/portal\/2022\/04\/07\/governador-joao-azevedo-acompanha-passagem-de-comando-da-policia-militar\/","og_site_name":"Pol\u00edcia Militar da Para\u00edba","article_published_time":"2022-04-07T07:51:58+00:00","article_modified_time":"2022-04-07T07:52:01+00:00","og_image":[{"width":2560,"height":1707,"url":"http:\/\/www.pm.pb.gov.br\/portal\/wp-content\/uploads\/2022\/04\/unnamed-2-2-scaled.jpg","type":"image\/jpeg"}],"author":"Assessoria de Imprensa da PMPB","twitter_card":"summary_large_image","twitter_misc":{"Escrito por":"Assessoria de Imprensa da PMPB","Est. tempo de leitura":"5 minutos"},"schema":{"@context":"https:\/\/schema.org","@graph":[{"@type":"Article","@id":"https:\/\/www.pm.pb.gov.br\/portal\/2022\/04\/07\/governador-joao-azevedo-acompanha-passagem-de-comando-da-policia-militar\/#article","isPartOf":{"@id":"https:\/\/www.pm.pb.gov.br\/portal\/2022\/04\/07\/governador-joao-azevedo-acompanha-passagem-de-comando-da-policia-militar\/"},"author":{"name":"Assessoria de Imprensa da PMPB","@id":"https:\/\/www.pm.pb.gov.br\/portal\/#\/schema\/person\/e8454f46651c3ecf0e1ba3c1666d9947"},"headline":"Governador Jo\u00e3o Azev\u00eado acompanha passagem de comando da Pol\u00edcia Militar","datePublished":"2022-04-07T07:51:58+00:00","dateModified":"2022-04-07T07:52:01+00:00","mainEntityOfPage":{"@id":"https:\/\/www.pm.pb.gov.br\/portal\/2022\/04\/07\/governador-joao-azevedo-acompanha-passagem-de-comando-da-policia-militar\/"},"wordCount":833,"publisher":{"@id":"https:\/\/www.pm.pb.gov.br\/portal\/#organization"},"articleSection":["A\u00e7\u00f5es Policiais"],"inLanguage":"pt-BR"},{"@type":"WebPage","@id":"https:\/\/www.pm.pb.gov.br\/portal\/2022\/04\/07\/governador-joao-azevedo-acompanha-passagem-de-comando-da-policia-militar\/","url":"https:\/\/www.pm.pb.gov.br\/portal\/2022\/04\/07\/governador-joao-azevedo-acompanha-passagem-de-comando-da-policia-militar\/","name":"Governador Jo\u00e3o Azev\u00eado acompanha passagem de comando da Pol\u00edcia Militar - Pol\u00edcia Militar da Para\u00edba","isPartOf":{"@id":"https:\/\/www.pm.pb.gov.br\/portal\/#website"},"datePublished":"2022-04-07T07:51:58+00:00","dateModified":"2022-04-07T07:52:01+00:00","breadcrumb":{"@id":"https:\/\/www.pm.pb.gov.br\/portal\/2022\/04\/07\/governador-joao-azevedo-acompanha-passagem-de-comando-da-policia-militar\/#breadcrumb"},"inLanguage":"pt-BR","potentialAction":[{"@type":"ReadAction","target":["https:\/\/www.pm.pb.gov.br\/portal\/2022\/04\/07\/governador-joao-azevedo-acompanha-passagem-de-comando-da-policia-militar\/"]}]},{"@type":"BreadcrumbList","@id":"https:\/\/www.pm.pb.gov.br\/portal\/2022\/04\/07\/governador-joao-azevedo-acompanha-passagem-de-comando-da-policia-militar\/#breadcrumb","itemListElement":[{"@type":"ListItem","position":1,"name":"In\u00edcio","item":"https:\/\/www.pm.pb.gov.br\/portal\/"},{"@type":"ListItem","position":2,"name":"Governador Jo\u00e3o Azev\u00eado acompanha passagem de comando da Pol\u00edcia Militar"}]},{"@type":"WebSite","@id":"https:\/\/www.pm.pb.gov.br\/portal\/#website","url":"https:\/\/www.pm.pb.gov.br\/portal\/","name":"Pol\u00edcia Militar da Para\u00edba","description":"","publisher":{"@id":"https:\/\/www.pm.pb.gov.br\/portal\/#organization"},"potentialAction":[{"@type":"SearchAction","target":{"@type":"EntryPoint","urlTemplate":"https:\/\/www.pm.pb.gov.br\/portal\/?s={search_term_string}"},"query-input":"required name=search_term_string"}],"inLanguage":"pt-BR"},{"@type":"Organization","@id":"https:\/\/www.pm.pb.gov.br\/portal\/#organization","name":"Pol\u00edcia Militar da Para\u00edba","url":"https:\/\/www.pm.pb.gov.br\/portal\/","logo":{"@type":"ImageObject","inLanguage":"pt-BR","@id":"https:\/\/www.pm.pb.gov.br\/portal\/#\/schema\/logo\/image\/","url":"https:\/\/www.pm.pb.gov.br\/portal\/wp-content\/uploads\/2025\/03\/cropped-logo-site-mag2-1.png","contentUrl":"https:\/\/www.pm.pb.gov.br\/portal\/wp-content\/uploads\/2025\/03\/cropped-logo-site-mag2-1.png","width":320,"height":90,"caption":"Pol\u00edcia Militar da Para\u00edba"},"image":{"@id":"https:\/\/www.pm.pb.gov.br\/portal\/#\/schema\/logo\/image\/"}},{"@type":"Person","@id":"https:\/\/www.pm.pb.gov.br\/portal\/#\/schema\/person\/e8454f46651c3ecf0e1ba3c1666d9947","name":"Assessoria de Imprensa da PMPB","image":{"@type":"ImageObject","inLanguage":"pt-BR","@id":"https:\/\/www.pm.pb.gov.br\/portal\/#\/schema\/person\/image\/","url":"https:\/\/secure.gravatar.com\/avatar\/2efe197438265d1e90bd98c4c8e1acf8?s=96&d=mm&r=g","contentUrl":"https:\/\/secure.gravatar.com\/avatar\/2efe197438265d1e90bd98c4c8e1acf8?s=96&d=mm&r=g","caption":"Assessoria de Imprensa da PMPB"},"url":"https:\/\/www.pm.pb.gov.br\/portal\/author\/assessoria\/"}]}},"_links":{"self":[{"href":"https:\/\/www.pm.pb.gov.br\/portal\/wp-json\/wp\/v2\/posts\/913911"}],"collection":[{"href":"https:\/\/www.pm.pb.gov.br\/portal\/wp-json\/wp\/v2\/posts"}],"about":[{"href":"https:\/\/www.pm.pb.gov.br\/portal\/wp-json\/wp\/v2\/types\/post"}],"author":[{"embeddable":true,"href":"https:\/\/www.pm.pb.gov.br\/portal\/wp-json\/wp\/v2\/users\/5"}],"replies":[{"embeddable":true,"href":"https:\/\/www.pm.pb.gov.br\/portal\/wp-json\/wp\/v2\/comments?post=913911"}],"version-history":[{"count":2,"href":"https:\/\/www.pm.pb.gov.br\/portal\/wp-json\/wp\/v2\/posts\/913911\/revisions"}],"predecessor-version":[{"id":913921,"href":"https:\/\/www.pm.pb.gov.br\/portal\/wp-json\/wp\/v2\/posts\/913911\/revisions\/913921"}],"wp:featuredmedia":[{"embeddable":true,"href":"https:\/\/www.pm.pb.gov.br\/portal\/wp-json\/wp\/v2\/media\/913918"}],"wp:attachment":[{"href":"https:\/\/www.pm.pb.gov.br\/portal\/wp-json\/wp\/v2\/media?parent=913911"}],"wp:term":[{"taxonomy":"category","embeddable":true,"href":"https:\/\/www.pm.pb.gov.br\/portal\/wp-json\/wp\/v2\/categories?post=913911"},{"taxonomy":"post_tag","embeddable":true,"href":"https:\/\/www.pm.pb.gov.br\/portal\/wp-json\/wp\/v2\/tags?post=913911"}],"curies":[{"name":"wp","href":"https:\/\/api.w.org\/{rel}","templated":true}]}}