{"id":913892,"date":"2022-04-05T22:06:25","date_gmt":"2022-04-06T01:06:25","guid":{"rendered":"https:\/\/www.pm.pb.gov.br\/portal\/?p=913892"},"modified":"2022-04-05T22:39:52","modified_gmt":"2022-04-06T01:39:52","slug":"resposta-operacao-paradigma-prende-suspeito-de-assaltar-loja-de-celulares-no-bairro-de-mangabeira","status":"publish","type":"post","link":"https:\/\/www.pm.pb.gov.br\/portal\/2022\/04\/05\/resposta-operacao-paradigma-prende-suspeito-de-assaltar-loja-de-celulares-no-bairro-de-mangabeira\/","title":{"rendered":"RESPOSTA: Opera\u00e7\u00e3o Paradigma prende suspeito de assaltar loja de celulares no bairro de Mangabeira"},"content":{"rendered":"\n<p>A Pol\u00edcia Militar prendeu, na noite desta segunda-feira (5), um dos suspeitos de assaltar uma loja de celulares, durante \u00e0 tarde, no bairro de Mangabeira, na zona sul de Jo\u00e3o Pessoa. O acusado, de 28 anos, estava com um mandado de pris\u00e3o em aberto por um crime de homic\u00eddio que aconteceu na cidade de Barra de Santa Rosa. A pris\u00e3o dele faz parte da Opera\u00e7\u00e3o Paradigma, que chega ao seu segundo dia de atua\u00e7\u00e3o.<br><br>Com o preso, que foi localizado no Planalto da Boa Esperan\u00e7a, no bairro do Valentina, os policiais do 5\u00ba Batalh\u00e3o recuperaram dois celulares, tr\u00eas fones de ouvido e dezoito rel\u00f3gios tipo smartwatch. Ele foi reconhecido pelas imagens de circuito de seguran\u00e7a da loja. <br><br>O material estava em um residencial, onde foi detido tamb\u00e9m um segundo suspeito, de 22 anos, que ter\u00e1 a participa\u00e7\u00e3o no crime investigada, j\u00e1 que ele n\u00e3o foi reconhecido pelas imagens. O caso foi levado para a Central de Flagrantes, no Geisel.<\/p>\n\n\n\n<p>Eles devem ser investigados tamb\u00e9m por um assalto a uma loja de baterias, que foi registrado na tarde do \u00faltimo dia 28, na rua Francisco Porf\u00edlio Ribeiro, em Mangabeira IV.<\/p>\n\n\n\n<p><img loading=\"lazy\" decoding=\"async\" width=\"1280\" height=\"720\" class=\"wp-image-913900\" style=\"width: 800px;\" src=\"http:\/\/www.pm.pb.gov.br\/portal\/wp-content\/uploads\/2022\/04\/249cd65c-a344-404a-a3df-36e7106c29e3-rotated.jpg\" alt=\"\" srcset=\"https:\/\/www.pm.pb.gov.br\/portal\/wp-content\/uploads\/2022\/04\/249cd65c-a344-404a-a3df-36e7106c29e3-rotated.jpg 1280w, https:\/\/www.pm.pb.gov.br\/portal\/wp-content\/uploads\/2022\/04\/249cd65c-a344-404a-a3df-36e7106c29e3-791x445.jpg 791w, https:\/\/www.pm.pb.gov.br\/portal\/wp-content\/uploads\/2022\/04\/249cd65c-a344-404a-a3df-36e7106c29e3-1013x570.jpg 1013w, https:\/\/www.pm.pb.gov.br\/portal\/wp-content\/uploads\/2022\/04\/249cd65c-a344-404a-a3df-36e7106c29e3-768x432.jpg 768w\" sizes=\"(max-width: 1280px) 100vw, 1280px\" \/><br><br><strong>Opera\u00e7\u00e3o Paradigma \u2013<\/strong> Em seu segundo dia de atua\u00e7\u00e3o, a Opera\u00e7\u00e3o Paradigma, deflagrada para aumentar a presen\u00e7a policial nas ruas, j\u00e1 resultou em 10 pris\u00f5es de suspeitos de porte ilegal de arma, assaltos, tr\u00e1fico de drogas e outros crimes. A Opera\u00e7\u00e3o, que tem \u00e0 frente o pr\u00f3prio comandante-geral da PM, coronel S\u00e9rgio Fonseca, deve continuar at\u00e9 o pr\u00f3ximo domingo, quando novas opera\u00e7\u00f5es ser\u00e3o desencadeadas. <br><\/p>\n","protected":false},"excerpt":{"rendered":"<p>A Pol\u00edcia Militar prendeu, na noite desta segunda-feira (5), um dos suspeitos de assaltar uma loja de celulares, durante \u00e0<\/p>\n","protected":false},"author":5,"featured_media":913900,"comment_status":"closed","ping_status":"closed","sticky":false,"template":"","format":"standard","meta":{"_exactmetrics_skip_tracking":false,"_exactmetrics_sitenote_active":false,"_exactmetrics_sitenote_note":"","_exactmetrics_sitenote_category":0,"footnotes":""},"categories":[4],"tags":[],"yoast_head":"<!-- This site is optimized with the Yoast SEO plugin v22.0 - https:\/\/yoast.com\/wordpress\/plugins\/seo\/ -->\n<title>RESPOSTA: Opera\u00e7\u00e3o Paradigma prende suspeito de assaltar loja de celulares no bairro de Mangabeira - Pol\u00edcia Militar da Para\u00edba<\/title>\n<meta name=\"robots\" content=\"index, follow, max-snippet:-1, max-image-preview:large, max-video-preview:-1\" \/>\n<link rel=\"canonical\" href=\"https:\/\/www.pm.pb.gov.br\/portal\/2022\/04\/05\/resposta-operacao-paradigma-prende-suspeito-de-assaltar-loja-de-celulares-no-bairro-de-mangabeira\/\" \/>\n<meta property=\"og:locale\" content=\"pt_BR\" \/>\n<meta property=\"og:type\" content=\"article\" \/>\n<meta property=\"og:title\" content=\"RESPOSTA: Opera\u00e7\u00e3o Paradigma prende suspeito de assaltar loja de celulares no bairro de Mangabeira - Pol\u00edcia Militar da Para\u00edba\" \/>\n<meta property=\"og:description\" content=\"A Pol\u00edcia Militar prendeu, na noite desta segunda-feira (5), um dos suspeitos de assaltar uma loja de celulares, durante \u00e0\" \/>\n<meta property=\"og:url\" content=\"https:\/\/www.pm.pb.gov.br\/portal\/2022\/04\/05\/resposta-operacao-paradigma-prende-suspeito-de-assaltar-loja-de-celulares-no-bairro-de-mangabeira\/\" \/>\n<meta property=\"og:site_name\" content=\"Pol\u00edcia Militar da Para\u00edba\" \/>\n<meta property=\"article:published_time\" content=\"2022-04-06T01:06:25+00:00\" \/>\n<meta property=\"article:modified_time\" content=\"2022-04-06T01:39:52+00:00\" \/>\n<meta property=\"og:image\" content=\"http:\/\/www.pm.pb.gov.br\/portal\/wp-content\/uploads\/2022\/04\/249cd65c-a344-404a-a3df-36e7106c29e3-rotated.jpg\" \/>\n\t<meta property=\"og:image:width\" content=\"1280\" \/>\n\t<meta property=\"og:image:height\" content=\"720\" \/>\n\t<meta property=\"og:image:type\" content=\"image\/jpeg\" \/>\n<meta name=\"author\" content=\"Assessoria de Imprensa da PMPB\" \/>\n<meta name=\"twitter:card\" content=\"summary_large_image\" \/>\n<meta name=\"twitter:label1\" content=\"Escrito por\" \/>\n\t<meta name=\"twitter:data1\" content=\"Assessoria de Imprensa da PMPB\" \/>\n\t<meta name=\"twitter:label2\" content=\"Est. tempo de leitura\" \/>\n\t<meta name=\"twitter:data2\" content=\"2 minutos\" \/>\n<script type=\"application\/ld+json\" class=\"yoast-schema-graph\">{\"@context\":\"https:\/\/schema.org\",\"@graph\":[{\"@type\":\"Article\",\"@id\":\"https:\/\/www.pm.pb.gov.br\/portal\/2022\/04\/05\/resposta-operacao-paradigma-prende-suspeito-de-assaltar-loja-de-celulares-no-bairro-de-mangabeira\/#article\",\"isPartOf\":{\"@id\":\"https:\/\/www.pm.pb.gov.br\/portal\/2022\/04\/05\/resposta-operacao-paradigma-prende-suspeito-de-assaltar-loja-de-celulares-no-bairro-de-mangabeira\/\"},\"author\":{\"name\":\"Assessoria de Imprensa da PMPB\",\"@id\":\"https:\/\/www.pm.pb.gov.br\/portal\/#\/schema\/person\/e8454f46651c3ecf0e1ba3c1666d9947\"},\"headline\":\"RESPOSTA: Opera\u00e7\u00e3o Paradigma prende suspeito de assaltar loja de celulares no bairro de Mangabeira\",\"datePublished\":\"2022-04-06T01:06:25+00:00\",\"dateModified\":\"2022-04-06T01:39:52+00:00\",\"mainEntityOfPage\":{\"@id\":\"https:\/\/www.pm.pb.gov.br\/portal\/2022\/04\/05\/resposta-operacao-paradigma-prende-suspeito-de-assaltar-loja-de-celulares-no-bairro-de-mangabeira\/\"},\"wordCount\":288,\"publisher\":{\"@id\":\"https:\/\/www.pm.pb.gov.br\/portal\/#organization\"},\"articleSection\":[\"A\u00e7\u00f5es Policiais\"],\"inLanguage\":\"pt-BR\"},{\"@type\":\"WebPage\",\"@id\":\"https:\/\/www.pm.pb.gov.br\/portal\/2022\/04\/05\/resposta-operacao-paradigma-prende-suspeito-de-assaltar-loja-de-celulares-no-bairro-de-mangabeira\/\",\"url\":\"https:\/\/www.pm.pb.gov.br\/portal\/2022\/04\/05\/resposta-operacao-paradigma-prende-suspeito-de-assaltar-loja-de-celulares-no-bairro-de-mangabeira\/\",\"name\":\"RESPOSTA: Opera\u00e7\u00e3o Paradigma prende suspeito de assaltar loja de celulares no bairro de Mangabeira - Pol\u00edcia Militar da Para\u00edba\",\"isPartOf\":{\"@id\":\"https:\/\/www.pm.pb.gov.br\/portal\/#website\"},\"datePublished\":\"2022-04-06T01:06:25+00:00\",\"dateModified\":\"2022-04-06T01:39:52+00:00\",\"breadcrumb\":{\"@id\":\"https:\/\/www.pm.pb.gov.br\/portal\/2022\/04\/05\/resposta-operacao-paradigma-prende-suspeito-de-assaltar-loja-de-celulares-no-bairro-de-mangabeira\/#breadcrumb\"},\"inLanguage\":\"pt-BR\",\"potentialAction\":[{\"@type\":\"ReadAction\",\"target\":[\"https:\/\/www.pm.pb.gov.br\/portal\/2022\/04\/05\/resposta-operacao-paradigma-prende-suspeito-de-assaltar-loja-de-celulares-no-bairro-de-mangabeira\/\"]}]},{\"@type\":\"BreadcrumbList\",\"@id\":\"https:\/\/www.pm.pb.gov.br\/portal\/2022\/04\/05\/resposta-operacao-paradigma-prende-suspeito-de-assaltar-loja-de-celulares-no-bairro-de-mangabeira\/#breadcrumb\",\"itemListElement\":[{\"@type\":\"ListItem\",\"position\":1,\"name\":\"In\u00edcio\",\"item\":\"https:\/\/www.pm.pb.gov.br\/portal\/\"},{\"@type\":\"ListItem\",\"position\":2,\"name\":\"RESPOSTA: Opera\u00e7\u00e3o Paradigma prende suspeito de assaltar loja de celulares no bairro de Mangabeira\"}]},{\"@type\":\"WebSite\",\"@id\":\"https:\/\/www.pm.pb.gov.br\/portal\/#website\",\"url\":\"https:\/\/www.pm.pb.gov.br\/portal\/\",\"name\":\"Pol\u00edcia Militar da Para\u00edba\",\"description\":\"\",\"publisher\":{\"@id\":\"https:\/\/www.pm.pb.gov.br\/portal\/#organization\"},\"potentialAction\":[{\"@type\":\"SearchAction\",\"target\":{\"@type\":\"EntryPoint\",\"urlTemplate\":\"https:\/\/www.pm.pb.gov.br\/portal\/?s={search_term_string}\"},\"query-input\":\"required name=search_term_string\"}],\"inLanguage\":\"pt-BR\"},{\"@type\":\"Organization\",\"@id\":\"https:\/\/www.pm.pb.gov.br\/portal\/#organization\",\"name\":\"Pol\u00edcia Militar da Para\u00edba\",\"url\":\"https:\/\/www.pm.pb.gov.br\/portal\/\",\"logo\":{\"@type\":\"ImageObject\",\"inLanguage\":\"pt-BR\",\"@id\":\"https:\/\/www.pm.pb.gov.br\/portal\/#\/schema\/logo\/image\/\",\"url\":\"https:\/\/www.pm.pb.gov.br\/portal\/wp-content\/uploads\/2025\/03\/cropped-logo-site-mag2-1.png\",\"contentUrl\":\"https:\/\/www.pm.pb.gov.br\/portal\/wp-content\/uploads\/2025\/03\/cropped-logo-site-mag2-1.png\",\"width\":320,\"height\":90,\"caption\":\"Pol\u00edcia Militar da Para\u00edba\"},\"image\":{\"@id\":\"https:\/\/www.pm.pb.gov.br\/portal\/#\/schema\/logo\/image\/\"}},{\"@type\":\"Person\",\"@id\":\"https:\/\/www.pm.pb.gov.br\/portal\/#\/schema\/person\/e8454f46651c3ecf0e1ba3c1666d9947\",\"name\":\"Assessoria de Imprensa da PMPB\",\"image\":{\"@type\":\"ImageObject\",\"inLanguage\":\"pt-BR\",\"@id\":\"https:\/\/www.pm.pb.gov.br\/portal\/#\/schema\/person\/image\/\",\"url\":\"https:\/\/secure.gravatar.com\/avatar\/2efe197438265d1e90bd98c4c8e1acf8?s=96&d=mm&r=g\",\"contentUrl\":\"https:\/\/secure.gravatar.com\/avatar\/2efe197438265d1e90bd98c4c8e1acf8?s=96&d=mm&r=g\",\"caption\":\"Assessoria de Imprensa da PMPB\"},\"url\":\"https:\/\/www.pm.pb.gov.br\/portal\/author\/assessoria\/\"}]}<\/script>\n<!-- \/ Yoast SEO plugin. -->","yoast_head_json":{"title":"RESPOSTA: Opera\u00e7\u00e3o Paradigma prende suspeito de assaltar loja de celulares no bairro de Mangabeira - Pol\u00edcia Militar da Para\u00edba","robots":{"index":"index","follow":"follow","max-snippet":"max-snippet:-1","max-image-preview":"max-image-preview:large","max-video-preview":"max-video-preview:-1"},"canonical":"https:\/\/www.pm.pb.gov.br\/portal\/2022\/04\/05\/resposta-operacao-paradigma-prende-suspeito-de-assaltar-loja-de-celulares-no-bairro-de-mangabeira\/","og_locale":"pt_BR","og_type":"article","og_title":"RESPOSTA: Opera\u00e7\u00e3o Paradigma prende suspeito de assaltar loja de celulares no bairro de Mangabeira - Pol\u00edcia Militar da Para\u00edba","og_description":"A Pol\u00edcia Militar prendeu, na noite desta segunda-feira (5), um dos suspeitos de assaltar uma loja de celulares, durante \u00e0","og_url":"https:\/\/www.pm.pb.gov.br\/portal\/2022\/04\/05\/resposta-operacao-paradigma-prende-suspeito-de-assaltar-loja-de-celulares-no-bairro-de-mangabeira\/","og_site_name":"Pol\u00edcia Militar da Para\u00edba","article_published_time":"2022-04-06T01:06:25+00:00","article_modified_time":"2022-04-06T01:39:52+00:00","og_image":[{"width":1280,"height":720,"url":"http:\/\/www.pm.pb.gov.br\/portal\/wp-content\/uploads\/2022\/04\/249cd65c-a344-404a-a3df-36e7106c29e3-rotated.jpg","type":"image\/jpeg"}],"author":"Assessoria de Imprensa da PMPB","twitter_card":"summary_large_image","twitter_misc":{"Escrito por":"Assessoria de Imprensa da PMPB","Est. tempo de leitura":"2 minutos"},"schema":{"@context":"https:\/\/schema.org","@graph":[{"@type":"Article","@id":"https:\/\/www.pm.pb.gov.br\/portal\/2022\/04\/05\/resposta-operacao-paradigma-prende-suspeito-de-assaltar-loja-de-celulares-no-bairro-de-mangabeira\/#article","isPartOf":{"@id":"https:\/\/www.pm.pb.gov.br\/portal\/2022\/04\/05\/resposta-operacao-paradigma-prende-suspeito-de-assaltar-loja-de-celulares-no-bairro-de-mangabeira\/"},"author":{"name":"Assessoria de Imprensa da PMPB","@id":"https:\/\/www.pm.pb.gov.br\/portal\/#\/schema\/person\/e8454f46651c3ecf0e1ba3c1666d9947"},"headline":"RESPOSTA: Opera\u00e7\u00e3o Paradigma prende suspeito de assaltar loja de celulares no bairro de Mangabeira","datePublished":"2022-04-06T01:06:25+00:00","dateModified":"2022-04-06T01:39:52+00:00","mainEntityOfPage":{"@id":"https:\/\/www.pm.pb.gov.br\/portal\/2022\/04\/05\/resposta-operacao-paradigma-prende-suspeito-de-assaltar-loja-de-celulares-no-bairro-de-mangabeira\/"},"wordCount":288,"publisher":{"@id":"https:\/\/www.pm.pb.gov.br\/portal\/#organization"},"articleSection":["A\u00e7\u00f5es Policiais"],"inLanguage":"pt-BR"},{"@type":"WebPage","@id":"https:\/\/www.pm.pb.gov.br\/portal\/2022\/04\/05\/resposta-operacao-paradigma-prende-suspeito-de-assaltar-loja-de-celulares-no-bairro-de-mangabeira\/","url":"https:\/\/www.pm.pb.gov.br\/portal\/2022\/04\/05\/resposta-operacao-paradigma-prende-suspeito-de-assaltar-loja-de-celulares-no-bairro-de-mangabeira\/","name":"RESPOSTA: Opera\u00e7\u00e3o Paradigma prende suspeito de assaltar loja de celulares no bairro de Mangabeira - Pol\u00edcia Militar da Para\u00edba","isPartOf":{"@id":"https:\/\/www.pm.pb.gov.br\/portal\/#website"},"datePublished":"2022-04-06T01:06:25+00:00","dateModified":"2022-04-06T01:39:52+00:00","breadcrumb":{"@id":"https:\/\/www.pm.pb.gov.br\/portal\/2022\/04\/05\/resposta-operacao-paradigma-prende-suspeito-de-assaltar-loja-de-celulares-no-bairro-de-mangabeira\/#breadcrumb"},"inLanguage":"pt-BR","potentialAction":[{"@type":"ReadAction","target":["https:\/\/www.pm.pb.gov.br\/portal\/2022\/04\/05\/resposta-operacao-paradigma-prende-suspeito-de-assaltar-loja-de-celulares-no-bairro-de-mangabeira\/"]}]},{"@type":"BreadcrumbList","@id":"https:\/\/www.pm.pb.gov.br\/portal\/2022\/04\/05\/resposta-operacao-paradigma-prende-suspeito-de-assaltar-loja-de-celulares-no-bairro-de-mangabeira\/#breadcrumb","itemListElement":[{"@type":"ListItem","position":1,"name":"In\u00edcio","item":"https:\/\/www.pm.pb.gov.br\/portal\/"},{"@type":"ListItem","position":2,"name":"RESPOSTA: Opera\u00e7\u00e3o Paradigma prende suspeito de assaltar loja de celulares no bairro de Mangabeira"}]},{"@type":"WebSite","@id":"https:\/\/www.pm.pb.gov.br\/portal\/#website","url":"https:\/\/www.pm.pb.gov.br\/portal\/","name":"Pol\u00edcia Militar da Para\u00edba","description":"","publisher":{"@id":"https:\/\/www.pm.pb.gov.br\/portal\/#organization"},"potentialAction":[{"@type":"SearchAction","target":{"@type":"EntryPoint","urlTemplate":"https:\/\/www.pm.pb.gov.br\/portal\/?s={search_term_string}"},"query-input":"required name=search_term_string"}],"inLanguage":"pt-BR"},{"@type":"Organization","@id":"https:\/\/www.pm.pb.gov.br\/portal\/#organization","name":"Pol\u00edcia Militar da Para\u00edba","url":"https:\/\/www.pm.pb.gov.br\/portal\/","logo":{"@type":"ImageObject","inLanguage":"pt-BR","@id":"https:\/\/www.pm.pb.gov.br\/portal\/#\/schema\/logo\/image\/","url":"https:\/\/www.pm.pb.gov.br\/portal\/wp-content\/uploads\/2025\/03\/cropped-logo-site-mag2-1.png","contentUrl":"https:\/\/www.pm.pb.gov.br\/portal\/wp-content\/uploads\/2025\/03\/cropped-logo-site-mag2-1.png","width":320,"height":90,"caption":"Pol\u00edcia Militar da Para\u00edba"},"image":{"@id":"https:\/\/www.pm.pb.gov.br\/portal\/#\/schema\/logo\/image\/"}},{"@type":"Person","@id":"https:\/\/www.pm.pb.gov.br\/portal\/#\/schema\/person\/e8454f46651c3ecf0e1ba3c1666d9947","name":"Assessoria de Imprensa da PMPB","image":{"@type":"ImageObject","inLanguage":"pt-BR","@id":"https:\/\/www.pm.pb.gov.br\/portal\/#\/schema\/person\/image\/","url":"https:\/\/secure.gravatar.com\/avatar\/2efe197438265d1e90bd98c4c8e1acf8?s=96&d=mm&r=g","contentUrl":"https:\/\/secure.gravatar.com\/avatar\/2efe197438265d1e90bd98c4c8e1acf8?s=96&d=mm&r=g","caption":"Assessoria de Imprensa da PMPB"},"url":"https:\/\/www.pm.pb.gov.br\/portal\/author\/assessoria\/"}]}},"_links":{"self":[{"href":"https:\/\/www.pm.pb.gov.br\/portal\/wp-json\/wp\/v2\/posts\/913892"}],"collection":[{"href":"https:\/\/www.pm.pb.gov.br\/portal\/wp-json\/wp\/v2\/posts"}],"about":[{"href":"https:\/\/www.pm.pb.gov.br\/portal\/wp-json\/wp\/v2\/types\/post"}],"author":[{"embeddable":true,"href":"https:\/\/www.pm.pb.gov.br\/portal\/wp-json\/wp\/v2\/users\/5"}],"replies":[{"embeddable":true,"href":"https:\/\/www.pm.pb.gov.br\/portal\/wp-json\/wp\/v2\/comments?post=913892"}],"version-history":[{"count":5,"href":"https:\/\/www.pm.pb.gov.br\/portal\/wp-json\/wp\/v2\/posts\/913892\/revisions"}],"predecessor-version":[{"id":913905,"href":"https:\/\/www.pm.pb.gov.br\/portal\/wp-json\/wp\/v2\/posts\/913892\/revisions\/913905"}],"wp:featuredmedia":[{"embeddable":true,"href":"https:\/\/www.pm.pb.gov.br\/portal\/wp-json\/wp\/v2\/media\/913900"}],"wp:attachment":[{"href":"https:\/\/www.pm.pb.gov.br\/portal\/wp-json\/wp\/v2\/media?parent=913892"}],"wp:term":[{"taxonomy":"category","embeddable":true,"href":"https:\/\/www.pm.pb.gov.br\/portal\/wp-json\/wp\/v2\/categories?post=913892"},{"taxonomy":"post_tag","embeddable":true,"href":"https:\/\/www.pm.pb.gov.br\/portal\/wp-json\/wp\/v2\/tags?post=913892"}],"curies":[{"name":"wp","href":"https:\/\/api.w.org\/{rel}","templated":true}]}}