{"id":913868,"date":"2022-04-02T09:28:00","date_gmt":"2022-04-02T12:28:00","guid":{"rendered":"https:\/\/www.pm.pb.gov.br\/portal\/?p=913868"},"modified":"2022-05-19T18:13:43","modified_gmt":"2022-05-19T21:13:43","slug":"coronel-euller-escolhe-a-terra-onde-nasceu-para-encerrar-suas-atividades-como-comandante-geral-da-pm","status":"publish","type":"post","link":"https:\/\/www.pm.pb.gov.br\/portal\/2022\/04\/02\/coronel-euller-escolhe-a-terra-onde-nasceu-para-encerrar-suas-atividades-como-comandante-geral-da-pm\/","title":{"rendered":"Coronel Euller escolhe a terra onde nasceu para encerrar suas atividades como comandante-geral da PM"},"content":{"rendered":"\n<p>O \u00faltimo compromisso do coronel Euler Chaves como comandante-geral da Pol\u00edcia Militar aconteceu na cidade de Pombal, entre o fim da tarde e come\u00e7o da noite desta sexta-feira (1\u00ba), onde ele entregou l\u00e1ureas e medalhas aos policiais que atuam no Sert\u00e3o do Estado, durante solenidade, no audit\u00f3rio da UFCG.<\/p>\n<p><img loading=\"lazy\" decoding=\"async\" class=\"size-medium wp-image-913867 aligncenter\" src=\"http:\/\/www.pm.pb.gov.br\/portal\/wp-content\/uploads\/2022\/04\/WhatsApp-Image-2022-04-02-at-16.20.27-668x445.jpeg\" alt=\"\" width=\"668\" height=\"445\" srcset=\"https:\/\/www.pm.pb.gov.br\/portal\/wp-content\/uploads\/2022\/04\/WhatsApp-Image-2022-04-02-at-16.20.27-668x445.jpeg 668w, https:\/\/www.pm.pb.gov.br\/portal\/wp-content\/uploads\/2022\/04\/WhatsApp-Image-2022-04-02-at-16.20.27-855x570.jpeg 855w, https:\/\/www.pm.pb.gov.br\/portal\/wp-content\/uploads\/2022\/04\/WhatsApp-Image-2022-04-02-at-16.20.27-768x512.jpeg 768w, https:\/\/www.pm.pb.gov.br\/portal\/wp-content\/uploads\/2022\/04\/WhatsApp-Image-2022-04-02-at-16.20.27-272x182.jpeg 272w, https:\/\/www.pm.pb.gov.br\/portal\/wp-content\/uploads\/2022\/04\/WhatsApp-Image-2022-04-02-at-16.20.27.jpeg 1280w\" sizes=\"(max-width: 668px) 100vw, 668px\" \/> <br \/><br \/>Coronel Euller pediu para deixar o cargo, ap\u00f3s 11 anos e 3 meses. Seu substituto ser\u00e1 o coronel S\u00e9rgio Fonseca de Souza, que vinha ocupando o cargo de Secret\u00e1rio de Estado de Administra\u00e7\u00e3o Penitenci\u00e1ria.<br \/><br \/>Como sertanejo da cidade de Pombal, o local da despedida do coronel Euller foi escolhido como forma de agradecer e reconhecer de onde saiu at\u00e9 conquistar o que conquistou. Nas \u00faltimas semanas, ele concedeu mais de 2 mil l\u00e1ureas e medalhas de reconhecimento aos policiais militares.<\/p>\n<p><img loading=\"lazy\" decoding=\"async\" class=\"size-medium wp-image-913869 aligncenter\" src=\"http:\/\/www.pm.pb.gov.br\/portal\/wp-content\/uploads\/2022\/04\/WhatsApp-Image-2022-04-02-at-16.20.29-668x445.jpeg\" alt=\"\" width=\"668\" height=\"445\" srcset=\"https:\/\/www.pm.pb.gov.br\/portal\/wp-content\/uploads\/2022\/04\/WhatsApp-Image-2022-04-02-at-16.20.29-668x445.jpeg 668w, https:\/\/www.pm.pb.gov.br\/portal\/wp-content\/uploads\/2022\/04\/WhatsApp-Image-2022-04-02-at-16.20.29-855x570.jpeg 855w, https:\/\/www.pm.pb.gov.br\/portal\/wp-content\/uploads\/2022\/04\/WhatsApp-Image-2022-04-02-at-16.20.29-768x512.jpeg 768w, https:\/\/www.pm.pb.gov.br\/portal\/wp-content\/uploads\/2022\/04\/WhatsApp-Image-2022-04-02-at-16.20.29-272x182.jpeg 272w, https:\/\/www.pm.pb.gov.br\/portal\/wp-content\/uploads\/2022\/04\/WhatsApp-Image-2022-04-02-at-16.20.29.jpeg 1280w\" sizes=\"(max-width: 668px) 100vw, 668px\" \/> <img loading=\"lazy\" decoding=\"async\" class=\"size-medium wp-image-913870 aligncenter\" src=\"http:\/\/www.pm.pb.gov.br\/portal\/wp-content\/uploads\/2022\/04\/WhatsApp-Image-2022-04-02-at-16.20.30-668x445.jpeg\" alt=\"\" width=\"668\" height=\"445\" srcset=\"https:\/\/www.pm.pb.gov.br\/portal\/wp-content\/uploads\/2022\/04\/WhatsApp-Image-2022-04-02-at-16.20.30-668x445.jpeg 668w, https:\/\/www.pm.pb.gov.br\/portal\/wp-content\/uploads\/2022\/04\/WhatsApp-Image-2022-04-02-at-16.20.30-855x570.jpeg 855w, https:\/\/www.pm.pb.gov.br\/portal\/wp-content\/uploads\/2022\/04\/WhatsApp-Image-2022-04-02-at-16.20.30-768x512.jpeg 768w, https:\/\/www.pm.pb.gov.br\/portal\/wp-content\/uploads\/2022\/04\/WhatsApp-Image-2022-04-02-at-16.20.30-272x182.jpeg 272w, https:\/\/www.pm.pb.gov.br\/portal\/wp-content\/uploads\/2022\/04\/WhatsApp-Image-2022-04-02-at-16.20.30.jpeg 1280w\" sizes=\"(max-width: 668px) 100vw, 668px\" \/> <img loading=\"lazy\" decoding=\"async\" class=\"size-medium wp-image-913871 aligncenter\" src=\"http:\/\/www.pm.pb.gov.br\/portal\/wp-content\/uploads\/2022\/04\/WhatsApp-Image-2022-04-02-at-16.20.32-668x445.jpeg\" alt=\"\" width=\"668\" height=\"445\" srcset=\"https:\/\/www.pm.pb.gov.br\/portal\/wp-content\/uploads\/2022\/04\/WhatsApp-Image-2022-04-02-at-16.20.32-668x445.jpeg 668w, https:\/\/www.pm.pb.gov.br\/portal\/wp-content\/uploads\/2022\/04\/WhatsApp-Image-2022-04-02-at-16.20.32-855x570.jpeg 855w, https:\/\/www.pm.pb.gov.br\/portal\/wp-content\/uploads\/2022\/04\/WhatsApp-Image-2022-04-02-at-16.20.32-768x512.jpeg 768w, https:\/\/www.pm.pb.gov.br\/portal\/wp-content\/uploads\/2022\/04\/WhatsApp-Image-2022-04-02-at-16.20.32-272x182.jpeg 272w, https:\/\/www.pm.pb.gov.br\/portal\/wp-content\/uploads\/2022\/04\/WhatsApp-Image-2022-04-02-at-16.20.32.jpeg 1280w\" sizes=\"(max-width: 668px) 100vw, 668px\" \/><\/p>\n","protected":false},"excerpt":{"rendered":"<p>O \u00faltimo compromisso do coronel Euler Chaves como comandante-geral da Pol\u00edcia Militar aconteceu na cidade de Pombal, entre o fim<\/p>\n","protected":false},"author":15,"featured_media":913865,"comment_status":"closed","ping_status":"closed","sticky":false,"template":"","format":"standard","meta":{"_exactmetrics_skip_tracking":false,"_exactmetrics_sitenote_active":false,"_exactmetrics_sitenote_note":"","_exactmetrics_sitenote_category":0,"footnotes":""},"categories":[4],"tags":[],"yoast_head":"<!-- This site is optimized with the Yoast SEO plugin v22.0 - https:\/\/yoast.com\/wordpress\/plugins\/seo\/ -->\n<title>Coronel Euller escolhe a terra onde nasceu para encerrar suas atividades como comandante-geral da PM - Pol\u00edcia Militar da Para\u00edba<\/title>\n<meta name=\"robots\" content=\"index, follow, max-snippet:-1, max-image-preview:large, max-video-preview:-1\" \/>\n<link rel=\"canonical\" href=\"https:\/\/www.pm.pb.gov.br\/portal\/2022\/04\/02\/coronel-euller-escolhe-a-terra-onde-nasceu-para-encerrar-suas-atividades-como-comandante-geral-da-pm\/\" \/>\n<meta property=\"og:locale\" content=\"pt_BR\" \/>\n<meta property=\"og:type\" content=\"article\" \/>\n<meta property=\"og:title\" content=\"Coronel Euller escolhe a terra onde nasceu para encerrar suas atividades como comandante-geral da PM - Pol\u00edcia Militar da Para\u00edba\" \/>\n<meta property=\"og:description\" content=\"O \u00faltimo compromisso do coronel Euler Chaves como comandante-geral da Pol\u00edcia Militar aconteceu na cidade de Pombal, entre o fim\" \/>\n<meta property=\"og:url\" content=\"https:\/\/www.pm.pb.gov.br\/portal\/2022\/04\/02\/coronel-euller-escolhe-a-terra-onde-nasceu-para-encerrar-suas-atividades-como-comandante-geral-da-pm\/\" \/>\n<meta property=\"og:site_name\" content=\"Pol\u00edcia Militar da Para\u00edba\" \/>\n<meta property=\"article:published_time\" content=\"2022-04-02T12:28:00+00:00\" \/>\n<meta property=\"article:modified_time\" content=\"2022-05-19T21:13:43+00:00\" \/>\n<meta property=\"og:image\" content=\"http:\/\/www.pm.pb.gov.br\/portal\/wp-content\/uploads\/2022\/04\/WhatsApp-Image-2022-04-02-at-16.20.33.jpeg\" \/>\n\t<meta property=\"og:image:width\" content=\"1280\" \/>\n\t<meta property=\"og:image:height\" content=\"853\" \/>\n\t<meta property=\"og:image:type\" content=\"image\/jpeg\" \/>\n<meta name=\"author\" content=\"Marcio Gomes dos Santos\" \/>\n<meta name=\"twitter:card\" content=\"summary_large_image\" \/>\n<meta name=\"twitter:label1\" content=\"Escrito por\" \/>\n\t<meta name=\"twitter:data1\" content=\"Marcio Gomes dos Santos\" \/>\n\t<meta name=\"twitter:label2\" content=\"Est. tempo de leitura\" \/>\n\t<meta name=\"twitter:data2\" content=\"2 minutos\" \/>\n<script type=\"application\/ld+json\" class=\"yoast-schema-graph\">{\"@context\":\"https:\/\/schema.org\",\"@graph\":[{\"@type\":\"Article\",\"@id\":\"https:\/\/www.pm.pb.gov.br\/portal\/2022\/04\/02\/coronel-euller-escolhe-a-terra-onde-nasceu-para-encerrar-suas-atividades-como-comandante-geral-da-pm\/#article\",\"isPartOf\":{\"@id\":\"https:\/\/www.pm.pb.gov.br\/portal\/2022\/04\/02\/coronel-euller-escolhe-a-terra-onde-nasceu-para-encerrar-suas-atividades-como-comandante-geral-da-pm\/\"},\"author\":{\"name\":\"Marcio Gomes dos Santos\",\"@id\":\"https:\/\/www.pm.pb.gov.br\/portal\/#\/schema\/person\/30d571652b38533c2211e4e89bf5a502\"},\"headline\":\"Coronel Euller escolhe a terra onde nasceu para encerrar suas atividades como comandante-geral da PM\",\"datePublished\":\"2022-04-02T12:28:00+00:00\",\"dateModified\":\"2022-05-19T21:13:43+00:00\",\"mainEntityOfPage\":{\"@id\":\"https:\/\/www.pm.pb.gov.br\/portal\/2022\/04\/02\/coronel-euller-escolhe-a-terra-onde-nasceu-para-encerrar-suas-atividades-como-comandante-geral-da-pm\/\"},\"wordCount\":151,\"publisher\":{\"@id\":\"https:\/\/www.pm.pb.gov.br\/portal\/#organization\"},\"articleSection\":[\"A\u00e7\u00f5es Policiais\"],\"inLanguage\":\"pt-BR\"},{\"@type\":\"WebPage\",\"@id\":\"https:\/\/www.pm.pb.gov.br\/portal\/2022\/04\/02\/coronel-euller-escolhe-a-terra-onde-nasceu-para-encerrar-suas-atividades-como-comandante-geral-da-pm\/\",\"url\":\"https:\/\/www.pm.pb.gov.br\/portal\/2022\/04\/02\/coronel-euller-escolhe-a-terra-onde-nasceu-para-encerrar-suas-atividades-como-comandante-geral-da-pm\/\",\"name\":\"Coronel Euller escolhe a terra onde nasceu para encerrar suas atividades como comandante-geral da PM - Pol\u00edcia Militar da Para\u00edba\",\"isPartOf\":{\"@id\":\"https:\/\/www.pm.pb.gov.br\/portal\/#website\"},\"datePublished\":\"2022-04-02T12:28:00+00:00\",\"dateModified\":\"2022-05-19T21:13:43+00:00\",\"breadcrumb\":{\"@id\":\"https:\/\/www.pm.pb.gov.br\/portal\/2022\/04\/02\/coronel-euller-escolhe-a-terra-onde-nasceu-para-encerrar-suas-atividades-como-comandante-geral-da-pm\/#breadcrumb\"},\"inLanguage\":\"pt-BR\",\"potentialAction\":[{\"@type\":\"ReadAction\",\"target\":[\"https:\/\/www.pm.pb.gov.br\/portal\/2022\/04\/02\/coronel-euller-escolhe-a-terra-onde-nasceu-para-encerrar-suas-atividades-como-comandante-geral-da-pm\/\"]}]},{\"@type\":\"BreadcrumbList\",\"@id\":\"https:\/\/www.pm.pb.gov.br\/portal\/2022\/04\/02\/coronel-euller-escolhe-a-terra-onde-nasceu-para-encerrar-suas-atividades-como-comandante-geral-da-pm\/#breadcrumb\",\"itemListElement\":[{\"@type\":\"ListItem\",\"position\":1,\"name\":\"In\u00edcio\",\"item\":\"https:\/\/www.pm.pb.gov.br\/portal\/\"},{\"@type\":\"ListItem\",\"position\":2,\"name\":\"Coronel Euller escolhe a terra onde nasceu para encerrar suas atividades como comandante-geral da PM\"}]},{\"@type\":\"WebSite\",\"@id\":\"https:\/\/www.pm.pb.gov.br\/portal\/#website\",\"url\":\"https:\/\/www.pm.pb.gov.br\/portal\/\",\"name\":\"Pol\u00edcia Militar da Para\u00edba\",\"description\":\"\",\"publisher\":{\"@id\":\"https:\/\/www.pm.pb.gov.br\/portal\/#organization\"},\"potentialAction\":[{\"@type\":\"SearchAction\",\"target\":{\"@type\":\"EntryPoint\",\"urlTemplate\":\"https:\/\/www.pm.pb.gov.br\/portal\/?s={search_term_string}\"},\"query-input\":\"required name=search_term_string\"}],\"inLanguage\":\"pt-BR\"},{\"@type\":\"Organization\",\"@id\":\"https:\/\/www.pm.pb.gov.br\/portal\/#organization\",\"name\":\"Pol\u00edcia Militar da Para\u00edba\",\"url\":\"https:\/\/www.pm.pb.gov.br\/portal\/\",\"logo\":{\"@type\":\"ImageObject\",\"inLanguage\":\"pt-BR\",\"@id\":\"https:\/\/www.pm.pb.gov.br\/portal\/#\/schema\/logo\/image\/\",\"url\":\"https:\/\/www.pm.pb.gov.br\/portal\/wp-content\/uploads\/2025\/03\/cropped-logo-site-mag2-1.png\",\"contentUrl\":\"https:\/\/www.pm.pb.gov.br\/portal\/wp-content\/uploads\/2025\/03\/cropped-logo-site-mag2-1.png\",\"width\":320,\"height\":90,\"caption\":\"Pol\u00edcia Militar da Para\u00edba\"},\"image\":{\"@id\":\"https:\/\/www.pm.pb.gov.br\/portal\/#\/schema\/logo\/image\/\"}},{\"@type\":\"Person\",\"@id\":\"https:\/\/www.pm.pb.gov.br\/portal\/#\/schema\/person\/30d571652b38533c2211e4e89bf5a502\",\"name\":\"Marcio Gomes dos Santos\",\"image\":{\"@type\":\"ImageObject\",\"inLanguage\":\"pt-BR\",\"@id\":\"https:\/\/www.pm.pb.gov.br\/portal\/#\/schema\/person\/image\/\",\"url\":\"https:\/\/secure.gravatar.com\/avatar\/cf4ec2cb690101e1581c7773aa350c19?s=96&d=mm&r=g\",\"contentUrl\":\"https:\/\/secure.gravatar.com\/avatar\/cf4ec2cb690101e1581c7773aa350c19?s=96&d=mm&r=g\",\"caption\":\"Marcio Gomes dos Santos\"},\"url\":\"https:\/\/www.pm.pb.gov.br\/portal\/author\/mgomes\/\"}]}<\/script>\n<!-- \/ Yoast SEO plugin. -->","yoast_head_json":{"title":"Coronel Euller escolhe a terra onde nasceu para encerrar suas atividades como comandante-geral da PM - Pol\u00edcia Militar da Para\u00edba","robots":{"index":"index","follow":"follow","max-snippet":"max-snippet:-1","max-image-preview":"max-image-preview:large","max-video-preview":"max-video-preview:-1"},"canonical":"https:\/\/www.pm.pb.gov.br\/portal\/2022\/04\/02\/coronel-euller-escolhe-a-terra-onde-nasceu-para-encerrar-suas-atividades-como-comandante-geral-da-pm\/","og_locale":"pt_BR","og_type":"article","og_title":"Coronel Euller escolhe a terra onde nasceu para encerrar suas atividades como comandante-geral da PM - Pol\u00edcia Militar da Para\u00edba","og_description":"O \u00faltimo compromisso do coronel Euler Chaves como comandante-geral da Pol\u00edcia Militar aconteceu na cidade de Pombal, entre o fim","og_url":"https:\/\/www.pm.pb.gov.br\/portal\/2022\/04\/02\/coronel-euller-escolhe-a-terra-onde-nasceu-para-encerrar-suas-atividades-como-comandante-geral-da-pm\/","og_site_name":"Pol\u00edcia Militar da Para\u00edba","article_published_time":"2022-04-02T12:28:00+00:00","article_modified_time":"2022-05-19T21:13:43+00:00","og_image":[{"width":1280,"height":853,"url":"http:\/\/www.pm.pb.gov.br\/portal\/wp-content\/uploads\/2022\/04\/WhatsApp-Image-2022-04-02-at-16.20.33.jpeg","type":"image\/jpeg"}],"author":"Marcio Gomes dos Santos","twitter_card":"summary_large_image","twitter_misc":{"Escrito por":"Marcio Gomes dos Santos","Est. tempo de leitura":"2 minutos"},"schema":{"@context":"https:\/\/schema.org","@graph":[{"@type":"Article","@id":"https:\/\/www.pm.pb.gov.br\/portal\/2022\/04\/02\/coronel-euller-escolhe-a-terra-onde-nasceu-para-encerrar-suas-atividades-como-comandante-geral-da-pm\/#article","isPartOf":{"@id":"https:\/\/www.pm.pb.gov.br\/portal\/2022\/04\/02\/coronel-euller-escolhe-a-terra-onde-nasceu-para-encerrar-suas-atividades-como-comandante-geral-da-pm\/"},"author":{"name":"Marcio Gomes dos Santos","@id":"https:\/\/www.pm.pb.gov.br\/portal\/#\/schema\/person\/30d571652b38533c2211e4e89bf5a502"},"headline":"Coronel Euller escolhe a terra onde nasceu para encerrar suas atividades como comandante-geral da PM","datePublished":"2022-04-02T12:28:00+00:00","dateModified":"2022-05-19T21:13:43+00:00","mainEntityOfPage":{"@id":"https:\/\/www.pm.pb.gov.br\/portal\/2022\/04\/02\/coronel-euller-escolhe-a-terra-onde-nasceu-para-encerrar-suas-atividades-como-comandante-geral-da-pm\/"},"wordCount":151,"publisher":{"@id":"https:\/\/www.pm.pb.gov.br\/portal\/#organization"},"articleSection":["A\u00e7\u00f5es Policiais"],"inLanguage":"pt-BR"},{"@type":"WebPage","@id":"https:\/\/www.pm.pb.gov.br\/portal\/2022\/04\/02\/coronel-euller-escolhe-a-terra-onde-nasceu-para-encerrar-suas-atividades-como-comandante-geral-da-pm\/","url":"https:\/\/www.pm.pb.gov.br\/portal\/2022\/04\/02\/coronel-euller-escolhe-a-terra-onde-nasceu-para-encerrar-suas-atividades-como-comandante-geral-da-pm\/","name":"Coronel Euller escolhe a terra onde nasceu para encerrar suas atividades como comandante-geral da PM - Pol\u00edcia Militar da Para\u00edba","isPartOf":{"@id":"https:\/\/www.pm.pb.gov.br\/portal\/#website"},"datePublished":"2022-04-02T12:28:00+00:00","dateModified":"2022-05-19T21:13:43+00:00","breadcrumb":{"@id":"https:\/\/www.pm.pb.gov.br\/portal\/2022\/04\/02\/coronel-euller-escolhe-a-terra-onde-nasceu-para-encerrar-suas-atividades-como-comandante-geral-da-pm\/#breadcrumb"},"inLanguage":"pt-BR","potentialAction":[{"@type":"ReadAction","target":["https:\/\/www.pm.pb.gov.br\/portal\/2022\/04\/02\/coronel-euller-escolhe-a-terra-onde-nasceu-para-encerrar-suas-atividades-como-comandante-geral-da-pm\/"]}]},{"@type":"BreadcrumbList","@id":"https:\/\/www.pm.pb.gov.br\/portal\/2022\/04\/02\/coronel-euller-escolhe-a-terra-onde-nasceu-para-encerrar-suas-atividades-como-comandante-geral-da-pm\/#breadcrumb","itemListElement":[{"@type":"ListItem","position":1,"name":"In\u00edcio","item":"https:\/\/www.pm.pb.gov.br\/portal\/"},{"@type":"ListItem","position":2,"name":"Coronel Euller escolhe a terra onde nasceu para encerrar suas atividades como comandante-geral da PM"}]},{"@type":"WebSite","@id":"https:\/\/www.pm.pb.gov.br\/portal\/#website","url":"https:\/\/www.pm.pb.gov.br\/portal\/","name":"Pol\u00edcia Militar da Para\u00edba","description":"","publisher":{"@id":"https:\/\/www.pm.pb.gov.br\/portal\/#organization"},"potentialAction":[{"@type":"SearchAction","target":{"@type":"EntryPoint","urlTemplate":"https:\/\/www.pm.pb.gov.br\/portal\/?s={search_term_string}"},"query-input":"required name=search_term_string"}],"inLanguage":"pt-BR"},{"@type":"Organization","@id":"https:\/\/www.pm.pb.gov.br\/portal\/#organization","name":"Pol\u00edcia Militar da Para\u00edba","url":"https:\/\/www.pm.pb.gov.br\/portal\/","logo":{"@type":"ImageObject","inLanguage":"pt-BR","@id":"https:\/\/www.pm.pb.gov.br\/portal\/#\/schema\/logo\/image\/","url":"https:\/\/www.pm.pb.gov.br\/portal\/wp-content\/uploads\/2025\/03\/cropped-logo-site-mag2-1.png","contentUrl":"https:\/\/www.pm.pb.gov.br\/portal\/wp-content\/uploads\/2025\/03\/cropped-logo-site-mag2-1.png","width":320,"height":90,"caption":"Pol\u00edcia Militar da Para\u00edba"},"image":{"@id":"https:\/\/www.pm.pb.gov.br\/portal\/#\/schema\/logo\/image\/"}},{"@type":"Person","@id":"https:\/\/www.pm.pb.gov.br\/portal\/#\/schema\/person\/30d571652b38533c2211e4e89bf5a502","name":"Marcio Gomes dos Santos","image":{"@type":"ImageObject","inLanguage":"pt-BR","@id":"https:\/\/www.pm.pb.gov.br\/portal\/#\/schema\/person\/image\/","url":"https:\/\/secure.gravatar.com\/avatar\/cf4ec2cb690101e1581c7773aa350c19?s=96&d=mm&r=g","contentUrl":"https:\/\/secure.gravatar.com\/avatar\/cf4ec2cb690101e1581c7773aa350c19?s=96&d=mm&r=g","caption":"Marcio Gomes dos Santos"},"url":"https:\/\/www.pm.pb.gov.br\/portal\/author\/mgomes\/"}]}},"_links":{"self":[{"href":"https:\/\/www.pm.pb.gov.br\/portal\/wp-json\/wp\/v2\/posts\/913868"}],"collection":[{"href":"https:\/\/www.pm.pb.gov.br\/portal\/wp-json\/wp\/v2\/posts"}],"about":[{"href":"https:\/\/www.pm.pb.gov.br\/portal\/wp-json\/wp\/v2\/types\/post"}],"author":[{"embeddable":true,"href":"https:\/\/www.pm.pb.gov.br\/portal\/wp-json\/wp\/v2\/users\/15"}],"replies":[{"embeddable":true,"href":"https:\/\/www.pm.pb.gov.br\/portal\/wp-json\/wp\/v2\/comments?post=913868"}],"version-history":[{"count":1,"href":"https:\/\/www.pm.pb.gov.br\/portal\/wp-json\/wp\/v2\/posts\/913868\/revisions"}],"predecessor-version":[{"id":913872,"href":"https:\/\/www.pm.pb.gov.br\/portal\/wp-json\/wp\/v2\/posts\/913868\/revisions\/913872"}],"wp:featuredmedia":[{"embeddable":true,"href":"https:\/\/www.pm.pb.gov.br\/portal\/wp-json\/wp\/v2\/media\/913865"}],"wp:attachment":[{"href":"https:\/\/www.pm.pb.gov.br\/portal\/wp-json\/wp\/v2\/media?parent=913868"}],"wp:term":[{"taxonomy":"category","embeddable":true,"href":"https:\/\/www.pm.pb.gov.br\/portal\/wp-json\/wp\/v2\/categories?post=913868"},{"taxonomy":"post_tag","embeddable":true,"href":"https:\/\/www.pm.pb.gov.br\/portal\/wp-json\/wp\/v2\/tags?post=913868"}],"curies":[{"name":"wp","href":"https:\/\/api.w.org\/{rel}","templated":true}]}}