{"id":913856,"date":"2022-04-02T13:10:00","date_gmt":"2022-04-02T16:10:00","guid":{"rendered":"https:\/\/www.pm.pb.gov.br\/portal\/?p=913856"},"modified":"2022-04-02T13:10:08","modified_gmt":"2022-04-02T16:10:08","slug":"operacao-impacto-policia-militar-detem-dez-suspeitos-e-apreende-seis-armas-de-fogo-na-paraiba","status":"publish","type":"post","link":"https:\/\/www.pm.pb.gov.br\/portal\/2022\/04\/02\/operacao-impacto-policia-militar-detem-dez-suspeitos-e-apreende-seis-armas-de-fogo-na-paraiba\/","title":{"rendered":"Opera\u00e7\u00e3o Impacto: Pol\u00edcia Militar det\u00e9m dez suspeitos e apreende seis armas de fogo na Para\u00edba"},"content":{"rendered":"\n<p>Durante as a\u00e7\u00f5es da Opera\u00e7\u00e3o Impacto, \u00a0na noite dessa sexta-feira (01), a Pol\u00edcia Militar realizou a apreens\u00e3o de seis armas de fogo e dez pessoas foram conduzidas a delegacia. As a\u00e7\u00f5es aconteceram nas cidades de Caapor\u00e3, Campina Grande, Jo\u00e3o Pessoa e S\u00e3o Bento.<\/p>\n<p>Na cidade de Caapor\u00e3, os policiais da 1\u00aa Companhia Independente, estavam saturando a cidade com a Opera\u00e7\u00e3o Impacto, quando foram acionados para averiguar uma den\u00fancia no bairro Santo Ant\u00f4nio. Ao chegar no local indicado, as guarni\u00e7\u00f5es conseguiram apreender 01 revolver calibre 38 e dois adolescente foram apreendidos, sendo os mesmos apresentados na delegacia da cidade de Alhandra.<\/p>\n<p>Em Campina Grande, Policiais da For\u00e7a T\u00e1tica do 2\u00ba Batalh\u00e3o estavam realizando o patrulhamento quando abordaram um ve\u00edculo e durante a busca pessoal um dos suspeitos portava uma arma de fogo. J\u00e1 o segundo suspeito, estava com a quebra de condicional. Os suspeitos foram detidos e apresentados a autoridade policial para os procedimentos cab\u00edveis.<\/p>\n<p>Em Jo\u00e3o Pessoa \u2013 Policiais militares da Companhia de Choque estavam realizando o patrulhamento no bairro de Mangabeira, quando abordaram um adolescente que estava em atitudes suspeitas. Ao realizar a busca pessoal foi localizado na cintura do mesmo um rev\u00f3lver calibre 38 com cinco muni\u00e7\u00f5es intactas. O adolescente e a arma apreendida foram conduzidos para a Delegacia do menor infrator, no bairro do Geisel.<\/p>\n<p><img loading=\"lazy\" decoding=\"async\" class=\"wp-image-913857 aligncenter\" src=\"http:\/\/www.pm.pb.gov.br\/portal\/wp-content\/uploads\/2022\/04\/WhatsApp-Image-2022-04-02-at-10.04.59-791x445.jpeg\" alt=\"\" width=\"528\" height=\"297\" srcset=\"https:\/\/www.pm.pb.gov.br\/portal\/wp-content\/uploads\/2022\/04\/WhatsApp-Image-2022-04-02-at-10.04.59-791x445.jpeg 791w, https:\/\/www.pm.pb.gov.br\/portal\/wp-content\/uploads\/2022\/04\/WhatsApp-Image-2022-04-02-at-10.04.59-1013x570.jpeg 1013w, https:\/\/www.pm.pb.gov.br\/portal\/wp-content\/uploads\/2022\/04\/WhatsApp-Image-2022-04-02-at-10.04.59-768x432.jpeg 768w, https:\/\/www.pm.pb.gov.br\/portal\/wp-content\/uploads\/2022\/04\/WhatsApp-Image-2022-04-02-at-10.04.59.jpeg 1280w\" sizes=\"(max-width: 528px) 100vw, 528px\" \/><\/p>\n<p>J\u00e1 no Colinas do Sul, os policiais foram acionados para averiguar uma den\u00fancia de briga entre familiares e ao chegar no local se deparou que um homem estava com uma arma de fogo. Os policiais realizaram os procedimentos necess\u00e1rios para conter o suspeito e\u00a0 retirar a arma de fogo de suas m\u00e3os. O segundo suspeito estava ferido devido as agress\u00f5es da briga, onde foi encaminhado para o Hospital Trauminha para os procedimentos m\u00e9dicos e em seguida foram apresentados na Central de Flagrantes juntamente com a arma de fogo.<\/p>\n<p>No bairro Varadouro,\u00a0 Policiais da For\u00e7a T\u00e1tica do 1\u00ba Batalh\u00e3o estavam realizando uma blitzen durante a Opera\u00e7\u00e3o Impacto na Avenida Sanhau\u00e1,\u00a0 quando abordaram dois suspeitos em uma motocicleta e durante a busca pessoal foi localizado com um deles um rev\u00f3lver calibre 32 e muni\u00e7\u00f5es. Os suspeitos e a arma apreendida foram apresentados na Central de Flagrantes no bairro do Geisel.<\/p>\n<p>Na cidade de S\u00e3o Bento, os Policiais militares do 12\u00ba Batalh\u00e3o realizavam rondas durante a Opera\u00e7\u00e3o Impacto, quando receberam informa\u00e7\u00f5es de que dois homens estariam armados nas proximidades da Escola Jo\u00e3o Silveira. Ao realizar as dilig\u00eancias no local, um dos suspeitos conseguiu fugir deixando para tr\u00e1s uma pistola calibre 9mm, 17 muni\u00e7\u00f5es do mesmo calibre e um cartucho de muni\u00e7\u00e3o 7,62.\u00a0\u00a0 O segundo suspeito, um adolescente de 15 anos foi apreendido e conduzido juntamente com o material apreendido para a Delegacia da cidade.<\/p>\n","protected":false},"excerpt":{"rendered":"<p>Durante as a\u00e7\u00f5es da Opera\u00e7\u00e3o Impacto, \u00a0na noite dessa sexta-feira (01), a Pol\u00edcia Militar realizou a apreens\u00e3o de seis armas<\/p>\n","protected":false},"author":5,"featured_media":913859,"comment_status":"closed","ping_status":"closed","sticky":false,"template":"","format":"standard","meta":{"_exactmetrics_skip_tracking":false,"_exactmetrics_sitenote_active":false,"_exactmetrics_sitenote_note":"","_exactmetrics_sitenote_category":0,"footnotes":""},"categories":[4],"tags":[],"yoast_head":"<!-- This site is optimized with the Yoast SEO plugin v22.0 - https:\/\/yoast.com\/wordpress\/plugins\/seo\/ -->\n<title>Opera\u00e7\u00e3o Impacto: Pol\u00edcia Militar det\u00e9m dez suspeitos e apreende seis armas de fogo na Para\u00edba - Pol\u00edcia Militar da Para\u00edba<\/title>\n<meta name=\"robots\" content=\"index, follow, max-snippet:-1, max-image-preview:large, max-video-preview:-1\" \/>\n<link rel=\"canonical\" href=\"https:\/\/www.pm.pb.gov.br\/portal\/2022\/04\/02\/operacao-impacto-policia-militar-detem-dez-suspeitos-e-apreende-seis-armas-de-fogo-na-paraiba\/\" \/>\n<meta property=\"og:locale\" content=\"pt_BR\" \/>\n<meta property=\"og:type\" content=\"article\" \/>\n<meta property=\"og:title\" content=\"Opera\u00e7\u00e3o Impacto: Pol\u00edcia Militar det\u00e9m dez suspeitos e apreende seis armas de fogo na Para\u00edba - Pol\u00edcia Militar da Para\u00edba\" \/>\n<meta property=\"og:description\" content=\"Durante as a\u00e7\u00f5es da Opera\u00e7\u00e3o Impacto, \u00a0na noite dessa sexta-feira (01), a Pol\u00edcia Militar realizou a apreens\u00e3o de seis armas\" \/>\n<meta property=\"og:url\" content=\"https:\/\/www.pm.pb.gov.br\/portal\/2022\/04\/02\/operacao-impacto-policia-militar-detem-dez-suspeitos-e-apreende-seis-armas-de-fogo-na-paraiba\/\" \/>\n<meta property=\"og:site_name\" content=\"Pol\u00edcia Militar da Para\u00edba\" \/>\n<meta property=\"article:published_time\" content=\"2022-04-02T16:10:00+00:00\" \/>\n<meta property=\"article:modified_time\" content=\"2022-04-02T16:10:08+00:00\" \/>\n<meta property=\"og:image\" content=\"http:\/\/www.pm.pb.gov.br\/portal\/wp-content\/uploads\/2022\/04\/12bpm.jpg\" \/>\n\t<meta property=\"og:image:width\" content=\"800\" \/>\n\t<meta property=\"og:image:height\" content=\"445\" \/>\n\t<meta property=\"og:image:type\" content=\"image\/jpeg\" \/>\n<meta name=\"author\" content=\"Assessoria de Imprensa da PMPB\" \/>\n<meta name=\"twitter:card\" content=\"summary_large_image\" \/>\n<meta name=\"twitter:label1\" content=\"Escrito por\" \/>\n\t<meta name=\"twitter:data1\" content=\"Assessoria de Imprensa da PMPB\" \/>\n\t<meta name=\"twitter:label2\" content=\"Est. tempo de leitura\" \/>\n\t<meta name=\"twitter:data2\" content=\"3 minutos\" \/>\n<script type=\"application\/ld+json\" class=\"yoast-schema-graph\">{\"@context\":\"https:\/\/schema.org\",\"@graph\":[{\"@type\":\"Article\",\"@id\":\"https:\/\/www.pm.pb.gov.br\/portal\/2022\/04\/02\/operacao-impacto-policia-militar-detem-dez-suspeitos-e-apreende-seis-armas-de-fogo-na-paraiba\/#article\",\"isPartOf\":{\"@id\":\"https:\/\/www.pm.pb.gov.br\/portal\/2022\/04\/02\/operacao-impacto-policia-militar-detem-dez-suspeitos-e-apreende-seis-armas-de-fogo-na-paraiba\/\"},\"author\":{\"name\":\"Assessoria de Imprensa da PMPB\",\"@id\":\"https:\/\/www.pm.pb.gov.br\/portal\/#\/schema\/person\/e8454f46651c3ecf0e1ba3c1666d9947\"},\"headline\":\"Opera\u00e7\u00e3o Impacto: Pol\u00edcia Militar det\u00e9m dez suspeitos e apreende seis armas de fogo na Para\u00edba\",\"datePublished\":\"2022-04-02T16:10:00+00:00\",\"dateModified\":\"2022-04-02T16:10:08+00:00\",\"mainEntityOfPage\":{\"@id\":\"https:\/\/www.pm.pb.gov.br\/portal\/2022\/04\/02\/operacao-impacto-policia-militar-detem-dez-suspeitos-e-apreende-seis-armas-de-fogo-na-paraiba\/\"},\"wordCount\":494,\"publisher\":{\"@id\":\"https:\/\/www.pm.pb.gov.br\/portal\/#organization\"},\"articleSection\":[\"A\u00e7\u00f5es Policiais\"],\"inLanguage\":\"pt-BR\"},{\"@type\":\"WebPage\",\"@id\":\"https:\/\/www.pm.pb.gov.br\/portal\/2022\/04\/02\/operacao-impacto-policia-militar-detem-dez-suspeitos-e-apreende-seis-armas-de-fogo-na-paraiba\/\",\"url\":\"https:\/\/www.pm.pb.gov.br\/portal\/2022\/04\/02\/operacao-impacto-policia-militar-detem-dez-suspeitos-e-apreende-seis-armas-de-fogo-na-paraiba\/\",\"name\":\"Opera\u00e7\u00e3o Impacto: Pol\u00edcia Militar det\u00e9m dez suspeitos e apreende seis armas de fogo na Para\u00edba - Pol\u00edcia Militar da Para\u00edba\",\"isPartOf\":{\"@id\":\"https:\/\/www.pm.pb.gov.br\/portal\/#website\"},\"datePublished\":\"2022-04-02T16:10:00+00:00\",\"dateModified\":\"2022-04-02T16:10:08+00:00\",\"breadcrumb\":{\"@id\":\"https:\/\/www.pm.pb.gov.br\/portal\/2022\/04\/02\/operacao-impacto-policia-militar-detem-dez-suspeitos-e-apreende-seis-armas-de-fogo-na-paraiba\/#breadcrumb\"},\"inLanguage\":\"pt-BR\",\"potentialAction\":[{\"@type\":\"ReadAction\",\"target\":[\"https:\/\/www.pm.pb.gov.br\/portal\/2022\/04\/02\/operacao-impacto-policia-militar-detem-dez-suspeitos-e-apreende-seis-armas-de-fogo-na-paraiba\/\"]}]},{\"@type\":\"BreadcrumbList\",\"@id\":\"https:\/\/www.pm.pb.gov.br\/portal\/2022\/04\/02\/operacao-impacto-policia-militar-detem-dez-suspeitos-e-apreende-seis-armas-de-fogo-na-paraiba\/#breadcrumb\",\"itemListElement\":[{\"@type\":\"ListItem\",\"position\":1,\"name\":\"In\u00edcio\",\"item\":\"https:\/\/www.pm.pb.gov.br\/portal\/\"},{\"@type\":\"ListItem\",\"position\":2,\"name\":\"Opera\u00e7\u00e3o Impacto: Pol\u00edcia Militar det\u00e9m dez suspeitos e apreende seis armas de fogo na Para\u00edba\"}]},{\"@type\":\"WebSite\",\"@id\":\"https:\/\/www.pm.pb.gov.br\/portal\/#website\",\"url\":\"https:\/\/www.pm.pb.gov.br\/portal\/\",\"name\":\"Pol\u00edcia Militar da Para\u00edba\",\"description\":\"\",\"publisher\":{\"@id\":\"https:\/\/www.pm.pb.gov.br\/portal\/#organization\"},\"potentialAction\":[{\"@type\":\"SearchAction\",\"target\":{\"@type\":\"EntryPoint\",\"urlTemplate\":\"https:\/\/www.pm.pb.gov.br\/portal\/?s={search_term_string}\"},\"query-input\":\"required name=search_term_string\"}],\"inLanguage\":\"pt-BR\"},{\"@type\":\"Organization\",\"@id\":\"https:\/\/www.pm.pb.gov.br\/portal\/#organization\",\"name\":\"Pol\u00edcia Militar da Para\u00edba\",\"url\":\"https:\/\/www.pm.pb.gov.br\/portal\/\",\"logo\":{\"@type\":\"ImageObject\",\"inLanguage\":\"pt-BR\",\"@id\":\"https:\/\/www.pm.pb.gov.br\/portal\/#\/schema\/logo\/image\/\",\"url\":\"https:\/\/www.pm.pb.gov.br\/portal\/wp-content\/uploads\/2025\/03\/cropped-logo-site-mag2-1.png\",\"contentUrl\":\"https:\/\/www.pm.pb.gov.br\/portal\/wp-content\/uploads\/2025\/03\/cropped-logo-site-mag2-1.png\",\"width\":320,\"height\":90,\"caption\":\"Pol\u00edcia Militar da Para\u00edba\"},\"image\":{\"@id\":\"https:\/\/www.pm.pb.gov.br\/portal\/#\/schema\/logo\/image\/\"}},{\"@type\":\"Person\",\"@id\":\"https:\/\/www.pm.pb.gov.br\/portal\/#\/schema\/person\/e8454f46651c3ecf0e1ba3c1666d9947\",\"name\":\"Assessoria de Imprensa da PMPB\",\"image\":{\"@type\":\"ImageObject\",\"inLanguage\":\"pt-BR\",\"@id\":\"https:\/\/www.pm.pb.gov.br\/portal\/#\/schema\/person\/image\/\",\"url\":\"https:\/\/secure.gravatar.com\/avatar\/2efe197438265d1e90bd98c4c8e1acf8?s=96&d=mm&r=g\",\"contentUrl\":\"https:\/\/secure.gravatar.com\/avatar\/2efe197438265d1e90bd98c4c8e1acf8?s=96&d=mm&r=g\",\"caption\":\"Assessoria de Imprensa da PMPB\"},\"url\":\"https:\/\/www.pm.pb.gov.br\/portal\/author\/assessoria\/\"}]}<\/script>\n<!-- \/ Yoast SEO plugin. -->","yoast_head_json":{"title":"Opera\u00e7\u00e3o Impacto: Pol\u00edcia Militar det\u00e9m dez suspeitos e apreende seis armas de fogo na Para\u00edba - Pol\u00edcia Militar da Para\u00edba","robots":{"index":"index","follow":"follow","max-snippet":"max-snippet:-1","max-image-preview":"max-image-preview:large","max-video-preview":"max-video-preview:-1"},"canonical":"https:\/\/www.pm.pb.gov.br\/portal\/2022\/04\/02\/operacao-impacto-policia-militar-detem-dez-suspeitos-e-apreende-seis-armas-de-fogo-na-paraiba\/","og_locale":"pt_BR","og_type":"article","og_title":"Opera\u00e7\u00e3o Impacto: Pol\u00edcia Militar det\u00e9m dez suspeitos e apreende seis armas de fogo na Para\u00edba - Pol\u00edcia Militar da Para\u00edba","og_description":"Durante as a\u00e7\u00f5es da Opera\u00e7\u00e3o Impacto, \u00a0na noite dessa sexta-feira (01), a Pol\u00edcia Militar realizou a apreens\u00e3o de seis armas","og_url":"https:\/\/www.pm.pb.gov.br\/portal\/2022\/04\/02\/operacao-impacto-policia-militar-detem-dez-suspeitos-e-apreende-seis-armas-de-fogo-na-paraiba\/","og_site_name":"Pol\u00edcia Militar da Para\u00edba","article_published_time":"2022-04-02T16:10:00+00:00","article_modified_time":"2022-04-02T16:10:08+00:00","og_image":[{"width":800,"height":445,"url":"http:\/\/www.pm.pb.gov.br\/portal\/wp-content\/uploads\/2022\/04\/12bpm.jpg","type":"image\/jpeg"}],"author":"Assessoria de Imprensa da PMPB","twitter_card":"summary_large_image","twitter_misc":{"Escrito por":"Assessoria de Imprensa da PMPB","Est. tempo de leitura":"3 minutos"},"schema":{"@context":"https:\/\/schema.org","@graph":[{"@type":"Article","@id":"https:\/\/www.pm.pb.gov.br\/portal\/2022\/04\/02\/operacao-impacto-policia-militar-detem-dez-suspeitos-e-apreende-seis-armas-de-fogo-na-paraiba\/#article","isPartOf":{"@id":"https:\/\/www.pm.pb.gov.br\/portal\/2022\/04\/02\/operacao-impacto-policia-militar-detem-dez-suspeitos-e-apreende-seis-armas-de-fogo-na-paraiba\/"},"author":{"name":"Assessoria de Imprensa da PMPB","@id":"https:\/\/www.pm.pb.gov.br\/portal\/#\/schema\/person\/e8454f46651c3ecf0e1ba3c1666d9947"},"headline":"Opera\u00e7\u00e3o Impacto: Pol\u00edcia Militar det\u00e9m dez suspeitos e apreende seis armas de fogo na Para\u00edba","datePublished":"2022-04-02T16:10:00+00:00","dateModified":"2022-04-02T16:10:08+00:00","mainEntityOfPage":{"@id":"https:\/\/www.pm.pb.gov.br\/portal\/2022\/04\/02\/operacao-impacto-policia-militar-detem-dez-suspeitos-e-apreende-seis-armas-de-fogo-na-paraiba\/"},"wordCount":494,"publisher":{"@id":"https:\/\/www.pm.pb.gov.br\/portal\/#organization"},"articleSection":["A\u00e7\u00f5es Policiais"],"inLanguage":"pt-BR"},{"@type":"WebPage","@id":"https:\/\/www.pm.pb.gov.br\/portal\/2022\/04\/02\/operacao-impacto-policia-militar-detem-dez-suspeitos-e-apreende-seis-armas-de-fogo-na-paraiba\/","url":"https:\/\/www.pm.pb.gov.br\/portal\/2022\/04\/02\/operacao-impacto-policia-militar-detem-dez-suspeitos-e-apreende-seis-armas-de-fogo-na-paraiba\/","name":"Opera\u00e7\u00e3o Impacto: Pol\u00edcia Militar det\u00e9m dez suspeitos e apreende seis armas de fogo na Para\u00edba - Pol\u00edcia Militar da Para\u00edba","isPartOf":{"@id":"https:\/\/www.pm.pb.gov.br\/portal\/#website"},"datePublished":"2022-04-02T16:10:00+00:00","dateModified":"2022-04-02T16:10:08+00:00","breadcrumb":{"@id":"https:\/\/www.pm.pb.gov.br\/portal\/2022\/04\/02\/operacao-impacto-policia-militar-detem-dez-suspeitos-e-apreende-seis-armas-de-fogo-na-paraiba\/#breadcrumb"},"inLanguage":"pt-BR","potentialAction":[{"@type":"ReadAction","target":["https:\/\/www.pm.pb.gov.br\/portal\/2022\/04\/02\/operacao-impacto-policia-militar-detem-dez-suspeitos-e-apreende-seis-armas-de-fogo-na-paraiba\/"]}]},{"@type":"BreadcrumbList","@id":"https:\/\/www.pm.pb.gov.br\/portal\/2022\/04\/02\/operacao-impacto-policia-militar-detem-dez-suspeitos-e-apreende-seis-armas-de-fogo-na-paraiba\/#breadcrumb","itemListElement":[{"@type":"ListItem","position":1,"name":"In\u00edcio","item":"https:\/\/www.pm.pb.gov.br\/portal\/"},{"@type":"ListItem","position":2,"name":"Opera\u00e7\u00e3o Impacto: Pol\u00edcia Militar det\u00e9m dez suspeitos e apreende seis armas de fogo na Para\u00edba"}]},{"@type":"WebSite","@id":"https:\/\/www.pm.pb.gov.br\/portal\/#website","url":"https:\/\/www.pm.pb.gov.br\/portal\/","name":"Pol\u00edcia Militar da Para\u00edba","description":"","publisher":{"@id":"https:\/\/www.pm.pb.gov.br\/portal\/#organization"},"potentialAction":[{"@type":"SearchAction","target":{"@type":"EntryPoint","urlTemplate":"https:\/\/www.pm.pb.gov.br\/portal\/?s={search_term_string}"},"query-input":"required name=search_term_string"}],"inLanguage":"pt-BR"},{"@type":"Organization","@id":"https:\/\/www.pm.pb.gov.br\/portal\/#organization","name":"Pol\u00edcia Militar da Para\u00edba","url":"https:\/\/www.pm.pb.gov.br\/portal\/","logo":{"@type":"ImageObject","inLanguage":"pt-BR","@id":"https:\/\/www.pm.pb.gov.br\/portal\/#\/schema\/logo\/image\/","url":"https:\/\/www.pm.pb.gov.br\/portal\/wp-content\/uploads\/2025\/03\/cropped-logo-site-mag2-1.png","contentUrl":"https:\/\/www.pm.pb.gov.br\/portal\/wp-content\/uploads\/2025\/03\/cropped-logo-site-mag2-1.png","width":320,"height":90,"caption":"Pol\u00edcia Militar da Para\u00edba"},"image":{"@id":"https:\/\/www.pm.pb.gov.br\/portal\/#\/schema\/logo\/image\/"}},{"@type":"Person","@id":"https:\/\/www.pm.pb.gov.br\/portal\/#\/schema\/person\/e8454f46651c3ecf0e1ba3c1666d9947","name":"Assessoria de Imprensa da PMPB","image":{"@type":"ImageObject","inLanguage":"pt-BR","@id":"https:\/\/www.pm.pb.gov.br\/portal\/#\/schema\/person\/image\/","url":"https:\/\/secure.gravatar.com\/avatar\/2efe197438265d1e90bd98c4c8e1acf8?s=96&d=mm&r=g","contentUrl":"https:\/\/secure.gravatar.com\/avatar\/2efe197438265d1e90bd98c4c8e1acf8?s=96&d=mm&r=g","caption":"Assessoria de Imprensa da PMPB"},"url":"https:\/\/www.pm.pb.gov.br\/portal\/author\/assessoria\/"}]}},"_links":{"self":[{"href":"https:\/\/www.pm.pb.gov.br\/portal\/wp-json\/wp\/v2\/posts\/913856"}],"collection":[{"href":"https:\/\/www.pm.pb.gov.br\/portal\/wp-json\/wp\/v2\/posts"}],"about":[{"href":"https:\/\/www.pm.pb.gov.br\/portal\/wp-json\/wp\/v2\/types\/post"}],"author":[{"embeddable":true,"href":"https:\/\/www.pm.pb.gov.br\/portal\/wp-json\/wp\/v2\/users\/5"}],"replies":[{"embeddable":true,"href":"https:\/\/www.pm.pb.gov.br\/portal\/wp-json\/wp\/v2\/comments?post=913856"}],"version-history":[{"count":1,"href":"https:\/\/www.pm.pb.gov.br\/portal\/wp-json\/wp\/v2\/posts\/913856\/revisions"}],"predecessor-version":[{"id":913860,"href":"https:\/\/www.pm.pb.gov.br\/portal\/wp-json\/wp\/v2\/posts\/913856\/revisions\/913860"}],"wp:featuredmedia":[{"embeddable":true,"href":"https:\/\/www.pm.pb.gov.br\/portal\/wp-json\/wp\/v2\/media\/913859"}],"wp:attachment":[{"href":"https:\/\/www.pm.pb.gov.br\/portal\/wp-json\/wp\/v2\/media?parent=913856"}],"wp:term":[{"taxonomy":"category","embeddable":true,"href":"https:\/\/www.pm.pb.gov.br\/portal\/wp-json\/wp\/v2\/categories?post=913856"},{"taxonomy":"post_tag","embeddable":true,"href":"https:\/\/www.pm.pb.gov.br\/portal\/wp-json\/wp\/v2\/tags?post=913856"}],"curies":[{"name":"wp","href":"https:\/\/api.w.org\/{rel}","templated":true}]}}