{"id":913836,"date":"2022-03-30T10:41:41","date_gmt":"2022-03-30T13:41:41","guid":{"rendered":"https:\/\/www.pm.pb.gov.br\/portal\/?p=913836"},"modified":"2022-03-30T10:41:44","modified_gmt":"2022-03-30T13:41:44","slug":"pmpb-participa-de-workshop-sobre-transferencia-de-recursos-e-contratacoes-na-area-da-seguranca-publica","status":"publish","type":"post","link":"https:\/\/www.pm.pb.gov.br\/portal\/2022\/03\/30\/pmpb-participa-de-workshop-sobre-transferencia-de-recursos-e-contratacoes-na-area-da-seguranca-publica\/","title":{"rendered":"PMPB participa de Workshop sobre Transfer\u00eancia de Recursos e Contrata\u00e7\u00f5es na \u00c1rea da Seguran\u00e7a P\u00fablica"},"content":{"rendered":"\n<p>A Pol\u00edcia Militar da Para\u00edba, representada pelo major Onierbeth Elias, est\u00e1 presente no 1\u00ba Workshop de Transfer\u00eancia de Recursos e Contrata\u00e7\u00f5es na \u00e1rea de Seguran\u00e7a P\u00fablica, que acontece at\u00e9 esta quinta-feira (31), em Bras\u00edlia. O evento, que \u00e9 promovido pela Secretaria de Gest\u00e3o e Ensino em Seguran\u00e7a P\u00fablica (Segen) do Minist\u00e9rio da Justi\u00e7a e Seguran\u00e7a P\u00fablica (MJSP), promove debates e trocas de experi\u00eancias no que diz respeito aos recursos repassados pela Uni\u00e3o aos entes federativos, por meio de transfer\u00eancias volunt\u00e1rias e obrigat\u00f3rias.<br><br>A delega\u00e7\u00e3o paraibana no evento conta ainda com representantes da Secretaria de Estado da Seguran\u00e7a e Defesa Social, Pol\u00edcia Civil, Instituto de Pol\u00edcia Cient\u00edfica e Corpo de Bombeiros Militares. Os participantes ir\u00e3o conhecer a plataforma digital do Programa de Compras Eficientes para o Sistema \u00danico de Seguran\u00e7a P\u00fablica &#8211; ComprasSusp.<\/p>\n\n\n\n<p><img loading=\"lazy\" decoding=\"async\" width=\"1024\" height=\"768\" class=\"wp-image-913842\" style=\"width: 800px;\" src=\"http:\/\/www.pm.pb.gov.br\/portal\/wp-content\/uploads\/2022\/03\/e5df61e6-8881-4b2c-86b8-dd694411c625.jpg\" alt=\"\" srcset=\"https:\/\/www.pm.pb.gov.br\/portal\/wp-content\/uploads\/2022\/03\/e5df61e6-8881-4b2c-86b8-dd694411c625.jpg 1024w, https:\/\/www.pm.pb.gov.br\/portal\/wp-content\/uploads\/2022\/03\/e5df61e6-8881-4b2c-86b8-dd694411c625-593x445.jpg 593w, https:\/\/www.pm.pb.gov.br\/portal\/wp-content\/uploads\/2022\/03\/e5df61e6-8881-4b2c-86b8-dd694411c625-760x570.jpg 760w, https:\/\/www.pm.pb.gov.br\/portal\/wp-content\/uploads\/2022\/03\/e5df61e6-8881-4b2c-86b8-dd694411c625-768x576.jpg 768w\" sizes=\"(max-width: 1024px) 100vw, 1024px\" \/><br><br>O evento \u00e9 uma oportunidade de integra\u00e7\u00e3o profissional para melhoria na execu\u00e7\u00e3o dos recursos ligados ao Fundo Nacional de Seguran\u00e7a P\u00fablica e assertividade na presta\u00e7\u00e3o de contas dos recursos federais.<br><br>Participam profissionais integrantes do Sistema \u00danico de Seguran\u00e7a P\u00fablica (SUSP), que atuam na \u00e1rea de gest\u00e3o ou execu\u00e7\u00e3o de contratos, conv\u00eanios, repasses do Fundo Nacional de Seguran\u00e7a P\u00fablica ou outra modalidade de capta\u00e7\u00e3o de recursos federais.<\/p>\n","protected":false},"excerpt":{"rendered":"<p>A Pol\u00edcia Militar da Para\u00edba, representada pelo major Onierbeth Elias, est\u00e1 presente no 1\u00ba Workshop de Transfer\u00eancia de Recursos e<\/p>\n","protected":false},"author":5,"featured_media":913841,"comment_status":"closed","ping_status":"closed","sticky":false,"template":"","format":"standard","meta":{"_exactmetrics_skip_tracking":false,"_exactmetrics_sitenote_active":false,"_exactmetrics_sitenote_note":"","_exactmetrics_sitenote_category":0,"footnotes":""},"categories":[4],"tags":[],"yoast_head":"<!-- This site is optimized with the Yoast SEO plugin v22.0 - https:\/\/yoast.com\/wordpress\/plugins\/seo\/ -->\n<title>PMPB participa de Workshop sobre Transfer\u00eancia de Recursos e Contrata\u00e7\u00f5es na \u00c1rea da Seguran\u00e7a P\u00fablica - Pol\u00edcia Militar da Para\u00edba<\/title>\n<meta name=\"robots\" content=\"index, follow, max-snippet:-1, max-image-preview:large, max-video-preview:-1\" \/>\n<link rel=\"canonical\" href=\"https:\/\/www.pm.pb.gov.br\/portal\/2022\/03\/30\/pmpb-participa-de-workshop-sobre-transferencia-de-recursos-e-contratacoes-na-area-da-seguranca-publica\/\" \/>\n<meta property=\"og:locale\" content=\"pt_BR\" \/>\n<meta property=\"og:type\" content=\"article\" \/>\n<meta property=\"og:title\" content=\"PMPB participa de Workshop sobre Transfer\u00eancia de Recursos e Contrata\u00e7\u00f5es na \u00c1rea da Seguran\u00e7a P\u00fablica - Pol\u00edcia Militar da Para\u00edba\" \/>\n<meta property=\"og:description\" content=\"A Pol\u00edcia Militar da Para\u00edba, representada pelo major Onierbeth Elias, est\u00e1 presente no 1\u00ba Workshop de Transfer\u00eancia de Recursos e\" \/>\n<meta property=\"og:url\" content=\"https:\/\/www.pm.pb.gov.br\/portal\/2022\/03\/30\/pmpb-participa-de-workshop-sobre-transferencia-de-recursos-e-contratacoes-na-area-da-seguranca-publica\/\" \/>\n<meta property=\"og:site_name\" content=\"Pol\u00edcia Militar da Para\u00edba\" \/>\n<meta property=\"article:published_time\" content=\"2022-03-30T13:41:41+00:00\" \/>\n<meta property=\"article:modified_time\" content=\"2022-03-30T13:41:44+00:00\" \/>\n<meta property=\"og:image\" content=\"http:\/\/www.pm.pb.gov.br\/portal\/wp-content\/uploads\/2022\/03\/c7cac1d6-2338-487a-a2cb-b25c23a7ae0a.jpg\" \/>\n\t<meta property=\"og:image:width\" content=\"1280\" \/>\n\t<meta property=\"og:image:height\" content=\"853\" \/>\n\t<meta property=\"og:image:type\" content=\"image\/jpeg\" \/>\n<meta name=\"author\" content=\"Assessoria de Imprensa da PMPB\" \/>\n<meta name=\"twitter:card\" content=\"summary_large_image\" \/>\n<meta name=\"twitter:label1\" content=\"Escrito por\" \/>\n\t<meta name=\"twitter:data1\" content=\"Assessoria de Imprensa da PMPB\" \/>\n\t<meta name=\"twitter:label2\" content=\"Est. tempo de leitura\" \/>\n\t<meta name=\"twitter:data2\" content=\"2 minutos\" \/>\n<script type=\"application\/ld+json\" class=\"yoast-schema-graph\">{\"@context\":\"https:\/\/schema.org\",\"@graph\":[{\"@type\":\"Article\",\"@id\":\"https:\/\/www.pm.pb.gov.br\/portal\/2022\/03\/30\/pmpb-participa-de-workshop-sobre-transferencia-de-recursos-e-contratacoes-na-area-da-seguranca-publica\/#article\",\"isPartOf\":{\"@id\":\"https:\/\/www.pm.pb.gov.br\/portal\/2022\/03\/30\/pmpb-participa-de-workshop-sobre-transferencia-de-recursos-e-contratacoes-na-area-da-seguranca-publica\/\"},\"author\":{\"name\":\"Assessoria de Imprensa da PMPB\",\"@id\":\"https:\/\/www.pm.pb.gov.br\/portal\/#\/schema\/person\/e8454f46651c3ecf0e1ba3c1666d9947\"},\"headline\":\"PMPB participa de Workshop sobre Transfer\u00eancia de Recursos e Contrata\u00e7\u00f5es na \u00c1rea da Seguran\u00e7a P\u00fablica\",\"datePublished\":\"2022-03-30T13:41:41+00:00\",\"dateModified\":\"2022-03-30T13:41:44+00:00\",\"mainEntityOfPage\":{\"@id\":\"https:\/\/www.pm.pb.gov.br\/portal\/2022\/03\/30\/pmpb-participa-de-workshop-sobre-transferencia-de-recursos-e-contratacoes-na-area-da-seguranca-publica\/\"},\"wordCount\":253,\"publisher\":{\"@id\":\"https:\/\/www.pm.pb.gov.br\/portal\/#organization\"},\"articleSection\":[\"A\u00e7\u00f5es Policiais\"],\"inLanguage\":\"pt-BR\"},{\"@type\":\"WebPage\",\"@id\":\"https:\/\/www.pm.pb.gov.br\/portal\/2022\/03\/30\/pmpb-participa-de-workshop-sobre-transferencia-de-recursos-e-contratacoes-na-area-da-seguranca-publica\/\",\"url\":\"https:\/\/www.pm.pb.gov.br\/portal\/2022\/03\/30\/pmpb-participa-de-workshop-sobre-transferencia-de-recursos-e-contratacoes-na-area-da-seguranca-publica\/\",\"name\":\"PMPB participa de Workshop sobre Transfer\u00eancia de Recursos e Contrata\u00e7\u00f5es na \u00c1rea da Seguran\u00e7a P\u00fablica - Pol\u00edcia Militar da Para\u00edba\",\"isPartOf\":{\"@id\":\"https:\/\/www.pm.pb.gov.br\/portal\/#website\"},\"datePublished\":\"2022-03-30T13:41:41+00:00\",\"dateModified\":\"2022-03-30T13:41:44+00:00\",\"breadcrumb\":{\"@id\":\"https:\/\/www.pm.pb.gov.br\/portal\/2022\/03\/30\/pmpb-participa-de-workshop-sobre-transferencia-de-recursos-e-contratacoes-na-area-da-seguranca-publica\/#breadcrumb\"},\"inLanguage\":\"pt-BR\",\"potentialAction\":[{\"@type\":\"ReadAction\",\"target\":[\"https:\/\/www.pm.pb.gov.br\/portal\/2022\/03\/30\/pmpb-participa-de-workshop-sobre-transferencia-de-recursos-e-contratacoes-na-area-da-seguranca-publica\/\"]}]},{\"@type\":\"BreadcrumbList\",\"@id\":\"https:\/\/www.pm.pb.gov.br\/portal\/2022\/03\/30\/pmpb-participa-de-workshop-sobre-transferencia-de-recursos-e-contratacoes-na-area-da-seguranca-publica\/#breadcrumb\",\"itemListElement\":[{\"@type\":\"ListItem\",\"position\":1,\"name\":\"In\u00edcio\",\"item\":\"https:\/\/www.pm.pb.gov.br\/portal\/\"},{\"@type\":\"ListItem\",\"position\":2,\"name\":\"PMPB participa de Workshop sobre Transfer\u00eancia de Recursos e Contrata\u00e7\u00f5es na \u00c1rea da Seguran\u00e7a P\u00fablica\"}]},{\"@type\":\"WebSite\",\"@id\":\"https:\/\/www.pm.pb.gov.br\/portal\/#website\",\"url\":\"https:\/\/www.pm.pb.gov.br\/portal\/\",\"name\":\"Pol\u00edcia Militar da Para\u00edba\",\"description\":\"\",\"publisher\":{\"@id\":\"https:\/\/www.pm.pb.gov.br\/portal\/#organization\"},\"potentialAction\":[{\"@type\":\"SearchAction\",\"target\":{\"@type\":\"EntryPoint\",\"urlTemplate\":\"https:\/\/www.pm.pb.gov.br\/portal\/?s={search_term_string}\"},\"query-input\":\"required name=search_term_string\"}],\"inLanguage\":\"pt-BR\"},{\"@type\":\"Organization\",\"@id\":\"https:\/\/www.pm.pb.gov.br\/portal\/#organization\",\"name\":\"Pol\u00edcia Militar da Para\u00edba\",\"url\":\"https:\/\/www.pm.pb.gov.br\/portal\/\",\"logo\":{\"@type\":\"ImageObject\",\"inLanguage\":\"pt-BR\",\"@id\":\"https:\/\/www.pm.pb.gov.br\/portal\/#\/schema\/logo\/image\/\",\"url\":\"https:\/\/www.pm.pb.gov.br\/portal\/wp-content\/uploads\/2025\/03\/cropped-logo-site-mag2-1.png\",\"contentUrl\":\"https:\/\/www.pm.pb.gov.br\/portal\/wp-content\/uploads\/2025\/03\/cropped-logo-site-mag2-1.png\",\"width\":320,\"height\":90,\"caption\":\"Pol\u00edcia Militar da Para\u00edba\"},\"image\":{\"@id\":\"https:\/\/www.pm.pb.gov.br\/portal\/#\/schema\/logo\/image\/\"}},{\"@type\":\"Person\",\"@id\":\"https:\/\/www.pm.pb.gov.br\/portal\/#\/schema\/person\/e8454f46651c3ecf0e1ba3c1666d9947\",\"name\":\"Assessoria de Imprensa da PMPB\",\"image\":{\"@type\":\"ImageObject\",\"inLanguage\":\"pt-BR\",\"@id\":\"https:\/\/www.pm.pb.gov.br\/portal\/#\/schema\/person\/image\/\",\"url\":\"https:\/\/secure.gravatar.com\/avatar\/2efe197438265d1e90bd98c4c8e1acf8?s=96&d=mm&r=g\",\"contentUrl\":\"https:\/\/secure.gravatar.com\/avatar\/2efe197438265d1e90bd98c4c8e1acf8?s=96&d=mm&r=g\",\"caption\":\"Assessoria de Imprensa da PMPB\"},\"url\":\"https:\/\/www.pm.pb.gov.br\/portal\/author\/assessoria\/\"}]}<\/script>\n<!-- \/ Yoast SEO plugin. -->","yoast_head_json":{"title":"PMPB participa de Workshop sobre Transfer\u00eancia de Recursos e Contrata\u00e7\u00f5es na \u00c1rea da Seguran\u00e7a P\u00fablica - Pol\u00edcia Militar da Para\u00edba","robots":{"index":"index","follow":"follow","max-snippet":"max-snippet:-1","max-image-preview":"max-image-preview:large","max-video-preview":"max-video-preview:-1"},"canonical":"https:\/\/www.pm.pb.gov.br\/portal\/2022\/03\/30\/pmpb-participa-de-workshop-sobre-transferencia-de-recursos-e-contratacoes-na-area-da-seguranca-publica\/","og_locale":"pt_BR","og_type":"article","og_title":"PMPB participa de Workshop sobre Transfer\u00eancia de Recursos e Contrata\u00e7\u00f5es na \u00c1rea da Seguran\u00e7a P\u00fablica - Pol\u00edcia Militar da Para\u00edba","og_description":"A Pol\u00edcia Militar da Para\u00edba, representada pelo major Onierbeth Elias, est\u00e1 presente no 1\u00ba Workshop de Transfer\u00eancia de Recursos e","og_url":"https:\/\/www.pm.pb.gov.br\/portal\/2022\/03\/30\/pmpb-participa-de-workshop-sobre-transferencia-de-recursos-e-contratacoes-na-area-da-seguranca-publica\/","og_site_name":"Pol\u00edcia Militar da Para\u00edba","article_published_time":"2022-03-30T13:41:41+00:00","article_modified_time":"2022-03-30T13:41:44+00:00","og_image":[{"width":1280,"height":853,"url":"http:\/\/www.pm.pb.gov.br\/portal\/wp-content\/uploads\/2022\/03\/c7cac1d6-2338-487a-a2cb-b25c23a7ae0a.jpg","type":"image\/jpeg"}],"author":"Assessoria de Imprensa da PMPB","twitter_card":"summary_large_image","twitter_misc":{"Escrito por":"Assessoria de Imprensa da PMPB","Est. tempo de leitura":"2 minutos"},"schema":{"@context":"https:\/\/schema.org","@graph":[{"@type":"Article","@id":"https:\/\/www.pm.pb.gov.br\/portal\/2022\/03\/30\/pmpb-participa-de-workshop-sobre-transferencia-de-recursos-e-contratacoes-na-area-da-seguranca-publica\/#article","isPartOf":{"@id":"https:\/\/www.pm.pb.gov.br\/portal\/2022\/03\/30\/pmpb-participa-de-workshop-sobre-transferencia-de-recursos-e-contratacoes-na-area-da-seguranca-publica\/"},"author":{"name":"Assessoria de Imprensa da PMPB","@id":"https:\/\/www.pm.pb.gov.br\/portal\/#\/schema\/person\/e8454f46651c3ecf0e1ba3c1666d9947"},"headline":"PMPB participa de Workshop sobre Transfer\u00eancia de Recursos e Contrata\u00e7\u00f5es na \u00c1rea da Seguran\u00e7a P\u00fablica","datePublished":"2022-03-30T13:41:41+00:00","dateModified":"2022-03-30T13:41:44+00:00","mainEntityOfPage":{"@id":"https:\/\/www.pm.pb.gov.br\/portal\/2022\/03\/30\/pmpb-participa-de-workshop-sobre-transferencia-de-recursos-e-contratacoes-na-area-da-seguranca-publica\/"},"wordCount":253,"publisher":{"@id":"https:\/\/www.pm.pb.gov.br\/portal\/#organization"},"articleSection":["A\u00e7\u00f5es Policiais"],"inLanguage":"pt-BR"},{"@type":"WebPage","@id":"https:\/\/www.pm.pb.gov.br\/portal\/2022\/03\/30\/pmpb-participa-de-workshop-sobre-transferencia-de-recursos-e-contratacoes-na-area-da-seguranca-publica\/","url":"https:\/\/www.pm.pb.gov.br\/portal\/2022\/03\/30\/pmpb-participa-de-workshop-sobre-transferencia-de-recursos-e-contratacoes-na-area-da-seguranca-publica\/","name":"PMPB participa de Workshop sobre Transfer\u00eancia de Recursos e Contrata\u00e7\u00f5es na \u00c1rea da Seguran\u00e7a P\u00fablica - Pol\u00edcia Militar da Para\u00edba","isPartOf":{"@id":"https:\/\/www.pm.pb.gov.br\/portal\/#website"},"datePublished":"2022-03-30T13:41:41+00:00","dateModified":"2022-03-30T13:41:44+00:00","breadcrumb":{"@id":"https:\/\/www.pm.pb.gov.br\/portal\/2022\/03\/30\/pmpb-participa-de-workshop-sobre-transferencia-de-recursos-e-contratacoes-na-area-da-seguranca-publica\/#breadcrumb"},"inLanguage":"pt-BR","potentialAction":[{"@type":"ReadAction","target":["https:\/\/www.pm.pb.gov.br\/portal\/2022\/03\/30\/pmpb-participa-de-workshop-sobre-transferencia-de-recursos-e-contratacoes-na-area-da-seguranca-publica\/"]}]},{"@type":"BreadcrumbList","@id":"https:\/\/www.pm.pb.gov.br\/portal\/2022\/03\/30\/pmpb-participa-de-workshop-sobre-transferencia-de-recursos-e-contratacoes-na-area-da-seguranca-publica\/#breadcrumb","itemListElement":[{"@type":"ListItem","position":1,"name":"In\u00edcio","item":"https:\/\/www.pm.pb.gov.br\/portal\/"},{"@type":"ListItem","position":2,"name":"PMPB participa de Workshop sobre Transfer\u00eancia de Recursos e Contrata\u00e7\u00f5es na \u00c1rea da Seguran\u00e7a P\u00fablica"}]},{"@type":"WebSite","@id":"https:\/\/www.pm.pb.gov.br\/portal\/#website","url":"https:\/\/www.pm.pb.gov.br\/portal\/","name":"Pol\u00edcia Militar da Para\u00edba","description":"","publisher":{"@id":"https:\/\/www.pm.pb.gov.br\/portal\/#organization"},"potentialAction":[{"@type":"SearchAction","target":{"@type":"EntryPoint","urlTemplate":"https:\/\/www.pm.pb.gov.br\/portal\/?s={search_term_string}"},"query-input":"required name=search_term_string"}],"inLanguage":"pt-BR"},{"@type":"Organization","@id":"https:\/\/www.pm.pb.gov.br\/portal\/#organization","name":"Pol\u00edcia Militar da Para\u00edba","url":"https:\/\/www.pm.pb.gov.br\/portal\/","logo":{"@type":"ImageObject","inLanguage":"pt-BR","@id":"https:\/\/www.pm.pb.gov.br\/portal\/#\/schema\/logo\/image\/","url":"https:\/\/www.pm.pb.gov.br\/portal\/wp-content\/uploads\/2025\/03\/cropped-logo-site-mag2-1.png","contentUrl":"https:\/\/www.pm.pb.gov.br\/portal\/wp-content\/uploads\/2025\/03\/cropped-logo-site-mag2-1.png","width":320,"height":90,"caption":"Pol\u00edcia Militar da Para\u00edba"},"image":{"@id":"https:\/\/www.pm.pb.gov.br\/portal\/#\/schema\/logo\/image\/"}},{"@type":"Person","@id":"https:\/\/www.pm.pb.gov.br\/portal\/#\/schema\/person\/e8454f46651c3ecf0e1ba3c1666d9947","name":"Assessoria de Imprensa da PMPB","image":{"@type":"ImageObject","inLanguage":"pt-BR","@id":"https:\/\/www.pm.pb.gov.br\/portal\/#\/schema\/person\/image\/","url":"https:\/\/secure.gravatar.com\/avatar\/2efe197438265d1e90bd98c4c8e1acf8?s=96&d=mm&r=g","contentUrl":"https:\/\/secure.gravatar.com\/avatar\/2efe197438265d1e90bd98c4c8e1acf8?s=96&d=mm&r=g","caption":"Assessoria de Imprensa da PMPB"},"url":"https:\/\/www.pm.pb.gov.br\/portal\/author\/assessoria\/"}]}},"_links":{"self":[{"href":"https:\/\/www.pm.pb.gov.br\/portal\/wp-json\/wp\/v2\/posts\/913836"}],"collection":[{"href":"https:\/\/www.pm.pb.gov.br\/portal\/wp-json\/wp\/v2\/posts"}],"about":[{"href":"https:\/\/www.pm.pb.gov.br\/portal\/wp-json\/wp\/v2\/types\/post"}],"author":[{"embeddable":true,"href":"https:\/\/www.pm.pb.gov.br\/portal\/wp-json\/wp\/v2\/users\/5"}],"replies":[{"embeddable":true,"href":"https:\/\/www.pm.pb.gov.br\/portal\/wp-json\/wp\/v2\/comments?post=913836"}],"version-history":[{"count":2,"href":"https:\/\/www.pm.pb.gov.br\/portal\/wp-json\/wp\/v2\/posts\/913836\/revisions"}],"predecessor-version":[{"id":913843,"href":"https:\/\/www.pm.pb.gov.br\/portal\/wp-json\/wp\/v2\/posts\/913836\/revisions\/913843"}],"wp:featuredmedia":[{"embeddable":true,"href":"https:\/\/www.pm.pb.gov.br\/portal\/wp-json\/wp\/v2\/media\/913841"}],"wp:attachment":[{"href":"https:\/\/www.pm.pb.gov.br\/portal\/wp-json\/wp\/v2\/media?parent=913836"}],"wp:term":[{"taxonomy":"category","embeddable":true,"href":"https:\/\/www.pm.pb.gov.br\/portal\/wp-json\/wp\/v2\/categories?post=913836"},{"taxonomy":"post_tag","embeddable":true,"href":"https:\/\/www.pm.pb.gov.br\/portal\/wp-json\/wp\/v2\/tags?post=913836"}],"curies":[{"name":"wp","href":"https:\/\/api.w.org\/{rel}","templated":true}]}}