{"id":913833,"date":"2022-03-29T12:40:00","date_gmt":"2022-03-29T15:40:00","guid":{"rendered":"https:\/\/www.pm.pb.gov.br\/portal\/?p=913833"},"modified":"2022-03-29T13:42:43","modified_gmt":"2022-03-29T16:42:43","slug":"comandante-geral-da-pm-recebe-preito-de-gratidao-por-contribuir-com-politicas-de-prevencao-as-drogas","status":"publish","type":"post","link":"https:\/\/www.pm.pb.gov.br\/portal\/2022\/03\/29\/comandante-geral-da-pm-recebe-preito-de-gratidao-por-contribuir-com-politicas-de-prevencao-as-drogas\/","title":{"rendered":"Comandante-geral da PM recebe preito de gratid\u00e3o por contribuir com pol\u00edticas de preven\u00e7\u00e3o \u00e0s drogas"},"content":{"rendered":"\n<p>O comandante-geral da Pol\u00edcia Militar, coronel Euller Chaves, recebeu em seu gabinete a visita da presidente do Conselho Municipal de Pol\u00edticas P\u00fablicas Sobre Drogas (COMAD), Inise Machado de Lima. O \u00f3rg\u00e3o, que tem 50 conselheiros, \u00e9 respons\u00e1vel por integrar e estimular os segmentos sociais para desenvolver a\u00e7\u00f5es que tem o objetivo de prevenir o uso de drogas.<br \/><br \/>Por contribuir plenamente com o conselho e principalmente com o objetivo da causa, atrav\u00e9s do Programa Educacional de Resist\u00eancia \u00e0s Drogas (Proerd), o comandante-geral da PM recebeu um certificado como preito de gratid\u00e3o. A honraria foi entregue pela pr\u00f3pria presidente Inise Machado.<br \/><br \/>\u201cEstamos aqui para agradecer ao coronel Euller pelo trabalho preventivo sobre drogas que ele sempre teve, atrav\u00e9s do Proerd. A presen\u00e7a da PM no conselho tem uma import\u00e2ncia grande e o coronel Euller sempre se antecipou para colaborar incondicionalmente conosco, por isso n\u00e3o podemos deixar de fazer esse reconhecimento e agradecer&#8221;, disse a presidente.<br \/><br \/>O Proerd j\u00e1 formou mais de meio milh\u00e3o de crian\u00e7as, adolescentes e adultos, atrav\u00e9s de seus curr\u00edculos que atingem a Educa\u00e7\u00e3o Infantil, S\u00e9ries Iniciais e o Ensino Fundamental, al\u00e9m dos Pais e\/ou Respons\u00e1veis. O Programa desenvolve um trabalho de preven\u00e7\u00e3o prim\u00e1ria, sendo mais uma ferramenta da Pol\u00edcia Solid\u00e1ria, pois fortalece os v\u00ednculos entre a Pol\u00edcia, a escola e a fam\u00edlia.<\/p>\n","protected":false},"excerpt":{"rendered":"<p>O comandante-geral da Pol\u00edcia Militar, coronel Euller Chaves, recebeu em seu gabinete a visita da presidente do Conselho Municipal de<\/p>\n","protected":false},"author":15,"featured_media":913830,"comment_status":"closed","ping_status":"closed","sticky":false,"template":"","format":"standard","meta":{"_exactmetrics_skip_tracking":false,"_exactmetrics_sitenote_active":false,"_exactmetrics_sitenote_note":"","_exactmetrics_sitenote_category":0,"footnotes":""},"categories":[5],"tags":[],"yoast_head":"<!-- This site is optimized with the Yoast SEO plugin v22.0 - https:\/\/yoast.com\/wordpress\/plugins\/seo\/ -->\n<title>Comandante-geral da PM recebe preito de gratid\u00e3o por contribuir com pol\u00edticas de preven\u00e7\u00e3o \u00e0s drogas - Pol\u00edcia Militar da Para\u00edba<\/title>\n<meta name=\"robots\" content=\"index, follow, max-snippet:-1, max-image-preview:large, max-video-preview:-1\" \/>\n<link rel=\"canonical\" href=\"https:\/\/www.pm.pb.gov.br\/portal\/2022\/03\/29\/comandante-geral-da-pm-recebe-preito-de-gratidao-por-contribuir-com-politicas-de-prevencao-as-drogas\/\" \/>\n<meta property=\"og:locale\" content=\"pt_BR\" \/>\n<meta property=\"og:type\" content=\"article\" \/>\n<meta property=\"og:title\" content=\"Comandante-geral da PM recebe preito de gratid\u00e3o por contribuir com pol\u00edticas de preven\u00e7\u00e3o \u00e0s drogas - Pol\u00edcia Militar da Para\u00edba\" \/>\n<meta property=\"og:description\" content=\"O comandante-geral da Pol\u00edcia Militar, coronel Euller Chaves, recebeu em seu gabinete a visita da presidente do Conselho Municipal de\" \/>\n<meta property=\"og:url\" content=\"https:\/\/www.pm.pb.gov.br\/portal\/2022\/03\/29\/comandante-geral-da-pm-recebe-preito-de-gratidao-por-contribuir-com-politicas-de-prevencao-as-drogas\/\" \/>\n<meta property=\"og:site_name\" content=\"Pol\u00edcia Militar da Para\u00edba\" \/>\n<meta property=\"article:published_time\" content=\"2022-03-29T15:40:00+00:00\" \/>\n<meta property=\"article:modified_time\" content=\"2022-03-29T16:42:43+00:00\" \/>\n<meta property=\"og:image\" content=\"http:\/\/www.pm.pb.gov.br\/portal\/wp-content\/uploads\/2022\/03\/PROERD-1.jpg\" \/>\n\t<meta property=\"og:image:width\" content=\"1280\" \/>\n\t<meta property=\"og:image:height\" content=\"853\" \/>\n\t<meta property=\"og:image:type\" content=\"image\/jpeg\" \/>\n<meta name=\"author\" content=\"Marcio Gomes dos Santos\" \/>\n<meta name=\"twitter:card\" content=\"summary_large_image\" \/>\n<meta name=\"twitter:label1\" content=\"Escrito por\" \/>\n\t<meta name=\"twitter:data1\" content=\"Marcio Gomes dos Santos\" \/>\n\t<meta name=\"twitter:label2\" content=\"Est. tempo de leitura\" \/>\n\t<meta name=\"twitter:data2\" content=\"2 minutos\" \/>\n<script type=\"application\/ld+json\" class=\"yoast-schema-graph\">{\"@context\":\"https:\/\/schema.org\",\"@graph\":[{\"@type\":\"Article\",\"@id\":\"https:\/\/www.pm.pb.gov.br\/portal\/2022\/03\/29\/comandante-geral-da-pm-recebe-preito-de-gratidao-por-contribuir-com-politicas-de-prevencao-as-drogas\/#article\",\"isPartOf\":{\"@id\":\"https:\/\/www.pm.pb.gov.br\/portal\/2022\/03\/29\/comandante-geral-da-pm-recebe-preito-de-gratidao-por-contribuir-com-politicas-de-prevencao-as-drogas\/\"},\"author\":{\"name\":\"Marcio Gomes dos Santos\",\"@id\":\"https:\/\/www.pm.pb.gov.br\/portal\/#\/schema\/person\/30d571652b38533c2211e4e89bf5a502\"},\"headline\":\"Comandante-geral da PM recebe preito de gratid\u00e3o por contribuir com pol\u00edticas de preven\u00e7\u00e3o \u00e0s drogas\",\"datePublished\":\"2022-03-29T15:40:00+00:00\",\"dateModified\":\"2022-03-29T16:42:43+00:00\",\"mainEntityOfPage\":{\"@id\":\"https:\/\/www.pm.pb.gov.br\/portal\/2022\/03\/29\/comandante-geral-da-pm-recebe-preito-de-gratidao-por-contribuir-com-politicas-de-prevencao-as-drogas\/\"},\"wordCount\":259,\"publisher\":{\"@id\":\"https:\/\/www.pm.pb.gov.br\/portal\/#organization\"},\"articleSection\":[\"Homenagens\"],\"inLanguage\":\"pt-BR\"},{\"@type\":\"WebPage\",\"@id\":\"https:\/\/www.pm.pb.gov.br\/portal\/2022\/03\/29\/comandante-geral-da-pm-recebe-preito-de-gratidao-por-contribuir-com-politicas-de-prevencao-as-drogas\/\",\"url\":\"https:\/\/www.pm.pb.gov.br\/portal\/2022\/03\/29\/comandante-geral-da-pm-recebe-preito-de-gratidao-por-contribuir-com-politicas-de-prevencao-as-drogas\/\",\"name\":\"Comandante-geral da PM recebe preito de gratid\u00e3o por contribuir com pol\u00edticas de preven\u00e7\u00e3o \u00e0s drogas - Pol\u00edcia Militar da Para\u00edba\",\"isPartOf\":{\"@id\":\"https:\/\/www.pm.pb.gov.br\/portal\/#website\"},\"datePublished\":\"2022-03-29T15:40:00+00:00\",\"dateModified\":\"2022-03-29T16:42:43+00:00\",\"breadcrumb\":{\"@id\":\"https:\/\/www.pm.pb.gov.br\/portal\/2022\/03\/29\/comandante-geral-da-pm-recebe-preito-de-gratidao-por-contribuir-com-politicas-de-prevencao-as-drogas\/#breadcrumb\"},\"inLanguage\":\"pt-BR\",\"potentialAction\":[{\"@type\":\"ReadAction\",\"target\":[\"https:\/\/www.pm.pb.gov.br\/portal\/2022\/03\/29\/comandante-geral-da-pm-recebe-preito-de-gratidao-por-contribuir-com-politicas-de-prevencao-as-drogas\/\"]}]},{\"@type\":\"BreadcrumbList\",\"@id\":\"https:\/\/www.pm.pb.gov.br\/portal\/2022\/03\/29\/comandante-geral-da-pm-recebe-preito-de-gratidao-por-contribuir-com-politicas-de-prevencao-as-drogas\/#breadcrumb\",\"itemListElement\":[{\"@type\":\"ListItem\",\"position\":1,\"name\":\"In\u00edcio\",\"item\":\"https:\/\/www.pm.pb.gov.br\/portal\/\"},{\"@type\":\"ListItem\",\"position\":2,\"name\":\"Comandante-geral da PM recebe preito de gratid\u00e3o por contribuir com pol\u00edticas de preven\u00e7\u00e3o \u00e0s drogas\"}]},{\"@type\":\"WebSite\",\"@id\":\"https:\/\/www.pm.pb.gov.br\/portal\/#website\",\"url\":\"https:\/\/www.pm.pb.gov.br\/portal\/\",\"name\":\"Pol\u00edcia Militar da Para\u00edba\",\"description\":\"\",\"publisher\":{\"@id\":\"https:\/\/www.pm.pb.gov.br\/portal\/#organization\"},\"potentialAction\":[{\"@type\":\"SearchAction\",\"target\":{\"@type\":\"EntryPoint\",\"urlTemplate\":\"https:\/\/www.pm.pb.gov.br\/portal\/?s={search_term_string}\"},\"query-input\":\"required name=search_term_string\"}],\"inLanguage\":\"pt-BR\"},{\"@type\":\"Organization\",\"@id\":\"https:\/\/www.pm.pb.gov.br\/portal\/#organization\",\"name\":\"Pol\u00edcia Militar da Para\u00edba\",\"url\":\"https:\/\/www.pm.pb.gov.br\/portal\/\",\"logo\":{\"@type\":\"ImageObject\",\"inLanguage\":\"pt-BR\",\"@id\":\"https:\/\/www.pm.pb.gov.br\/portal\/#\/schema\/logo\/image\/\",\"url\":\"https:\/\/www.pm.pb.gov.br\/portal\/wp-content\/uploads\/2025\/03\/cropped-logo-site-mag2-1.png\",\"contentUrl\":\"https:\/\/www.pm.pb.gov.br\/portal\/wp-content\/uploads\/2025\/03\/cropped-logo-site-mag2-1.png\",\"width\":320,\"height\":90,\"caption\":\"Pol\u00edcia Militar da Para\u00edba\"},\"image\":{\"@id\":\"https:\/\/www.pm.pb.gov.br\/portal\/#\/schema\/logo\/image\/\"}},{\"@type\":\"Person\",\"@id\":\"https:\/\/www.pm.pb.gov.br\/portal\/#\/schema\/person\/30d571652b38533c2211e4e89bf5a502\",\"name\":\"Marcio Gomes dos Santos\",\"image\":{\"@type\":\"ImageObject\",\"inLanguage\":\"pt-BR\",\"@id\":\"https:\/\/www.pm.pb.gov.br\/portal\/#\/schema\/person\/image\/\",\"url\":\"https:\/\/secure.gravatar.com\/avatar\/cf4ec2cb690101e1581c7773aa350c19?s=96&d=mm&r=g\",\"contentUrl\":\"https:\/\/secure.gravatar.com\/avatar\/cf4ec2cb690101e1581c7773aa350c19?s=96&d=mm&r=g\",\"caption\":\"Marcio Gomes dos Santos\"},\"url\":\"https:\/\/www.pm.pb.gov.br\/portal\/author\/mgomes\/\"}]}<\/script>\n<!-- \/ Yoast SEO plugin. -->","yoast_head_json":{"title":"Comandante-geral da PM recebe preito de gratid\u00e3o por contribuir com pol\u00edticas de preven\u00e7\u00e3o \u00e0s drogas - Pol\u00edcia Militar da Para\u00edba","robots":{"index":"index","follow":"follow","max-snippet":"max-snippet:-1","max-image-preview":"max-image-preview:large","max-video-preview":"max-video-preview:-1"},"canonical":"https:\/\/www.pm.pb.gov.br\/portal\/2022\/03\/29\/comandante-geral-da-pm-recebe-preito-de-gratidao-por-contribuir-com-politicas-de-prevencao-as-drogas\/","og_locale":"pt_BR","og_type":"article","og_title":"Comandante-geral da PM recebe preito de gratid\u00e3o por contribuir com pol\u00edticas de preven\u00e7\u00e3o \u00e0s drogas - Pol\u00edcia Militar da Para\u00edba","og_description":"O comandante-geral da Pol\u00edcia Militar, coronel Euller Chaves, recebeu em seu gabinete a visita da presidente do Conselho Municipal de","og_url":"https:\/\/www.pm.pb.gov.br\/portal\/2022\/03\/29\/comandante-geral-da-pm-recebe-preito-de-gratidao-por-contribuir-com-politicas-de-prevencao-as-drogas\/","og_site_name":"Pol\u00edcia Militar da Para\u00edba","article_published_time":"2022-03-29T15:40:00+00:00","article_modified_time":"2022-03-29T16:42:43+00:00","og_image":[{"width":1280,"height":853,"url":"http:\/\/www.pm.pb.gov.br\/portal\/wp-content\/uploads\/2022\/03\/PROERD-1.jpg","type":"image\/jpeg"}],"author":"Marcio Gomes dos Santos","twitter_card":"summary_large_image","twitter_misc":{"Escrito por":"Marcio Gomes dos Santos","Est. tempo de leitura":"2 minutos"},"schema":{"@context":"https:\/\/schema.org","@graph":[{"@type":"Article","@id":"https:\/\/www.pm.pb.gov.br\/portal\/2022\/03\/29\/comandante-geral-da-pm-recebe-preito-de-gratidao-por-contribuir-com-politicas-de-prevencao-as-drogas\/#article","isPartOf":{"@id":"https:\/\/www.pm.pb.gov.br\/portal\/2022\/03\/29\/comandante-geral-da-pm-recebe-preito-de-gratidao-por-contribuir-com-politicas-de-prevencao-as-drogas\/"},"author":{"name":"Marcio Gomes dos Santos","@id":"https:\/\/www.pm.pb.gov.br\/portal\/#\/schema\/person\/30d571652b38533c2211e4e89bf5a502"},"headline":"Comandante-geral da PM recebe preito de gratid\u00e3o por contribuir com pol\u00edticas de preven\u00e7\u00e3o \u00e0s drogas","datePublished":"2022-03-29T15:40:00+00:00","dateModified":"2022-03-29T16:42:43+00:00","mainEntityOfPage":{"@id":"https:\/\/www.pm.pb.gov.br\/portal\/2022\/03\/29\/comandante-geral-da-pm-recebe-preito-de-gratidao-por-contribuir-com-politicas-de-prevencao-as-drogas\/"},"wordCount":259,"publisher":{"@id":"https:\/\/www.pm.pb.gov.br\/portal\/#organization"},"articleSection":["Homenagens"],"inLanguage":"pt-BR"},{"@type":"WebPage","@id":"https:\/\/www.pm.pb.gov.br\/portal\/2022\/03\/29\/comandante-geral-da-pm-recebe-preito-de-gratidao-por-contribuir-com-politicas-de-prevencao-as-drogas\/","url":"https:\/\/www.pm.pb.gov.br\/portal\/2022\/03\/29\/comandante-geral-da-pm-recebe-preito-de-gratidao-por-contribuir-com-politicas-de-prevencao-as-drogas\/","name":"Comandante-geral da PM recebe preito de gratid\u00e3o por contribuir com pol\u00edticas de preven\u00e7\u00e3o \u00e0s drogas - Pol\u00edcia Militar da Para\u00edba","isPartOf":{"@id":"https:\/\/www.pm.pb.gov.br\/portal\/#website"},"datePublished":"2022-03-29T15:40:00+00:00","dateModified":"2022-03-29T16:42:43+00:00","breadcrumb":{"@id":"https:\/\/www.pm.pb.gov.br\/portal\/2022\/03\/29\/comandante-geral-da-pm-recebe-preito-de-gratidao-por-contribuir-com-politicas-de-prevencao-as-drogas\/#breadcrumb"},"inLanguage":"pt-BR","potentialAction":[{"@type":"ReadAction","target":["https:\/\/www.pm.pb.gov.br\/portal\/2022\/03\/29\/comandante-geral-da-pm-recebe-preito-de-gratidao-por-contribuir-com-politicas-de-prevencao-as-drogas\/"]}]},{"@type":"BreadcrumbList","@id":"https:\/\/www.pm.pb.gov.br\/portal\/2022\/03\/29\/comandante-geral-da-pm-recebe-preito-de-gratidao-por-contribuir-com-politicas-de-prevencao-as-drogas\/#breadcrumb","itemListElement":[{"@type":"ListItem","position":1,"name":"In\u00edcio","item":"https:\/\/www.pm.pb.gov.br\/portal\/"},{"@type":"ListItem","position":2,"name":"Comandante-geral da PM recebe preito de gratid\u00e3o por contribuir com pol\u00edticas de preven\u00e7\u00e3o \u00e0s drogas"}]},{"@type":"WebSite","@id":"https:\/\/www.pm.pb.gov.br\/portal\/#website","url":"https:\/\/www.pm.pb.gov.br\/portal\/","name":"Pol\u00edcia Militar da Para\u00edba","description":"","publisher":{"@id":"https:\/\/www.pm.pb.gov.br\/portal\/#organization"},"potentialAction":[{"@type":"SearchAction","target":{"@type":"EntryPoint","urlTemplate":"https:\/\/www.pm.pb.gov.br\/portal\/?s={search_term_string}"},"query-input":"required name=search_term_string"}],"inLanguage":"pt-BR"},{"@type":"Organization","@id":"https:\/\/www.pm.pb.gov.br\/portal\/#organization","name":"Pol\u00edcia Militar da Para\u00edba","url":"https:\/\/www.pm.pb.gov.br\/portal\/","logo":{"@type":"ImageObject","inLanguage":"pt-BR","@id":"https:\/\/www.pm.pb.gov.br\/portal\/#\/schema\/logo\/image\/","url":"https:\/\/www.pm.pb.gov.br\/portal\/wp-content\/uploads\/2025\/03\/cropped-logo-site-mag2-1.png","contentUrl":"https:\/\/www.pm.pb.gov.br\/portal\/wp-content\/uploads\/2025\/03\/cropped-logo-site-mag2-1.png","width":320,"height":90,"caption":"Pol\u00edcia Militar da Para\u00edba"},"image":{"@id":"https:\/\/www.pm.pb.gov.br\/portal\/#\/schema\/logo\/image\/"}},{"@type":"Person","@id":"https:\/\/www.pm.pb.gov.br\/portal\/#\/schema\/person\/30d571652b38533c2211e4e89bf5a502","name":"Marcio Gomes dos Santos","image":{"@type":"ImageObject","inLanguage":"pt-BR","@id":"https:\/\/www.pm.pb.gov.br\/portal\/#\/schema\/person\/image\/","url":"https:\/\/secure.gravatar.com\/avatar\/cf4ec2cb690101e1581c7773aa350c19?s=96&d=mm&r=g","contentUrl":"https:\/\/secure.gravatar.com\/avatar\/cf4ec2cb690101e1581c7773aa350c19?s=96&d=mm&r=g","caption":"Marcio Gomes dos Santos"},"url":"https:\/\/www.pm.pb.gov.br\/portal\/author\/mgomes\/"}]}},"_links":{"self":[{"href":"https:\/\/www.pm.pb.gov.br\/portal\/wp-json\/wp\/v2\/posts\/913833"}],"collection":[{"href":"https:\/\/www.pm.pb.gov.br\/portal\/wp-json\/wp\/v2\/posts"}],"about":[{"href":"https:\/\/www.pm.pb.gov.br\/portal\/wp-json\/wp\/v2\/types\/post"}],"author":[{"embeddable":true,"href":"https:\/\/www.pm.pb.gov.br\/portal\/wp-json\/wp\/v2\/users\/15"}],"replies":[{"embeddable":true,"href":"https:\/\/www.pm.pb.gov.br\/portal\/wp-json\/wp\/v2\/comments?post=913833"}],"version-history":[{"count":1,"href":"https:\/\/www.pm.pb.gov.br\/portal\/wp-json\/wp\/v2\/posts\/913833\/revisions"}],"predecessor-version":[{"id":913834,"href":"https:\/\/www.pm.pb.gov.br\/portal\/wp-json\/wp\/v2\/posts\/913833\/revisions\/913834"}],"wp:featuredmedia":[{"embeddable":true,"href":"https:\/\/www.pm.pb.gov.br\/portal\/wp-json\/wp\/v2\/media\/913830"}],"wp:attachment":[{"href":"https:\/\/www.pm.pb.gov.br\/portal\/wp-json\/wp\/v2\/media?parent=913833"}],"wp:term":[{"taxonomy":"category","embeddable":true,"href":"https:\/\/www.pm.pb.gov.br\/portal\/wp-json\/wp\/v2\/categories?post=913833"},{"taxonomy":"post_tag","embeddable":true,"href":"https:\/\/www.pm.pb.gov.br\/portal\/wp-json\/wp\/v2\/tags?post=913833"}],"curies":[{"name":"wp","href":"https:\/\/api.w.org\/{rel}","templated":true}]}}