{"id":913827,"date":"2022-03-30T09:28:07","date_gmt":"2022-03-30T12:28:07","guid":{"rendered":"https:\/\/www.pm.pb.gov.br\/portal\/?p=913827"},"modified":"2022-03-30T09:28:11","modified_gmt":"2022-03-30T12:28:11","slug":"coronel-euller-renuncia-a-presidente-do-conselho-nacional-dos-comandantes-gerais","status":"publish","type":"post","link":"https:\/\/www.pm.pb.gov.br\/portal\/2022\/03\/30\/coronel-euller-renuncia-a-presidente-do-conselho-nacional-dos-comandantes-gerais\/","title":{"rendered":"Coronel Euller renuncia \u00e0 presidente do Conselho Nacional dos Comandantes-Gerais"},"content":{"rendered":"\n<p>O comandante-geral da Pol\u00edcia Militar da Para\u00edba, coronel Euller Chaves, renunciou \u00e0 presidente do Conselho Nacional dos Comandantes-Gerais das Pol\u00edcias Militares e Corpos de Bombeiros Militares, nessa ter\u00e7a-feira (29), e convocou novas elei\u00e7\u00f5es para o cargo, durante reuni\u00e3o ordin\u00e1ria do \u00f3rg\u00e3o, que acontece em Bras\u00edlia. Comandante Euller participou de forma on line, por causa da agenda de homenagens e agradecimentos que cumpre, esta semana, em v\u00e1rias unidades da PM, aqui no Para\u00edba.<br><br>\u201cMiss\u00e3o cumprida! Tivemos a oportunidade de, representando \u00e0 Para\u00edba, encabe\u00e7ar os principais temas de interesse das For\u00e7as Militares Estaduais do pa\u00eds, a exemplo da nossa lei org\u00e2nica. No conselho, criamos e reativamos v\u00e1rias c\u00e2maras tem\u00e1ticas, com foco na preven\u00e7\u00e3o \u00e0 viol\u00eancia contra \u00e0s mulheres, na preven\u00e7\u00e3o ao uso de drogas pelos nossos jovens, fortalecimento das \u00e1reas de interesse tur\u00edstico, da intelig\u00eancia, entre outros\u201d, destacou coronel Euller.<br><br>Quem assume a fun\u00e7\u00e3o, ap\u00f3s ser eleito, \u00e9 o comandante-geral da Pol\u00edcia Militar da Bahia, coronel Paulo Coutinho.<br>Comandante Euller foi o primeiro nordestino a ser eleito presidente do Conselho Nacional dos Comandantes-Gerais das Pol\u00edcias Militares e Corpos de Bombeiros Militares, em junho de 2020, tendo sido reeleito por unanimidade, no ano seguinte.<br><br>O conselho, que re\u00fane os comandantes-gerais de todas as institui\u00e7\u00f5es militares estaduais, foi criado em 1993 e \u00e9 respons\u00e1vel por pautar e acompanhar as decis\u00f5es e projetos de lei nacionais relacionados \u00e0s Pol\u00edcias Militares, Corpo de Bombeiros Militares e a seguran\u00e7a p\u00fablica como um todo.<\/p>\n","protected":false},"excerpt":{"rendered":"<p>O comandante-geral da Pol\u00edcia Militar da Para\u00edba, coronel Euller Chaves, renunciou \u00e0 presidente do Conselho Nacional dos Comandantes-Gerais das Pol\u00edcias<\/p>\n","protected":false},"author":5,"featured_media":913837,"comment_status":"closed","ping_status":"closed","sticky":false,"template":"","format":"standard","meta":{"_exactmetrics_skip_tracking":false,"_exactmetrics_sitenote_active":false,"_exactmetrics_sitenote_note":"","_exactmetrics_sitenote_category":0,"footnotes":""},"categories":[4],"tags":[],"yoast_head":"<!-- This site is optimized with the Yoast SEO plugin v22.0 - https:\/\/yoast.com\/wordpress\/plugins\/seo\/ -->\n<title>Coronel Euller renuncia \u00e0 presidente do Conselho Nacional dos Comandantes-Gerais - Pol\u00edcia Militar da Para\u00edba<\/title>\n<meta name=\"robots\" content=\"index, follow, max-snippet:-1, max-image-preview:large, max-video-preview:-1\" \/>\n<link rel=\"canonical\" href=\"https:\/\/www.pm.pb.gov.br\/portal\/2022\/03\/30\/coronel-euller-renuncia-a-presidente-do-conselho-nacional-dos-comandantes-gerais\/\" \/>\n<meta property=\"og:locale\" content=\"pt_BR\" \/>\n<meta property=\"og:type\" content=\"article\" \/>\n<meta property=\"og:title\" content=\"Coronel Euller renuncia \u00e0 presidente do Conselho Nacional dos Comandantes-Gerais - Pol\u00edcia Militar da Para\u00edba\" \/>\n<meta property=\"og:description\" content=\"O comandante-geral da Pol\u00edcia Militar da Para\u00edba, coronel Euller Chaves, renunciou \u00e0 presidente do Conselho Nacional dos Comandantes-Gerais das Pol\u00edcias\" \/>\n<meta property=\"og:url\" content=\"https:\/\/www.pm.pb.gov.br\/portal\/2022\/03\/30\/coronel-euller-renuncia-a-presidente-do-conselho-nacional-dos-comandantes-gerais\/\" \/>\n<meta property=\"og:site_name\" content=\"Pol\u00edcia Militar da Para\u00edba\" \/>\n<meta property=\"article:published_time\" content=\"2022-03-30T12:28:07+00:00\" \/>\n<meta property=\"article:modified_time\" content=\"2022-03-30T12:28:11+00:00\" \/>\n<meta property=\"og:image\" content=\"http:\/\/www.pm.pb.gov.br\/portal\/wp-content\/uploads\/2022\/03\/despedida.jpg\" \/>\n\t<meta property=\"og:image:width\" content=\"1280\" \/>\n\t<meta property=\"og:image:height\" content=\"960\" \/>\n\t<meta property=\"og:image:type\" content=\"image\/jpeg\" \/>\n<meta name=\"author\" content=\"Assessoria de Imprensa da PMPB\" \/>\n<meta name=\"twitter:card\" content=\"summary_large_image\" \/>\n<meta name=\"twitter:label1\" content=\"Escrito por\" \/>\n\t<meta name=\"twitter:data1\" content=\"Assessoria de Imprensa da PMPB\" \/>\n\t<meta name=\"twitter:label2\" content=\"Est. tempo de leitura\" \/>\n\t<meta name=\"twitter:data2\" content=\"2 minutos\" \/>\n<script type=\"application\/ld+json\" class=\"yoast-schema-graph\">{\"@context\":\"https:\/\/schema.org\",\"@graph\":[{\"@type\":\"Article\",\"@id\":\"https:\/\/www.pm.pb.gov.br\/portal\/2022\/03\/30\/coronel-euller-renuncia-a-presidente-do-conselho-nacional-dos-comandantes-gerais\/#article\",\"isPartOf\":{\"@id\":\"https:\/\/www.pm.pb.gov.br\/portal\/2022\/03\/30\/coronel-euller-renuncia-a-presidente-do-conselho-nacional-dos-comandantes-gerais\/\"},\"author\":{\"name\":\"Assessoria de Imprensa da PMPB\",\"@id\":\"https:\/\/www.pm.pb.gov.br\/portal\/#\/schema\/person\/e8454f46651c3ecf0e1ba3c1666d9947\"},\"headline\":\"Coronel Euller renuncia \u00e0 presidente do Conselho Nacional dos Comandantes-Gerais\",\"datePublished\":\"2022-03-30T12:28:07+00:00\",\"dateModified\":\"2022-03-30T12:28:11+00:00\",\"mainEntityOfPage\":{\"@id\":\"https:\/\/www.pm.pb.gov.br\/portal\/2022\/03\/30\/coronel-euller-renuncia-a-presidente-do-conselho-nacional-dos-comandantes-gerais\/\"},\"wordCount\":273,\"publisher\":{\"@id\":\"https:\/\/www.pm.pb.gov.br\/portal\/#organization\"},\"articleSection\":[\"A\u00e7\u00f5es Policiais\"],\"inLanguage\":\"pt-BR\"},{\"@type\":\"WebPage\",\"@id\":\"https:\/\/www.pm.pb.gov.br\/portal\/2022\/03\/30\/coronel-euller-renuncia-a-presidente-do-conselho-nacional-dos-comandantes-gerais\/\",\"url\":\"https:\/\/www.pm.pb.gov.br\/portal\/2022\/03\/30\/coronel-euller-renuncia-a-presidente-do-conselho-nacional-dos-comandantes-gerais\/\",\"name\":\"Coronel Euller renuncia \u00e0 presidente do Conselho Nacional dos Comandantes-Gerais - Pol\u00edcia Militar da Para\u00edba\",\"isPartOf\":{\"@id\":\"https:\/\/www.pm.pb.gov.br\/portal\/#website\"},\"datePublished\":\"2022-03-30T12:28:07+00:00\",\"dateModified\":\"2022-03-30T12:28:11+00:00\",\"breadcrumb\":{\"@id\":\"https:\/\/www.pm.pb.gov.br\/portal\/2022\/03\/30\/coronel-euller-renuncia-a-presidente-do-conselho-nacional-dos-comandantes-gerais\/#breadcrumb\"},\"inLanguage\":\"pt-BR\",\"potentialAction\":[{\"@type\":\"ReadAction\",\"target\":[\"https:\/\/www.pm.pb.gov.br\/portal\/2022\/03\/30\/coronel-euller-renuncia-a-presidente-do-conselho-nacional-dos-comandantes-gerais\/\"]}]},{\"@type\":\"BreadcrumbList\",\"@id\":\"https:\/\/www.pm.pb.gov.br\/portal\/2022\/03\/30\/coronel-euller-renuncia-a-presidente-do-conselho-nacional-dos-comandantes-gerais\/#breadcrumb\",\"itemListElement\":[{\"@type\":\"ListItem\",\"position\":1,\"name\":\"In\u00edcio\",\"item\":\"https:\/\/www.pm.pb.gov.br\/portal\/\"},{\"@type\":\"ListItem\",\"position\":2,\"name\":\"Coronel Euller renuncia \u00e0 presidente do Conselho Nacional dos Comandantes-Gerais\"}]},{\"@type\":\"WebSite\",\"@id\":\"https:\/\/www.pm.pb.gov.br\/portal\/#website\",\"url\":\"https:\/\/www.pm.pb.gov.br\/portal\/\",\"name\":\"Pol\u00edcia Militar da Para\u00edba\",\"description\":\"\",\"publisher\":{\"@id\":\"https:\/\/www.pm.pb.gov.br\/portal\/#organization\"},\"potentialAction\":[{\"@type\":\"SearchAction\",\"target\":{\"@type\":\"EntryPoint\",\"urlTemplate\":\"https:\/\/www.pm.pb.gov.br\/portal\/?s={search_term_string}\"},\"query-input\":\"required name=search_term_string\"}],\"inLanguage\":\"pt-BR\"},{\"@type\":\"Organization\",\"@id\":\"https:\/\/www.pm.pb.gov.br\/portal\/#organization\",\"name\":\"Pol\u00edcia Militar da Para\u00edba\",\"url\":\"https:\/\/www.pm.pb.gov.br\/portal\/\",\"logo\":{\"@type\":\"ImageObject\",\"inLanguage\":\"pt-BR\",\"@id\":\"https:\/\/www.pm.pb.gov.br\/portal\/#\/schema\/logo\/image\/\",\"url\":\"https:\/\/www.pm.pb.gov.br\/portal\/wp-content\/uploads\/2025\/03\/cropped-logo-site-mag2-1.png\",\"contentUrl\":\"https:\/\/www.pm.pb.gov.br\/portal\/wp-content\/uploads\/2025\/03\/cropped-logo-site-mag2-1.png\",\"width\":320,\"height\":90,\"caption\":\"Pol\u00edcia Militar da Para\u00edba\"},\"image\":{\"@id\":\"https:\/\/www.pm.pb.gov.br\/portal\/#\/schema\/logo\/image\/\"}},{\"@type\":\"Person\",\"@id\":\"https:\/\/www.pm.pb.gov.br\/portal\/#\/schema\/person\/e8454f46651c3ecf0e1ba3c1666d9947\",\"name\":\"Assessoria de Imprensa da PMPB\",\"image\":{\"@type\":\"ImageObject\",\"inLanguage\":\"pt-BR\",\"@id\":\"https:\/\/www.pm.pb.gov.br\/portal\/#\/schema\/person\/image\/\",\"url\":\"https:\/\/secure.gravatar.com\/avatar\/2efe197438265d1e90bd98c4c8e1acf8?s=96&d=mm&r=g\",\"contentUrl\":\"https:\/\/secure.gravatar.com\/avatar\/2efe197438265d1e90bd98c4c8e1acf8?s=96&d=mm&r=g\",\"caption\":\"Assessoria de Imprensa da PMPB\"},\"url\":\"https:\/\/www.pm.pb.gov.br\/portal\/author\/assessoria\/\"}]}<\/script>\n<!-- \/ Yoast SEO plugin. -->","yoast_head_json":{"title":"Coronel Euller renuncia \u00e0 presidente do Conselho Nacional dos Comandantes-Gerais - Pol\u00edcia Militar da Para\u00edba","robots":{"index":"index","follow":"follow","max-snippet":"max-snippet:-1","max-image-preview":"max-image-preview:large","max-video-preview":"max-video-preview:-1"},"canonical":"https:\/\/www.pm.pb.gov.br\/portal\/2022\/03\/30\/coronel-euller-renuncia-a-presidente-do-conselho-nacional-dos-comandantes-gerais\/","og_locale":"pt_BR","og_type":"article","og_title":"Coronel Euller renuncia \u00e0 presidente do Conselho Nacional dos Comandantes-Gerais - Pol\u00edcia Militar da Para\u00edba","og_description":"O comandante-geral da Pol\u00edcia Militar da Para\u00edba, coronel Euller Chaves, renunciou \u00e0 presidente do Conselho Nacional dos Comandantes-Gerais das Pol\u00edcias","og_url":"https:\/\/www.pm.pb.gov.br\/portal\/2022\/03\/30\/coronel-euller-renuncia-a-presidente-do-conselho-nacional-dos-comandantes-gerais\/","og_site_name":"Pol\u00edcia Militar da Para\u00edba","article_published_time":"2022-03-30T12:28:07+00:00","article_modified_time":"2022-03-30T12:28:11+00:00","og_image":[{"width":1280,"height":960,"url":"http:\/\/www.pm.pb.gov.br\/portal\/wp-content\/uploads\/2022\/03\/despedida.jpg","type":"image\/jpeg"}],"author":"Assessoria de Imprensa da PMPB","twitter_card":"summary_large_image","twitter_misc":{"Escrito por":"Assessoria de Imprensa da PMPB","Est. tempo de leitura":"2 minutos"},"schema":{"@context":"https:\/\/schema.org","@graph":[{"@type":"Article","@id":"https:\/\/www.pm.pb.gov.br\/portal\/2022\/03\/30\/coronel-euller-renuncia-a-presidente-do-conselho-nacional-dos-comandantes-gerais\/#article","isPartOf":{"@id":"https:\/\/www.pm.pb.gov.br\/portal\/2022\/03\/30\/coronel-euller-renuncia-a-presidente-do-conselho-nacional-dos-comandantes-gerais\/"},"author":{"name":"Assessoria de Imprensa da PMPB","@id":"https:\/\/www.pm.pb.gov.br\/portal\/#\/schema\/person\/e8454f46651c3ecf0e1ba3c1666d9947"},"headline":"Coronel Euller renuncia \u00e0 presidente do Conselho Nacional dos Comandantes-Gerais","datePublished":"2022-03-30T12:28:07+00:00","dateModified":"2022-03-30T12:28:11+00:00","mainEntityOfPage":{"@id":"https:\/\/www.pm.pb.gov.br\/portal\/2022\/03\/30\/coronel-euller-renuncia-a-presidente-do-conselho-nacional-dos-comandantes-gerais\/"},"wordCount":273,"publisher":{"@id":"https:\/\/www.pm.pb.gov.br\/portal\/#organization"},"articleSection":["A\u00e7\u00f5es Policiais"],"inLanguage":"pt-BR"},{"@type":"WebPage","@id":"https:\/\/www.pm.pb.gov.br\/portal\/2022\/03\/30\/coronel-euller-renuncia-a-presidente-do-conselho-nacional-dos-comandantes-gerais\/","url":"https:\/\/www.pm.pb.gov.br\/portal\/2022\/03\/30\/coronel-euller-renuncia-a-presidente-do-conselho-nacional-dos-comandantes-gerais\/","name":"Coronel Euller renuncia \u00e0 presidente do Conselho Nacional dos Comandantes-Gerais - Pol\u00edcia Militar da Para\u00edba","isPartOf":{"@id":"https:\/\/www.pm.pb.gov.br\/portal\/#website"},"datePublished":"2022-03-30T12:28:07+00:00","dateModified":"2022-03-30T12:28:11+00:00","breadcrumb":{"@id":"https:\/\/www.pm.pb.gov.br\/portal\/2022\/03\/30\/coronel-euller-renuncia-a-presidente-do-conselho-nacional-dos-comandantes-gerais\/#breadcrumb"},"inLanguage":"pt-BR","potentialAction":[{"@type":"ReadAction","target":["https:\/\/www.pm.pb.gov.br\/portal\/2022\/03\/30\/coronel-euller-renuncia-a-presidente-do-conselho-nacional-dos-comandantes-gerais\/"]}]},{"@type":"BreadcrumbList","@id":"https:\/\/www.pm.pb.gov.br\/portal\/2022\/03\/30\/coronel-euller-renuncia-a-presidente-do-conselho-nacional-dos-comandantes-gerais\/#breadcrumb","itemListElement":[{"@type":"ListItem","position":1,"name":"In\u00edcio","item":"https:\/\/www.pm.pb.gov.br\/portal\/"},{"@type":"ListItem","position":2,"name":"Coronel Euller renuncia \u00e0 presidente do Conselho Nacional dos Comandantes-Gerais"}]},{"@type":"WebSite","@id":"https:\/\/www.pm.pb.gov.br\/portal\/#website","url":"https:\/\/www.pm.pb.gov.br\/portal\/","name":"Pol\u00edcia Militar da Para\u00edba","description":"","publisher":{"@id":"https:\/\/www.pm.pb.gov.br\/portal\/#organization"},"potentialAction":[{"@type":"SearchAction","target":{"@type":"EntryPoint","urlTemplate":"https:\/\/www.pm.pb.gov.br\/portal\/?s={search_term_string}"},"query-input":"required name=search_term_string"}],"inLanguage":"pt-BR"},{"@type":"Organization","@id":"https:\/\/www.pm.pb.gov.br\/portal\/#organization","name":"Pol\u00edcia Militar da Para\u00edba","url":"https:\/\/www.pm.pb.gov.br\/portal\/","logo":{"@type":"ImageObject","inLanguage":"pt-BR","@id":"https:\/\/www.pm.pb.gov.br\/portal\/#\/schema\/logo\/image\/","url":"https:\/\/www.pm.pb.gov.br\/portal\/wp-content\/uploads\/2025\/03\/cropped-logo-site-mag2-1.png","contentUrl":"https:\/\/www.pm.pb.gov.br\/portal\/wp-content\/uploads\/2025\/03\/cropped-logo-site-mag2-1.png","width":320,"height":90,"caption":"Pol\u00edcia Militar da Para\u00edba"},"image":{"@id":"https:\/\/www.pm.pb.gov.br\/portal\/#\/schema\/logo\/image\/"}},{"@type":"Person","@id":"https:\/\/www.pm.pb.gov.br\/portal\/#\/schema\/person\/e8454f46651c3ecf0e1ba3c1666d9947","name":"Assessoria de Imprensa da PMPB","image":{"@type":"ImageObject","inLanguage":"pt-BR","@id":"https:\/\/www.pm.pb.gov.br\/portal\/#\/schema\/person\/image\/","url":"https:\/\/secure.gravatar.com\/avatar\/2efe197438265d1e90bd98c4c8e1acf8?s=96&d=mm&r=g","contentUrl":"https:\/\/secure.gravatar.com\/avatar\/2efe197438265d1e90bd98c4c8e1acf8?s=96&d=mm&r=g","caption":"Assessoria de Imprensa da PMPB"},"url":"https:\/\/www.pm.pb.gov.br\/portal\/author\/assessoria\/"}]}},"_links":{"self":[{"href":"https:\/\/www.pm.pb.gov.br\/portal\/wp-json\/wp\/v2\/posts\/913827"}],"collection":[{"href":"https:\/\/www.pm.pb.gov.br\/portal\/wp-json\/wp\/v2\/posts"}],"about":[{"href":"https:\/\/www.pm.pb.gov.br\/portal\/wp-json\/wp\/v2\/types\/post"}],"author":[{"embeddable":true,"href":"https:\/\/www.pm.pb.gov.br\/portal\/wp-json\/wp\/v2\/users\/5"}],"replies":[{"embeddable":true,"href":"https:\/\/www.pm.pb.gov.br\/portal\/wp-json\/wp\/v2\/comments?post=913827"}],"version-history":[{"count":2,"href":"https:\/\/www.pm.pb.gov.br\/portal\/wp-json\/wp\/v2\/posts\/913827\/revisions"}],"predecessor-version":[{"id":913838,"href":"https:\/\/www.pm.pb.gov.br\/portal\/wp-json\/wp\/v2\/posts\/913827\/revisions\/913838"}],"wp:featuredmedia":[{"embeddable":true,"href":"https:\/\/www.pm.pb.gov.br\/portal\/wp-json\/wp\/v2\/media\/913837"}],"wp:attachment":[{"href":"https:\/\/www.pm.pb.gov.br\/portal\/wp-json\/wp\/v2\/media?parent=913827"}],"wp:term":[{"taxonomy":"category","embeddable":true,"href":"https:\/\/www.pm.pb.gov.br\/portal\/wp-json\/wp\/v2\/categories?post=913827"},{"taxonomy":"post_tag","embeddable":true,"href":"https:\/\/www.pm.pb.gov.br\/portal\/wp-json\/wp\/v2\/tags?post=913827"}],"curies":[{"name":"wp","href":"https:\/\/api.w.org\/{rel}","templated":true}]}}