{"id":913800,"date":"2022-03-26T15:23:14","date_gmt":"2022-03-26T18:23:14","guid":{"rendered":"https:\/\/www.pm.pb.gov.br\/portal\/?p=913800"},"modified":"2022-03-27T10:00:15","modified_gmt":"2022-03-27T13:00:15","slug":"em-vieiropolis-policia-militar-desarticula-ponto-de-trafico-de-drogas-apreende-arma-de-fogo-e-recupera-veiculo-e-materiais-roubados","status":"publish","type":"post","link":"https:\/\/www.pm.pb.gov.br\/portal\/2022\/03\/26\/em-vieiropolis-policia-militar-desarticula-ponto-de-trafico-de-drogas-apreende-arma-de-fogo-e-recupera-veiculo-e-materiais-roubados\/","title":{"rendered":"Em Vieir\u00f3polis, Pol\u00edcia Militar desarticula ponto de tr\u00e1fico de drogas, apreende arma de fogo e recupera ve\u00edculo e materiais roubados"},"content":{"rendered":"\n<p>A Pol\u00edcia Militar desarticulou um ponto de tr\u00e1fico de drogas no munic\u00edpio de Vieir\u00f3polis, na tarde de sexta-feira (25). Al\u00e9m das drogas, tamb\u00e9m foram recuperados uma motocicleta e outros pertences roubados.<\/p>\n<p>Ap\u00f3s informa\u00e7\u00f5es de que um roubo teria acontecido no S\u00edtio Cachoeira, zona rural de Vieir\u00f3polis, guarni\u00e7\u00f5es do BOPE, apoiadas pelos policiais do 14\u00ba Batalh\u00e3o, se dirigiram ao local e, ao chegarem, receberam informa\u00e7\u00f5es de que cinco homens armados haviam assaltado um estabelecimento comercial. Neste momento as guarni\u00e7\u00f5es iniciaram dilig\u00eancias e durante o trajeto localizaram um aparelho celular e uma motocicleta Honda Titan vermelha com restri\u00e7\u00e3o de roubo.<\/p>\n<p><img loading=\"lazy\" decoding=\"async\" class=\" wp-image-913803 aligncenter\" src=\"http:\/\/www.pm.pb.gov.br\/portal\/wp-content\/uploads\/2022\/03\/WhatsApp-Image-2022-03-26-at-15.31.44-800x423.jpeg\" alt=\"\" width=\"535\" height=\"283\" srcset=\"https:\/\/www.pm.pb.gov.br\/portal\/wp-content\/uploads\/2022\/03\/WhatsApp-Image-2022-03-26-at-15.31.44-800x423.jpeg 800w, https:\/\/www.pm.pb.gov.br\/portal\/wp-content\/uploads\/2022\/03\/WhatsApp-Image-2022-03-26-at-15.31.44-768x406.jpeg 768w, https:\/\/www.pm.pb.gov.br\/portal\/wp-content\/uploads\/2022\/03\/WhatsApp-Image-2022-03-26-at-15.31.44-390x205.jpeg 390w, https:\/\/www.pm.pb.gov.br\/portal\/wp-content\/uploads\/2022\/03\/WhatsApp-Image-2022-03-26-at-15.31.44.jpeg 1024w\" sizes=\"(max-width: 535px) 100vw, 535px\" \/><\/p>\n<p><img loading=\"lazy\" decoding=\"async\" class=\"alignright  wp-image-913804\" src=\"http:\/\/www.pm.pb.gov.br\/portal\/wp-content\/uploads\/2022\/03\/Em-Vieiropolis-Policia-Militar-desarticula-ponto-de-trafico-de-drogas-apreende-arma-de-fogo-e-recupera-veiculo-e-materiais-roubados-2-334x445.jpeg\" alt=\"\" width=\"293\" height=\"390\" srcset=\"https:\/\/www.pm.pb.gov.br\/portal\/wp-content\/uploads\/2022\/03\/Em-Vieiropolis-Policia-Militar-desarticula-ponto-de-trafico-de-drogas-apreende-arma-de-fogo-e-recupera-veiculo-e-materiais-roubados-2-334x445.jpeg 334w, https:\/\/www.pm.pb.gov.br\/portal\/wp-content\/uploads\/2022\/03\/Em-Vieiropolis-Policia-Militar-desarticula-ponto-de-trafico-de-drogas-apreende-arma-de-fogo-e-recupera-veiculo-e-materiais-roubados-2-428x570.jpeg 428w, https:\/\/www.pm.pb.gov.br\/portal\/wp-content\/uploads\/2022\/03\/Em-Vieiropolis-Policia-Militar-desarticula-ponto-de-trafico-de-drogas-apreende-arma-de-fogo-e-recupera-veiculo-e-materiais-roubados-2-768x1024.jpeg 768w, https:\/\/www.pm.pb.gov.br\/portal\/wp-content\/uploads\/2022\/03\/Em-Vieiropolis-Policia-Militar-desarticula-ponto-de-trafico-de-drogas-apreende-arma-de-fogo-e-recupera-veiculo-e-materiais-roubados-2.jpeg 864w\" sizes=\"(max-width: 293px) 100vw, 293px\" \/>Continuadas as buscas, atrav\u00e9s da identifica\u00e7\u00e3o de rastros deixados em um matagal, os militares chegaram a uma resid\u00eancia supostamente utilizada como ponto de apoio de criminosos, onde encontraram no quintal um um tambor contendo subst\u00e2ncias similares a crack, coca\u00edna e maconha. No local tamb\u00e9m foi encontrada uma outra motocicleta Honda Titan vermelha com placa do Cear\u00e1, e no interior da resid\u00eancia os policiais localizaram uma adolescente e apreenderam uma espingarda calibre 12, muni\u00e7\u00f5es de mesmo calibre, um carregador de pistola calibre 380 e v\u00e1rias por\u00e7\u00f5es de entorpecentes, al\u00e9m de c\u00e9dulas de dinheiro trocado, moedas, uma balan\u00e7a de precis\u00e3o, trituradores e embrulhos para drogas, celulares e uma carabina de press\u00e3o.<\/p>\n<p>Todo o material apreendido e garota foram conduzidos \u00e0 delegacia de Pol\u00edcia Civil de Sousa, para apresenta\u00e7\u00e3o ao delegado plantonista, que dar\u00e1 seguimento ao caso.<\/p>\n<p><strong>A\u00e7\u00f5es que n\u00e3o cessam &#8211;<\/strong> Policiais do 14\u00ba Batalh\u00e3o prenderam, na manh\u00e3 deste s\u00e1bado, no munic\u00edpio de Lastro, dois dos suspeitos de cometerem o assalto ao estabelecimento em Vieir\u00f3polis. Ambos os presos tem 21 anos e foram detidos com um rev\u00f3lver calibre 32. Um dos homens \u00e9 suspeito de ter participado de um homic\u00eddio em 2021, na cidade de Sousa.<\/p>\n","protected":false},"excerpt":{"rendered":"<p>A Pol\u00edcia Militar desarticulou um ponto de tr\u00e1fico de drogas no munic\u00edpio de Vieir\u00f3polis, na tarde de sexta-feira (25). Al\u00e9m<\/p>\n","protected":false},"author":5,"featured_media":913801,"comment_status":"closed","ping_status":"closed","sticky":false,"template":"","format":"standard","meta":{"_exactmetrics_skip_tracking":false,"_exactmetrics_sitenote_active":false,"_exactmetrics_sitenote_note":"","_exactmetrics_sitenote_category":0,"footnotes":""},"categories":[4],"tags":[],"yoast_head":"<!-- This site is optimized with the Yoast SEO plugin v22.0 - https:\/\/yoast.com\/wordpress\/plugins\/seo\/ -->\n<title>Em Vieir\u00f3polis, Pol\u00edcia Militar desarticula ponto de tr\u00e1fico de drogas, apreende arma de fogo e recupera ve\u00edculo e materiais roubados - Pol\u00edcia Militar da Para\u00edba<\/title>\n<meta name=\"robots\" content=\"index, follow, max-snippet:-1, max-image-preview:large, max-video-preview:-1\" \/>\n<link rel=\"canonical\" href=\"https:\/\/www.pm.pb.gov.br\/portal\/2022\/03\/26\/em-vieiropolis-policia-militar-desarticula-ponto-de-trafico-de-drogas-apreende-arma-de-fogo-e-recupera-veiculo-e-materiais-roubados\/\" \/>\n<meta property=\"og:locale\" content=\"pt_BR\" \/>\n<meta property=\"og:type\" content=\"article\" \/>\n<meta property=\"og:title\" content=\"Em Vieir\u00f3polis, Pol\u00edcia Militar desarticula ponto de tr\u00e1fico de drogas, apreende arma de fogo e recupera ve\u00edculo e materiais roubados - Pol\u00edcia Militar da Para\u00edba\" \/>\n<meta property=\"og:description\" content=\"A Pol\u00edcia Militar desarticulou um ponto de tr\u00e1fico de drogas no munic\u00edpio de Vieir\u00f3polis, na tarde de sexta-feira (25). Al\u00e9m\" \/>\n<meta property=\"og:url\" content=\"https:\/\/www.pm.pb.gov.br\/portal\/2022\/03\/26\/em-vieiropolis-policia-militar-desarticula-ponto-de-trafico-de-drogas-apreende-arma-de-fogo-e-recupera-veiculo-e-materiais-roubados\/\" \/>\n<meta property=\"og:site_name\" content=\"Pol\u00edcia Militar da Para\u00edba\" \/>\n<meta property=\"article:published_time\" content=\"2022-03-26T18:23:14+00:00\" \/>\n<meta property=\"article:modified_time\" content=\"2022-03-27T13:00:15+00:00\" \/>\n<meta property=\"og:image\" content=\"http:\/\/www.pm.pb.gov.br\/portal\/wp-content\/uploads\/2022\/03\/WhatsApp-Image-2022-03-26-at-07.30.30.jpeg\" \/>\n\t<meta property=\"og:image:width\" content=\"1600\" \/>\n\t<meta property=\"og:image:height\" content=\"890\" \/>\n\t<meta property=\"og:image:type\" content=\"image\/jpeg\" \/>\n<meta name=\"author\" content=\"Assessoria de Imprensa da PMPB\" \/>\n<meta name=\"twitter:card\" content=\"summary_large_image\" \/>\n<meta name=\"twitter:label1\" content=\"Escrito por\" \/>\n\t<meta name=\"twitter:data1\" content=\"Assessoria de Imprensa da PMPB\" \/>\n\t<meta name=\"twitter:label2\" content=\"Est. tempo de leitura\" \/>\n\t<meta name=\"twitter:data2\" content=\"3 minutos\" \/>\n<script type=\"application\/ld+json\" class=\"yoast-schema-graph\">{\"@context\":\"https:\/\/schema.org\",\"@graph\":[{\"@type\":\"Article\",\"@id\":\"https:\/\/www.pm.pb.gov.br\/portal\/2022\/03\/26\/em-vieiropolis-policia-militar-desarticula-ponto-de-trafico-de-drogas-apreende-arma-de-fogo-e-recupera-veiculo-e-materiais-roubados\/#article\",\"isPartOf\":{\"@id\":\"https:\/\/www.pm.pb.gov.br\/portal\/2022\/03\/26\/em-vieiropolis-policia-militar-desarticula-ponto-de-trafico-de-drogas-apreende-arma-de-fogo-e-recupera-veiculo-e-materiais-roubados\/\"},\"author\":{\"name\":\"Assessoria de Imprensa da PMPB\",\"@id\":\"https:\/\/www.pm.pb.gov.br\/portal\/#\/schema\/person\/e8454f46651c3ecf0e1ba3c1666d9947\"},\"headline\":\"Em Vieir\u00f3polis, Pol\u00edcia Militar desarticula ponto de tr\u00e1fico de drogas, apreende arma de fogo e recupera ve\u00edculo e materiais roubados\",\"datePublished\":\"2022-03-26T18:23:14+00:00\",\"dateModified\":\"2022-03-27T13:00:15+00:00\",\"mainEntityOfPage\":{\"@id\":\"https:\/\/www.pm.pb.gov.br\/portal\/2022\/03\/26\/em-vieiropolis-policia-militar-desarticula-ponto-de-trafico-de-drogas-apreende-arma-de-fogo-e-recupera-veiculo-e-materiais-roubados\/\"},\"wordCount\":347,\"publisher\":{\"@id\":\"https:\/\/www.pm.pb.gov.br\/portal\/#organization\"},\"articleSection\":[\"A\u00e7\u00f5es Policiais\"],\"inLanguage\":\"pt-BR\"},{\"@type\":\"WebPage\",\"@id\":\"https:\/\/www.pm.pb.gov.br\/portal\/2022\/03\/26\/em-vieiropolis-policia-militar-desarticula-ponto-de-trafico-de-drogas-apreende-arma-de-fogo-e-recupera-veiculo-e-materiais-roubados\/\",\"url\":\"https:\/\/www.pm.pb.gov.br\/portal\/2022\/03\/26\/em-vieiropolis-policia-militar-desarticula-ponto-de-trafico-de-drogas-apreende-arma-de-fogo-e-recupera-veiculo-e-materiais-roubados\/\",\"name\":\"Em Vieir\u00f3polis, Pol\u00edcia Militar desarticula ponto de tr\u00e1fico de drogas, apreende arma de fogo e recupera ve\u00edculo e materiais roubados - Pol\u00edcia Militar da Para\u00edba\",\"isPartOf\":{\"@id\":\"https:\/\/www.pm.pb.gov.br\/portal\/#website\"},\"datePublished\":\"2022-03-26T18:23:14+00:00\",\"dateModified\":\"2022-03-27T13:00:15+00:00\",\"breadcrumb\":{\"@id\":\"https:\/\/www.pm.pb.gov.br\/portal\/2022\/03\/26\/em-vieiropolis-policia-militar-desarticula-ponto-de-trafico-de-drogas-apreende-arma-de-fogo-e-recupera-veiculo-e-materiais-roubados\/#breadcrumb\"},\"inLanguage\":\"pt-BR\",\"potentialAction\":[{\"@type\":\"ReadAction\",\"target\":[\"https:\/\/www.pm.pb.gov.br\/portal\/2022\/03\/26\/em-vieiropolis-policia-militar-desarticula-ponto-de-trafico-de-drogas-apreende-arma-de-fogo-e-recupera-veiculo-e-materiais-roubados\/\"]}]},{\"@type\":\"BreadcrumbList\",\"@id\":\"https:\/\/www.pm.pb.gov.br\/portal\/2022\/03\/26\/em-vieiropolis-policia-militar-desarticula-ponto-de-trafico-de-drogas-apreende-arma-de-fogo-e-recupera-veiculo-e-materiais-roubados\/#breadcrumb\",\"itemListElement\":[{\"@type\":\"ListItem\",\"position\":1,\"name\":\"In\u00edcio\",\"item\":\"https:\/\/www.pm.pb.gov.br\/portal\/\"},{\"@type\":\"ListItem\",\"position\":2,\"name\":\"Em Vieir\u00f3polis, Pol\u00edcia Militar desarticula ponto de tr\u00e1fico de drogas, apreende arma de fogo e recupera ve\u00edculo e materiais roubados\"}]},{\"@type\":\"WebSite\",\"@id\":\"https:\/\/www.pm.pb.gov.br\/portal\/#website\",\"url\":\"https:\/\/www.pm.pb.gov.br\/portal\/\",\"name\":\"Pol\u00edcia Militar da Para\u00edba\",\"description\":\"\",\"publisher\":{\"@id\":\"https:\/\/www.pm.pb.gov.br\/portal\/#organization\"},\"potentialAction\":[{\"@type\":\"SearchAction\",\"target\":{\"@type\":\"EntryPoint\",\"urlTemplate\":\"https:\/\/www.pm.pb.gov.br\/portal\/?s={search_term_string}\"},\"query-input\":\"required name=search_term_string\"}],\"inLanguage\":\"pt-BR\"},{\"@type\":\"Organization\",\"@id\":\"https:\/\/www.pm.pb.gov.br\/portal\/#organization\",\"name\":\"Pol\u00edcia Militar da Para\u00edba\",\"url\":\"https:\/\/www.pm.pb.gov.br\/portal\/\",\"logo\":{\"@type\":\"ImageObject\",\"inLanguage\":\"pt-BR\",\"@id\":\"https:\/\/www.pm.pb.gov.br\/portal\/#\/schema\/logo\/image\/\",\"url\":\"https:\/\/www.pm.pb.gov.br\/portal\/wp-content\/uploads\/2025\/03\/cropped-logo-site-mag2-1.png\",\"contentUrl\":\"https:\/\/www.pm.pb.gov.br\/portal\/wp-content\/uploads\/2025\/03\/cropped-logo-site-mag2-1.png\",\"width\":320,\"height\":90,\"caption\":\"Pol\u00edcia Militar da Para\u00edba\"},\"image\":{\"@id\":\"https:\/\/www.pm.pb.gov.br\/portal\/#\/schema\/logo\/image\/\"}},{\"@type\":\"Person\",\"@id\":\"https:\/\/www.pm.pb.gov.br\/portal\/#\/schema\/person\/e8454f46651c3ecf0e1ba3c1666d9947\",\"name\":\"Assessoria de Imprensa da PMPB\",\"image\":{\"@type\":\"ImageObject\",\"inLanguage\":\"pt-BR\",\"@id\":\"https:\/\/www.pm.pb.gov.br\/portal\/#\/schema\/person\/image\/\",\"url\":\"https:\/\/secure.gravatar.com\/avatar\/2efe197438265d1e90bd98c4c8e1acf8?s=96&d=mm&r=g\",\"contentUrl\":\"https:\/\/secure.gravatar.com\/avatar\/2efe197438265d1e90bd98c4c8e1acf8?s=96&d=mm&r=g\",\"caption\":\"Assessoria de Imprensa da PMPB\"},\"url\":\"https:\/\/www.pm.pb.gov.br\/portal\/author\/assessoria\/\"}]}<\/script>\n<!-- \/ Yoast SEO plugin. -->","yoast_head_json":{"title":"Em Vieir\u00f3polis, Pol\u00edcia Militar desarticula ponto de tr\u00e1fico de drogas, apreende arma de fogo e recupera ve\u00edculo e materiais roubados - Pol\u00edcia Militar da Para\u00edba","robots":{"index":"index","follow":"follow","max-snippet":"max-snippet:-1","max-image-preview":"max-image-preview:large","max-video-preview":"max-video-preview:-1"},"canonical":"https:\/\/www.pm.pb.gov.br\/portal\/2022\/03\/26\/em-vieiropolis-policia-militar-desarticula-ponto-de-trafico-de-drogas-apreende-arma-de-fogo-e-recupera-veiculo-e-materiais-roubados\/","og_locale":"pt_BR","og_type":"article","og_title":"Em Vieir\u00f3polis, Pol\u00edcia Militar desarticula ponto de tr\u00e1fico de drogas, apreende arma de fogo e recupera ve\u00edculo e materiais roubados - Pol\u00edcia Militar da Para\u00edba","og_description":"A Pol\u00edcia Militar desarticulou um ponto de tr\u00e1fico de drogas no munic\u00edpio de Vieir\u00f3polis, na tarde de sexta-feira (25). Al\u00e9m","og_url":"https:\/\/www.pm.pb.gov.br\/portal\/2022\/03\/26\/em-vieiropolis-policia-militar-desarticula-ponto-de-trafico-de-drogas-apreende-arma-de-fogo-e-recupera-veiculo-e-materiais-roubados\/","og_site_name":"Pol\u00edcia Militar da Para\u00edba","article_published_time":"2022-03-26T18:23:14+00:00","article_modified_time":"2022-03-27T13:00:15+00:00","og_image":[{"width":1600,"height":890,"url":"http:\/\/www.pm.pb.gov.br\/portal\/wp-content\/uploads\/2022\/03\/WhatsApp-Image-2022-03-26-at-07.30.30.jpeg","type":"image\/jpeg"}],"author":"Assessoria de Imprensa da PMPB","twitter_card":"summary_large_image","twitter_misc":{"Escrito por":"Assessoria de Imprensa da PMPB","Est. tempo de leitura":"3 minutos"},"schema":{"@context":"https:\/\/schema.org","@graph":[{"@type":"Article","@id":"https:\/\/www.pm.pb.gov.br\/portal\/2022\/03\/26\/em-vieiropolis-policia-militar-desarticula-ponto-de-trafico-de-drogas-apreende-arma-de-fogo-e-recupera-veiculo-e-materiais-roubados\/#article","isPartOf":{"@id":"https:\/\/www.pm.pb.gov.br\/portal\/2022\/03\/26\/em-vieiropolis-policia-militar-desarticula-ponto-de-trafico-de-drogas-apreende-arma-de-fogo-e-recupera-veiculo-e-materiais-roubados\/"},"author":{"name":"Assessoria de Imprensa da PMPB","@id":"https:\/\/www.pm.pb.gov.br\/portal\/#\/schema\/person\/e8454f46651c3ecf0e1ba3c1666d9947"},"headline":"Em Vieir\u00f3polis, Pol\u00edcia Militar desarticula ponto de tr\u00e1fico de drogas, apreende arma de fogo e recupera ve\u00edculo e materiais roubados","datePublished":"2022-03-26T18:23:14+00:00","dateModified":"2022-03-27T13:00:15+00:00","mainEntityOfPage":{"@id":"https:\/\/www.pm.pb.gov.br\/portal\/2022\/03\/26\/em-vieiropolis-policia-militar-desarticula-ponto-de-trafico-de-drogas-apreende-arma-de-fogo-e-recupera-veiculo-e-materiais-roubados\/"},"wordCount":347,"publisher":{"@id":"https:\/\/www.pm.pb.gov.br\/portal\/#organization"},"articleSection":["A\u00e7\u00f5es Policiais"],"inLanguage":"pt-BR"},{"@type":"WebPage","@id":"https:\/\/www.pm.pb.gov.br\/portal\/2022\/03\/26\/em-vieiropolis-policia-militar-desarticula-ponto-de-trafico-de-drogas-apreende-arma-de-fogo-e-recupera-veiculo-e-materiais-roubados\/","url":"https:\/\/www.pm.pb.gov.br\/portal\/2022\/03\/26\/em-vieiropolis-policia-militar-desarticula-ponto-de-trafico-de-drogas-apreende-arma-de-fogo-e-recupera-veiculo-e-materiais-roubados\/","name":"Em Vieir\u00f3polis, Pol\u00edcia Militar desarticula ponto de tr\u00e1fico de drogas, apreende arma de fogo e recupera ve\u00edculo e materiais roubados - Pol\u00edcia Militar da Para\u00edba","isPartOf":{"@id":"https:\/\/www.pm.pb.gov.br\/portal\/#website"},"datePublished":"2022-03-26T18:23:14+00:00","dateModified":"2022-03-27T13:00:15+00:00","breadcrumb":{"@id":"https:\/\/www.pm.pb.gov.br\/portal\/2022\/03\/26\/em-vieiropolis-policia-militar-desarticula-ponto-de-trafico-de-drogas-apreende-arma-de-fogo-e-recupera-veiculo-e-materiais-roubados\/#breadcrumb"},"inLanguage":"pt-BR","potentialAction":[{"@type":"ReadAction","target":["https:\/\/www.pm.pb.gov.br\/portal\/2022\/03\/26\/em-vieiropolis-policia-militar-desarticula-ponto-de-trafico-de-drogas-apreende-arma-de-fogo-e-recupera-veiculo-e-materiais-roubados\/"]}]},{"@type":"BreadcrumbList","@id":"https:\/\/www.pm.pb.gov.br\/portal\/2022\/03\/26\/em-vieiropolis-policia-militar-desarticula-ponto-de-trafico-de-drogas-apreende-arma-de-fogo-e-recupera-veiculo-e-materiais-roubados\/#breadcrumb","itemListElement":[{"@type":"ListItem","position":1,"name":"In\u00edcio","item":"https:\/\/www.pm.pb.gov.br\/portal\/"},{"@type":"ListItem","position":2,"name":"Em Vieir\u00f3polis, Pol\u00edcia Militar desarticula ponto de tr\u00e1fico de drogas, apreende arma de fogo e recupera ve\u00edculo e materiais roubados"}]},{"@type":"WebSite","@id":"https:\/\/www.pm.pb.gov.br\/portal\/#website","url":"https:\/\/www.pm.pb.gov.br\/portal\/","name":"Pol\u00edcia Militar da Para\u00edba","description":"","publisher":{"@id":"https:\/\/www.pm.pb.gov.br\/portal\/#organization"},"potentialAction":[{"@type":"SearchAction","target":{"@type":"EntryPoint","urlTemplate":"https:\/\/www.pm.pb.gov.br\/portal\/?s={search_term_string}"},"query-input":"required name=search_term_string"}],"inLanguage":"pt-BR"},{"@type":"Organization","@id":"https:\/\/www.pm.pb.gov.br\/portal\/#organization","name":"Pol\u00edcia Militar da Para\u00edba","url":"https:\/\/www.pm.pb.gov.br\/portal\/","logo":{"@type":"ImageObject","inLanguage":"pt-BR","@id":"https:\/\/www.pm.pb.gov.br\/portal\/#\/schema\/logo\/image\/","url":"https:\/\/www.pm.pb.gov.br\/portal\/wp-content\/uploads\/2025\/03\/cropped-logo-site-mag2-1.png","contentUrl":"https:\/\/www.pm.pb.gov.br\/portal\/wp-content\/uploads\/2025\/03\/cropped-logo-site-mag2-1.png","width":320,"height":90,"caption":"Pol\u00edcia Militar da Para\u00edba"},"image":{"@id":"https:\/\/www.pm.pb.gov.br\/portal\/#\/schema\/logo\/image\/"}},{"@type":"Person","@id":"https:\/\/www.pm.pb.gov.br\/portal\/#\/schema\/person\/e8454f46651c3ecf0e1ba3c1666d9947","name":"Assessoria de Imprensa da PMPB","image":{"@type":"ImageObject","inLanguage":"pt-BR","@id":"https:\/\/www.pm.pb.gov.br\/portal\/#\/schema\/person\/image\/","url":"https:\/\/secure.gravatar.com\/avatar\/2efe197438265d1e90bd98c4c8e1acf8?s=96&d=mm&r=g","contentUrl":"https:\/\/secure.gravatar.com\/avatar\/2efe197438265d1e90bd98c4c8e1acf8?s=96&d=mm&r=g","caption":"Assessoria de Imprensa da PMPB"},"url":"https:\/\/www.pm.pb.gov.br\/portal\/author\/assessoria\/"}]}},"_links":{"self":[{"href":"https:\/\/www.pm.pb.gov.br\/portal\/wp-json\/wp\/v2\/posts\/913800"}],"collection":[{"href":"https:\/\/www.pm.pb.gov.br\/portal\/wp-json\/wp\/v2\/posts"}],"about":[{"href":"https:\/\/www.pm.pb.gov.br\/portal\/wp-json\/wp\/v2\/types\/post"}],"author":[{"embeddable":true,"href":"https:\/\/www.pm.pb.gov.br\/portal\/wp-json\/wp\/v2\/users\/5"}],"replies":[{"embeddable":true,"href":"https:\/\/www.pm.pb.gov.br\/portal\/wp-json\/wp\/v2\/comments?post=913800"}],"version-history":[{"count":3,"href":"https:\/\/www.pm.pb.gov.br\/portal\/wp-json\/wp\/v2\/posts\/913800\/revisions"}],"predecessor-version":[{"id":913808,"href":"https:\/\/www.pm.pb.gov.br\/portal\/wp-json\/wp\/v2\/posts\/913800\/revisions\/913808"}],"wp:featuredmedia":[{"embeddable":true,"href":"https:\/\/www.pm.pb.gov.br\/portal\/wp-json\/wp\/v2\/media\/913801"}],"wp:attachment":[{"href":"https:\/\/www.pm.pb.gov.br\/portal\/wp-json\/wp\/v2\/media?parent=913800"}],"wp:term":[{"taxonomy":"category","embeddable":true,"href":"https:\/\/www.pm.pb.gov.br\/portal\/wp-json\/wp\/v2\/categories?post=913800"},{"taxonomy":"post_tag","embeddable":true,"href":"https:\/\/www.pm.pb.gov.br\/portal\/wp-json\/wp\/v2\/tags?post=913800"}],"curies":[{"name":"wp","href":"https:\/\/api.w.org\/{rel}","templated":true}]}}