{"id":913679,"date":"2022-03-21T12:01:57","date_gmt":"2022-03-21T15:01:57","guid":{"rendered":"https:\/\/www.pm.pb.gov.br\/portal\/?p=913679"},"modified":"2022-03-21T12:02:00","modified_gmt":"2022-03-21T15:02:00","slug":"comandante-geral-condecora-policiais-militares-que-atuaram-contra-envolvidos-em-assaltos-na-capital","status":"publish","type":"post","link":"https:\/\/www.pm.pb.gov.br\/portal\/2022\/03\/21\/comandante-geral-condecora-policiais-militares-que-atuaram-contra-envolvidos-em-assaltos-na-capital\/","title":{"rendered":"Comandante-geral condecora policiais militares que atuaram contra envolvidos em assaltos na Capital"},"content":{"rendered":"\n<p>A atua\u00e7\u00e3o de policiais militares contra envolvidos em assaltos na Capital, em ocorr\u00eancias no bairro de Mana\u00edra e na Praia do Sol, foi motivo de reconhecimento por parte do comandante-geral da PM, coronel Euller Chaves, que convocou os participantes para serem condecorados.<br><br>Pela pris\u00e3o dos dois suspeitos de assaltar uma joalheria que fica dentro de um shopping, em fevereiro, no bairro de Mana\u00edra, foram condecorados o comandante do 1\u00ba Batalh\u00e3o, tenente-coronel Lucas, o 2\u00ba sargento Gabriel e o soldado Cleverson. A outra a\u00e7\u00e3o que gerou reconhecimento foi contra assaltantes que estavam agindo na Praia do Sol. Os policiais que atuaram \u2013 Soldados Sales e Albuquerque \u2013 tamb\u00e9m tiveram medalhas concedidas.<br><br>Ainda nas homenagens desta quinta-feira (17), foram condecorados o Major R\/R Jos\u00e9 Nazareno Alves, O 2\u00ba Tenente Jo\u00e3o Lacerda Bid\u00f4 Filho e o 2\u00ba Tenente Adriano Lopes da Silva, pelos servi\u00e7os prestados \u00e0 institui\u00e7\u00e3o em suas respectivas \u00e1reas de atua\u00e7\u00e3o. <\/p>\n\n\n\n<p><img loading=\"lazy\" decoding=\"async\" width=\"1280\" height=\"853\" class=\"wp-image-913696\" style=\"width: 800px;\" src=\"http:\/\/www.pm.pb.gov.br\/portal\/wp-content\/uploads\/2022\/03\/1f04e813-519d-406a-84b6-3e63a347ba43.jpg\" alt=\"\" srcset=\"https:\/\/www.pm.pb.gov.br\/portal\/wp-content\/uploads\/2022\/03\/1f04e813-519d-406a-84b6-3e63a347ba43.jpg 1280w, https:\/\/www.pm.pb.gov.br\/portal\/wp-content\/uploads\/2022\/03\/1f04e813-519d-406a-84b6-3e63a347ba43-668x445.jpg 668w, https:\/\/www.pm.pb.gov.br\/portal\/wp-content\/uploads\/2022\/03\/1f04e813-519d-406a-84b6-3e63a347ba43-855x570.jpg 855w, https:\/\/www.pm.pb.gov.br\/portal\/wp-content\/uploads\/2022\/03\/1f04e813-519d-406a-84b6-3e63a347ba43-768x512.jpg 768w, https:\/\/www.pm.pb.gov.br\/portal\/wp-content\/uploads\/2022\/03\/1f04e813-519d-406a-84b6-3e63a347ba43-272x182.jpg 272w\" sizes=\"(max-width: 1280px) 100vw, 1280px\" \/><br><\/p>\n","protected":false},"excerpt":{"rendered":"<p>A atua\u00e7\u00e3o de policiais militares contra envolvidos em assaltos na Capital, em ocorr\u00eancias no bairro de Mana\u00edra e na Praia<\/p>\n","protected":false},"author":5,"featured_media":913695,"comment_status":"closed","ping_status":"closed","sticky":false,"template":"","format":"standard","meta":{"_exactmetrics_skip_tracking":false,"_exactmetrics_sitenote_active":false,"_exactmetrics_sitenote_note":"","_exactmetrics_sitenote_category":0,"footnotes":""},"categories":[4],"tags":[],"yoast_head":"<!-- This site is optimized with the Yoast SEO plugin v22.0 - https:\/\/yoast.com\/wordpress\/plugins\/seo\/ -->\n<title>Comandante-geral condecora policiais militares que atuaram contra envolvidos em assaltos na Capital - Pol\u00edcia Militar da Para\u00edba<\/title>\n<meta name=\"robots\" content=\"index, follow, max-snippet:-1, max-image-preview:large, max-video-preview:-1\" \/>\n<link rel=\"canonical\" href=\"https:\/\/www.pm.pb.gov.br\/portal\/2022\/03\/21\/comandante-geral-condecora-policiais-militares-que-atuaram-contra-envolvidos-em-assaltos-na-capital\/\" \/>\n<meta property=\"og:locale\" content=\"pt_BR\" \/>\n<meta property=\"og:type\" content=\"article\" \/>\n<meta property=\"og:title\" content=\"Comandante-geral condecora policiais militares que atuaram contra envolvidos em assaltos na Capital - Pol\u00edcia Militar da Para\u00edba\" \/>\n<meta property=\"og:description\" content=\"A atua\u00e7\u00e3o de policiais militares contra envolvidos em assaltos na Capital, em ocorr\u00eancias no bairro de Mana\u00edra e na Praia\" \/>\n<meta property=\"og:url\" content=\"https:\/\/www.pm.pb.gov.br\/portal\/2022\/03\/21\/comandante-geral-condecora-policiais-militares-que-atuaram-contra-envolvidos-em-assaltos-na-capital\/\" \/>\n<meta property=\"og:site_name\" content=\"Pol\u00edcia Militar da Para\u00edba\" \/>\n<meta property=\"article:published_time\" content=\"2022-03-21T15:01:57+00:00\" \/>\n<meta property=\"article:modified_time\" content=\"2022-03-21T15:02:00+00:00\" \/>\n<meta property=\"og:image\" content=\"http:\/\/www.pm.pb.gov.br\/portal\/wp-content\/uploads\/2022\/03\/7269270a-c661-4a8f-853a-95772e039126.jpg\" \/>\n\t<meta property=\"og:image:width\" content=\"1280\" \/>\n\t<meta property=\"og:image:height\" content=\"853\" \/>\n\t<meta property=\"og:image:type\" content=\"image\/jpeg\" \/>\n<meta name=\"author\" content=\"Assessoria de Imprensa da PMPB\" \/>\n<meta name=\"twitter:card\" content=\"summary_large_image\" \/>\n<meta name=\"twitter:label1\" content=\"Escrito por\" \/>\n\t<meta name=\"twitter:data1\" content=\"Assessoria de Imprensa da PMPB\" \/>\n\t<meta name=\"twitter:label2\" content=\"Est. tempo de leitura\" \/>\n\t<meta name=\"twitter:data2\" content=\"2 minutos\" \/>\n<script type=\"application\/ld+json\" class=\"yoast-schema-graph\">{\"@context\":\"https:\/\/schema.org\",\"@graph\":[{\"@type\":\"Article\",\"@id\":\"https:\/\/www.pm.pb.gov.br\/portal\/2022\/03\/21\/comandante-geral-condecora-policiais-militares-que-atuaram-contra-envolvidos-em-assaltos-na-capital\/#article\",\"isPartOf\":{\"@id\":\"https:\/\/www.pm.pb.gov.br\/portal\/2022\/03\/21\/comandante-geral-condecora-policiais-militares-que-atuaram-contra-envolvidos-em-assaltos-na-capital\/\"},\"author\":{\"name\":\"Assessoria de Imprensa da PMPB\",\"@id\":\"https:\/\/www.pm.pb.gov.br\/portal\/#\/schema\/person\/e8454f46651c3ecf0e1ba3c1666d9947\"},\"headline\":\"Comandante-geral condecora policiais militares que atuaram contra envolvidos em assaltos na Capital\",\"datePublished\":\"2022-03-21T15:01:57+00:00\",\"dateModified\":\"2022-03-21T15:02:00+00:00\",\"mainEntityOfPage\":{\"@id\":\"https:\/\/www.pm.pb.gov.br\/portal\/2022\/03\/21\/comandante-geral-condecora-policiais-militares-que-atuaram-contra-envolvidos-em-assaltos-na-capital\/\"},\"wordCount\":167,\"publisher\":{\"@id\":\"https:\/\/www.pm.pb.gov.br\/portal\/#organization\"},\"articleSection\":[\"A\u00e7\u00f5es Policiais\"],\"inLanguage\":\"pt-BR\"},{\"@type\":\"WebPage\",\"@id\":\"https:\/\/www.pm.pb.gov.br\/portal\/2022\/03\/21\/comandante-geral-condecora-policiais-militares-que-atuaram-contra-envolvidos-em-assaltos-na-capital\/\",\"url\":\"https:\/\/www.pm.pb.gov.br\/portal\/2022\/03\/21\/comandante-geral-condecora-policiais-militares-que-atuaram-contra-envolvidos-em-assaltos-na-capital\/\",\"name\":\"Comandante-geral condecora policiais militares que atuaram contra envolvidos em assaltos na Capital - Pol\u00edcia Militar da Para\u00edba\",\"isPartOf\":{\"@id\":\"https:\/\/www.pm.pb.gov.br\/portal\/#website\"},\"datePublished\":\"2022-03-21T15:01:57+00:00\",\"dateModified\":\"2022-03-21T15:02:00+00:00\",\"breadcrumb\":{\"@id\":\"https:\/\/www.pm.pb.gov.br\/portal\/2022\/03\/21\/comandante-geral-condecora-policiais-militares-que-atuaram-contra-envolvidos-em-assaltos-na-capital\/#breadcrumb\"},\"inLanguage\":\"pt-BR\",\"potentialAction\":[{\"@type\":\"ReadAction\",\"target\":[\"https:\/\/www.pm.pb.gov.br\/portal\/2022\/03\/21\/comandante-geral-condecora-policiais-militares-que-atuaram-contra-envolvidos-em-assaltos-na-capital\/\"]}]},{\"@type\":\"BreadcrumbList\",\"@id\":\"https:\/\/www.pm.pb.gov.br\/portal\/2022\/03\/21\/comandante-geral-condecora-policiais-militares-que-atuaram-contra-envolvidos-em-assaltos-na-capital\/#breadcrumb\",\"itemListElement\":[{\"@type\":\"ListItem\",\"position\":1,\"name\":\"In\u00edcio\",\"item\":\"https:\/\/www.pm.pb.gov.br\/portal\/\"},{\"@type\":\"ListItem\",\"position\":2,\"name\":\"Comandante-geral condecora policiais militares que atuaram contra envolvidos em assaltos na Capital\"}]},{\"@type\":\"WebSite\",\"@id\":\"https:\/\/www.pm.pb.gov.br\/portal\/#website\",\"url\":\"https:\/\/www.pm.pb.gov.br\/portal\/\",\"name\":\"Pol\u00edcia Militar da Para\u00edba\",\"description\":\"\",\"publisher\":{\"@id\":\"https:\/\/www.pm.pb.gov.br\/portal\/#organization\"},\"potentialAction\":[{\"@type\":\"SearchAction\",\"target\":{\"@type\":\"EntryPoint\",\"urlTemplate\":\"https:\/\/www.pm.pb.gov.br\/portal\/?s={search_term_string}\"},\"query-input\":\"required name=search_term_string\"}],\"inLanguage\":\"pt-BR\"},{\"@type\":\"Organization\",\"@id\":\"https:\/\/www.pm.pb.gov.br\/portal\/#organization\",\"name\":\"Pol\u00edcia Militar da Para\u00edba\",\"url\":\"https:\/\/www.pm.pb.gov.br\/portal\/\",\"logo\":{\"@type\":\"ImageObject\",\"inLanguage\":\"pt-BR\",\"@id\":\"https:\/\/www.pm.pb.gov.br\/portal\/#\/schema\/logo\/image\/\",\"url\":\"https:\/\/www.pm.pb.gov.br\/portal\/wp-content\/uploads\/2025\/03\/cropped-logo-site-mag2-1.png\",\"contentUrl\":\"https:\/\/www.pm.pb.gov.br\/portal\/wp-content\/uploads\/2025\/03\/cropped-logo-site-mag2-1.png\",\"width\":320,\"height\":90,\"caption\":\"Pol\u00edcia Militar da Para\u00edba\"},\"image\":{\"@id\":\"https:\/\/www.pm.pb.gov.br\/portal\/#\/schema\/logo\/image\/\"}},{\"@type\":\"Person\",\"@id\":\"https:\/\/www.pm.pb.gov.br\/portal\/#\/schema\/person\/e8454f46651c3ecf0e1ba3c1666d9947\",\"name\":\"Assessoria de Imprensa da PMPB\",\"image\":{\"@type\":\"ImageObject\",\"inLanguage\":\"pt-BR\",\"@id\":\"https:\/\/www.pm.pb.gov.br\/portal\/#\/schema\/person\/image\/\",\"url\":\"https:\/\/secure.gravatar.com\/avatar\/2efe197438265d1e90bd98c4c8e1acf8?s=96&d=mm&r=g\",\"contentUrl\":\"https:\/\/secure.gravatar.com\/avatar\/2efe197438265d1e90bd98c4c8e1acf8?s=96&d=mm&r=g\",\"caption\":\"Assessoria de Imprensa da PMPB\"},\"url\":\"https:\/\/www.pm.pb.gov.br\/portal\/author\/assessoria\/\"}]}<\/script>\n<!-- \/ Yoast SEO plugin. -->","yoast_head_json":{"title":"Comandante-geral condecora policiais militares que atuaram contra envolvidos em assaltos na Capital - Pol\u00edcia Militar da Para\u00edba","robots":{"index":"index","follow":"follow","max-snippet":"max-snippet:-1","max-image-preview":"max-image-preview:large","max-video-preview":"max-video-preview:-1"},"canonical":"https:\/\/www.pm.pb.gov.br\/portal\/2022\/03\/21\/comandante-geral-condecora-policiais-militares-que-atuaram-contra-envolvidos-em-assaltos-na-capital\/","og_locale":"pt_BR","og_type":"article","og_title":"Comandante-geral condecora policiais militares que atuaram contra envolvidos em assaltos na Capital - Pol\u00edcia Militar da Para\u00edba","og_description":"A atua\u00e7\u00e3o de policiais militares contra envolvidos em assaltos na Capital, em ocorr\u00eancias no bairro de Mana\u00edra e na Praia","og_url":"https:\/\/www.pm.pb.gov.br\/portal\/2022\/03\/21\/comandante-geral-condecora-policiais-militares-que-atuaram-contra-envolvidos-em-assaltos-na-capital\/","og_site_name":"Pol\u00edcia Militar da Para\u00edba","article_published_time":"2022-03-21T15:01:57+00:00","article_modified_time":"2022-03-21T15:02:00+00:00","og_image":[{"width":1280,"height":853,"url":"http:\/\/www.pm.pb.gov.br\/portal\/wp-content\/uploads\/2022\/03\/7269270a-c661-4a8f-853a-95772e039126.jpg","type":"image\/jpeg"}],"author":"Assessoria de Imprensa da PMPB","twitter_card":"summary_large_image","twitter_misc":{"Escrito por":"Assessoria de Imprensa da PMPB","Est. tempo de leitura":"2 minutos"},"schema":{"@context":"https:\/\/schema.org","@graph":[{"@type":"Article","@id":"https:\/\/www.pm.pb.gov.br\/portal\/2022\/03\/21\/comandante-geral-condecora-policiais-militares-que-atuaram-contra-envolvidos-em-assaltos-na-capital\/#article","isPartOf":{"@id":"https:\/\/www.pm.pb.gov.br\/portal\/2022\/03\/21\/comandante-geral-condecora-policiais-militares-que-atuaram-contra-envolvidos-em-assaltos-na-capital\/"},"author":{"name":"Assessoria de Imprensa da PMPB","@id":"https:\/\/www.pm.pb.gov.br\/portal\/#\/schema\/person\/e8454f46651c3ecf0e1ba3c1666d9947"},"headline":"Comandante-geral condecora policiais militares que atuaram contra envolvidos em assaltos na Capital","datePublished":"2022-03-21T15:01:57+00:00","dateModified":"2022-03-21T15:02:00+00:00","mainEntityOfPage":{"@id":"https:\/\/www.pm.pb.gov.br\/portal\/2022\/03\/21\/comandante-geral-condecora-policiais-militares-que-atuaram-contra-envolvidos-em-assaltos-na-capital\/"},"wordCount":167,"publisher":{"@id":"https:\/\/www.pm.pb.gov.br\/portal\/#organization"},"articleSection":["A\u00e7\u00f5es Policiais"],"inLanguage":"pt-BR"},{"@type":"WebPage","@id":"https:\/\/www.pm.pb.gov.br\/portal\/2022\/03\/21\/comandante-geral-condecora-policiais-militares-que-atuaram-contra-envolvidos-em-assaltos-na-capital\/","url":"https:\/\/www.pm.pb.gov.br\/portal\/2022\/03\/21\/comandante-geral-condecora-policiais-militares-que-atuaram-contra-envolvidos-em-assaltos-na-capital\/","name":"Comandante-geral condecora policiais militares que atuaram contra envolvidos em assaltos na Capital - Pol\u00edcia Militar da Para\u00edba","isPartOf":{"@id":"https:\/\/www.pm.pb.gov.br\/portal\/#website"},"datePublished":"2022-03-21T15:01:57+00:00","dateModified":"2022-03-21T15:02:00+00:00","breadcrumb":{"@id":"https:\/\/www.pm.pb.gov.br\/portal\/2022\/03\/21\/comandante-geral-condecora-policiais-militares-que-atuaram-contra-envolvidos-em-assaltos-na-capital\/#breadcrumb"},"inLanguage":"pt-BR","potentialAction":[{"@type":"ReadAction","target":["https:\/\/www.pm.pb.gov.br\/portal\/2022\/03\/21\/comandante-geral-condecora-policiais-militares-que-atuaram-contra-envolvidos-em-assaltos-na-capital\/"]}]},{"@type":"BreadcrumbList","@id":"https:\/\/www.pm.pb.gov.br\/portal\/2022\/03\/21\/comandante-geral-condecora-policiais-militares-que-atuaram-contra-envolvidos-em-assaltos-na-capital\/#breadcrumb","itemListElement":[{"@type":"ListItem","position":1,"name":"In\u00edcio","item":"https:\/\/www.pm.pb.gov.br\/portal\/"},{"@type":"ListItem","position":2,"name":"Comandante-geral condecora policiais militares que atuaram contra envolvidos em assaltos na Capital"}]},{"@type":"WebSite","@id":"https:\/\/www.pm.pb.gov.br\/portal\/#website","url":"https:\/\/www.pm.pb.gov.br\/portal\/","name":"Pol\u00edcia Militar da Para\u00edba","description":"","publisher":{"@id":"https:\/\/www.pm.pb.gov.br\/portal\/#organization"},"potentialAction":[{"@type":"SearchAction","target":{"@type":"EntryPoint","urlTemplate":"https:\/\/www.pm.pb.gov.br\/portal\/?s={search_term_string}"},"query-input":"required name=search_term_string"}],"inLanguage":"pt-BR"},{"@type":"Organization","@id":"https:\/\/www.pm.pb.gov.br\/portal\/#organization","name":"Pol\u00edcia Militar da Para\u00edba","url":"https:\/\/www.pm.pb.gov.br\/portal\/","logo":{"@type":"ImageObject","inLanguage":"pt-BR","@id":"https:\/\/www.pm.pb.gov.br\/portal\/#\/schema\/logo\/image\/","url":"https:\/\/www.pm.pb.gov.br\/portal\/wp-content\/uploads\/2025\/03\/cropped-logo-site-mag2-1.png","contentUrl":"https:\/\/www.pm.pb.gov.br\/portal\/wp-content\/uploads\/2025\/03\/cropped-logo-site-mag2-1.png","width":320,"height":90,"caption":"Pol\u00edcia Militar da Para\u00edba"},"image":{"@id":"https:\/\/www.pm.pb.gov.br\/portal\/#\/schema\/logo\/image\/"}},{"@type":"Person","@id":"https:\/\/www.pm.pb.gov.br\/portal\/#\/schema\/person\/e8454f46651c3ecf0e1ba3c1666d9947","name":"Assessoria de Imprensa da PMPB","image":{"@type":"ImageObject","inLanguage":"pt-BR","@id":"https:\/\/www.pm.pb.gov.br\/portal\/#\/schema\/person\/image\/","url":"https:\/\/secure.gravatar.com\/avatar\/2efe197438265d1e90bd98c4c8e1acf8?s=96&d=mm&r=g","contentUrl":"https:\/\/secure.gravatar.com\/avatar\/2efe197438265d1e90bd98c4c8e1acf8?s=96&d=mm&r=g","caption":"Assessoria de Imprensa da PMPB"},"url":"https:\/\/www.pm.pb.gov.br\/portal\/author\/assessoria\/"}]}},"_links":{"self":[{"href":"https:\/\/www.pm.pb.gov.br\/portal\/wp-json\/wp\/v2\/posts\/913679"}],"collection":[{"href":"https:\/\/www.pm.pb.gov.br\/portal\/wp-json\/wp\/v2\/posts"}],"about":[{"href":"https:\/\/www.pm.pb.gov.br\/portal\/wp-json\/wp\/v2\/types\/post"}],"author":[{"embeddable":true,"href":"https:\/\/www.pm.pb.gov.br\/portal\/wp-json\/wp\/v2\/users\/5"}],"replies":[{"embeddable":true,"href":"https:\/\/www.pm.pb.gov.br\/portal\/wp-json\/wp\/v2\/comments?post=913679"}],"version-history":[{"count":2,"href":"https:\/\/www.pm.pb.gov.br\/portal\/wp-json\/wp\/v2\/posts\/913679\/revisions"}],"predecessor-version":[{"id":913697,"href":"https:\/\/www.pm.pb.gov.br\/portal\/wp-json\/wp\/v2\/posts\/913679\/revisions\/913697"}],"wp:featuredmedia":[{"embeddable":true,"href":"https:\/\/www.pm.pb.gov.br\/portal\/wp-json\/wp\/v2\/media\/913695"}],"wp:attachment":[{"href":"https:\/\/www.pm.pb.gov.br\/portal\/wp-json\/wp\/v2\/media?parent=913679"}],"wp:term":[{"taxonomy":"category","embeddable":true,"href":"https:\/\/www.pm.pb.gov.br\/portal\/wp-json\/wp\/v2\/categories?post=913679"},{"taxonomy":"post_tag","embeddable":true,"href":"https:\/\/www.pm.pb.gov.br\/portal\/wp-json\/wp\/v2\/tags?post=913679"}],"curies":[{"name":"wp","href":"https:\/\/api.w.org\/{rel}","templated":true}]}}