{"id":913675,"date":"2022-03-16T20:15:25","date_gmt":"2022-03-16T23:15:25","guid":{"rendered":"https:\/\/www.pm.pb.gov.br\/portal\/?p=913675"},"modified":"2022-03-16T20:15:28","modified_gmt":"2022-03-16T23:15:28","slug":"comandante-geral-discute-parcerias-estrategicas-na-area-de-tecnologia-com-empresa-de-singapura","status":"publish","type":"post","link":"https:\/\/www.pm.pb.gov.br\/portal\/2022\/03\/16\/comandante-geral-discute-parcerias-estrategicas-na-area-de-tecnologia-com-empresa-de-singapura\/","title":{"rendered":"Comandante-geral discute parcerias estrat\u00e9gicas na \u00e1rea de tecnologia com empresa de Singapura"},"content":{"rendered":"\n<p>O comandante-geral da Pol\u00edcia Militar, coronel Euller Chaves, recebeu a visita de representantes de uma empresa de tecnologia de Singapura, com atua\u00e7\u00e3o no segmento de defesa e seguran\u00e7a p\u00fablica, para discutir parcerias estrat\u00e9gicas na \u00e1rea de tecnologia para a PM da Para\u00edba. A visita foi acompanhada por oficiais do Estado-Maior Estrat\u00e9gico da corpora\u00e7\u00e3o.<br><br>\u201cAssinamos uma carta de inten\u00e7\u00f5es para desenvolver tecnologia em favor da Pol\u00edcia Militar, ou seja, para a Seguran\u00e7a P\u00fablica. Para n\u00f3s \u00e9 muito importante esse tipo de parceria e a perspectiva de avan\u00e7o tecnol\u00f3gico que isso pode trazer\u201d, destacou o coronel Euller Chaves.<br><br><img loading=\"lazy\" decoding=\"async\" width=\"1280\" height=\"853\" class=\"wp-image-913681\" style=\"width: 800px;\" src=\"http:\/\/www.pm.pb.gov.br\/portal\/wp-content\/uploads\/2022\/03\/003c181f-ca25-41e4-a4f6-288779b2a7b6.jpg\" alt=\"\" srcset=\"https:\/\/www.pm.pb.gov.br\/portal\/wp-content\/uploads\/2022\/03\/003c181f-ca25-41e4-a4f6-288779b2a7b6.jpg 1280w, https:\/\/www.pm.pb.gov.br\/portal\/wp-content\/uploads\/2022\/03\/003c181f-ca25-41e4-a4f6-288779b2a7b6-668x445.jpg 668w, https:\/\/www.pm.pb.gov.br\/portal\/wp-content\/uploads\/2022\/03\/003c181f-ca25-41e4-a4f6-288779b2a7b6-855x570.jpg 855w, https:\/\/www.pm.pb.gov.br\/portal\/wp-content\/uploads\/2022\/03\/003c181f-ca25-41e4-a4f6-288779b2a7b6-768x512.jpg 768w, https:\/\/www.pm.pb.gov.br\/portal\/wp-content\/uploads\/2022\/03\/003c181f-ca25-41e4-a4f6-288779b2a7b6-272x182.jpg 272w\" sizes=\"(max-width: 1280px) 100vw, 1280px\" \/><br><br>O vice-presidente da ST Engeneering, James T\u00e9o, classificou como bastante produtiva a reuni\u00e3o. \u201c\u00c9 um grande privil\u00e9gio para a ST Engeneering estar aqui no Brasil, especialmente com o comando da Pol\u00edcia Militar da Para\u00edba, com quem temos a inten\u00e7\u00e3o de trabalhar para possibilitar que a for\u00e7a seja mais eficiente, com aparato tecnol\u00f3gico em apoio ao que \u00e9 demandado pelo Estado e servi\u00e7o ao p\u00fablico\u201d, disse. <\/p>\n\n\n\n<p><img loading=\"lazy\" decoding=\"async\" width=\"1280\" height=\"853\" class=\"wp-image-913682\" style=\"width: 800px;\" src=\"http:\/\/www.pm.pb.gov.br\/portal\/wp-content\/uploads\/2022\/03\/eed7e6cc-4094-4b91-bb4c-e17748c09a2f.jpg\" alt=\"\" srcset=\"https:\/\/www.pm.pb.gov.br\/portal\/wp-content\/uploads\/2022\/03\/eed7e6cc-4094-4b91-bb4c-e17748c09a2f.jpg 1280w, https:\/\/www.pm.pb.gov.br\/portal\/wp-content\/uploads\/2022\/03\/eed7e6cc-4094-4b91-bb4c-e17748c09a2f-668x445.jpg 668w, https:\/\/www.pm.pb.gov.br\/portal\/wp-content\/uploads\/2022\/03\/eed7e6cc-4094-4b91-bb4c-e17748c09a2f-855x570.jpg 855w, https:\/\/www.pm.pb.gov.br\/portal\/wp-content\/uploads\/2022\/03\/eed7e6cc-4094-4b91-bb4c-e17748c09a2f-768x512.jpg 768w, https:\/\/www.pm.pb.gov.br\/portal\/wp-content\/uploads\/2022\/03\/eed7e6cc-4094-4b91-bb4c-e17748c09a2f-272x182.jpg 272w\" sizes=\"(max-width: 1280px) 100vw, 1280px\" \/><br><br>A visita surgiu ap\u00f3s os representantes da ST Engeneering conhecerem o esp\u00edrito empreendedor da Pol\u00edcia Militar da Para\u00edba na 6\u00aa Mostra BID Brasil, no \u00faltimo m\u00eas de dezembro, em Bras\u00edlia. <br> <br><\/p>\n","protected":false},"excerpt":{"rendered":"<p>O comandante-geral da Pol\u00edcia Militar, coronel Euller Chaves, recebeu a visita de representantes de uma empresa de tecnologia de Singapura,<\/p>\n","protected":false},"author":5,"featured_media":913680,"comment_status":"closed","ping_status":"closed","sticky":false,"template":"","format":"standard","meta":{"_exactmetrics_skip_tracking":false,"_exactmetrics_sitenote_active":false,"_exactmetrics_sitenote_note":"","_exactmetrics_sitenote_category":0,"footnotes":""},"categories":[4],"tags":[],"yoast_head":"<!-- This site is optimized with the Yoast SEO plugin v22.0 - https:\/\/yoast.com\/wordpress\/plugins\/seo\/ -->\n<title>Comandante-geral discute parcerias estrat\u00e9gicas na \u00e1rea de tecnologia com empresa de Singapura - Pol\u00edcia Militar da Para\u00edba<\/title>\n<meta name=\"robots\" content=\"index, follow, max-snippet:-1, max-image-preview:large, max-video-preview:-1\" \/>\n<link rel=\"canonical\" href=\"https:\/\/www.pm.pb.gov.br\/portal\/2022\/03\/16\/comandante-geral-discute-parcerias-estrategicas-na-area-de-tecnologia-com-empresa-de-singapura\/\" \/>\n<meta property=\"og:locale\" content=\"pt_BR\" \/>\n<meta property=\"og:type\" content=\"article\" \/>\n<meta property=\"og:title\" content=\"Comandante-geral discute parcerias estrat\u00e9gicas na \u00e1rea de tecnologia com empresa de Singapura - Pol\u00edcia Militar da Para\u00edba\" \/>\n<meta property=\"og:description\" content=\"O comandante-geral da Pol\u00edcia Militar, coronel Euller Chaves, recebeu a visita de representantes de uma empresa de tecnologia de Singapura,\" \/>\n<meta property=\"og:url\" content=\"https:\/\/www.pm.pb.gov.br\/portal\/2022\/03\/16\/comandante-geral-discute-parcerias-estrategicas-na-area-de-tecnologia-com-empresa-de-singapura\/\" \/>\n<meta property=\"og:site_name\" content=\"Pol\u00edcia Militar da Para\u00edba\" \/>\n<meta property=\"article:published_time\" content=\"2022-03-16T23:15:25+00:00\" \/>\n<meta property=\"article:modified_time\" content=\"2022-03-16T23:15:28+00:00\" \/>\n<meta property=\"og:image\" content=\"http:\/\/www.pm.pb.gov.br\/portal\/wp-content\/uploads\/2022\/03\/90bb32e0-b594-4eea-8dff-049369c59b5d.jpg\" \/>\n\t<meta property=\"og:image:width\" content=\"1280\" \/>\n\t<meta property=\"og:image:height\" content=\"853\" \/>\n\t<meta property=\"og:image:type\" content=\"image\/jpeg\" \/>\n<meta name=\"author\" content=\"Assessoria de Imprensa da PMPB\" \/>\n<meta name=\"twitter:card\" content=\"summary_large_image\" \/>\n<meta name=\"twitter:label1\" content=\"Escrito por\" \/>\n\t<meta name=\"twitter:data1\" content=\"Assessoria de Imprensa da PMPB\" \/>\n\t<meta name=\"twitter:label2\" content=\"Est. tempo de leitura\" \/>\n\t<meta name=\"twitter:data2\" content=\"2 minutos\" \/>\n<script type=\"application\/ld+json\" class=\"yoast-schema-graph\">{\"@context\":\"https:\/\/schema.org\",\"@graph\":[{\"@type\":\"Article\",\"@id\":\"https:\/\/www.pm.pb.gov.br\/portal\/2022\/03\/16\/comandante-geral-discute-parcerias-estrategicas-na-area-de-tecnologia-com-empresa-de-singapura\/#article\",\"isPartOf\":{\"@id\":\"https:\/\/www.pm.pb.gov.br\/portal\/2022\/03\/16\/comandante-geral-discute-parcerias-estrategicas-na-area-de-tecnologia-com-empresa-de-singapura\/\"},\"author\":{\"name\":\"Assessoria de Imprensa da PMPB\",\"@id\":\"https:\/\/www.pm.pb.gov.br\/portal\/#\/schema\/person\/e8454f46651c3ecf0e1ba3c1666d9947\"},\"headline\":\"Comandante-geral discute parcerias estrat\u00e9gicas na \u00e1rea de tecnologia com empresa de Singapura\",\"datePublished\":\"2022-03-16T23:15:25+00:00\",\"dateModified\":\"2022-03-16T23:15:28+00:00\",\"mainEntityOfPage\":{\"@id\":\"https:\/\/www.pm.pb.gov.br\/portal\/2022\/03\/16\/comandante-geral-discute-parcerias-estrategicas-na-area-de-tecnologia-com-empresa-de-singapura\/\"},\"wordCount\":231,\"publisher\":{\"@id\":\"https:\/\/www.pm.pb.gov.br\/portal\/#organization\"},\"articleSection\":[\"A\u00e7\u00f5es Policiais\"],\"inLanguage\":\"pt-BR\"},{\"@type\":\"WebPage\",\"@id\":\"https:\/\/www.pm.pb.gov.br\/portal\/2022\/03\/16\/comandante-geral-discute-parcerias-estrategicas-na-area-de-tecnologia-com-empresa-de-singapura\/\",\"url\":\"https:\/\/www.pm.pb.gov.br\/portal\/2022\/03\/16\/comandante-geral-discute-parcerias-estrategicas-na-area-de-tecnologia-com-empresa-de-singapura\/\",\"name\":\"Comandante-geral discute parcerias estrat\u00e9gicas na \u00e1rea de tecnologia com empresa de Singapura - Pol\u00edcia Militar da Para\u00edba\",\"isPartOf\":{\"@id\":\"https:\/\/www.pm.pb.gov.br\/portal\/#website\"},\"datePublished\":\"2022-03-16T23:15:25+00:00\",\"dateModified\":\"2022-03-16T23:15:28+00:00\",\"breadcrumb\":{\"@id\":\"https:\/\/www.pm.pb.gov.br\/portal\/2022\/03\/16\/comandante-geral-discute-parcerias-estrategicas-na-area-de-tecnologia-com-empresa-de-singapura\/#breadcrumb\"},\"inLanguage\":\"pt-BR\",\"potentialAction\":[{\"@type\":\"ReadAction\",\"target\":[\"https:\/\/www.pm.pb.gov.br\/portal\/2022\/03\/16\/comandante-geral-discute-parcerias-estrategicas-na-area-de-tecnologia-com-empresa-de-singapura\/\"]}]},{\"@type\":\"BreadcrumbList\",\"@id\":\"https:\/\/www.pm.pb.gov.br\/portal\/2022\/03\/16\/comandante-geral-discute-parcerias-estrategicas-na-area-de-tecnologia-com-empresa-de-singapura\/#breadcrumb\",\"itemListElement\":[{\"@type\":\"ListItem\",\"position\":1,\"name\":\"In\u00edcio\",\"item\":\"https:\/\/www.pm.pb.gov.br\/portal\/\"},{\"@type\":\"ListItem\",\"position\":2,\"name\":\"Comandante-geral discute parcerias estrat\u00e9gicas na \u00e1rea de tecnologia com empresa de Singapura\"}]},{\"@type\":\"WebSite\",\"@id\":\"https:\/\/www.pm.pb.gov.br\/portal\/#website\",\"url\":\"https:\/\/www.pm.pb.gov.br\/portal\/\",\"name\":\"Pol\u00edcia Militar da Para\u00edba\",\"description\":\"\",\"publisher\":{\"@id\":\"https:\/\/www.pm.pb.gov.br\/portal\/#organization\"},\"potentialAction\":[{\"@type\":\"SearchAction\",\"target\":{\"@type\":\"EntryPoint\",\"urlTemplate\":\"https:\/\/www.pm.pb.gov.br\/portal\/?s={search_term_string}\"},\"query-input\":\"required name=search_term_string\"}],\"inLanguage\":\"pt-BR\"},{\"@type\":\"Organization\",\"@id\":\"https:\/\/www.pm.pb.gov.br\/portal\/#organization\",\"name\":\"Pol\u00edcia Militar da Para\u00edba\",\"url\":\"https:\/\/www.pm.pb.gov.br\/portal\/\",\"logo\":{\"@type\":\"ImageObject\",\"inLanguage\":\"pt-BR\",\"@id\":\"https:\/\/www.pm.pb.gov.br\/portal\/#\/schema\/logo\/image\/\",\"url\":\"https:\/\/www.pm.pb.gov.br\/portal\/wp-content\/uploads\/2025\/03\/cropped-logo-site-mag2-1.png\",\"contentUrl\":\"https:\/\/www.pm.pb.gov.br\/portal\/wp-content\/uploads\/2025\/03\/cropped-logo-site-mag2-1.png\",\"width\":320,\"height\":90,\"caption\":\"Pol\u00edcia Militar da Para\u00edba\"},\"image\":{\"@id\":\"https:\/\/www.pm.pb.gov.br\/portal\/#\/schema\/logo\/image\/\"}},{\"@type\":\"Person\",\"@id\":\"https:\/\/www.pm.pb.gov.br\/portal\/#\/schema\/person\/e8454f46651c3ecf0e1ba3c1666d9947\",\"name\":\"Assessoria de Imprensa da PMPB\",\"image\":{\"@type\":\"ImageObject\",\"inLanguage\":\"pt-BR\",\"@id\":\"https:\/\/www.pm.pb.gov.br\/portal\/#\/schema\/person\/image\/\",\"url\":\"https:\/\/secure.gravatar.com\/avatar\/2efe197438265d1e90bd98c4c8e1acf8?s=96&d=mm&r=g\",\"contentUrl\":\"https:\/\/secure.gravatar.com\/avatar\/2efe197438265d1e90bd98c4c8e1acf8?s=96&d=mm&r=g\",\"caption\":\"Assessoria de Imprensa da PMPB\"},\"url\":\"https:\/\/www.pm.pb.gov.br\/portal\/author\/assessoria\/\"}]}<\/script>\n<!-- \/ Yoast SEO plugin. -->","yoast_head_json":{"title":"Comandante-geral discute parcerias estrat\u00e9gicas na \u00e1rea de tecnologia com empresa de Singapura - Pol\u00edcia Militar da Para\u00edba","robots":{"index":"index","follow":"follow","max-snippet":"max-snippet:-1","max-image-preview":"max-image-preview:large","max-video-preview":"max-video-preview:-1"},"canonical":"https:\/\/www.pm.pb.gov.br\/portal\/2022\/03\/16\/comandante-geral-discute-parcerias-estrategicas-na-area-de-tecnologia-com-empresa-de-singapura\/","og_locale":"pt_BR","og_type":"article","og_title":"Comandante-geral discute parcerias estrat\u00e9gicas na \u00e1rea de tecnologia com empresa de Singapura - Pol\u00edcia Militar da Para\u00edba","og_description":"O comandante-geral da Pol\u00edcia Militar, coronel Euller Chaves, recebeu a visita de representantes de uma empresa de tecnologia de Singapura,","og_url":"https:\/\/www.pm.pb.gov.br\/portal\/2022\/03\/16\/comandante-geral-discute-parcerias-estrategicas-na-area-de-tecnologia-com-empresa-de-singapura\/","og_site_name":"Pol\u00edcia Militar da Para\u00edba","article_published_time":"2022-03-16T23:15:25+00:00","article_modified_time":"2022-03-16T23:15:28+00:00","og_image":[{"width":1280,"height":853,"url":"http:\/\/www.pm.pb.gov.br\/portal\/wp-content\/uploads\/2022\/03\/90bb32e0-b594-4eea-8dff-049369c59b5d.jpg","type":"image\/jpeg"}],"author":"Assessoria de Imprensa da PMPB","twitter_card":"summary_large_image","twitter_misc":{"Escrito por":"Assessoria de Imprensa da PMPB","Est. tempo de leitura":"2 minutos"},"schema":{"@context":"https:\/\/schema.org","@graph":[{"@type":"Article","@id":"https:\/\/www.pm.pb.gov.br\/portal\/2022\/03\/16\/comandante-geral-discute-parcerias-estrategicas-na-area-de-tecnologia-com-empresa-de-singapura\/#article","isPartOf":{"@id":"https:\/\/www.pm.pb.gov.br\/portal\/2022\/03\/16\/comandante-geral-discute-parcerias-estrategicas-na-area-de-tecnologia-com-empresa-de-singapura\/"},"author":{"name":"Assessoria de Imprensa da PMPB","@id":"https:\/\/www.pm.pb.gov.br\/portal\/#\/schema\/person\/e8454f46651c3ecf0e1ba3c1666d9947"},"headline":"Comandante-geral discute parcerias estrat\u00e9gicas na \u00e1rea de tecnologia com empresa de Singapura","datePublished":"2022-03-16T23:15:25+00:00","dateModified":"2022-03-16T23:15:28+00:00","mainEntityOfPage":{"@id":"https:\/\/www.pm.pb.gov.br\/portal\/2022\/03\/16\/comandante-geral-discute-parcerias-estrategicas-na-area-de-tecnologia-com-empresa-de-singapura\/"},"wordCount":231,"publisher":{"@id":"https:\/\/www.pm.pb.gov.br\/portal\/#organization"},"articleSection":["A\u00e7\u00f5es Policiais"],"inLanguage":"pt-BR"},{"@type":"WebPage","@id":"https:\/\/www.pm.pb.gov.br\/portal\/2022\/03\/16\/comandante-geral-discute-parcerias-estrategicas-na-area-de-tecnologia-com-empresa-de-singapura\/","url":"https:\/\/www.pm.pb.gov.br\/portal\/2022\/03\/16\/comandante-geral-discute-parcerias-estrategicas-na-area-de-tecnologia-com-empresa-de-singapura\/","name":"Comandante-geral discute parcerias estrat\u00e9gicas na \u00e1rea de tecnologia com empresa de Singapura - Pol\u00edcia Militar da Para\u00edba","isPartOf":{"@id":"https:\/\/www.pm.pb.gov.br\/portal\/#website"},"datePublished":"2022-03-16T23:15:25+00:00","dateModified":"2022-03-16T23:15:28+00:00","breadcrumb":{"@id":"https:\/\/www.pm.pb.gov.br\/portal\/2022\/03\/16\/comandante-geral-discute-parcerias-estrategicas-na-area-de-tecnologia-com-empresa-de-singapura\/#breadcrumb"},"inLanguage":"pt-BR","potentialAction":[{"@type":"ReadAction","target":["https:\/\/www.pm.pb.gov.br\/portal\/2022\/03\/16\/comandante-geral-discute-parcerias-estrategicas-na-area-de-tecnologia-com-empresa-de-singapura\/"]}]},{"@type":"BreadcrumbList","@id":"https:\/\/www.pm.pb.gov.br\/portal\/2022\/03\/16\/comandante-geral-discute-parcerias-estrategicas-na-area-de-tecnologia-com-empresa-de-singapura\/#breadcrumb","itemListElement":[{"@type":"ListItem","position":1,"name":"In\u00edcio","item":"https:\/\/www.pm.pb.gov.br\/portal\/"},{"@type":"ListItem","position":2,"name":"Comandante-geral discute parcerias estrat\u00e9gicas na \u00e1rea de tecnologia com empresa de Singapura"}]},{"@type":"WebSite","@id":"https:\/\/www.pm.pb.gov.br\/portal\/#website","url":"https:\/\/www.pm.pb.gov.br\/portal\/","name":"Pol\u00edcia Militar da Para\u00edba","description":"","publisher":{"@id":"https:\/\/www.pm.pb.gov.br\/portal\/#organization"},"potentialAction":[{"@type":"SearchAction","target":{"@type":"EntryPoint","urlTemplate":"https:\/\/www.pm.pb.gov.br\/portal\/?s={search_term_string}"},"query-input":"required name=search_term_string"}],"inLanguage":"pt-BR"},{"@type":"Organization","@id":"https:\/\/www.pm.pb.gov.br\/portal\/#organization","name":"Pol\u00edcia Militar da Para\u00edba","url":"https:\/\/www.pm.pb.gov.br\/portal\/","logo":{"@type":"ImageObject","inLanguage":"pt-BR","@id":"https:\/\/www.pm.pb.gov.br\/portal\/#\/schema\/logo\/image\/","url":"https:\/\/www.pm.pb.gov.br\/portal\/wp-content\/uploads\/2025\/03\/cropped-logo-site-mag2-1.png","contentUrl":"https:\/\/www.pm.pb.gov.br\/portal\/wp-content\/uploads\/2025\/03\/cropped-logo-site-mag2-1.png","width":320,"height":90,"caption":"Pol\u00edcia Militar da Para\u00edba"},"image":{"@id":"https:\/\/www.pm.pb.gov.br\/portal\/#\/schema\/logo\/image\/"}},{"@type":"Person","@id":"https:\/\/www.pm.pb.gov.br\/portal\/#\/schema\/person\/e8454f46651c3ecf0e1ba3c1666d9947","name":"Assessoria de Imprensa da PMPB","image":{"@type":"ImageObject","inLanguage":"pt-BR","@id":"https:\/\/www.pm.pb.gov.br\/portal\/#\/schema\/person\/image\/","url":"https:\/\/secure.gravatar.com\/avatar\/2efe197438265d1e90bd98c4c8e1acf8?s=96&d=mm&r=g","contentUrl":"https:\/\/secure.gravatar.com\/avatar\/2efe197438265d1e90bd98c4c8e1acf8?s=96&d=mm&r=g","caption":"Assessoria de Imprensa da PMPB"},"url":"https:\/\/www.pm.pb.gov.br\/portal\/author\/assessoria\/"}]}},"_links":{"self":[{"href":"https:\/\/www.pm.pb.gov.br\/portal\/wp-json\/wp\/v2\/posts\/913675"}],"collection":[{"href":"https:\/\/www.pm.pb.gov.br\/portal\/wp-json\/wp\/v2\/posts"}],"about":[{"href":"https:\/\/www.pm.pb.gov.br\/portal\/wp-json\/wp\/v2\/types\/post"}],"author":[{"embeddable":true,"href":"https:\/\/www.pm.pb.gov.br\/portal\/wp-json\/wp\/v2\/users\/5"}],"replies":[{"embeddable":true,"href":"https:\/\/www.pm.pb.gov.br\/portal\/wp-json\/wp\/v2\/comments?post=913675"}],"version-history":[{"count":2,"href":"https:\/\/www.pm.pb.gov.br\/portal\/wp-json\/wp\/v2\/posts\/913675\/revisions"}],"predecessor-version":[{"id":913683,"href":"https:\/\/www.pm.pb.gov.br\/portal\/wp-json\/wp\/v2\/posts\/913675\/revisions\/913683"}],"wp:featuredmedia":[{"embeddable":true,"href":"https:\/\/www.pm.pb.gov.br\/portal\/wp-json\/wp\/v2\/media\/913680"}],"wp:attachment":[{"href":"https:\/\/www.pm.pb.gov.br\/portal\/wp-json\/wp\/v2\/media?parent=913675"}],"wp:term":[{"taxonomy":"category","embeddable":true,"href":"https:\/\/www.pm.pb.gov.br\/portal\/wp-json\/wp\/v2\/categories?post=913675"},{"taxonomy":"post_tag","embeddable":true,"href":"https:\/\/www.pm.pb.gov.br\/portal\/wp-json\/wp\/v2\/tags?post=913675"}],"curies":[{"name":"wp","href":"https:\/\/api.w.org\/{rel}","templated":true}]}}