{"id":913657,"date":"2022-03-14T10:15:57","date_gmt":"2022-03-14T13:15:57","guid":{"rendered":"https:\/\/www.pm.pb.gov.br\/portal\/?p=913657"},"modified":"2022-03-14T10:16:00","modified_gmt":"2022-03-14T13:16:00","slug":"pm-apreende-26-armas-de-fogo-e-prende-mais-de-100-suspeitos-nas-operacoes-do-fim-de-semana-na-pb","status":"publish","type":"post","link":"https:\/\/www.pm.pb.gov.br\/portal\/2022\/03\/14\/pm-apreende-26-armas-de-fogo-e-prende-mais-de-100-suspeitos-nas-operacoes-do-fim-de-semana-na-pb\/","title":{"rendered":"PM apreende 26 armas de fogo e prende mais de 100 suspeitos nas opera\u00e7\u00f5es do fim de semana na PB"},"content":{"rendered":"\n<p>A Pol\u00edcia Militar apreendeu 26 armas de fogo e conduziu 116 suspeitos at\u00e9 as delegacias, nesse fim de semana, nas opera\u00e7\u00f5es realizadas na Para\u00edba. No per\u00edodo, foram recuperados 26 ve\u00edculos com registros de roubos ou furtos e realizados 1.464 atendimentos \u00e0 popula\u00e7\u00e3o.<br><br>Entre as a\u00e7\u00f5es, uma delas, que acabou com uma festa clandestina numa granja, na Praia do Sol, na zona sul de Jo\u00e3o Pessoa, resultou na apreens\u00e3o de dois rev\u00f3lveres, um simulacro de pistola e drogas, na madrugada desse domingo (13). Dois suspeitos foram presos.<br><br>Ao todo, foram quatro opera\u00e7\u00f5es realizadas no fim de semana, que teve in\u00edcio com a opera\u00e7\u00e3o Alvorada, que come\u00e7ou na sexta com preven\u00e7\u00e3o aos roubos em pontos estrat\u00e9gicos do Estado. <br><br><\/p>\n","protected":false},"excerpt":{"rendered":"<p>A Pol\u00edcia Militar apreendeu 26 armas de fogo e conduziu 116 suspeitos at\u00e9 as delegacias, nesse fim de semana, nas<\/p>\n","protected":false},"author":5,"featured_media":913672,"comment_status":"closed","ping_status":"closed","sticky":false,"template":"","format":"standard","meta":{"_exactmetrics_skip_tracking":false,"_exactmetrics_sitenote_active":false,"_exactmetrics_sitenote_note":"","_exactmetrics_sitenote_category":0,"footnotes":""},"categories":[4],"tags":[],"yoast_head":"<!-- This site is optimized with the Yoast SEO plugin v22.0 - https:\/\/yoast.com\/wordpress\/plugins\/seo\/ -->\n<title>PM apreende 26 armas de fogo e prende mais de 100 suspeitos nas opera\u00e7\u00f5es do fim de semana na PB - Pol\u00edcia Militar da Para\u00edba<\/title>\n<meta name=\"robots\" content=\"index, follow, max-snippet:-1, max-image-preview:large, max-video-preview:-1\" \/>\n<link rel=\"canonical\" href=\"https:\/\/www.pm.pb.gov.br\/portal\/2022\/03\/14\/pm-apreende-26-armas-de-fogo-e-prende-mais-de-100-suspeitos-nas-operacoes-do-fim-de-semana-na-pb\/\" \/>\n<meta property=\"og:locale\" content=\"pt_BR\" \/>\n<meta property=\"og:type\" content=\"article\" \/>\n<meta property=\"og:title\" content=\"PM apreende 26 armas de fogo e prende mais de 100 suspeitos nas opera\u00e7\u00f5es do fim de semana na PB - Pol\u00edcia Militar da Para\u00edba\" \/>\n<meta property=\"og:description\" content=\"A Pol\u00edcia Militar apreendeu 26 armas de fogo e conduziu 116 suspeitos at\u00e9 as delegacias, nesse fim de semana, nas\" \/>\n<meta property=\"og:url\" content=\"https:\/\/www.pm.pb.gov.br\/portal\/2022\/03\/14\/pm-apreende-26-armas-de-fogo-e-prende-mais-de-100-suspeitos-nas-operacoes-do-fim-de-semana-na-pb\/\" \/>\n<meta property=\"og:site_name\" content=\"Pol\u00edcia Militar da Para\u00edba\" \/>\n<meta property=\"article:published_time\" content=\"2022-03-14T13:15:57+00:00\" \/>\n<meta property=\"article:modified_time\" content=\"2022-03-14T13:16:00+00:00\" \/>\n<meta property=\"og:image\" content=\"http:\/\/www.pm.pb.gov.br\/portal\/wp-content\/uploads\/2022\/03\/FDS.jpg\" \/>\n\t<meta property=\"og:image:width\" content=\"1600\" \/>\n\t<meta property=\"og:image:height\" content=\"739\" \/>\n\t<meta property=\"og:image:type\" content=\"image\/jpeg\" \/>\n<meta name=\"author\" content=\"Assessoria de Imprensa da PMPB\" \/>\n<meta name=\"twitter:card\" content=\"summary_large_image\" \/>\n<meta name=\"twitter:label1\" content=\"Escrito por\" \/>\n\t<meta name=\"twitter:data1\" content=\"Assessoria de Imprensa da PMPB\" \/>\n\t<meta name=\"twitter:label2\" content=\"Est. tempo de leitura\" \/>\n\t<meta name=\"twitter:data2\" content=\"1 minuto\" \/>\n<script type=\"application\/ld+json\" class=\"yoast-schema-graph\">{\"@context\":\"https:\/\/schema.org\",\"@graph\":[{\"@type\":\"Article\",\"@id\":\"https:\/\/www.pm.pb.gov.br\/portal\/2022\/03\/14\/pm-apreende-26-armas-de-fogo-e-prende-mais-de-100-suspeitos-nas-operacoes-do-fim-de-semana-na-pb\/#article\",\"isPartOf\":{\"@id\":\"https:\/\/www.pm.pb.gov.br\/portal\/2022\/03\/14\/pm-apreende-26-armas-de-fogo-e-prende-mais-de-100-suspeitos-nas-operacoes-do-fim-de-semana-na-pb\/\"},\"author\":{\"name\":\"Assessoria de Imprensa da PMPB\",\"@id\":\"https:\/\/www.pm.pb.gov.br\/portal\/#\/schema\/person\/e8454f46651c3ecf0e1ba3c1666d9947\"},\"headline\":\"PM apreende 26 armas de fogo e prende mais de 100 suspeitos nas opera\u00e7\u00f5es do fim de semana na PB\",\"datePublished\":\"2022-03-14T13:15:57+00:00\",\"dateModified\":\"2022-03-14T13:16:00+00:00\",\"mainEntityOfPage\":{\"@id\":\"https:\/\/www.pm.pb.gov.br\/portal\/2022\/03\/14\/pm-apreende-26-armas-de-fogo-e-prende-mais-de-100-suspeitos-nas-operacoes-do-fim-de-semana-na-pb\/\"},\"wordCount\":145,\"publisher\":{\"@id\":\"https:\/\/www.pm.pb.gov.br\/portal\/#organization\"},\"articleSection\":[\"A\u00e7\u00f5es Policiais\"],\"inLanguage\":\"pt-BR\"},{\"@type\":\"WebPage\",\"@id\":\"https:\/\/www.pm.pb.gov.br\/portal\/2022\/03\/14\/pm-apreende-26-armas-de-fogo-e-prende-mais-de-100-suspeitos-nas-operacoes-do-fim-de-semana-na-pb\/\",\"url\":\"https:\/\/www.pm.pb.gov.br\/portal\/2022\/03\/14\/pm-apreende-26-armas-de-fogo-e-prende-mais-de-100-suspeitos-nas-operacoes-do-fim-de-semana-na-pb\/\",\"name\":\"PM apreende 26 armas de fogo e prende mais de 100 suspeitos nas opera\u00e7\u00f5es do fim de semana na PB - Pol\u00edcia Militar da Para\u00edba\",\"isPartOf\":{\"@id\":\"https:\/\/www.pm.pb.gov.br\/portal\/#website\"},\"datePublished\":\"2022-03-14T13:15:57+00:00\",\"dateModified\":\"2022-03-14T13:16:00+00:00\",\"breadcrumb\":{\"@id\":\"https:\/\/www.pm.pb.gov.br\/portal\/2022\/03\/14\/pm-apreende-26-armas-de-fogo-e-prende-mais-de-100-suspeitos-nas-operacoes-do-fim-de-semana-na-pb\/#breadcrumb\"},\"inLanguage\":\"pt-BR\",\"potentialAction\":[{\"@type\":\"ReadAction\",\"target\":[\"https:\/\/www.pm.pb.gov.br\/portal\/2022\/03\/14\/pm-apreende-26-armas-de-fogo-e-prende-mais-de-100-suspeitos-nas-operacoes-do-fim-de-semana-na-pb\/\"]}]},{\"@type\":\"BreadcrumbList\",\"@id\":\"https:\/\/www.pm.pb.gov.br\/portal\/2022\/03\/14\/pm-apreende-26-armas-de-fogo-e-prende-mais-de-100-suspeitos-nas-operacoes-do-fim-de-semana-na-pb\/#breadcrumb\",\"itemListElement\":[{\"@type\":\"ListItem\",\"position\":1,\"name\":\"In\u00edcio\",\"item\":\"https:\/\/www.pm.pb.gov.br\/portal\/\"},{\"@type\":\"ListItem\",\"position\":2,\"name\":\"PM apreende 26 armas de fogo e prende mais de 100 suspeitos nas opera\u00e7\u00f5es do fim de semana na PB\"}]},{\"@type\":\"WebSite\",\"@id\":\"https:\/\/www.pm.pb.gov.br\/portal\/#website\",\"url\":\"https:\/\/www.pm.pb.gov.br\/portal\/\",\"name\":\"Pol\u00edcia Militar da Para\u00edba\",\"description\":\"\",\"publisher\":{\"@id\":\"https:\/\/www.pm.pb.gov.br\/portal\/#organization\"},\"potentialAction\":[{\"@type\":\"SearchAction\",\"target\":{\"@type\":\"EntryPoint\",\"urlTemplate\":\"https:\/\/www.pm.pb.gov.br\/portal\/?s={search_term_string}\"},\"query-input\":\"required name=search_term_string\"}],\"inLanguage\":\"pt-BR\"},{\"@type\":\"Organization\",\"@id\":\"https:\/\/www.pm.pb.gov.br\/portal\/#organization\",\"name\":\"Pol\u00edcia Militar da Para\u00edba\",\"url\":\"https:\/\/www.pm.pb.gov.br\/portal\/\",\"logo\":{\"@type\":\"ImageObject\",\"inLanguage\":\"pt-BR\",\"@id\":\"https:\/\/www.pm.pb.gov.br\/portal\/#\/schema\/logo\/image\/\",\"url\":\"https:\/\/www.pm.pb.gov.br\/portal\/wp-content\/uploads\/2025\/03\/cropped-logo-site-mag2-1.png\",\"contentUrl\":\"https:\/\/www.pm.pb.gov.br\/portal\/wp-content\/uploads\/2025\/03\/cropped-logo-site-mag2-1.png\",\"width\":320,\"height\":90,\"caption\":\"Pol\u00edcia Militar da Para\u00edba\"},\"image\":{\"@id\":\"https:\/\/www.pm.pb.gov.br\/portal\/#\/schema\/logo\/image\/\"}},{\"@type\":\"Person\",\"@id\":\"https:\/\/www.pm.pb.gov.br\/portal\/#\/schema\/person\/e8454f46651c3ecf0e1ba3c1666d9947\",\"name\":\"Assessoria de Imprensa da PMPB\",\"image\":{\"@type\":\"ImageObject\",\"inLanguage\":\"pt-BR\",\"@id\":\"https:\/\/www.pm.pb.gov.br\/portal\/#\/schema\/person\/image\/\",\"url\":\"https:\/\/secure.gravatar.com\/avatar\/2efe197438265d1e90bd98c4c8e1acf8?s=96&d=mm&r=g\",\"contentUrl\":\"https:\/\/secure.gravatar.com\/avatar\/2efe197438265d1e90bd98c4c8e1acf8?s=96&d=mm&r=g\",\"caption\":\"Assessoria de Imprensa da PMPB\"},\"url\":\"https:\/\/www.pm.pb.gov.br\/portal\/author\/assessoria\/\"}]}<\/script>\n<!-- \/ Yoast SEO plugin. -->","yoast_head_json":{"title":"PM apreende 26 armas de fogo e prende mais de 100 suspeitos nas opera\u00e7\u00f5es do fim de semana na PB - Pol\u00edcia Militar da Para\u00edba","robots":{"index":"index","follow":"follow","max-snippet":"max-snippet:-1","max-image-preview":"max-image-preview:large","max-video-preview":"max-video-preview:-1"},"canonical":"https:\/\/www.pm.pb.gov.br\/portal\/2022\/03\/14\/pm-apreende-26-armas-de-fogo-e-prende-mais-de-100-suspeitos-nas-operacoes-do-fim-de-semana-na-pb\/","og_locale":"pt_BR","og_type":"article","og_title":"PM apreende 26 armas de fogo e prende mais de 100 suspeitos nas opera\u00e7\u00f5es do fim de semana na PB - Pol\u00edcia Militar da Para\u00edba","og_description":"A Pol\u00edcia Militar apreendeu 26 armas de fogo e conduziu 116 suspeitos at\u00e9 as delegacias, nesse fim de semana, nas","og_url":"https:\/\/www.pm.pb.gov.br\/portal\/2022\/03\/14\/pm-apreende-26-armas-de-fogo-e-prende-mais-de-100-suspeitos-nas-operacoes-do-fim-de-semana-na-pb\/","og_site_name":"Pol\u00edcia Militar da Para\u00edba","article_published_time":"2022-03-14T13:15:57+00:00","article_modified_time":"2022-03-14T13:16:00+00:00","og_image":[{"width":1600,"height":739,"url":"http:\/\/www.pm.pb.gov.br\/portal\/wp-content\/uploads\/2022\/03\/FDS.jpg","type":"image\/jpeg"}],"author":"Assessoria de Imprensa da PMPB","twitter_card":"summary_large_image","twitter_misc":{"Escrito por":"Assessoria de Imprensa da PMPB","Est. tempo de leitura":"1 minuto"},"schema":{"@context":"https:\/\/schema.org","@graph":[{"@type":"Article","@id":"https:\/\/www.pm.pb.gov.br\/portal\/2022\/03\/14\/pm-apreende-26-armas-de-fogo-e-prende-mais-de-100-suspeitos-nas-operacoes-do-fim-de-semana-na-pb\/#article","isPartOf":{"@id":"https:\/\/www.pm.pb.gov.br\/portal\/2022\/03\/14\/pm-apreende-26-armas-de-fogo-e-prende-mais-de-100-suspeitos-nas-operacoes-do-fim-de-semana-na-pb\/"},"author":{"name":"Assessoria de Imprensa da PMPB","@id":"https:\/\/www.pm.pb.gov.br\/portal\/#\/schema\/person\/e8454f46651c3ecf0e1ba3c1666d9947"},"headline":"PM apreende 26 armas de fogo e prende mais de 100 suspeitos nas opera\u00e7\u00f5es do fim de semana na PB","datePublished":"2022-03-14T13:15:57+00:00","dateModified":"2022-03-14T13:16:00+00:00","mainEntityOfPage":{"@id":"https:\/\/www.pm.pb.gov.br\/portal\/2022\/03\/14\/pm-apreende-26-armas-de-fogo-e-prende-mais-de-100-suspeitos-nas-operacoes-do-fim-de-semana-na-pb\/"},"wordCount":145,"publisher":{"@id":"https:\/\/www.pm.pb.gov.br\/portal\/#organization"},"articleSection":["A\u00e7\u00f5es Policiais"],"inLanguage":"pt-BR"},{"@type":"WebPage","@id":"https:\/\/www.pm.pb.gov.br\/portal\/2022\/03\/14\/pm-apreende-26-armas-de-fogo-e-prende-mais-de-100-suspeitos-nas-operacoes-do-fim-de-semana-na-pb\/","url":"https:\/\/www.pm.pb.gov.br\/portal\/2022\/03\/14\/pm-apreende-26-armas-de-fogo-e-prende-mais-de-100-suspeitos-nas-operacoes-do-fim-de-semana-na-pb\/","name":"PM apreende 26 armas de fogo e prende mais de 100 suspeitos nas opera\u00e7\u00f5es do fim de semana na PB - Pol\u00edcia Militar da Para\u00edba","isPartOf":{"@id":"https:\/\/www.pm.pb.gov.br\/portal\/#website"},"datePublished":"2022-03-14T13:15:57+00:00","dateModified":"2022-03-14T13:16:00+00:00","breadcrumb":{"@id":"https:\/\/www.pm.pb.gov.br\/portal\/2022\/03\/14\/pm-apreende-26-armas-de-fogo-e-prende-mais-de-100-suspeitos-nas-operacoes-do-fim-de-semana-na-pb\/#breadcrumb"},"inLanguage":"pt-BR","potentialAction":[{"@type":"ReadAction","target":["https:\/\/www.pm.pb.gov.br\/portal\/2022\/03\/14\/pm-apreende-26-armas-de-fogo-e-prende-mais-de-100-suspeitos-nas-operacoes-do-fim-de-semana-na-pb\/"]}]},{"@type":"BreadcrumbList","@id":"https:\/\/www.pm.pb.gov.br\/portal\/2022\/03\/14\/pm-apreende-26-armas-de-fogo-e-prende-mais-de-100-suspeitos-nas-operacoes-do-fim-de-semana-na-pb\/#breadcrumb","itemListElement":[{"@type":"ListItem","position":1,"name":"In\u00edcio","item":"https:\/\/www.pm.pb.gov.br\/portal\/"},{"@type":"ListItem","position":2,"name":"PM apreende 26 armas de fogo e prende mais de 100 suspeitos nas opera\u00e7\u00f5es do fim de semana na PB"}]},{"@type":"WebSite","@id":"https:\/\/www.pm.pb.gov.br\/portal\/#website","url":"https:\/\/www.pm.pb.gov.br\/portal\/","name":"Pol\u00edcia Militar da Para\u00edba","description":"","publisher":{"@id":"https:\/\/www.pm.pb.gov.br\/portal\/#organization"},"potentialAction":[{"@type":"SearchAction","target":{"@type":"EntryPoint","urlTemplate":"https:\/\/www.pm.pb.gov.br\/portal\/?s={search_term_string}"},"query-input":"required name=search_term_string"}],"inLanguage":"pt-BR"},{"@type":"Organization","@id":"https:\/\/www.pm.pb.gov.br\/portal\/#organization","name":"Pol\u00edcia Militar da Para\u00edba","url":"https:\/\/www.pm.pb.gov.br\/portal\/","logo":{"@type":"ImageObject","inLanguage":"pt-BR","@id":"https:\/\/www.pm.pb.gov.br\/portal\/#\/schema\/logo\/image\/","url":"https:\/\/www.pm.pb.gov.br\/portal\/wp-content\/uploads\/2025\/03\/cropped-logo-site-mag2-1.png","contentUrl":"https:\/\/www.pm.pb.gov.br\/portal\/wp-content\/uploads\/2025\/03\/cropped-logo-site-mag2-1.png","width":320,"height":90,"caption":"Pol\u00edcia Militar da Para\u00edba"},"image":{"@id":"https:\/\/www.pm.pb.gov.br\/portal\/#\/schema\/logo\/image\/"}},{"@type":"Person","@id":"https:\/\/www.pm.pb.gov.br\/portal\/#\/schema\/person\/e8454f46651c3ecf0e1ba3c1666d9947","name":"Assessoria de Imprensa da PMPB","image":{"@type":"ImageObject","inLanguage":"pt-BR","@id":"https:\/\/www.pm.pb.gov.br\/portal\/#\/schema\/person\/image\/","url":"https:\/\/secure.gravatar.com\/avatar\/2efe197438265d1e90bd98c4c8e1acf8?s=96&d=mm&r=g","contentUrl":"https:\/\/secure.gravatar.com\/avatar\/2efe197438265d1e90bd98c4c8e1acf8?s=96&d=mm&r=g","caption":"Assessoria de Imprensa da PMPB"},"url":"https:\/\/www.pm.pb.gov.br\/portal\/author\/assessoria\/"}]}},"_links":{"self":[{"href":"https:\/\/www.pm.pb.gov.br\/portal\/wp-json\/wp\/v2\/posts\/913657"}],"collection":[{"href":"https:\/\/www.pm.pb.gov.br\/portal\/wp-json\/wp\/v2\/posts"}],"about":[{"href":"https:\/\/www.pm.pb.gov.br\/portal\/wp-json\/wp\/v2\/types\/post"}],"author":[{"embeddable":true,"href":"https:\/\/www.pm.pb.gov.br\/portal\/wp-json\/wp\/v2\/users\/5"}],"replies":[{"embeddable":true,"href":"https:\/\/www.pm.pb.gov.br\/portal\/wp-json\/wp\/v2\/comments?post=913657"}],"version-history":[{"count":2,"href":"https:\/\/www.pm.pb.gov.br\/portal\/wp-json\/wp\/v2\/posts\/913657\/revisions"}],"predecessor-version":[{"id":913673,"href":"https:\/\/www.pm.pb.gov.br\/portal\/wp-json\/wp\/v2\/posts\/913657\/revisions\/913673"}],"wp:featuredmedia":[{"embeddable":true,"href":"https:\/\/www.pm.pb.gov.br\/portal\/wp-json\/wp\/v2\/media\/913672"}],"wp:attachment":[{"href":"https:\/\/www.pm.pb.gov.br\/portal\/wp-json\/wp\/v2\/media?parent=913657"}],"wp:term":[{"taxonomy":"category","embeddable":true,"href":"https:\/\/www.pm.pb.gov.br\/portal\/wp-json\/wp\/v2\/categories?post=913657"},{"taxonomy":"post_tag","embeddable":true,"href":"https:\/\/www.pm.pb.gov.br\/portal\/wp-json\/wp\/v2\/tags?post=913657"}],"curies":[{"name":"wp","href":"https:\/\/api.w.org\/{rel}","templated":true}]}}