{"id":913454,"date":"2022-02-10T17:51:52","date_gmt":"2022-02-10T20:51:52","guid":{"rendered":"https:\/\/www.pm.pb.gov.br\/portal\/?p=913454"},"modified":"2022-02-10T18:01:06","modified_gmt":"2022-02-10T21:01:06","slug":"policia-militar-localiza-carro-roubado-com-malotes-de-dinheiro-dentro-do-veiculo-na-capital","status":"publish","type":"post","link":"https:\/\/www.pm.pb.gov.br\/portal\/2022\/02\/10\/policia-militar-localiza-carro-roubado-com-malotes-de-dinheiro-dentro-do-veiculo-na-capital\/","title":{"rendered":"Pol\u00edcia Militar localiza carro roubado com malotes de dinheiro dentro do ve\u00edculo na Capital"},"content":{"rendered":"\n<p>A Pol\u00edcia Militar localizou, na tarde desta quinta-feira (10), no bairro do Cristo Redentor, na Capital, um carro que tinha sido roubado minutos antes, no bairro do Jos\u00e9 Am\u00e9rico. Dentro do ve\u00edculo, os policiais encontraram malotes de dinheiro em esp\u00e9cie e cheques, que totalizavam mais de 55 mil reais.<\/p>\n<p>O carro foi recuperado quando uma das equipes do Batalh\u00e3o Especializado em Policiamento com Motocicletas (BEPMotos) passava em rondas pela rua Engenheiro Agr\u00f4nomo \u00c1lvaro Ferreira. Os policiais perceberam que o ve\u00edculo estava abandonado e ao fazer a averigua\u00e7\u00e3o, descobriram que era um carro roubado e que dentro tinha os malotes com os valores e uma pistola que pertence a um policial do Estado de Pernambuco.<\/p>\n<p>Todo o material foi levado para a Delegacia de Roubos e Furtos, que est\u00e1 investigando o caso.<\/p>\n","protected":false},"excerpt":{"rendered":"<p>A Pol\u00edcia Militar localizou, na tarde desta quinta-feira (10), no bairro do Cristo Redentor, na Capital, um carro que tinha<\/p>\n","protected":false},"author":5,"featured_media":913455,"comment_status":"closed","ping_status":"closed","sticky":false,"template":"","format":"standard","meta":{"_exactmetrics_skip_tracking":false,"_exactmetrics_sitenote_active":false,"_exactmetrics_sitenote_note":"","_exactmetrics_sitenote_category":0,"footnotes":""},"categories":[4],"tags":[],"yoast_head":"<!-- This site is optimized with the Yoast SEO plugin v22.0 - https:\/\/yoast.com\/wordpress\/plugins\/seo\/ -->\n<title>Pol\u00edcia Militar localiza carro roubado com malotes de dinheiro dentro do ve\u00edculo na Capital - Pol\u00edcia Militar da Para\u00edba<\/title>\n<meta name=\"robots\" content=\"index, follow, max-snippet:-1, max-image-preview:large, max-video-preview:-1\" \/>\n<link rel=\"canonical\" href=\"https:\/\/www.pm.pb.gov.br\/portal\/2022\/02\/10\/policia-militar-localiza-carro-roubado-com-malotes-de-dinheiro-dentro-do-veiculo-na-capital\/\" \/>\n<meta property=\"og:locale\" content=\"pt_BR\" \/>\n<meta property=\"og:type\" content=\"article\" \/>\n<meta property=\"og:title\" content=\"Pol\u00edcia Militar localiza carro roubado com malotes de dinheiro dentro do ve\u00edculo na Capital - Pol\u00edcia Militar da Para\u00edba\" \/>\n<meta property=\"og:description\" content=\"A Pol\u00edcia Militar localizou, na tarde desta quinta-feira (10), no bairro do Cristo Redentor, na Capital, um carro que tinha\" \/>\n<meta property=\"og:url\" content=\"https:\/\/www.pm.pb.gov.br\/portal\/2022\/02\/10\/policia-militar-localiza-carro-roubado-com-malotes-de-dinheiro-dentro-do-veiculo-na-capital\/\" \/>\n<meta property=\"og:site_name\" content=\"Pol\u00edcia Militar da Para\u00edba\" \/>\n<meta property=\"article:published_time\" content=\"2022-02-10T20:51:52+00:00\" \/>\n<meta property=\"article:modified_time\" content=\"2022-02-10T21:01:06+00:00\" \/>\n<meta property=\"og:image\" content=\"https:\/\/www.pm.pb.gov.br\/portal\/wp-content\/uploads\/2022\/02\/WhatsApp-Image-2022-02-10-at-17.59.35.jpeg\" \/>\n\t<meta property=\"og:image:width\" content=\"1600\" \/>\n\t<meta property=\"og:image:height\" content=\"1200\" \/>\n\t<meta property=\"og:image:type\" content=\"image\/jpeg\" \/>\n<meta name=\"author\" content=\"Assessoria de Imprensa da PMPB\" \/>\n<meta name=\"twitter:card\" content=\"summary_large_image\" \/>\n<meta name=\"twitter:label1\" content=\"Escrito por\" \/>\n\t<meta name=\"twitter:data1\" content=\"Assessoria de Imprensa da PMPB\" \/>\n\t<meta name=\"twitter:label2\" content=\"Est. tempo de leitura\" \/>\n\t<meta name=\"twitter:data2\" content=\"1 minuto\" \/>\n<script type=\"application\/ld+json\" class=\"yoast-schema-graph\">{\"@context\":\"https:\/\/schema.org\",\"@graph\":[{\"@type\":\"Article\",\"@id\":\"https:\/\/www.pm.pb.gov.br\/portal\/2022\/02\/10\/policia-militar-localiza-carro-roubado-com-malotes-de-dinheiro-dentro-do-veiculo-na-capital\/#article\",\"isPartOf\":{\"@id\":\"https:\/\/www.pm.pb.gov.br\/portal\/2022\/02\/10\/policia-militar-localiza-carro-roubado-com-malotes-de-dinheiro-dentro-do-veiculo-na-capital\/\"},\"author\":{\"name\":\"Assessoria de Imprensa da PMPB\",\"@id\":\"https:\/\/www.pm.pb.gov.br\/portal\/#\/schema\/person\/e8454f46651c3ecf0e1ba3c1666d9947\"},\"headline\":\"Pol\u00edcia Militar localiza carro roubado com malotes de dinheiro dentro do ve\u00edculo na Capital\",\"datePublished\":\"2022-02-10T20:51:52+00:00\",\"dateModified\":\"2022-02-10T21:01:06+00:00\",\"mainEntityOfPage\":{\"@id\":\"https:\/\/www.pm.pb.gov.br\/portal\/2022\/02\/10\/policia-militar-localiza-carro-roubado-com-malotes-de-dinheiro-dentro-do-veiculo-na-capital\/\"},\"wordCount\":153,\"publisher\":{\"@id\":\"https:\/\/www.pm.pb.gov.br\/portal\/#organization\"},\"articleSection\":[\"A\u00e7\u00f5es Policiais\"],\"inLanguage\":\"pt-BR\"},{\"@type\":\"WebPage\",\"@id\":\"https:\/\/www.pm.pb.gov.br\/portal\/2022\/02\/10\/policia-militar-localiza-carro-roubado-com-malotes-de-dinheiro-dentro-do-veiculo-na-capital\/\",\"url\":\"https:\/\/www.pm.pb.gov.br\/portal\/2022\/02\/10\/policia-militar-localiza-carro-roubado-com-malotes-de-dinheiro-dentro-do-veiculo-na-capital\/\",\"name\":\"Pol\u00edcia Militar localiza carro roubado com malotes de dinheiro dentro do ve\u00edculo na Capital - Pol\u00edcia Militar da Para\u00edba\",\"isPartOf\":{\"@id\":\"https:\/\/www.pm.pb.gov.br\/portal\/#website\"},\"datePublished\":\"2022-02-10T20:51:52+00:00\",\"dateModified\":\"2022-02-10T21:01:06+00:00\",\"breadcrumb\":{\"@id\":\"https:\/\/www.pm.pb.gov.br\/portal\/2022\/02\/10\/policia-militar-localiza-carro-roubado-com-malotes-de-dinheiro-dentro-do-veiculo-na-capital\/#breadcrumb\"},\"inLanguage\":\"pt-BR\",\"potentialAction\":[{\"@type\":\"ReadAction\",\"target\":[\"https:\/\/www.pm.pb.gov.br\/portal\/2022\/02\/10\/policia-militar-localiza-carro-roubado-com-malotes-de-dinheiro-dentro-do-veiculo-na-capital\/\"]}]},{\"@type\":\"BreadcrumbList\",\"@id\":\"https:\/\/www.pm.pb.gov.br\/portal\/2022\/02\/10\/policia-militar-localiza-carro-roubado-com-malotes-de-dinheiro-dentro-do-veiculo-na-capital\/#breadcrumb\",\"itemListElement\":[{\"@type\":\"ListItem\",\"position\":1,\"name\":\"In\u00edcio\",\"item\":\"https:\/\/www.pm.pb.gov.br\/portal\/\"},{\"@type\":\"ListItem\",\"position\":2,\"name\":\"Pol\u00edcia Militar localiza carro roubado com malotes de dinheiro dentro do ve\u00edculo na Capital\"}]},{\"@type\":\"WebSite\",\"@id\":\"https:\/\/www.pm.pb.gov.br\/portal\/#website\",\"url\":\"https:\/\/www.pm.pb.gov.br\/portal\/\",\"name\":\"Pol\u00edcia Militar da Para\u00edba\",\"description\":\"\",\"publisher\":{\"@id\":\"https:\/\/www.pm.pb.gov.br\/portal\/#organization\"},\"potentialAction\":[{\"@type\":\"SearchAction\",\"target\":{\"@type\":\"EntryPoint\",\"urlTemplate\":\"https:\/\/www.pm.pb.gov.br\/portal\/?s={search_term_string}\"},\"query-input\":\"required name=search_term_string\"}],\"inLanguage\":\"pt-BR\"},{\"@type\":\"Organization\",\"@id\":\"https:\/\/www.pm.pb.gov.br\/portal\/#organization\",\"name\":\"Pol\u00edcia Militar da Para\u00edba\",\"url\":\"https:\/\/www.pm.pb.gov.br\/portal\/\",\"logo\":{\"@type\":\"ImageObject\",\"inLanguage\":\"pt-BR\",\"@id\":\"https:\/\/www.pm.pb.gov.br\/portal\/#\/schema\/logo\/image\/\",\"url\":\"https:\/\/www.pm.pb.gov.br\/portal\/wp-content\/uploads\/2025\/03\/cropped-logo-site-mag2-1.png\",\"contentUrl\":\"https:\/\/www.pm.pb.gov.br\/portal\/wp-content\/uploads\/2025\/03\/cropped-logo-site-mag2-1.png\",\"width\":320,\"height\":90,\"caption\":\"Pol\u00edcia Militar da Para\u00edba\"},\"image\":{\"@id\":\"https:\/\/www.pm.pb.gov.br\/portal\/#\/schema\/logo\/image\/\"}},{\"@type\":\"Person\",\"@id\":\"https:\/\/www.pm.pb.gov.br\/portal\/#\/schema\/person\/e8454f46651c3ecf0e1ba3c1666d9947\",\"name\":\"Assessoria de Imprensa da PMPB\",\"image\":{\"@type\":\"ImageObject\",\"inLanguage\":\"pt-BR\",\"@id\":\"https:\/\/www.pm.pb.gov.br\/portal\/#\/schema\/person\/image\/\",\"url\":\"https:\/\/secure.gravatar.com\/avatar\/2efe197438265d1e90bd98c4c8e1acf8?s=96&d=mm&r=g\",\"contentUrl\":\"https:\/\/secure.gravatar.com\/avatar\/2efe197438265d1e90bd98c4c8e1acf8?s=96&d=mm&r=g\",\"caption\":\"Assessoria de Imprensa da PMPB\"},\"url\":\"https:\/\/www.pm.pb.gov.br\/portal\/author\/assessoria\/\"}]}<\/script>\n<!-- \/ Yoast SEO plugin. -->","yoast_head_json":{"title":"Pol\u00edcia Militar localiza carro roubado com malotes de dinheiro dentro do ve\u00edculo na Capital - Pol\u00edcia Militar da Para\u00edba","robots":{"index":"index","follow":"follow","max-snippet":"max-snippet:-1","max-image-preview":"max-image-preview:large","max-video-preview":"max-video-preview:-1"},"canonical":"https:\/\/www.pm.pb.gov.br\/portal\/2022\/02\/10\/policia-militar-localiza-carro-roubado-com-malotes-de-dinheiro-dentro-do-veiculo-na-capital\/","og_locale":"pt_BR","og_type":"article","og_title":"Pol\u00edcia Militar localiza carro roubado com malotes de dinheiro dentro do ve\u00edculo na Capital - Pol\u00edcia Militar da Para\u00edba","og_description":"A Pol\u00edcia Militar localizou, na tarde desta quinta-feira (10), no bairro do Cristo Redentor, na Capital, um carro que tinha","og_url":"https:\/\/www.pm.pb.gov.br\/portal\/2022\/02\/10\/policia-militar-localiza-carro-roubado-com-malotes-de-dinheiro-dentro-do-veiculo-na-capital\/","og_site_name":"Pol\u00edcia Militar da Para\u00edba","article_published_time":"2022-02-10T20:51:52+00:00","article_modified_time":"2022-02-10T21:01:06+00:00","og_image":[{"width":1600,"height":1200,"url":"https:\/\/www.pm.pb.gov.br\/portal\/wp-content\/uploads\/2022\/02\/WhatsApp-Image-2022-02-10-at-17.59.35.jpeg","type":"image\/jpeg"}],"author":"Assessoria de Imprensa da PMPB","twitter_card":"summary_large_image","twitter_misc":{"Escrito por":"Assessoria de Imprensa da PMPB","Est. tempo de leitura":"1 minuto"},"schema":{"@context":"https:\/\/schema.org","@graph":[{"@type":"Article","@id":"https:\/\/www.pm.pb.gov.br\/portal\/2022\/02\/10\/policia-militar-localiza-carro-roubado-com-malotes-de-dinheiro-dentro-do-veiculo-na-capital\/#article","isPartOf":{"@id":"https:\/\/www.pm.pb.gov.br\/portal\/2022\/02\/10\/policia-militar-localiza-carro-roubado-com-malotes-de-dinheiro-dentro-do-veiculo-na-capital\/"},"author":{"name":"Assessoria de Imprensa da PMPB","@id":"https:\/\/www.pm.pb.gov.br\/portal\/#\/schema\/person\/e8454f46651c3ecf0e1ba3c1666d9947"},"headline":"Pol\u00edcia Militar localiza carro roubado com malotes de dinheiro dentro do ve\u00edculo na Capital","datePublished":"2022-02-10T20:51:52+00:00","dateModified":"2022-02-10T21:01:06+00:00","mainEntityOfPage":{"@id":"https:\/\/www.pm.pb.gov.br\/portal\/2022\/02\/10\/policia-militar-localiza-carro-roubado-com-malotes-de-dinheiro-dentro-do-veiculo-na-capital\/"},"wordCount":153,"publisher":{"@id":"https:\/\/www.pm.pb.gov.br\/portal\/#organization"},"articleSection":["A\u00e7\u00f5es Policiais"],"inLanguage":"pt-BR"},{"@type":"WebPage","@id":"https:\/\/www.pm.pb.gov.br\/portal\/2022\/02\/10\/policia-militar-localiza-carro-roubado-com-malotes-de-dinheiro-dentro-do-veiculo-na-capital\/","url":"https:\/\/www.pm.pb.gov.br\/portal\/2022\/02\/10\/policia-militar-localiza-carro-roubado-com-malotes-de-dinheiro-dentro-do-veiculo-na-capital\/","name":"Pol\u00edcia Militar localiza carro roubado com malotes de dinheiro dentro do ve\u00edculo na Capital - Pol\u00edcia Militar da Para\u00edba","isPartOf":{"@id":"https:\/\/www.pm.pb.gov.br\/portal\/#website"},"datePublished":"2022-02-10T20:51:52+00:00","dateModified":"2022-02-10T21:01:06+00:00","breadcrumb":{"@id":"https:\/\/www.pm.pb.gov.br\/portal\/2022\/02\/10\/policia-militar-localiza-carro-roubado-com-malotes-de-dinheiro-dentro-do-veiculo-na-capital\/#breadcrumb"},"inLanguage":"pt-BR","potentialAction":[{"@type":"ReadAction","target":["https:\/\/www.pm.pb.gov.br\/portal\/2022\/02\/10\/policia-militar-localiza-carro-roubado-com-malotes-de-dinheiro-dentro-do-veiculo-na-capital\/"]}]},{"@type":"BreadcrumbList","@id":"https:\/\/www.pm.pb.gov.br\/portal\/2022\/02\/10\/policia-militar-localiza-carro-roubado-com-malotes-de-dinheiro-dentro-do-veiculo-na-capital\/#breadcrumb","itemListElement":[{"@type":"ListItem","position":1,"name":"In\u00edcio","item":"https:\/\/www.pm.pb.gov.br\/portal\/"},{"@type":"ListItem","position":2,"name":"Pol\u00edcia Militar localiza carro roubado com malotes de dinheiro dentro do ve\u00edculo na Capital"}]},{"@type":"WebSite","@id":"https:\/\/www.pm.pb.gov.br\/portal\/#website","url":"https:\/\/www.pm.pb.gov.br\/portal\/","name":"Pol\u00edcia Militar da Para\u00edba","description":"","publisher":{"@id":"https:\/\/www.pm.pb.gov.br\/portal\/#organization"},"potentialAction":[{"@type":"SearchAction","target":{"@type":"EntryPoint","urlTemplate":"https:\/\/www.pm.pb.gov.br\/portal\/?s={search_term_string}"},"query-input":"required name=search_term_string"}],"inLanguage":"pt-BR"},{"@type":"Organization","@id":"https:\/\/www.pm.pb.gov.br\/portal\/#organization","name":"Pol\u00edcia Militar da Para\u00edba","url":"https:\/\/www.pm.pb.gov.br\/portal\/","logo":{"@type":"ImageObject","inLanguage":"pt-BR","@id":"https:\/\/www.pm.pb.gov.br\/portal\/#\/schema\/logo\/image\/","url":"https:\/\/www.pm.pb.gov.br\/portal\/wp-content\/uploads\/2025\/03\/cropped-logo-site-mag2-1.png","contentUrl":"https:\/\/www.pm.pb.gov.br\/portal\/wp-content\/uploads\/2025\/03\/cropped-logo-site-mag2-1.png","width":320,"height":90,"caption":"Pol\u00edcia Militar da Para\u00edba"},"image":{"@id":"https:\/\/www.pm.pb.gov.br\/portal\/#\/schema\/logo\/image\/"}},{"@type":"Person","@id":"https:\/\/www.pm.pb.gov.br\/portal\/#\/schema\/person\/e8454f46651c3ecf0e1ba3c1666d9947","name":"Assessoria de Imprensa da PMPB","image":{"@type":"ImageObject","inLanguage":"pt-BR","@id":"https:\/\/www.pm.pb.gov.br\/portal\/#\/schema\/person\/image\/","url":"https:\/\/secure.gravatar.com\/avatar\/2efe197438265d1e90bd98c4c8e1acf8?s=96&d=mm&r=g","contentUrl":"https:\/\/secure.gravatar.com\/avatar\/2efe197438265d1e90bd98c4c8e1acf8?s=96&d=mm&r=g","caption":"Assessoria de Imprensa da PMPB"},"url":"https:\/\/www.pm.pb.gov.br\/portal\/author\/assessoria\/"}]}},"_links":{"self":[{"href":"https:\/\/www.pm.pb.gov.br\/portal\/wp-json\/wp\/v2\/posts\/913454"}],"collection":[{"href":"https:\/\/www.pm.pb.gov.br\/portal\/wp-json\/wp\/v2\/posts"}],"about":[{"href":"https:\/\/www.pm.pb.gov.br\/portal\/wp-json\/wp\/v2\/types\/post"}],"author":[{"embeddable":true,"href":"https:\/\/www.pm.pb.gov.br\/portal\/wp-json\/wp\/v2\/users\/5"}],"replies":[{"embeddable":true,"href":"https:\/\/www.pm.pb.gov.br\/portal\/wp-json\/wp\/v2\/comments?post=913454"}],"version-history":[{"count":2,"href":"https:\/\/www.pm.pb.gov.br\/portal\/wp-json\/wp\/v2\/posts\/913454\/revisions"}],"predecessor-version":[{"id":913457,"href":"https:\/\/www.pm.pb.gov.br\/portal\/wp-json\/wp\/v2\/posts\/913454\/revisions\/913457"}],"wp:featuredmedia":[{"embeddable":true,"href":"https:\/\/www.pm.pb.gov.br\/portal\/wp-json\/wp\/v2\/media\/913455"}],"wp:attachment":[{"href":"https:\/\/www.pm.pb.gov.br\/portal\/wp-json\/wp\/v2\/media?parent=913454"}],"wp:term":[{"taxonomy":"category","embeddable":true,"href":"https:\/\/www.pm.pb.gov.br\/portal\/wp-json\/wp\/v2\/categories?post=913454"},{"taxonomy":"post_tag","embeddable":true,"href":"https:\/\/www.pm.pb.gov.br\/portal\/wp-json\/wp\/v2\/tags?post=913454"}],"curies":[{"name":"wp","href":"https:\/\/api.w.org\/{rel}","templated":true}]}}