{"id":913265,"date":"2021-12-05T18:49:00","date_gmt":"2021-12-05T21:49:00","guid":{"rendered":"https:\/\/www.pm.pb.gov.br\/portal\/?p=913265"},"modified":"2021-12-05T22:59:14","modified_gmt":"2021-12-06T01:59:14","slug":"policia-militar-prende-suspeito-com-arma-de-fogo-recupera-varios-objetos-e-um-veiculo-roubado-no-rio-grande-do-norte","status":"publish","type":"post","link":"https:\/\/www.pm.pb.gov.br\/portal\/2021\/12\/05\/policia-militar-prende-suspeito-com-arma-de-fogo-recupera-varios-objetos-e-um-veiculo-roubado-no-rio-grande-do-norte\/","title":{"rendered":"Pol\u00edcia Militar prende suspeito com arma de fogo, recupera v\u00e1rios objetos e um ve\u00edculo roubado no Rio Grande do Norte"},"content":{"rendered":"\n<p>Ap\u00f3s uma persegui\u00e7\u00e3o, policiais do Batalh\u00e3o Especializado em Policiamento Tur\u00edstico (BEPTur), prenderam um suspeito e uma arma de fogo foi apreendida, durante abordagem na<\/p>\n<p>o final da manh\u00e3 desse domingo (05), no bairro Portal do Sol, em Jo\u00e3o Pessoa. Com o suspeito, a PM ainda apreendeu uma quantia em dinheiro, e recuperou v\u00e1rios objetos e um ve\u00edculo, que havia sido roubado no estado do Rio Grande do Norte.<\/p>\n<p>\u00a0<\/p>\n<p>Segundo informa\u00e7\u00f5es do Coordenador do policiamento, Tenente Daniel Guerreiro, os policiais identificaram que o ve\u00edculo estava com restri\u00e7\u00e3o de roubo ou furto e come\u00e7aram uma persegui\u00e7\u00e3o, que s\u00f3 veio parar no bairro no Portal do Sol, ap\u00f3s o ve\u00edculo colidir em uma \u00e1rvore. O suspeito tentou fugir a p\u00e9, mas foi detido pelos policiais. Na revista pessoal, foi apreendido com o suspeito a quantia de R$ 2.770,00 em esp\u00e9cie, e durante as buscas no ve\u00edculo foi apreendido v\u00e1rios celulares e uma arma de fogo de fabrica\u00e7\u00e3o caseira.<\/p>\n<p>\u00a0<\/p>\n<p>As equipes policiais continuaram as dilig\u00eancias at\u00e9 o hotel onde o suspeito estava hospedado, e no local conseguiram apreender dois notebooks e outros objetos. Na delegacia, uma v\u00edtima reconheceu o suspeito, que tem 44 anos, como autor de um roubo em uma loja na \u00faltima sexta-feira (03), dentro de um shopping, em Jo\u00e3o Pessoa. O ve\u00edculo usado na a\u00e7\u00e3o criminosa foi apreendido por estar com restri\u00e7\u00e3o de roubo ou furto no estado do Rio Grande do Norte.<\/p>\n<p><img loading=\"lazy\" decoding=\"async\" class=\" wp-image-913266 aligncenter\" src=\"http:\/\/www.pm.pb.gov.br\/portal\/wp-content\/uploads\/2021\/12\/WhatsApp-Image-2021-12-05-at-16.05.32-593x445.jpeg\" alt=\"\" width=\"404\" height=\"303\" srcset=\"https:\/\/www.pm.pb.gov.br\/portal\/wp-content\/uploads\/2021\/12\/WhatsApp-Image-2021-12-05-at-16.05.32-593x445.jpeg 593w, https:\/\/www.pm.pb.gov.br\/portal\/wp-content\/uploads\/2021\/12\/WhatsApp-Image-2021-12-05-at-16.05.32-760x570.jpeg 760w, https:\/\/www.pm.pb.gov.br\/portal\/wp-content\/uploads\/2021\/12\/WhatsApp-Image-2021-12-05-at-16.05.32-768x576.jpeg 768w, https:\/\/www.pm.pb.gov.br\/portal\/wp-content\/uploads\/2021\/12\/WhatsApp-Image-2021-12-05-at-16.05.32.jpeg 1040w\" sizes=\"(max-width: 404px) 100vw, 404px\" \/><\/p>\n<p>O suspeito e todo material apreendido foram apresentados na Central de Flagrantes, no bairro do Geisel.<\/p>\n","protected":false},"excerpt":{"rendered":"<p>Ap\u00f3s uma persegui\u00e7\u00e3o, policiais do Batalh\u00e3o Especializado em Policiamento Tur\u00edstico (BEPTur), prenderam um suspeito e uma arma de fogo foi<\/p>\n","protected":false},"author":5,"featured_media":913267,"comment_status":"closed","ping_status":"closed","sticky":false,"template":"","format":"standard","meta":{"_exactmetrics_skip_tracking":false,"_exactmetrics_sitenote_active":false,"_exactmetrics_sitenote_note":"","_exactmetrics_sitenote_category":0,"footnotes":""},"categories":[4],"tags":[],"yoast_head":"<!-- This site is optimized with the Yoast SEO plugin v22.0 - https:\/\/yoast.com\/wordpress\/plugins\/seo\/ -->\n<title>Pol\u00edcia Militar prende suspeito com arma de fogo, recupera v\u00e1rios objetos e um ve\u00edculo roubado no Rio Grande do Norte - Pol\u00edcia Militar da Para\u00edba<\/title>\n<meta name=\"robots\" content=\"index, follow, max-snippet:-1, max-image-preview:large, max-video-preview:-1\" \/>\n<link rel=\"canonical\" href=\"https:\/\/www.pm.pb.gov.br\/portal\/2021\/12\/05\/policia-militar-prende-suspeito-com-arma-de-fogo-recupera-varios-objetos-e-um-veiculo-roubado-no-rio-grande-do-norte\/\" \/>\n<meta property=\"og:locale\" content=\"pt_BR\" \/>\n<meta property=\"og:type\" content=\"article\" \/>\n<meta property=\"og:title\" content=\"Pol\u00edcia Militar prende suspeito com arma de fogo, recupera v\u00e1rios objetos e um ve\u00edculo roubado no Rio Grande do Norte - Pol\u00edcia Militar da Para\u00edba\" \/>\n<meta property=\"og:description\" content=\"Ap\u00f3s uma persegui\u00e7\u00e3o, policiais do Batalh\u00e3o Especializado em Policiamento Tur\u00edstico (BEPTur), prenderam um suspeito e uma arma de fogo foi\" \/>\n<meta property=\"og:url\" content=\"https:\/\/www.pm.pb.gov.br\/portal\/2021\/12\/05\/policia-militar-prende-suspeito-com-arma-de-fogo-recupera-varios-objetos-e-um-veiculo-roubado-no-rio-grande-do-norte\/\" \/>\n<meta property=\"og:site_name\" content=\"Pol\u00edcia Militar da Para\u00edba\" \/>\n<meta property=\"article:published_time\" content=\"2021-12-05T21:49:00+00:00\" \/>\n<meta property=\"article:modified_time\" content=\"2021-12-06T01:59:14+00:00\" \/>\n<meta property=\"og:image\" content=\"https:\/\/www.pm.pb.gov.br\/portal\/wp-content\/uploads\/2021\/12\/WhatsApp-Image-2021-12-05-at-14.19.12.jpeg\" \/>\n\t<meta property=\"og:image:width\" content=\"1000\" \/>\n\t<meta property=\"og:image:height\" content=\"750\" \/>\n\t<meta property=\"og:image:type\" content=\"image\/jpeg\" \/>\n<meta name=\"author\" content=\"Assessoria de Imprensa da PMPB\" \/>\n<meta name=\"twitter:card\" content=\"summary_large_image\" \/>\n<meta name=\"twitter:label1\" content=\"Escrito por\" \/>\n\t<meta name=\"twitter:data1\" content=\"Assessoria de Imprensa da PMPB\" \/>\n\t<meta name=\"twitter:label2\" content=\"Est. tempo de leitura\" \/>\n\t<meta name=\"twitter:data2\" content=\"2 minutos\" \/>\n<script type=\"application\/ld+json\" class=\"yoast-schema-graph\">{\"@context\":\"https:\/\/schema.org\",\"@graph\":[{\"@type\":\"Article\",\"@id\":\"https:\/\/www.pm.pb.gov.br\/portal\/2021\/12\/05\/policia-militar-prende-suspeito-com-arma-de-fogo-recupera-varios-objetos-e-um-veiculo-roubado-no-rio-grande-do-norte\/#article\",\"isPartOf\":{\"@id\":\"https:\/\/www.pm.pb.gov.br\/portal\/2021\/12\/05\/policia-militar-prende-suspeito-com-arma-de-fogo-recupera-varios-objetos-e-um-veiculo-roubado-no-rio-grande-do-norte\/\"},\"author\":{\"name\":\"Assessoria de Imprensa da PMPB\",\"@id\":\"https:\/\/www.pm.pb.gov.br\/portal\/#\/schema\/person\/e8454f46651c3ecf0e1ba3c1666d9947\"},\"headline\":\"Pol\u00edcia Militar prende suspeito com arma de fogo, recupera v\u00e1rios objetos e um ve\u00edculo roubado no Rio Grande do Norte\",\"datePublished\":\"2021-12-05T21:49:00+00:00\",\"dateModified\":\"2021-12-06T01:59:14+00:00\",\"mainEntityOfPage\":{\"@id\":\"https:\/\/www.pm.pb.gov.br\/portal\/2021\/12\/05\/policia-militar-prende-suspeito-com-arma-de-fogo-recupera-varios-objetos-e-um-veiculo-roubado-no-rio-grande-do-norte\/\"},\"wordCount\":291,\"publisher\":{\"@id\":\"https:\/\/www.pm.pb.gov.br\/portal\/#organization\"},\"articleSection\":[\"A\u00e7\u00f5es Policiais\"],\"inLanguage\":\"pt-BR\"},{\"@type\":\"WebPage\",\"@id\":\"https:\/\/www.pm.pb.gov.br\/portal\/2021\/12\/05\/policia-militar-prende-suspeito-com-arma-de-fogo-recupera-varios-objetos-e-um-veiculo-roubado-no-rio-grande-do-norte\/\",\"url\":\"https:\/\/www.pm.pb.gov.br\/portal\/2021\/12\/05\/policia-militar-prende-suspeito-com-arma-de-fogo-recupera-varios-objetos-e-um-veiculo-roubado-no-rio-grande-do-norte\/\",\"name\":\"Pol\u00edcia Militar prende suspeito com arma de fogo, recupera v\u00e1rios objetos e um ve\u00edculo roubado no Rio Grande do Norte - Pol\u00edcia Militar da Para\u00edba\",\"isPartOf\":{\"@id\":\"https:\/\/www.pm.pb.gov.br\/portal\/#website\"},\"datePublished\":\"2021-12-05T21:49:00+00:00\",\"dateModified\":\"2021-12-06T01:59:14+00:00\",\"breadcrumb\":{\"@id\":\"https:\/\/www.pm.pb.gov.br\/portal\/2021\/12\/05\/policia-militar-prende-suspeito-com-arma-de-fogo-recupera-varios-objetos-e-um-veiculo-roubado-no-rio-grande-do-norte\/#breadcrumb\"},\"inLanguage\":\"pt-BR\",\"potentialAction\":[{\"@type\":\"ReadAction\",\"target\":[\"https:\/\/www.pm.pb.gov.br\/portal\/2021\/12\/05\/policia-militar-prende-suspeito-com-arma-de-fogo-recupera-varios-objetos-e-um-veiculo-roubado-no-rio-grande-do-norte\/\"]}]},{\"@type\":\"BreadcrumbList\",\"@id\":\"https:\/\/www.pm.pb.gov.br\/portal\/2021\/12\/05\/policia-militar-prende-suspeito-com-arma-de-fogo-recupera-varios-objetos-e-um-veiculo-roubado-no-rio-grande-do-norte\/#breadcrumb\",\"itemListElement\":[{\"@type\":\"ListItem\",\"position\":1,\"name\":\"In\u00edcio\",\"item\":\"https:\/\/www.pm.pb.gov.br\/portal\/\"},{\"@type\":\"ListItem\",\"position\":2,\"name\":\"Pol\u00edcia Militar prende suspeito com arma de fogo, recupera v\u00e1rios objetos e um ve\u00edculo roubado no Rio Grande do Norte\"}]},{\"@type\":\"WebSite\",\"@id\":\"https:\/\/www.pm.pb.gov.br\/portal\/#website\",\"url\":\"https:\/\/www.pm.pb.gov.br\/portal\/\",\"name\":\"Pol\u00edcia Militar da Para\u00edba\",\"description\":\"\",\"publisher\":{\"@id\":\"https:\/\/www.pm.pb.gov.br\/portal\/#organization\"},\"potentialAction\":[{\"@type\":\"SearchAction\",\"target\":{\"@type\":\"EntryPoint\",\"urlTemplate\":\"https:\/\/www.pm.pb.gov.br\/portal\/?s={search_term_string}\"},\"query-input\":\"required name=search_term_string\"}],\"inLanguage\":\"pt-BR\"},{\"@type\":\"Organization\",\"@id\":\"https:\/\/www.pm.pb.gov.br\/portal\/#organization\",\"name\":\"Pol\u00edcia Militar da Para\u00edba\",\"url\":\"https:\/\/www.pm.pb.gov.br\/portal\/\",\"logo\":{\"@type\":\"ImageObject\",\"inLanguage\":\"pt-BR\",\"@id\":\"https:\/\/www.pm.pb.gov.br\/portal\/#\/schema\/logo\/image\/\",\"url\":\"https:\/\/www.pm.pb.gov.br\/portal\/wp-content\/uploads\/2025\/03\/cropped-logo-site-mag2-1.png\",\"contentUrl\":\"https:\/\/www.pm.pb.gov.br\/portal\/wp-content\/uploads\/2025\/03\/cropped-logo-site-mag2-1.png\",\"width\":320,\"height\":90,\"caption\":\"Pol\u00edcia Militar da Para\u00edba\"},\"image\":{\"@id\":\"https:\/\/www.pm.pb.gov.br\/portal\/#\/schema\/logo\/image\/\"}},{\"@type\":\"Person\",\"@id\":\"https:\/\/www.pm.pb.gov.br\/portal\/#\/schema\/person\/e8454f46651c3ecf0e1ba3c1666d9947\",\"name\":\"Assessoria de Imprensa da PMPB\",\"image\":{\"@type\":\"ImageObject\",\"inLanguage\":\"pt-BR\",\"@id\":\"https:\/\/www.pm.pb.gov.br\/portal\/#\/schema\/person\/image\/\",\"url\":\"https:\/\/secure.gravatar.com\/avatar\/2efe197438265d1e90bd98c4c8e1acf8?s=96&d=mm&r=g\",\"contentUrl\":\"https:\/\/secure.gravatar.com\/avatar\/2efe197438265d1e90bd98c4c8e1acf8?s=96&d=mm&r=g\",\"caption\":\"Assessoria de Imprensa da PMPB\"},\"url\":\"https:\/\/www.pm.pb.gov.br\/portal\/author\/assessoria\/\"}]}<\/script>\n<!-- \/ Yoast SEO plugin. -->","yoast_head_json":{"title":"Pol\u00edcia Militar prende suspeito com arma de fogo, recupera v\u00e1rios objetos e um ve\u00edculo roubado no Rio Grande do Norte - Pol\u00edcia Militar da Para\u00edba","robots":{"index":"index","follow":"follow","max-snippet":"max-snippet:-1","max-image-preview":"max-image-preview:large","max-video-preview":"max-video-preview:-1"},"canonical":"https:\/\/www.pm.pb.gov.br\/portal\/2021\/12\/05\/policia-militar-prende-suspeito-com-arma-de-fogo-recupera-varios-objetos-e-um-veiculo-roubado-no-rio-grande-do-norte\/","og_locale":"pt_BR","og_type":"article","og_title":"Pol\u00edcia Militar prende suspeito com arma de fogo, recupera v\u00e1rios objetos e um ve\u00edculo roubado no Rio Grande do Norte - Pol\u00edcia Militar da Para\u00edba","og_description":"Ap\u00f3s uma persegui\u00e7\u00e3o, policiais do Batalh\u00e3o Especializado em Policiamento Tur\u00edstico (BEPTur), prenderam um suspeito e uma arma de fogo foi","og_url":"https:\/\/www.pm.pb.gov.br\/portal\/2021\/12\/05\/policia-militar-prende-suspeito-com-arma-de-fogo-recupera-varios-objetos-e-um-veiculo-roubado-no-rio-grande-do-norte\/","og_site_name":"Pol\u00edcia Militar da Para\u00edba","article_published_time":"2021-12-05T21:49:00+00:00","article_modified_time":"2021-12-06T01:59:14+00:00","og_image":[{"width":1000,"height":750,"url":"https:\/\/www.pm.pb.gov.br\/portal\/wp-content\/uploads\/2021\/12\/WhatsApp-Image-2021-12-05-at-14.19.12.jpeg","type":"image\/jpeg"}],"author":"Assessoria de Imprensa da PMPB","twitter_card":"summary_large_image","twitter_misc":{"Escrito por":"Assessoria de Imprensa da PMPB","Est. tempo de leitura":"2 minutos"},"schema":{"@context":"https:\/\/schema.org","@graph":[{"@type":"Article","@id":"https:\/\/www.pm.pb.gov.br\/portal\/2021\/12\/05\/policia-militar-prende-suspeito-com-arma-de-fogo-recupera-varios-objetos-e-um-veiculo-roubado-no-rio-grande-do-norte\/#article","isPartOf":{"@id":"https:\/\/www.pm.pb.gov.br\/portal\/2021\/12\/05\/policia-militar-prende-suspeito-com-arma-de-fogo-recupera-varios-objetos-e-um-veiculo-roubado-no-rio-grande-do-norte\/"},"author":{"name":"Assessoria de Imprensa da PMPB","@id":"https:\/\/www.pm.pb.gov.br\/portal\/#\/schema\/person\/e8454f46651c3ecf0e1ba3c1666d9947"},"headline":"Pol\u00edcia Militar prende suspeito com arma de fogo, recupera v\u00e1rios objetos e um ve\u00edculo roubado no Rio Grande do Norte","datePublished":"2021-12-05T21:49:00+00:00","dateModified":"2021-12-06T01:59:14+00:00","mainEntityOfPage":{"@id":"https:\/\/www.pm.pb.gov.br\/portal\/2021\/12\/05\/policia-militar-prende-suspeito-com-arma-de-fogo-recupera-varios-objetos-e-um-veiculo-roubado-no-rio-grande-do-norte\/"},"wordCount":291,"publisher":{"@id":"https:\/\/www.pm.pb.gov.br\/portal\/#organization"},"articleSection":["A\u00e7\u00f5es Policiais"],"inLanguage":"pt-BR"},{"@type":"WebPage","@id":"https:\/\/www.pm.pb.gov.br\/portal\/2021\/12\/05\/policia-militar-prende-suspeito-com-arma-de-fogo-recupera-varios-objetos-e-um-veiculo-roubado-no-rio-grande-do-norte\/","url":"https:\/\/www.pm.pb.gov.br\/portal\/2021\/12\/05\/policia-militar-prende-suspeito-com-arma-de-fogo-recupera-varios-objetos-e-um-veiculo-roubado-no-rio-grande-do-norte\/","name":"Pol\u00edcia Militar prende suspeito com arma de fogo, recupera v\u00e1rios objetos e um ve\u00edculo roubado no Rio Grande do Norte - Pol\u00edcia Militar da Para\u00edba","isPartOf":{"@id":"https:\/\/www.pm.pb.gov.br\/portal\/#website"},"datePublished":"2021-12-05T21:49:00+00:00","dateModified":"2021-12-06T01:59:14+00:00","breadcrumb":{"@id":"https:\/\/www.pm.pb.gov.br\/portal\/2021\/12\/05\/policia-militar-prende-suspeito-com-arma-de-fogo-recupera-varios-objetos-e-um-veiculo-roubado-no-rio-grande-do-norte\/#breadcrumb"},"inLanguage":"pt-BR","potentialAction":[{"@type":"ReadAction","target":["https:\/\/www.pm.pb.gov.br\/portal\/2021\/12\/05\/policia-militar-prende-suspeito-com-arma-de-fogo-recupera-varios-objetos-e-um-veiculo-roubado-no-rio-grande-do-norte\/"]}]},{"@type":"BreadcrumbList","@id":"https:\/\/www.pm.pb.gov.br\/portal\/2021\/12\/05\/policia-militar-prende-suspeito-com-arma-de-fogo-recupera-varios-objetos-e-um-veiculo-roubado-no-rio-grande-do-norte\/#breadcrumb","itemListElement":[{"@type":"ListItem","position":1,"name":"In\u00edcio","item":"https:\/\/www.pm.pb.gov.br\/portal\/"},{"@type":"ListItem","position":2,"name":"Pol\u00edcia Militar prende suspeito com arma de fogo, recupera v\u00e1rios objetos e um ve\u00edculo roubado no Rio Grande do Norte"}]},{"@type":"WebSite","@id":"https:\/\/www.pm.pb.gov.br\/portal\/#website","url":"https:\/\/www.pm.pb.gov.br\/portal\/","name":"Pol\u00edcia Militar da Para\u00edba","description":"","publisher":{"@id":"https:\/\/www.pm.pb.gov.br\/portal\/#organization"},"potentialAction":[{"@type":"SearchAction","target":{"@type":"EntryPoint","urlTemplate":"https:\/\/www.pm.pb.gov.br\/portal\/?s={search_term_string}"},"query-input":"required name=search_term_string"}],"inLanguage":"pt-BR"},{"@type":"Organization","@id":"https:\/\/www.pm.pb.gov.br\/portal\/#organization","name":"Pol\u00edcia Militar da Para\u00edba","url":"https:\/\/www.pm.pb.gov.br\/portal\/","logo":{"@type":"ImageObject","inLanguage":"pt-BR","@id":"https:\/\/www.pm.pb.gov.br\/portal\/#\/schema\/logo\/image\/","url":"https:\/\/www.pm.pb.gov.br\/portal\/wp-content\/uploads\/2025\/03\/cropped-logo-site-mag2-1.png","contentUrl":"https:\/\/www.pm.pb.gov.br\/portal\/wp-content\/uploads\/2025\/03\/cropped-logo-site-mag2-1.png","width":320,"height":90,"caption":"Pol\u00edcia Militar da Para\u00edba"},"image":{"@id":"https:\/\/www.pm.pb.gov.br\/portal\/#\/schema\/logo\/image\/"}},{"@type":"Person","@id":"https:\/\/www.pm.pb.gov.br\/portal\/#\/schema\/person\/e8454f46651c3ecf0e1ba3c1666d9947","name":"Assessoria de Imprensa da PMPB","image":{"@type":"ImageObject","inLanguage":"pt-BR","@id":"https:\/\/www.pm.pb.gov.br\/portal\/#\/schema\/person\/image\/","url":"https:\/\/secure.gravatar.com\/avatar\/2efe197438265d1e90bd98c4c8e1acf8?s=96&d=mm&r=g","contentUrl":"https:\/\/secure.gravatar.com\/avatar\/2efe197438265d1e90bd98c4c8e1acf8?s=96&d=mm&r=g","caption":"Assessoria de Imprensa da PMPB"},"url":"https:\/\/www.pm.pb.gov.br\/portal\/author\/assessoria\/"}]}},"_links":{"self":[{"href":"https:\/\/www.pm.pb.gov.br\/portal\/wp-json\/wp\/v2\/posts\/913265"}],"collection":[{"href":"https:\/\/www.pm.pb.gov.br\/portal\/wp-json\/wp\/v2\/posts"}],"about":[{"href":"https:\/\/www.pm.pb.gov.br\/portal\/wp-json\/wp\/v2\/types\/post"}],"author":[{"embeddable":true,"href":"https:\/\/www.pm.pb.gov.br\/portal\/wp-json\/wp\/v2\/users\/5"}],"replies":[{"embeddable":true,"href":"https:\/\/www.pm.pb.gov.br\/portal\/wp-json\/wp\/v2\/comments?post=913265"}],"version-history":[{"count":1,"href":"https:\/\/www.pm.pb.gov.br\/portal\/wp-json\/wp\/v2\/posts\/913265\/revisions"}],"predecessor-version":[{"id":913268,"href":"https:\/\/www.pm.pb.gov.br\/portal\/wp-json\/wp\/v2\/posts\/913265\/revisions\/913268"}],"wp:featuredmedia":[{"embeddable":true,"href":"https:\/\/www.pm.pb.gov.br\/portal\/wp-json\/wp\/v2\/media\/913267"}],"wp:attachment":[{"href":"https:\/\/www.pm.pb.gov.br\/portal\/wp-json\/wp\/v2\/media?parent=913265"}],"wp:term":[{"taxonomy":"category","embeddable":true,"href":"https:\/\/www.pm.pb.gov.br\/portal\/wp-json\/wp\/v2\/categories?post=913265"},{"taxonomy":"post_tag","embeddable":true,"href":"https:\/\/www.pm.pb.gov.br\/portal\/wp-json\/wp\/v2\/tags?post=913265"}],"curies":[{"name":"wp","href":"https:\/\/api.w.org\/{rel}","templated":true}]}}