{"id":913263,"date":"2021-12-05T15:53:21","date_gmt":"2021-12-05T18:53:21","guid":{"rendered":"https:\/\/www.pm.pb.gov.br\/portal\/?p=913263"},"modified":"2021-12-05T15:53:23","modified_gmt":"2021-12-05T18:53:23","slug":"pmpb-e-pmerj-realizam-operacao-conjunta-e-prendem-integrante-de-faccao-criminosa-foragido-da-justica","status":"publish","type":"post","link":"https:\/\/www.pm.pb.gov.br\/portal\/2021\/12\/05\/pmpb-e-pmerj-realizam-operacao-conjunta-e-prendem-integrante-de-faccao-criminosa-foragido-da-justica\/","title":{"rendered":"PMPB e PMERJ realizam opera\u00e7\u00e3o conjunta e prendem integrante de fac\u00e7\u00e3o criminosa foragido da Justi\u00e7a"},"content":{"rendered":"\n<p>Uma a\u00e7\u00e3o conjunta, realizada na manh\u00e3 deste domingo (05) pela Pol\u00edcia Militar da Para\u00edba e pela Pol\u00edcia Militar do Rio de janeiro, resultou na pris\u00e3o de um homem procurado pela Justi\u00e7a pelo crime de homic\u00eddio, ocorrido no ano de 2020, na cidade de Ara\u00e7agi, interior da Para\u00edba. O suspeito, que foi preso em Duque de Caxias, no Rio de Janeiro, \u00e9 apontado como um integrante de um grupo criminoso da Para\u00edba com liga\u00e7\u00f5es com a fac\u00e7\u00e3o Comando Vermelho.<br \/><br \/>A PM da Para\u00edba tomou conhecimento que o suspeito embarcou em um \u00f4nibus para a cidade do Rio de Janeiro, usando uma identifica\u00e7\u00e3o falsificada. Diante dessas informa\u00e7\u00f5es, os policiais levantaram mais informa\u00e7\u00f5es sobre o destino final e que naquela cidade ele seria recebido por integrantes da fac\u00e7\u00e3o criminosa Comando Vermelho.<br \/><br \/>Foi mantido contato com a Pol\u00edcia Militar do Rio de Janeiro, que montou uma a\u00e7\u00e3o policial, conseguindo prender o suspeito de 26 anos, que estava com um mandado de pris\u00e3o em aberto, expedido pela comarca da cidade de Guarabira.\u00a0<br \/><br \/>O suspeito foi detido e apresentado na 60\u00ba Delegacia do Rio de Janeiro.<\/p>\n","protected":false},"excerpt":{"rendered":"<p>Uma a\u00e7\u00e3o conjunta, realizada na manh\u00e3 deste domingo (05) pela Pol\u00edcia Militar da Para\u00edba e pela Pol\u00edcia Militar do Rio<\/p>\n","protected":false},"author":15,"featured_media":910568,"comment_status":"closed","ping_status":"closed","sticky":false,"template":"","format":"standard","meta":{"_exactmetrics_skip_tracking":false,"_exactmetrics_sitenote_active":false,"_exactmetrics_sitenote_note":"","_exactmetrics_sitenote_category":0,"footnotes":""},"categories":[4],"tags":[],"yoast_head":"<!-- This site is optimized with the Yoast SEO plugin v22.0 - https:\/\/yoast.com\/wordpress\/plugins\/seo\/ -->\n<title>PMPB e PMERJ realizam opera\u00e7\u00e3o conjunta e prendem integrante de fac\u00e7\u00e3o criminosa foragido da Justi\u00e7a - Pol\u00edcia Militar da Para\u00edba<\/title>\n<meta name=\"robots\" content=\"index, follow, max-snippet:-1, max-image-preview:large, max-video-preview:-1\" \/>\n<link rel=\"canonical\" href=\"https:\/\/www.pm.pb.gov.br\/portal\/2021\/12\/05\/pmpb-e-pmerj-realizam-operacao-conjunta-e-prendem-integrante-de-faccao-criminosa-foragido-da-justica\/\" \/>\n<meta property=\"og:locale\" content=\"pt_BR\" \/>\n<meta property=\"og:type\" content=\"article\" \/>\n<meta property=\"og:title\" content=\"PMPB e PMERJ realizam opera\u00e7\u00e3o conjunta e prendem integrante de fac\u00e7\u00e3o criminosa foragido da Justi\u00e7a - Pol\u00edcia Militar da Para\u00edba\" \/>\n<meta property=\"og:description\" content=\"Uma a\u00e7\u00e3o conjunta, realizada na manh\u00e3 deste domingo (05) pela Pol\u00edcia Militar da Para\u00edba e pela Pol\u00edcia Militar do Rio\" \/>\n<meta property=\"og:url\" content=\"https:\/\/www.pm.pb.gov.br\/portal\/2021\/12\/05\/pmpb-e-pmerj-realizam-operacao-conjunta-e-prendem-integrante-de-faccao-criminosa-foragido-da-justica\/\" \/>\n<meta property=\"og:site_name\" content=\"Pol\u00edcia Militar da Para\u00edba\" \/>\n<meta property=\"article:published_time\" content=\"2021-12-05T18:53:21+00:00\" \/>\n<meta property=\"article:modified_time\" content=\"2021-12-05T18:53:23+00:00\" \/>\n<meta property=\"og:image\" content=\"https:\/\/www.pm.pb.gov.br\/portal\/wp-content\/uploads\/2021\/05\/foto_brasao-1.jpg\" \/>\n\t<meta property=\"og:image:width\" content=\"620\" \/>\n\t<meta property=\"og:image:height\" content=\"411\" \/>\n\t<meta property=\"og:image:type\" content=\"image\/jpeg\" \/>\n<meta name=\"author\" content=\"Marcio Gomes dos Santos\" \/>\n<meta name=\"twitter:card\" content=\"summary_large_image\" \/>\n<meta name=\"twitter:label1\" content=\"Escrito por\" \/>\n\t<meta name=\"twitter:data1\" content=\"Marcio Gomes dos Santos\" \/>\n\t<meta name=\"twitter:label2\" content=\"Est. tempo de leitura\" \/>\n\t<meta name=\"twitter:data2\" content=\"1 minuto\" \/>\n<script type=\"application\/ld+json\" class=\"yoast-schema-graph\">{\"@context\":\"https:\/\/schema.org\",\"@graph\":[{\"@type\":\"Article\",\"@id\":\"https:\/\/www.pm.pb.gov.br\/portal\/2021\/12\/05\/pmpb-e-pmerj-realizam-operacao-conjunta-e-prendem-integrante-de-faccao-criminosa-foragido-da-justica\/#article\",\"isPartOf\":{\"@id\":\"https:\/\/www.pm.pb.gov.br\/portal\/2021\/12\/05\/pmpb-e-pmerj-realizam-operacao-conjunta-e-prendem-integrante-de-faccao-criminosa-foragido-da-justica\/\"},\"author\":{\"name\":\"Marcio Gomes dos Santos\",\"@id\":\"https:\/\/www.pm.pb.gov.br\/portal\/#\/schema\/person\/30d571652b38533c2211e4e89bf5a502\"},\"headline\":\"PMPB e PMERJ realizam opera\u00e7\u00e3o conjunta e prendem integrante de fac\u00e7\u00e3o criminosa foragido da Justi\u00e7a\",\"datePublished\":\"2021-12-05T18:53:21+00:00\",\"dateModified\":\"2021-12-05T18:53:23+00:00\",\"mainEntityOfPage\":{\"@id\":\"https:\/\/www.pm.pb.gov.br\/portal\/2021\/12\/05\/pmpb-e-pmerj-realizam-operacao-conjunta-e-prendem-integrante-de-faccao-criminosa-foragido-da-justica\/\"},\"wordCount\":213,\"publisher\":{\"@id\":\"https:\/\/www.pm.pb.gov.br\/portal\/#organization\"},\"articleSection\":[\"A\u00e7\u00f5es Policiais\"],\"inLanguage\":\"pt-BR\"},{\"@type\":\"WebPage\",\"@id\":\"https:\/\/www.pm.pb.gov.br\/portal\/2021\/12\/05\/pmpb-e-pmerj-realizam-operacao-conjunta-e-prendem-integrante-de-faccao-criminosa-foragido-da-justica\/\",\"url\":\"https:\/\/www.pm.pb.gov.br\/portal\/2021\/12\/05\/pmpb-e-pmerj-realizam-operacao-conjunta-e-prendem-integrante-de-faccao-criminosa-foragido-da-justica\/\",\"name\":\"PMPB e PMERJ realizam opera\u00e7\u00e3o conjunta e prendem integrante de fac\u00e7\u00e3o criminosa foragido da Justi\u00e7a - Pol\u00edcia Militar da Para\u00edba\",\"isPartOf\":{\"@id\":\"https:\/\/www.pm.pb.gov.br\/portal\/#website\"},\"datePublished\":\"2021-12-05T18:53:21+00:00\",\"dateModified\":\"2021-12-05T18:53:23+00:00\",\"breadcrumb\":{\"@id\":\"https:\/\/www.pm.pb.gov.br\/portal\/2021\/12\/05\/pmpb-e-pmerj-realizam-operacao-conjunta-e-prendem-integrante-de-faccao-criminosa-foragido-da-justica\/#breadcrumb\"},\"inLanguage\":\"pt-BR\",\"potentialAction\":[{\"@type\":\"ReadAction\",\"target\":[\"https:\/\/www.pm.pb.gov.br\/portal\/2021\/12\/05\/pmpb-e-pmerj-realizam-operacao-conjunta-e-prendem-integrante-de-faccao-criminosa-foragido-da-justica\/\"]}]},{\"@type\":\"BreadcrumbList\",\"@id\":\"https:\/\/www.pm.pb.gov.br\/portal\/2021\/12\/05\/pmpb-e-pmerj-realizam-operacao-conjunta-e-prendem-integrante-de-faccao-criminosa-foragido-da-justica\/#breadcrumb\",\"itemListElement\":[{\"@type\":\"ListItem\",\"position\":1,\"name\":\"In\u00edcio\",\"item\":\"https:\/\/www.pm.pb.gov.br\/portal\/\"},{\"@type\":\"ListItem\",\"position\":2,\"name\":\"PMPB e PMERJ realizam opera\u00e7\u00e3o conjunta e prendem integrante de fac\u00e7\u00e3o criminosa foragido da Justi\u00e7a\"}]},{\"@type\":\"WebSite\",\"@id\":\"https:\/\/www.pm.pb.gov.br\/portal\/#website\",\"url\":\"https:\/\/www.pm.pb.gov.br\/portal\/\",\"name\":\"Pol\u00edcia Militar da Para\u00edba\",\"description\":\"\",\"publisher\":{\"@id\":\"https:\/\/www.pm.pb.gov.br\/portal\/#organization\"},\"potentialAction\":[{\"@type\":\"SearchAction\",\"target\":{\"@type\":\"EntryPoint\",\"urlTemplate\":\"https:\/\/www.pm.pb.gov.br\/portal\/?s={search_term_string}\"},\"query-input\":\"required name=search_term_string\"}],\"inLanguage\":\"pt-BR\"},{\"@type\":\"Organization\",\"@id\":\"https:\/\/www.pm.pb.gov.br\/portal\/#organization\",\"name\":\"Pol\u00edcia Militar da Para\u00edba\",\"url\":\"https:\/\/www.pm.pb.gov.br\/portal\/\",\"logo\":{\"@type\":\"ImageObject\",\"inLanguage\":\"pt-BR\",\"@id\":\"https:\/\/www.pm.pb.gov.br\/portal\/#\/schema\/logo\/image\/\",\"url\":\"https:\/\/www.pm.pb.gov.br\/portal\/wp-content\/uploads\/2025\/03\/cropped-logo-site-mag2-1.png\",\"contentUrl\":\"https:\/\/www.pm.pb.gov.br\/portal\/wp-content\/uploads\/2025\/03\/cropped-logo-site-mag2-1.png\",\"width\":320,\"height\":90,\"caption\":\"Pol\u00edcia Militar da Para\u00edba\"},\"image\":{\"@id\":\"https:\/\/www.pm.pb.gov.br\/portal\/#\/schema\/logo\/image\/\"}},{\"@type\":\"Person\",\"@id\":\"https:\/\/www.pm.pb.gov.br\/portal\/#\/schema\/person\/30d571652b38533c2211e4e89bf5a502\",\"name\":\"Marcio Gomes dos Santos\",\"image\":{\"@type\":\"ImageObject\",\"inLanguage\":\"pt-BR\",\"@id\":\"https:\/\/www.pm.pb.gov.br\/portal\/#\/schema\/person\/image\/\",\"url\":\"https:\/\/secure.gravatar.com\/avatar\/cf4ec2cb690101e1581c7773aa350c19?s=96&d=mm&r=g\",\"contentUrl\":\"https:\/\/secure.gravatar.com\/avatar\/cf4ec2cb690101e1581c7773aa350c19?s=96&d=mm&r=g\",\"caption\":\"Marcio Gomes dos Santos\"},\"url\":\"https:\/\/www.pm.pb.gov.br\/portal\/author\/mgomes\/\"}]}<\/script>\n<!-- \/ Yoast SEO plugin. -->","yoast_head_json":{"title":"PMPB e PMERJ realizam opera\u00e7\u00e3o conjunta e prendem integrante de fac\u00e7\u00e3o criminosa foragido da Justi\u00e7a - Pol\u00edcia Militar da Para\u00edba","robots":{"index":"index","follow":"follow","max-snippet":"max-snippet:-1","max-image-preview":"max-image-preview:large","max-video-preview":"max-video-preview:-1"},"canonical":"https:\/\/www.pm.pb.gov.br\/portal\/2021\/12\/05\/pmpb-e-pmerj-realizam-operacao-conjunta-e-prendem-integrante-de-faccao-criminosa-foragido-da-justica\/","og_locale":"pt_BR","og_type":"article","og_title":"PMPB e PMERJ realizam opera\u00e7\u00e3o conjunta e prendem integrante de fac\u00e7\u00e3o criminosa foragido da Justi\u00e7a - Pol\u00edcia Militar da Para\u00edba","og_description":"Uma a\u00e7\u00e3o conjunta, realizada na manh\u00e3 deste domingo (05) pela Pol\u00edcia Militar da Para\u00edba e pela Pol\u00edcia Militar do Rio","og_url":"https:\/\/www.pm.pb.gov.br\/portal\/2021\/12\/05\/pmpb-e-pmerj-realizam-operacao-conjunta-e-prendem-integrante-de-faccao-criminosa-foragido-da-justica\/","og_site_name":"Pol\u00edcia Militar da Para\u00edba","article_published_time":"2021-12-05T18:53:21+00:00","article_modified_time":"2021-12-05T18:53:23+00:00","og_image":[{"width":620,"height":411,"url":"https:\/\/www.pm.pb.gov.br\/portal\/wp-content\/uploads\/2021\/05\/foto_brasao-1.jpg","type":"image\/jpeg"}],"author":"Marcio Gomes dos Santos","twitter_card":"summary_large_image","twitter_misc":{"Escrito por":"Marcio Gomes dos Santos","Est. tempo de leitura":"1 minuto"},"schema":{"@context":"https:\/\/schema.org","@graph":[{"@type":"Article","@id":"https:\/\/www.pm.pb.gov.br\/portal\/2021\/12\/05\/pmpb-e-pmerj-realizam-operacao-conjunta-e-prendem-integrante-de-faccao-criminosa-foragido-da-justica\/#article","isPartOf":{"@id":"https:\/\/www.pm.pb.gov.br\/portal\/2021\/12\/05\/pmpb-e-pmerj-realizam-operacao-conjunta-e-prendem-integrante-de-faccao-criminosa-foragido-da-justica\/"},"author":{"name":"Marcio Gomes dos Santos","@id":"https:\/\/www.pm.pb.gov.br\/portal\/#\/schema\/person\/30d571652b38533c2211e4e89bf5a502"},"headline":"PMPB e PMERJ realizam opera\u00e7\u00e3o conjunta e prendem integrante de fac\u00e7\u00e3o criminosa foragido da Justi\u00e7a","datePublished":"2021-12-05T18:53:21+00:00","dateModified":"2021-12-05T18:53:23+00:00","mainEntityOfPage":{"@id":"https:\/\/www.pm.pb.gov.br\/portal\/2021\/12\/05\/pmpb-e-pmerj-realizam-operacao-conjunta-e-prendem-integrante-de-faccao-criminosa-foragido-da-justica\/"},"wordCount":213,"publisher":{"@id":"https:\/\/www.pm.pb.gov.br\/portal\/#organization"},"articleSection":["A\u00e7\u00f5es Policiais"],"inLanguage":"pt-BR"},{"@type":"WebPage","@id":"https:\/\/www.pm.pb.gov.br\/portal\/2021\/12\/05\/pmpb-e-pmerj-realizam-operacao-conjunta-e-prendem-integrante-de-faccao-criminosa-foragido-da-justica\/","url":"https:\/\/www.pm.pb.gov.br\/portal\/2021\/12\/05\/pmpb-e-pmerj-realizam-operacao-conjunta-e-prendem-integrante-de-faccao-criminosa-foragido-da-justica\/","name":"PMPB e PMERJ realizam opera\u00e7\u00e3o conjunta e prendem integrante de fac\u00e7\u00e3o criminosa foragido da Justi\u00e7a - Pol\u00edcia Militar da Para\u00edba","isPartOf":{"@id":"https:\/\/www.pm.pb.gov.br\/portal\/#website"},"datePublished":"2021-12-05T18:53:21+00:00","dateModified":"2021-12-05T18:53:23+00:00","breadcrumb":{"@id":"https:\/\/www.pm.pb.gov.br\/portal\/2021\/12\/05\/pmpb-e-pmerj-realizam-operacao-conjunta-e-prendem-integrante-de-faccao-criminosa-foragido-da-justica\/#breadcrumb"},"inLanguage":"pt-BR","potentialAction":[{"@type":"ReadAction","target":["https:\/\/www.pm.pb.gov.br\/portal\/2021\/12\/05\/pmpb-e-pmerj-realizam-operacao-conjunta-e-prendem-integrante-de-faccao-criminosa-foragido-da-justica\/"]}]},{"@type":"BreadcrumbList","@id":"https:\/\/www.pm.pb.gov.br\/portal\/2021\/12\/05\/pmpb-e-pmerj-realizam-operacao-conjunta-e-prendem-integrante-de-faccao-criminosa-foragido-da-justica\/#breadcrumb","itemListElement":[{"@type":"ListItem","position":1,"name":"In\u00edcio","item":"https:\/\/www.pm.pb.gov.br\/portal\/"},{"@type":"ListItem","position":2,"name":"PMPB e PMERJ realizam opera\u00e7\u00e3o conjunta e prendem integrante de fac\u00e7\u00e3o criminosa foragido da Justi\u00e7a"}]},{"@type":"WebSite","@id":"https:\/\/www.pm.pb.gov.br\/portal\/#website","url":"https:\/\/www.pm.pb.gov.br\/portal\/","name":"Pol\u00edcia Militar da Para\u00edba","description":"","publisher":{"@id":"https:\/\/www.pm.pb.gov.br\/portal\/#organization"},"potentialAction":[{"@type":"SearchAction","target":{"@type":"EntryPoint","urlTemplate":"https:\/\/www.pm.pb.gov.br\/portal\/?s={search_term_string}"},"query-input":"required name=search_term_string"}],"inLanguage":"pt-BR"},{"@type":"Organization","@id":"https:\/\/www.pm.pb.gov.br\/portal\/#organization","name":"Pol\u00edcia Militar da Para\u00edba","url":"https:\/\/www.pm.pb.gov.br\/portal\/","logo":{"@type":"ImageObject","inLanguage":"pt-BR","@id":"https:\/\/www.pm.pb.gov.br\/portal\/#\/schema\/logo\/image\/","url":"https:\/\/www.pm.pb.gov.br\/portal\/wp-content\/uploads\/2025\/03\/cropped-logo-site-mag2-1.png","contentUrl":"https:\/\/www.pm.pb.gov.br\/portal\/wp-content\/uploads\/2025\/03\/cropped-logo-site-mag2-1.png","width":320,"height":90,"caption":"Pol\u00edcia Militar da Para\u00edba"},"image":{"@id":"https:\/\/www.pm.pb.gov.br\/portal\/#\/schema\/logo\/image\/"}},{"@type":"Person","@id":"https:\/\/www.pm.pb.gov.br\/portal\/#\/schema\/person\/30d571652b38533c2211e4e89bf5a502","name":"Marcio Gomes dos Santos","image":{"@type":"ImageObject","inLanguage":"pt-BR","@id":"https:\/\/www.pm.pb.gov.br\/portal\/#\/schema\/person\/image\/","url":"https:\/\/secure.gravatar.com\/avatar\/cf4ec2cb690101e1581c7773aa350c19?s=96&d=mm&r=g","contentUrl":"https:\/\/secure.gravatar.com\/avatar\/cf4ec2cb690101e1581c7773aa350c19?s=96&d=mm&r=g","caption":"Marcio Gomes dos Santos"},"url":"https:\/\/www.pm.pb.gov.br\/portal\/author\/mgomes\/"}]}},"_links":{"self":[{"href":"https:\/\/www.pm.pb.gov.br\/portal\/wp-json\/wp\/v2\/posts\/913263"}],"collection":[{"href":"https:\/\/www.pm.pb.gov.br\/portal\/wp-json\/wp\/v2\/posts"}],"about":[{"href":"https:\/\/www.pm.pb.gov.br\/portal\/wp-json\/wp\/v2\/types\/post"}],"author":[{"embeddable":true,"href":"https:\/\/www.pm.pb.gov.br\/portal\/wp-json\/wp\/v2\/users\/15"}],"replies":[{"embeddable":true,"href":"https:\/\/www.pm.pb.gov.br\/portal\/wp-json\/wp\/v2\/comments?post=913263"}],"version-history":[{"count":1,"href":"https:\/\/www.pm.pb.gov.br\/portal\/wp-json\/wp\/v2\/posts\/913263\/revisions"}],"predecessor-version":[{"id":913264,"href":"https:\/\/www.pm.pb.gov.br\/portal\/wp-json\/wp\/v2\/posts\/913263\/revisions\/913264"}],"wp:featuredmedia":[{"embeddable":true,"href":"https:\/\/www.pm.pb.gov.br\/portal\/wp-json\/wp\/v2\/media\/910568"}],"wp:attachment":[{"href":"https:\/\/www.pm.pb.gov.br\/portal\/wp-json\/wp\/v2\/media?parent=913263"}],"wp:term":[{"taxonomy":"category","embeddable":true,"href":"https:\/\/www.pm.pb.gov.br\/portal\/wp-json\/wp\/v2\/categories?post=913263"},{"taxonomy":"post_tag","embeddable":true,"href":"https:\/\/www.pm.pb.gov.br\/portal\/wp-json\/wp\/v2\/tags?post=913263"}],"curies":[{"name":"wp","href":"https:\/\/api.w.org\/{rel}","templated":true}]}}