{"id":913251,"date":"2021-12-03T13:26:33","date_gmt":"2021-12-03T16:26:33","guid":{"rendered":"https:\/\/www.pm.pb.gov.br\/portal\/?p=913251"},"modified":"2021-12-03T13:26:35","modified_gmt":"2021-12-03T16:26:35","slug":"governador-joao-azevedo-prestigia-formatura-de-novos-aspirantes-a-oficial-da-policia-militar-e-do-corpo-de-bombeiros","status":"publish","type":"post","link":"https:\/\/www.pm.pb.gov.br\/portal\/2021\/12\/03\/governador-joao-azevedo-prestigia-formatura-de-novos-aspirantes-a-oficial-da-policia-militar-e-do-corpo-de-bombeiros\/","title":{"rendered":"Governador Jo\u00e3o Azev\u00eado prestigia formatura de novos aspirantes a oficial da Pol\u00edcia Militar e do Corpo de Bombeiros"},"content":{"rendered":"\n<p>O governador Jo\u00e3o Azev\u00eado participou, nesta quinta-feira (2), no Centro de Educa\u00e7\u00e3o da Pol\u00edcia Militar da Para\u00edba, em Jo\u00e3o Pessoa, da solenidade de formatura de conclus\u00e3o do curso de forma\u00e7\u00e3o de 51 novos aspirantes a oficial da Pol\u00edcia Militar e do Corpo de Bombeiros Militar.\u00a0<br \/>\u00a0<br \/>Na PMPB foram formados 37 aspirantes, sendo um do Rio Grande do Norte. J\u00e1 no CBMPB s\u00e3o 14 novos aspirantes, dos quais tr\u00eas tamb\u00e9m s\u00e3o do estado vizinho.\u00a0<br \/>\u00a0<br \/>Na ocasi\u00e3o, o chefe do Executivo estadual parabenizou os formandos e ressaltou que os novos profissionais ingressam em institui\u00e7\u00f5es respeitadas nacionalmente pela efici\u00eancia e resultados positivos de suas a\u00e7\u00f5es. \u201cVoc\u00eas s\u00e3o especiais por conclu\u00edrem o curso em meio a uma pandemia e ter\u00e3o uma grande miss\u00e3o pela frente, por isso, desejo uma carreira de sucesso a todos e todas. A Seguran\u00e7a P\u00fablica da Para\u00edba foi reconhecida pelo Centro de Lideran\u00e7a P\u00fablica como a melhor do Norte\/Nordeste e tem realizado um trabalho integrado com todas as For\u00e7as que comp\u00f5em o sistema com o objetivo de prestar um melhor atendimento \u00e0 popula\u00e7\u00e3o. A Para\u00edba conta hoje com o servi\u00e7o de UTI aerom\u00e9dico para transportar pacientes da rede p\u00fablica de sa\u00fade, um servi\u00e7o operacionalizado pelo Corpo de Bombeiros, demonstrando o cuidado, a qualidade e compromisso das corpora\u00e7\u00f5es com o povo da Para\u00edba\u201d, frisou.<br \/>\u00a0<br \/>O secret\u00e1rio de Estado da Seguran\u00e7a e da Defesa Social, Jean Francisco Nunes, evidenciou que o ingresso dos novos aspirantes na Pol\u00edcia Militar e no Corpo de Bombeiros fortalece as a\u00e7\u00f5es de prote\u00e7\u00e3o ao povo paraibano. \u201cEsse \u00e9 mais um fruto do trabalho e do planejamento comandado pelo governador Jo\u00e3o Azev\u00eado no sentido de investir em estrutura, tecnologia, mas sem descuidar dos recursos humanos. Tamb\u00e9m j\u00e1 est\u00e1 em andamento o concurso da Pol\u00edcia Civil para 1.400 vagas, demonstrando a valoriza\u00e7\u00e3o profissional, seja com o ingresso de novos policiais, capacita\u00e7\u00f5es, aquisi\u00e7\u00e3o de novos equipamentos e ascens\u00e3o funcional, representando o reconhecimento por parte do governo\u201d, pontuou.\u00a0<br \/>\u00a0<br \/>O comandante-geral da Pol\u00edcia Militar, coronel Euller Chaves, explicou que todos os formandos atuar\u00e3o na \u00e1rea operacional de diversas regi\u00f5es do estado. \u201cEles ser\u00e3o designados para Catol\u00e9 do Rocha, Cajazeiras, Sousa, Patos, Guarabira, Campina Grande, Monteiro, Queimadas, Jo\u00e3o Pessoa e sua Regi\u00e3o Metropolitana. Essa \u00e9 a continuidade de um processo de valoriza\u00e7\u00e3o profissional, por meio de capacita\u00e7\u00e3o, com muita seletividade, treinamento e muita qualifica\u00e7\u00e3o para melhor servir ao povo da Para\u00edba, fazendo com que a Pol\u00edcia Militar cumpra sua miss\u00e3o constitucional\u201d, falou.\u00a0<\/p>\n<p><img loading=\"lazy\" decoding=\"async\" class=\" wp-image-913253 aligncenter\" src=\"http:\/\/www.pm.pb.gov.br\/portal\/wp-content\/uploads\/2021\/12\/unnamed-4-687x445.jpg\" alt=\"\" width=\"651\" height=\"422\" srcset=\"https:\/\/www.pm.pb.gov.br\/portal\/wp-content\/uploads\/2021\/12\/unnamed-4-687x445.jpg 687w, https:\/\/www.pm.pb.gov.br\/portal\/wp-content\/uploads\/2021\/12\/unnamed-4-879x570.jpg 879w, https:\/\/www.pm.pb.gov.br\/portal\/wp-content\/uploads\/2021\/12\/unnamed-4-768x498.jpg 768w, https:\/\/www.pm.pb.gov.br\/portal\/wp-content\/uploads\/2021\/12\/unnamed-4-1536x996.jpg 1536w, https:\/\/www.pm.pb.gov.br\/portal\/wp-content\/uploads\/2021\/12\/unnamed-4.jpg 1620w\" sizes=\"(max-width: 651px) 100vw, 651px\" \/><br \/>O comandante-geral do Corpo de Bombeiros Militar, coronel Marcelo Ara\u00fajo, evidenciou que a sociedade paraibana passar\u00e1 a contar com pessoas preparadas para exercerem a profiss\u00e3o. \u201cEsse \u00e9 um momento significativo ap\u00f3s tr\u00eas anos de forma\u00e7\u00e3o, o que \u00e9 importante para oxigenar e motivar nossa tropa porque ser\u00e1 mais um refor\u00e7o que ir\u00e1 contribuir muito com a nossa corpora\u00e7\u00e3o. S\u00e3o pessoas que est\u00e3o qualificadas em todas as \u00e1reas para atuarem da melhor forma poss\u00edvel e esse investimento \u00e9 muito importante para todo o sistema de seguran\u00e7a p\u00fablica\u201d, declarou.\u00a0<br \/>\u00a0<br \/>Os 37 novos aspirantes a oficial da PMPB que conclu\u00edram o Curso de Forma\u00e7\u00e3o de Oficiais (CFO) passaram por 107 disciplinas que somaram 3.530 horas de aula ao longo dos \u00faltimos tr\u00eas anos. Os profissionais ficar\u00e3o respons\u00e1veis por comandar e coordenar as a\u00e7\u00f5es de seguran\u00e7a p\u00fablica, gerenciando recursos humanos e log\u00edsticos. O oficial \u00e9 respons\u00e1vel tamb\u00e9m pelo planejamento de a\u00e7\u00f5es e opera\u00e7\u00f5es, desenvolvendo processos e procedimentos administrativos militares, de estudos t\u00e9cnicos e capacita\u00e7\u00e3o profissional, a fim de proteger e preservar a vida dos cidad\u00e3os.<br \/>\u00a0<br \/>\u201cEsse \u00e9 um momento de vit\u00f3ria muito grande. O CFO \u00e9 um curso muito intenso. Eu fiquei encantado quando conheci a carreira e senti a vontade de ingressar na Pol\u00edcia Militar e hoje estou aqui para oferecer o meu trabalho \u00e0s pessoas com muita t\u00e9cnica, humanidade e di\u00e1logo\u201d, falou o aspirante a oficial da PMPB, Wesley Santos.\u00a0<\/p>\n<p><img loading=\"lazy\" decoding=\"async\" class=\" wp-image-913254 aligncenter\" src=\"http:\/\/www.pm.pb.gov.br\/portal\/wp-content\/uploads\/2021\/12\/unnamed-3-643x445.jpg\" alt=\"\" width=\"604\" height=\"418\" srcset=\"https:\/\/www.pm.pb.gov.br\/portal\/wp-content\/uploads\/2021\/12\/unnamed-3-643x445.jpg 643w, https:\/\/www.pm.pb.gov.br\/portal\/wp-content\/uploads\/2021\/12\/unnamed-3-823x570.jpg 823w, https:\/\/www.pm.pb.gov.br\/portal\/wp-content\/uploads\/2021\/12\/unnamed-3-768x532.jpg 768w, https:\/\/www.pm.pb.gov.br\/portal\/wp-content\/uploads\/2021\/12\/unnamed-3-392x272.jpg 392w, https:\/\/www.pm.pb.gov.br\/portal\/wp-content\/uploads\/2021\/12\/unnamed-3-130x90.jpg 130w, https:\/\/www.pm.pb.gov.br\/portal\/wp-content\/uploads\/2021\/12\/unnamed-3.jpg 1488w\" sizes=\"(max-width: 604px) 100vw, 604px\" \/><br \/>J\u00e1 o curso de forma\u00e7\u00e3o do CBM teve 4.005 horas de aula, divididas em tr\u00eas anos de instru\u00e7\u00f5es, incluindo disciplinas como Atendimento pr\u00e9-hospitalar, Estat\u00edstica Aplicada, Tecnologia em Opera\u00e7\u00f5es de Seguran\u00e7a contra Inc\u00eandio e P\u00e2nico I, II e III, Tecnologia em Opera\u00e7\u00f5es Terrestres I, em sua grade curricular.\u00a0<br \/>\u00a0<br \/>Ao concluir o curso, o aspirante a oficial \u00e9 reconhecido como Engenheiro de Seguran\u00e7a Contra Inc\u00eandio e P\u00e2nico, atuando em \u00e1reas como ambientes aqu\u00e1ticos, terrestres, em altura, nas atividades de fiscaliza\u00e7\u00e3o, vistoria e per\u00edcia em edifica\u00e7\u00f5es, gest\u00e3o de recursos humanos e materiais.<br \/>\u00a0<br \/>\u201c\u00c9 um momento de alegria e de orgulho porque simboliza uma luta que vem antes do ingresso no curso de forma\u00e7\u00e3o, envolvendo nossa fam\u00edlia e amigos, possibilitando que pud\u00e9ssemos nos capacitar para servir \u00e0 sociedade. Vamos nos dedicar da melhor forma poss\u00edvel para prestar um servi\u00e7o de excel\u00eancia, nos capacitando continuamente\u201d, disse o aspirante a oficial do CBMPB, Vitor Palhares.\u00a0<br \/>\u00a0<br \/>O deputado federal Julian Lemos, os deputados estaduais Jo\u00e3o Gon\u00e7alves e Jutay Meneses, o vereador de Jo\u00e3o Pessoa, Bispo Jos\u00e9 Luiz, e auxiliares da gest\u00e3o estadual estiveram presentes \u00e0 solenidade.<\/p>\n<p><em>Por Secom, com fotos de Francisco Fran\u00e7a.<\/em><\/p>\n","protected":false},"excerpt":{"rendered":"<p>O governador Jo\u00e3o Azev\u00eado participou, nesta quinta-feira (2), no Centro de Educa\u00e7\u00e3o da Pol\u00edcia Militar da Para\u00edba, em Jo\u00e3o Pessoa,<\/p>\n","protected":false},"author":12,"featured_media":913252,"comment_status":"closed","ping_status":"closed","sticky":false,"template":"","format":"standard","meta":{"_exactmetrics_skip_tracking":false,"_exactmetrics_sitenote_active":false,"_exactmetrics_sitenote_note":"","_exactmetrics_sitenote_category":0,"footnotes":""},"categories":[9],"tags":[],"yoast_head":"<!-- This site is optimized with the Yoast SEO plugin v22.0 - https:\/\/yoast.com\/wordpress\/plugins\/seo\/ -->\n<title>Governador Jo\u00e3o Azev\u00eado prestigia formatura de novos aspirantes a oficial da Pol\u00edcia Militar e do Corpo de Bombeiros - Pol\u00edcia Militar da Para\u00edba<\/title>\n<meta name=\"robots\" content=\"index, follow, max-snippet:-1, max-image-preview:large, max-video-preview:-1\" \/>\n<link rel=\"canonical\" href=\"https:\/\/www.pm.pb.gov.br\/portal\/2021\/12\/03\/governador-joao-azevedo-prestigia-formatura-de-novos-aspirantes-a-oficial-da-policia-militar-e-do-corpo-de-bombeiros\/\" \/>\n<meta property=\"og:locale\" content=\"pt_BR\" \/>\n<meta property=\"og:type\" content=\"article\" \/>\n<meta property=\"og:title\" content=\"Governador Jo\u00e3o Azev\u00eado prestigia formatura de novos aspirantes a oficial da Pol\u00edcia Militar e do Corpo de Bombeiros - Pol\u00edcia Militar da Para\u00edba\" \/>\n<meta property=\"og:description\" content=\"O governador Jo\u00e3o Azev\u00eado participou, nesta quinta-feira (2), no Centro de Educa\u00e7\u00e3o da Pol\u00edcia Militar da Para\u00edba, em Jo\u00e3o Pessoa,\" \/>\n<meta property=\"og:url\" content=\"https:\/\/www.pm.pb.gov.br\/portal\/2021\/12\/03\/governador-joao-azevedo-prestigia-formatura-de-novos-aspirantes-a-oficial-da-policia-militar-e-do-corpo-de-bombeiros\/\" \/>\n<meta property=\"og:site_name\" content=\"Pol\u00edcia Militar da Para\u00edba\" \/>\n<meta property=\"article:published_time\" content=\"2021-12-03T16:26:33+00:00\" \/>\n<meta property=\"article:modified_time\" content=\"2021-12-03T16:26:35+00:00\" \/>\n<meta property=\"og:image\" content=\"https:\/\/www.pm.pb.gov.br\/portal\/wp-content\/uploads\/2021\/12\/cfo2021.jpg\" \/>\n\t<meta property=\"og:image:width\" content=\"1475\" \/>\n\t<meta property=\"og:image:height\" content=\"886\" \/>\n\t<meta property=\"og:image:type\" content=\"image\/jpeg\" \/>\n<meta name=\"author\" content=\"Tarcisio Oliveira\" \/>\n<meta name=\"twitter:card\" content=\"summary_large_image\" \/>\n<meta name=\"twitter:label1\" content=\"Escrito por\" \/>\n\t<meta name=\"twitter:data1\" content=\"Tarcisio Oliveira\" \/>\n\t<meta name=\"twitter:label2\" content=\"Est. tempo de leitura\" \/>\n\t<meta name=\"twitter:data2\" content=\"4 minutos\" \/>\n<script type=\"application\/ld+json\" class=\"yoast-schema-graph\">{\"@context\":\"https:\/\/schema.org\",\"@graph\":[{\"@type\":\"Article\",\"@id\":\"https:\/\/www.pm.pb.gov.br\/portal\/2021\/12\/03\/governador-joao-azevedo-prestigia-formatura-de-novos-aspirantes-a-oficial-da-policia-militar-e-do-corpo-de-bombeiros\/#article\",\"isPartOf\":{\"@id\":\"https:\/\/www.pm.pb.gov.br\/portal\/2021\/12\/03\/governador-joao-azevedo-prestigia-formatura-de-novos-aspirantes-a-oficial-da-policia-militar-e-do-corpo-de-bombeiros\/\"},\"author\":{\"name\":\"Tarcisio Oliveira\",\"@id\":\"https:\/\/www.pm.pb.gov.br\/portal\/#\/schema\/person\/f84f56dcc78ce4357054da888b8247fd\"},\"headline\":\"Governador Jo\u00e3o Azev\u00eado prestigia formatura de novos aspirantes a oficial da Pol\u00edcia Militar e do Corpo de Bombeiros\",\"datePublished\":\"2021-12-03T16:26:33+00:00\",\"dateModified\":\"2021-12-03T16:26:35+00:00\",\"mainEntityOfPage\":{\"@id\":\"https:\/\/www.pm.pb.gov.br\/portal\/2021\/12\/03\/governador-joao-azevedo-prestigia-formatura-de-novos-aspirantes-a-oficial-da-policia-militar-e-do-corpo-de-bombeiros\/\"},\"wordCount\":937,\"publisher\":{\"@id\":\"https:\/\/www.pm.pb.gov.br\/portal\/#organization\"},\"articleSection\":[\"Eventos\"],\"inLanguage\":\"pt-BR\"},{\"@type\":\"WebPage\",\"@id\":\"https:\/\/www.pm.pb.gov.br\/portal\/2021\/12\/03\/governador-joao-azevedo-prestigia-formatura-de-novos-aspirantes-a-oficial-da-policia-militar-e-do-corpo-de-bombeiros\/\",\"url\":\"https:\/\/www.pm.pb.gov.br\/portal\/2021\/12\/03\/governador-joao-azevedo-prestigia-formatura-de-novos-aspirantes-a-oficial-da-policia-militar-e-do-corpo-de-bombeiros\/\",\"name\":\"Governador Jo\u00e3o Azev\u00eado prestigia formatura de novos aspirantes a oficial da Pol\u00edcia Militar e do Corpo de Bombeiros - Pol\u00edcia Militar da Para\u00edba\",\"isPartOf\":{\"@id\":\"https:\/\/www.pm.pb.gov.br\/portal\/#website\"},\"datePublished\":\"2021-12-03T16:26:33+00:00\",\"dateModified\":\"2021-12-03T16:26:35+00:00\",\"breadcrumb\":{\"@id\":\"https:\/\/www.pm.pb.gov.br\/portal\/2021\/12\/03\/governador-joao-azevedo-prestigia-formatura-de-novos-aspirantes-a-oficial-da-policia-militar-e-do-corpo-de-bombeiros\/#breadcrumb\"},\"inLanguage\":\"pt-BR\",\"potentialAction\":[{\"@type\":\"ReadAction\",\"target\":[\"https:\/\/www.pm.pb.gov.br\/portal\/2021\/12\/03\/governador-joao-azevedo-prestigia-formatura-de-novos-aspirantes-a-oficial-da-policia-militar-e-do-corpo-de-bombeiros\/\"]}]},{\"@type\":\"BreadcrumbList\",\"@id\":\"https:\/\/www.pm.pb.gov.br\/portal\/2021\/12\/03\/governador-joao-azevedo-prestigia-formatura-de-novos-aspirantes-a-oficial-da-policia-militar-e-do-corpo-de-bombeiros\/#breadcrumb\",\"itemListElement\":[{\"@type\":\"ListItem\",\"position\":1,\"name\":\"In\u00edcio\",\"item\":\"https:\/\/www.pm.pb.gov.br\/portal\/\"},{\"@type\":\"ListItem\",\"position\":2,\"name\":\"Governador Jo\u00e3o Azev\u00eado prestigia formatura de novos aspirantes a oficial da Pol\u00edcia Militar e do Corpo de Bombeiros\"}]},{\"@type\":\"WebSite\",\"@id\":\"https:\/\/www.pm.pb.gov.br\/portal\/#website\",\"url\":\"https:\/\/www.pm.pb.gov.br\/portal\/\",\"name\":\"Pol\u00edcia Militar da Para\u00edba\",\"description\":\"\",\"publisher\":{\"@id\":\"https:\/\/www.pm.pb.gov.br\/portal\/#organization\"},\"potentialAction\":[{\"@type\":\"SearchAction\",\"target\":{\"@type\":\"EntryPoint\",\"urlTemplate\":\"https:\/\/www.pm.pb.gov.br\/portal\/?s={search_term_string}\"},\"query-input\":\"required name=search_term_string\"}],\"inLanguage\":\"pt-BR\"},{\"@type\":\"Organization\",\"@id\":\"https:\/\/www.pm.pb.gov.br\/portal\/#organization\",\"name\":\"Pol\u00edcia Militar da Para\u00edba\",\"url\":\"https:\/\/www.pm.pb.gov.br\/portal\/\",\"logo\":{\"@type\":\"ImageObject\",\"inLanguage\":\"pt-BR\",\"@id\":\"https:\/\/www.pm.pb.gov.br\/portal\/#\/schema\/logo\/image\/\",\"url\":\"https:\/\/www.pm.pb.gov.br\/portal\/wp-content\/uploads\/2025\/03\/cropped-logo-site-mag2-1.png\",\"contentUrl\":\"https:\/\/www.pm.pb.gov.br\/portal\/wp-content\/uploads\/2025\/03\/cropped-logo-site-mag2-1.png\",\"width\":320,\"height\":90,\"caption\":\"Pol\u00edcia Militar da Para\u00edba\"},\"image\":{\"@id\":\"https:\/\/www.pm.pb.gov.br\/portal\/#\/schema\/logo\/image\/\"}},{\"@type\":\"Person\",\"@id\":\"https:\/\/www.pm.pb.gov.br\/portal\/#\/schema\/person\/f84f56dcc78ce4357054da888b8247fd\",\"name\":\"Tarcisio Oliveira\",\"image\":{\"@type\":\"ImageObject\",\"inLanguage\":\"pt-BR\",\"@id\":\"https:\/\/www.pm.pb.gov.br\/portal\/#\/schema\/person\/image\/\",\"url\":\"https:\/\/secure.gravatar.com\/avatar\/72917b630b69d31cd0297507f34bac97?s=96&d=mm&r=g\",\"contentUrl\":\"https:\/\/secure.gravatar.com\/avatar\/72917b630b69d31cd0297507f34bac97?s=96&d=mm&r=g\",\"caption\":\"Tarcisio Oliveira\"},\"url\":\"https:\/\/www.pm.pb.gov.br\/portal\/author\/tarcisio\/\"}]}<\/script>\n<!-- \/ Yoast SEO plugin. -->","yoast_head_json":{"title":"Governador Jo\u00e3o Azev\u00eado prestigia formatura de novos aspirantes a oficial da Pol\u00edcia Militar e do Corpo de Bombeiros - Pol\u00edcia Militar da Para\u00edba","robots":{"index":"index","follow":"follow","max-snippet":"max-snippet:-1","max-image-preview":"max-image-preview:large","max-video-preview":"max-video-preview:-1"},"canonical":"https:\/\/www.pm.pb.gov.br\/portal\/2021\/12\/03\/governador-joao-azevedo-prestigia-formatura-de-novos-aspirantes-a-oficial-da-policia-militar-e-do-corpo-de-bombeiros\/","og_locale":"pt_BR","og_type":"article","og_title":"Governador Jo\u00e3o Azev\u00eado prestigia formatura de novos aspirantes a oficial da Pol\u00edcia Militar e do Corpo de Bombeiros - Pol\u00edcia Militar da Para\u00edba","og_description":"O governador Jo\u00e3o Azev\u00eado participou, nesta quinta-feira (2), no Centro de Educa\u00e7\u00e3o da Pol\u00edcia Militar da Para\u00edba, em Jo\u00e3o Pessoa,","og_url":"https:\/\/www.pm.pb.gov.br\/portal\/2021\/12\/03\/governador-joao-azevedo-prestigia-formatura-de-novos-aspirantes-a-oficial-da-policia-militar-e-do-corpo-de-bombeiros\/","og_site_name":"Pol\u00edcia Militar da Para\u00edba","article_published_time":"2021-12-03T16:26:33+00:00","article_modified_time":"2021-12-03T16:26:35+00:00","og_image":[{"width":1475,"height":886,"url":"https:\/\/www.pm.pb.gov.br\/portal\/wp-content\/uploads\/2021\/12\/cfo2021.jpg","type":"image\/jpeg"}],"author":"Tarcisio Oliveira","twitter_card":"summary_large_image","twitter_misc":{"Escrito por":"Tarcisio Oliveira","Est. tempo de leitura":"4 minutos"},"schema":{"@context":"https:\/\/schema.org","@graph":[{"@type":"Article","@id":"https:\/\/www.pm.pb.gov.br\/portal\/2021\/12\/03\/governador-joao-azevedo-prestigia-formatura-de-novos-aspirantes-a-oficial-da-policia-militar-e-do-corpo-de-bombeiros\/#article","isPartOf":{"@id":"https:\/\/www.pm.pb.gov.br\/portal\/2021\/12\/03\/governador-joao-azevedo-prestigia-formatura-de-novos-aspirantes-a-oficial-da-policia-militar-e-do-corpo-de-bombeiros\/"},"author":{"name":"Tarcisio Oliveira","@id":"https:\/\/www.pm.pb.gov.br\/portal\/#\/schema\/person\/f84f56dcc78ce4357054da888b8247fd"},"headline":"Governador Jo\u00e3o Azev\u00eado prestigia formatura de novos aspirantes a oficial da Pol\u00edcia Militar e do Corpo de Bombeiros","datePublished":"2021-12-03T16:26:33+00:00","dateModified":"2021-12-03T16:26:35+00:00","mainEntityOfPage":{"@id":"https:\/\/www.pm.pb.gov.br\/portal\/2021\/12\/03\/governador-joao-azevedo-prestigia-formatura-de-novos-aspirantes-a-oficial-da-policia-militar-e-do-corpo-de-bombeiros\/"},"wordCount":937,"publisher":{"@id":"https:\/\/www.pm.pb.gov.br\/portal\/#organization"},"articleSection":["Eventos"],"inLanguage":"pt-BR"},{"@type":"WebPage","@id":"https:\/\/www.pm.pb.gov.br\/portal\/2021\/12\/03\/governador-joao-azevedo-prestigia-formatura-de-novos-aspirantes-a-oficial-da-policia-militar-e-do-corpo-de-bombeiros\/","url":"https:\/\/www.pm.pb.gov.br\/portal\/2021\/12\/03\/governador-joao-azevedo-prestigia-formatura-de-novos-aspirantes-a-oficial-da-policia-militar-e-do-corpo-de-bombeiros\/","name":"Governador Jo\u00e3o Azev\u00eado prestigia formatura de novos aspirantes a oficial da Pol\u00edcia Militar e do Corpo de Bombeiros - Pol\u00edcia Militar da Para\u00edba","isPartOf":{"@id":"https:\/\/www.pm.pb.gov.br\/portal\/#website"},"datePublished":"2021-12-03T16:26:33+00:00","dateModified":"2021-12-03T16:26:35+00:00","breadcrumb":{"@id":"https:\/\/www.pm.pb.gov.br\/portal\/2021\/12\/03\/governador-joao-azevedo-prestigia-formatura-de-novos-aspirantes-a-oficial-da-policia-militar-e-do-corpo-de-bombeiros\/#breadcrumb"},"inLanguage":"pt-BR","potentialAction":[{"@type":"ReadAction","target":["https:\/\/www.pm.pb.gov.br\/portal\/2021\/12\/03\/governador-joao-azevedo-prestigia-formatura-de-novos-aspirantes-a-oficial-da-policia-militar-e-do-corpo-de-bombeiros\/"]}]},{"@type":"BreadcrumbList","@id":"https:\/\/www.pm.pb.gov.br\/portal\/2021\/12\/03\/governador-joao-azevedo-prestigia-formatura-de-novos-aspirantes-a-oficial-da-policia-militar-e-do-corpo-de-bombeiros\/#breadcrumb","itemListElement":[{"@type":"ListItem","position":1,"name":"In\u00edcio","item":"https:\/\/www.pm.pb.gov.br\/portal\/"},{"@type":"ListItem","position":2,"name":"Governador Jo\u00e3o Azev\u00eado prestigia formatura de novos aspirantes a oficial da Pol\u00edcia Militar e do Corpo de Bombeiros"}]},{"@type":"WebSite","@id":"https:\/\/www.pm.pb.gov.br\/portal\/#website","url":"https:\/\/www.pm.pb.gov.br\/portal\/","name":"Pol\u00edcia Militar da Para\u00edba","description":"","publisher":{"@id":"https:\/\/www.pm.pb.gov.br\/portal\/#organization"},"potentialAction":[{"@type":"SearchAction","target":{"@type":"EntryPoint","urlTemplate":"https:\/\/www.pm.pb.gov.br\/portal\/?s={search_term_string}"},"query-input":"required name=search_term_string"}],"inLanguage":"pt-BR"},{"@type":"Organization","@id":"https:\/\/www.pm.pb.gov.br\/portal\/#organization","name":"Pol\u00edcia Militar da Para\u00edba","url":"https:\/\/www.pm.pb.gov.br\/portal\/","logo":{"@type":"ImageObject","inLanguage":"pt-BR","@id":"https:\/\/www.pm.pb.gov.br\/portal\/#\/schema\/logo\/image\/","url":"https:\/\/www.pm.pb.gov.br\/portal\/wp-content\/uploads\/2025\/03\/cropped-logo-site-mag2-1.png","contentUrl":"https:\/\/www.pm.pb.gov.br\/portal\/wp-content\/uploads\/2025\/03\/cropped-logo-site-mag2-1.png","width":320,"height":90,"caption":"Pol\u00edcia Militar da Para\u00edba"},"image":{"@id":"https:\/\/www.pm.pb.gov.br\/portal\/#\/schema\/logo\/image\/"}},{"@type":"Person","@id":"https:\/\/www.pm.pb.gov.br\/portal\/#\/schema\/person\/f84f56dcc78ce4357054da888b8247fd","name":"Tarcisio Oliveira","image":{"@type":"ImageObject","inLanguage":"pt-BR","@id":"https:\/\/www.pm.pb.gov.br\/portal\/#\/schema\/person\/image\/","url":"https:\/\/secure.gravatar.com\/avatar\/72917b630b69d31cd0297507f34bac97?s=96&d=mm&r=g","contentUrl":"https:\/\/secure.gravatar.com\/avatar\/72917b630b69d31cd0297507f34bac97?s=96&d=mm&r=g","caption":"Tarcisio Oliveira"},"url":"https:\/\/www.pm.pb.gov.br\/portal\/author\/tarcisio\/"}]}},"_links":{"self":[{"href":"https:\/\/www.pm.pb.gov.br\/portal\/wp-json\/wp\/v2\/posts\/913251"}],"collection":[{"href":"https:\/\/www.pm.pb.gov.br\/portal\/wp-json\/wp\/v2\/posts"}],"about":[{"href":"https:\/\/www.pm.pb.gov.br\/portal\/wp-json\/wp\/v2\/types\/post"}],"author":[{"embeddable":true,"href":"https:\/\/www.pm.pb.gov.br\/portal\/wp-json\/wp\/v2\/users\/12"}],"replies":[{"embeddable":true,"href":"https:\/\/www.pm.pb.gov.br\/portal\/wp-json\/wp\/v2\/comments?post=913251"}],"version-history":[{"count":1,"href":"https:\/\/www.pm.pb.gov.br\/portal\/wp-json\/wp\/v2\/posts\/913251\/revisions"}],"predecessor-version":[{"id":913255,"href":"https:\/\/www.pm.pb.gov.br\/portal\/wp-json\/wp\/v2\/posts\/913251\/revisions\/913255"}],"wp:featuredmedia":[{"embeddable":true,"href":"https:\/\/www.pm.pb.gov.br\/portal\/wp-json\/wp\/v2\/media\/913252"}],"wp:attachment":[{"href":"https:\/\/www.pm.pb.gov.br\/portal\/wp-json\/wp\/v2\/media?parent=913251"}],"wp:term":[{"taxonomy":"category","embeddable":true,"href":"https:\/\/www.pm.pb.gov.br\/portal\/wp-json\/wp\/v2\/categories?post=913251"},{"taxonomy":"post_tag","embeddable":true,"href":"https:\/\/www.pm.pb.gov.br\/portal\/wp-json\/wp\/v2\/tags?post=913251"}],"curies":[{"name":"wp","href":"https:\/\/api.w.org\/{rel}","templated":true}]}}