{"id":913212,"date":"2021-11-25T20:29:00","date_gmt":"2021-11-25T23:29:00","guid":{"rendered":"https:\/\/www.pm.pb.gov.br\/portal\/?p=913212"},"modified":"2021-11-26T13:34:51","modified_gmt":"2021-11-26T16:34:51","slug":"formatura-encerra-curso-de-habilitacao-de-oficiais-2021-nesta-quinta-feira-25","status":"publish","type":"post","link":"https:\/\/www.pm.pb.gov.br\/portal\/2021\/11\/25\/formatura-encerra-curso-de-habilitacao-de-oficiais-2021-nesta-quinta-feira-25\/","title":{"rendered":"Formatura encerra Curso de Habilita\u00e7\u00e3o de Oficiais 2021 nesta quinta-feira (25)"},"content":{"rendered":"\n<p>O comandante-geral da Pol\u00edcia Militar da Para\u00edba, o coronel Euller Chaves, participou, na tarde desta quinta-feira (25), da solenidade de conclus\u00e3o do Curso de Habilita\u00e7\u00e3o de Oficiais (CHO) 2021. A ocasi\u00e3o, que aconteceu no Centro de Educa\u00e7\u00e3o da PMPB em Jo\u00e3o Pessoa, contou com a presen\u00e7a do alto comando da institui\u00e7\u00e3o, do secret\u00e1rio executivo de Seguran\u00e7a e Defesa Social, coronel Lamark Donato, al\u00e9m de familiares dos novos oficiais.<\/p>\n<p><img loading=\"lazy\" decoding=\"async\" class=\" wp-image-913213 aligncenter\" src=\"http:\/\/www.pm.pb.gov.br\/portal\/wp-content\/uploads\/2021\/11\/WhatsApp-Image-2021-11-25-at-22.28.09-1-668x445.jpeg\" alt=\"\" width=\"636\" height=\"424\" srcset=\"https:\/\/www.pm.pb.gov.br\/portal\/wp-content\/uploads\/2021\/11\/WhatsApp-Image-2021-11-25-at-22.28.09-1-668x445.jpeg 668w, https:\/\/www.pm.pb.gov.br\/portal\/wp-content\/uploads\/2021\/11\/WhatsApp-Image-2021-11-25-at-22.28.09-1-855x570.jpeg 855w, https:\/\/www.pm.pb.gov.br\/portal\/wp-content\/uploads\/2021\/11\/WhatsApp-Image-2021-11-25-at-22.28.09-1-768x512.jpeg 768w, https:\/\/www.pm.pb.gov.br\/portal\/wp-content\/uploads\/2021\/11\/WhatsApp-Image-2021-11-25-at-22.28.09-1-272x182.jpeg 272w, https:\/\/www.pm.pb.gov.br\/portal\/wp-content\/uploads\/2021\/11\/WhatsApp-Image-2021-11-25-at-22.28.09-1.jpeg 1280w\" sizes=\"(max-width: 636px) 100vw, 636px\" \/><\/p>\n<p>Esta \u00e9 a 14\u00aa turma formada no CHO, que entregou hoje 30 militares habilitados a ascenderem ao Quadro de Oficiais Administrativos (QOA) da corpora\u00e7\u00e3o. Os policiais subtenentes e 1\u00ba sargentos passaram por 875 horas-aulas durante o Curso. Ainda durante a ocasi\u00e3o, foi entregue a Medalha do M\u00e9rito Acad\u00eamico \u201cCel Ademar Naziazene\u201d ao primeiro colocado do Curso, o 2\u00ba tenente Alexsandro Silva Pereira.<\/p>\n<p>\u201cEssa \u00e9 uma vit\u00f3ria de cada um dos senhores e das senhoras, que representam a ess\u00eancia do proteger e do servir, que lutaram e que renunciaram aos seus lares, mas que venceram\u201d, disse o comandante-geral parabenizando os novos oficiais. A 14\u00aa turma do CHO leva os nomes dos Subtenentes Valdery Ben\u00edcio de S\u00e1 e Edgley de Queiroga Ara\u00fajo, ambos <em>In Memoriam<\/em>.<\/p>\n<p><img loading=\"lazy\" decoding=\"async\" class=\" wp-image-913214 aligncenter\" src=\"http:\/\/www.pm.pb.gov.br\/portal\/wp-content\/uploads\/2021\/11\/WhatsApp-Image-2021-11-25-at-22.28.09-2-668x445.jpeg\" alt=\"\" width=\"615\" height=\"410\" srcset=\"https:\/\/www.pm.pb.gov.br\/portal\/wp-content\/uploads\/2021\/11\/WhatsApp-Image-2021-11-25-at-22.28.09-2-668x445.jpeg 668w, https:\/\/www.pm.pb.gov.br\/portal\/wp-content\/uploads\/2021\/11\/WhatsApp-Image-2021-11-25-at-22.28.09-2-855x570.jpeg 855w, https:\/\/www.pm.pb.gov.br\/portal\/wp-content\/uploads\/2021\/11\/WhatsApp-Image-2021-11-25-at-22.28.09-2-768x512.jpeg 768w, https:\/\/www.pm.pb.gov.br\/portal\/wp-content\/uploads\/2021\/11\/WhatsApp-Image-2021-11-25-at-22.28.09-2-272x182.jpeg 272w, https:\/\/www.pm.pb.gov.br\/portal\/wp-content\/uploads\/2021\/11\/WhatsApp-Image-2021-11-25-at-22.28.09-2.jpeg 1280w\" sizes=\"(max-width: 615px) 100vw, 615px\" \/><\/p>\n","protected":false},"excerpt":{"rendered":"<p>O comandante-geral da Pol\u00edcia Militar da Para\u00edba, o coronel Euller Chaves, participou, na tarde desta quinta-feira (25), da solenidade de<\/p>\n","protected":false},"author":12,"featured_media":913215,"comment_status":"closed","ping_status":"closed","sticky":false,"template":"","format":"standard","meta":{"_exactmetrics_skip_tracking":false,"_exactmetrics_sitenote_active":false,"_exactmetrics_sitenote_note":"","_exactmetrics_sitenote_category":0,"footnotes":""},"categories":[6],"tags":[],"yoast_head":"<!-- This site is optimized with the Yoast SEO plugin v22.0 - https:\/\/yoast.com\/wordpress\/plugins\/seo\/ -->\n<title>Formatura encerra Curso de Habilita\u00e7\u00e3o de Oficiais 2021 nesta quinta-feira (25) - Pol\u00edcia Militar da Para\u00edba<\/title>\n<meta name=\"robots\" content=\"index, follow, max-snippet:-1, max-image-preview:large, max-video-preview:-1\" \/>\n<link rel=\"canonical\" href=\"https:\/\/www.pm.pb.gov.br\/portal\/2021\/11\/25\/formatura-encerra-curso-de-habilitacao-de-oficiais-2021-nesta-quinta-feira-25\/\" \/>\n<meta property=\"og:locale\" content=\"pt_BR\" \/>\n<meta property=\"og:type\" content=\"article\" \/>\n<meta property=\"og:title\" content=\"Formatura encerra Curso de Habilita\u00e7\u00e3o de Oficiais 2021 nesta quinta-feira (25) - Pol\u00edcia Militar da Para\u00edba\" \/>\n<meta property=\"og:description\" content=\"O comandante-geral da Pol\u00edcia Militar da Para\u00edba, o coronel Euller Chaves, participou, na tarde desta quinta-feira (25), da solenidade de\" \/>\n<meta property=\"og:url\" content=\"https:\/\/www.pm.pb.gov.br\/portal\/2021\/11\/25\/formatura-encerra-curso-de-habilitacao-de-oficiais-2021-nesta-quinta-feira-25\/\" \/>\n<meta property=\"og:site_name\" content=\"Pol\u00edcia Militar da Para\u00edba\" \/>\n<meta property=\"article:published_time\" content=\"2021-11-25T23:29:00+00:00\" \/>\n<meta property=\"article:modified_time\" content=\"2021-11-26T16:34:51+00:00\" \/>\n<meta property=\"og:image\" content=\"https:\/\/www.pm.pb.gov.br\/portal\/wp-content\/uploads\/2021\/11\/WhatsApp-Image-2021-11-25-at-22.28.09.jpeg\" \/>\n\t<meta property=\"og:image:width\" content=\"1280\" \/>\n\t<meta property=\"og:image:height\" content=\"853\" \/>\n\t<meta property=\"og:image:type\" content=\"image\/jpeg\" \/>\n<meta name=\"author\" content=\"Tarcisio Oliveira\" \/>\n<meta name=\"twitter:card\" content=\"summary_large_image\" \/>\n<meta name=\"twitter:label1\" content=\"Escrito por\" \/>\n\t<meta name=\"twitter:data1\" content=\"Tarcisio Oliveira\" \/>\n\t<meta name=\"twitter:label2\" content=\"Est. tempo de leitura\" \/>\n\t<meta name=\"twitter:data2\" content=\"2 minutos\" \/>\n<script type=\"application\/ld+json\" class=\"yoast-schema-graph\">{\"@context\":\"https:\/\/schema.org\",\"@graph\":[{\"@type\":\"Article\",\"@id\":\"https:\/\/www.pm.pb.gov.br\/portal\/2021\/11\/25\/formatura-encerra-curso-de-habilitacao-de-oficiais-2021-nesta-quinta-feira-25\/#article\",\"isPartOf\":{\"@id\":\"https:\/\/www.pm.pb.gov.br\/portal\/2021\/11\/25\/formatura-encerra-curso-de-habilitacao-de-oficiais-2021-nesta-quinta-feira-25\/\"},\"author\":{\"name\":\"Tarcisio Oliveira\",\"@id\":\"https:\/\/www.pm.pb.gov.br\/portal\/#\/schema\/person\/f84f56dcc78ce4357054da888b8247fd\"},\"headline\":\"Formatura encerra Curso de Habilita\u00e7\u00e3o de Oficiais 2021 nesta quinta-feira (25)\",\"datePublished\":\"2021-11-25T23:29:00+00:00\",\"dateModified\":\"2021-11-26T16:34:51+00:00\",\"mainEntityOfPage\":{\"@id\":\"https:\/\/www.pm.pb.gov.br\/portal\/2021\/11\/25\/formatura-encerra-curso-de-habilitacao-de-oficiais-2021-nesta-quinta-feira-25\/\"},\"wordCount\":211,\"publisher\":{\"@id\":\"https:\/\/www.pm.pb.gov.br\/portal\/#organization\"},\"articleSection\":[\"Cursos\"],\"inLanguage\":\"pt-BR\"},{\"@type\":\"WebPage\",\"@id\":\"https:\/\/www.pm.pb.gov.br\/portal\/2021\/11\/25\/formatura-encerra-curso-de-habilitacao-de-oficiais-2021-nesta-quinta-feira-25\/\",\"url\":\"https:\/\/www.pm.pb.gov.br\/portal\/2021\/11\/25\/formatura-encerra-curso-de-habilitacao-de-oficiais-2021-nesta-quinta-feira-25\/\",\"name\":\"Formatura encerra Curso de Habilita\u00e7\u00e3o de Oficiais 2021 nesta quinta-feira (25) - Pol\u00edcia Militar da Para\u00edba\",\"isPartOf\":{\"@id\":\"https:\/\/www.pm.pb.gov.br\/portal\/#website\"},\"datePublished\":\"2021-11-25T23:29:00+00:00\",\"dateModified\":\"2021-11-26T16:34:51+00:00\",\"breadcrumb\":{\"@id\":\"https:\/\/www.pm.pb.gov.br\/portal\/2021\/11\/25\/formatura-encerra-curso-de-habilitacao-de-oficiais-2021-nesta-quinta-feira-25\/#breadcrumb\"},\"inLanguage\":\"pt-BR\",\"potentialAction\":[{\"@type\":\"ReadAction\",\"target\":[\"https:\/\/www.pm.pb.gov.br\/portal\/2021\/11\/25\/formatura-encerra-curso-de-habilitacao-de-oficiais-2021-nesta-quinta-feira-25\/\"]}]},{\"@type\":\"BreadcrumbList\",\"@id\":\"https:\/\/www.pm.pb.gov.br\/portal\/2021\/11\/25\/formatura-encerra-curso-de-habilitacao-de-oficiais-2021-nesta-quinta-feira-25\/#breadcrumb\",\"itemListElement\":[{\"@type\":\"ListItem\",\"position\":1,\"name\":\"In\u00edcio\",\"item\":\"https:\/\/www.pm.pb.gov.br\/portal\/\"},{\"@type\":\"ListItem\",\"position\":2,\"name\":\"Formatura encerra Curso de Habilita\u00e7\u00e3o de Oficiais 2021 nesta quinta-feira (25)\"}]},{\"@type\":\"WebSite\",\"@id\":\"https:\/\/www.pm.pb.gov.br\/portal\/#website\",\"url\":\"https:\/\/www.pm.pb.gov.br\/portal\/\",\"name\":\"Pol\u00edcia Militar da Para\u00edba\",\"description\":\"\",\"publisher\":{\"@id\":\"https:\/\/www.pm.pb.gov.br\/portal\/#organization\"},\"potentialAction\":[{\"@type\":\"SearchAction\",\"target\":{\"@type\":\"EntryPoint\",\"urlTemplate\":\"https:\/\/www.pm.pb.gov.br\/portal\/?s={search_term_string}\"},\"query-input\":\"required name=search_term_string\"}],\"inLanguage\":\"pt-BR\"},{\"@type\":\"Organization\",\"@id\":\"https:\/\/www.pm.pb.gov.br\/portal\/#organization\",\"name\":\"Pol\u00edcia Militar da Para\u00edba\",\"url\":\"https:\/\/www.pm.pb.gov.br\/portal\/\",\"logo\":{\"@type\":\"ImageObject\",\"inLanguage\":\"pt-BR\",\"@id\":\"https:\/\/www.pm.pb.gov.br\/portal\/#\/schema\/logo\/image\/\",\"url\":\"https:\/\/www.pm.pb.gov.br\/portal\/wp-content\/uploads\/2025\/03\/cropped-logo-site-mag2-1.png\",\"contentUrl\":\"https:\/\/www.pm.pb.gov.br\/portal\/wp-content\/uploads\/2025\/03\/cropped-logo-site-mag2-1.png\",\"width\":320,\"height\":90,\"caption\":\"Pol\u00edcia Militar da Para\u00edba\"},\"image\":{\"@id\":\"https:\/\/www.pm.pb.gov.br\/portal\/#\/schema\/logo\/image\/\"}},{\"@type\":\"Person\",\"@id\":\"https:\/\/www.pm.pb.gov.br\/portal\/#\/schema\/person\/f84f56dcc78ce4357054da888b8247fd\",\"name\":\"Tarcisio Oliveira\",\"image\":{\"@type\":\"ImageObject\",\"inLanguage\":\"pt-BR\",\"@id\":\"https:\/\/www.pm.pb.gov.br\/portal\/#\/schema\/person\/image\/\",\"url\":\"https:\/\/secure.gravatar.com\/avatar\/72917b630b69d31cd0297507f34bac97?s=96&d=mm&r=g\",\"contentUrl\":\"https:\/\/secure.gravatar.com\/avatar\/72917b630b69d31cd0297507f34bac97?s=96&d=mm&r=g\",\"caption\":\"Tarcisio Oliveira\"},\"url\":\"https:\/\/www.pm.pb.gov.br\/portal\/author\/tarcisio\/\"}]}<\/script>\n<!-- \/ Yoast SEO plugin. -->","yoast_head_json":{"title":"Formatura encerra Curso de Habilita\u00e7\u00e3o de Oficiais 2021 nesta quinta-feira (25) - Pol\u00edcia Militar da Para\u00edba","robots":{"index":"index","follow":"follow","max-snippet":"max-snippet:-1","max-image-preview":"max-image-preview:large","max-video-preview":"max-video-preview:-1"},"canonical":"https:\/\/www.pm.pb.gov.br\/portal\/2021\/11\/25\/formatura-encerra-curso-de-habilitacao-de-oficiais-2021-nesta-quinta-feira-25\/","og_locale":"pt_BR","og_type":"article","og_title":"Formatura encerra Curso de Habilita\u00e7\u00e3o de Oficiais 2021 nesta quinta-feira (25) - Pol\u00edcia Militar da Para\u00edba","og_description":"O comandante-geral da Pol\u00edcia Militar da Para\u00edba, o coronel Euller Chaves, participou, na tarde desta quinta-feira (25), da solenidade de","og_url":"https:\/\/www.pm.pb.gov.br\/portal\/2021\/11\/25\/formatura-encerra-curso-de-habilitacao-de-oficiais-2021-nesta-quinta-feira-25\/","og_site_name":"Pol\u00edcia Militar da Para\u00edba","article_published_time":"2021-11-25T23:29:00+00:00","article_modified_time":"2021-11-26T16:34:51+00:00","og_image":[{"width":1280,"height":853,"url":"https:\/\/www.pm.pb.gov.br\/portal\/wp-content\/uploads\/2021\/11\/WhatsApp-Image-2021-11-25-at-22.28.09.jpeg","type":"image\/jpeg"}],"author":"Tarcisio Oliveira","twitter_card":"summary_large_image","twitter_misc":{"Escrito por":"Tarcisio Oliveira","Est. tempo de leitura":"2 minutos"},"schema":{"@context":"https:\/\/schema.org","@graph":[{"@type":"Article","@id":"https:\/\/www.pm.pb.gov.br\/portal\/2021\/11\/25\/formatura-encerra-curso-de-habilitacao-de-oficiais-2021-nesta-quinta-feira-25\/#article","isPartOf":{"@id":"https:\/\/www.pm.pb.gov.br\/portal\/2021\/11\/25\/formatura-encerra-curso-de-habilitacao-de-oficiais-2021-nesta-quinta-feira-25\/"},"author":{"name":"Tarcisio Oliveira","@id":"https:\/\/www.pm.pb.gov.br\/portal\/#\/schema\/person\/f84f56dcc78ce4357054da888b8247fd"},"headline":"Formatura encerra Curso de Habilita\u00e7\u00e3o de Oficiais 2021 nesta quinta-feira (25)","datePublished":"2021-11-25T23:29:00+00:00","dateModified":"2021-11-26T16:34:51+00:00","mainEntityOfPage":{"@id":"https:\/\/www.pm.pb.gov.br\/portal\/2021\/11\/25\/formatura-encerra-curso-de-habilitacao-de-oficiais-2021-nesta-quinta-feira-25\/"},"wordCount":211,"publisher":{"@id":"https:\/\/www.pm.pb.gov.br\/portal\/#organization"},"articleSection":["Cursos"],"inLanguage":"pt-BR"},{"@type":"WebPage","@id":"https:\/\/www.pm.pb.gov.br\/portal\/2021\/11\/25\/formatura-encerra-curso-de-habilitacao-de-oficiais-2021-nesta-quinta-feira-25\/","url":"https:\/\/www.pm.pb.gov.br\/portal\/2021\/11\/25\/formatura-encerra-curso-de-habilitacao-de-oficiais-2021-nesta-quinta-feira-25\/","name":"Formatura encerra Curso de Habilita\u00e7\u00e3o de Oficiais 2021 nesta quinta-feira (25) - Pol\u00edcia Militar da Para\u00edba","isPartOf":{"@id":"https:\/\/www.pm.pb.gov.br\/portal\/#website"},"datePublished":"2021-11-25T23:29:00+00:00","dateModified":"2021-11-26T16:34:51+00:00","breadcrumb":{"@id":"https:\/\/www.pm.pb.gov.br\/portal\/2021\/11\/25\/formatura-encerra-curso-de-habilitacao-de-oficiais-2021-nesta-quinta-feira-25\/#breadcrumb"},"inLanguage":"pt-BR","potentialAction":[{"@type":"ReadAction","target":["https:\/\/www.pm.pb.gov.br\/portal\/2021\/11\/25\/formatura-encerra-curso-de-habilitacao-de-oficiais-2021-nesta-quinta-feira-25\/"]}]},{"@type":"BreadcrumbList","@id":"https:\/\/www.pm.pb.gov.br\/portal\/2021\/11\/25\/formatura-encerra-curso-de-habilitacao-de-oficiais-2021-nesta-quinta-feira-25\/#breadcrumb","itemListElement":[{"@type":"ListItem","position":1,"name":"In\u00edcio","item":"https:\/\/www.pm.pb.gov.br\/portal\/"},{"@type":"ListItem","position":2,"name":"Formatura encerra Curso de Habilita\u00e7\u00e3o de Oficiais 2021 nesta quinta-feira (25)"}]},{"@type":"WebSite","@id":"https:\/\/www.pm.pb.gov.br\/portal\/#website","url":"https:\/\/www.pm.pb.gov.br\/portal\/","name":"Pol\u00edcia Militar da Para\u00edba","description":"","publisher":{"@id":"https:\/\/www.pm.pb.gov.br\/portal\/#organization"},"potentialAction":[{"@type":"SearchAction","target":{"@type":"EntryPoint","urlTemplate":"https:\/\/www.pm.pb.gov.br\/portal\/?s={search_term_string}"},"query-input":"required name=search_term_string"}],"inLanguage":"pt-BR"},{"@type":"Organization","@id":"https:\/\/www.pm.pb.gov.br\/portal\/#organization","name":"Pol\u00edcia Militar da Para\u00edba","url":"https:\/\/www.pm.pb.gov.br\/portal\/","logo":{"@type":"ImageObject","inLanguage":"pt-BR","@id":"https:\/\/www.pm.pb.gov.br\/portal\/#\/schema\/logo\/image\/","url":"https:\/\/www.pm.pb.gov.br\/portal\/wp-content\/uploads\/2025\/03\/cropped-logo-site-mag2-1.png","contentUrl":"https:\/\/www.pm.pb.gov.br\/portal\/wp-content\/uploads\/2025\/03\/cropped-logo-site-mag2-1.png","width":320,"height":90,"caption":"Pol\u00edcia Militar da Para\u00edba"},"image":{"@id":"https:\/\/www.pm.pb.gov.br\/portal\/#\/schema\/logo\/image\/"}},{"@type":"Person","@id":"https:\/\/www.pm.pb.gov.br\/portal\/#\/schema\/person\/f84f56dcc78ce4357054da888b8247fd","name":"Tarcisio Oliveira","image":{"@type":"ImageObject","inLanguage":"pt-BR","@id":"https:\/\/www.pm.pb.gov.br\/portal\/#\/schema\/person\/image\/","url":"https:\/\/secure.gravatar.com\/avatar\/72917b630b69d31cd0297507f34bac97?s=96&d=mm&r=g","contentUrl":"https:\/\/secure.gravatar.com\/avatar\/72917b630b69d31cd0297507f34bac97?s=96&d=mm&r=g","caption":"Tarcisio Oliveira"},"url":"https:\/\/www.pm.pb.gov.br\/portal\/author\/tarcisio\/"}]}},"_links":{"self":[{"href":"https:\/\/www.pm.pb.gov.br\/portal\/wp-json\/wp\/v2\/posts\/913212"}],"collection":[{"href":"https:\/\/www.pm.pb.gov.br\/portal\/wp-json\/wp\/v2\/posts"}],"about":[{"href":"https:\/\/www.pm.pb.gov.br\/portal\/wp-json\/wp\/v2\/types\/post"}],"author":[{"embeddable":true,"href":"https:\/\/www.pm.pb.gov.br\/portal\/wp-json\/wp\/v2\/users\/12"}],"replies":[{"embeddable":true,"href":"https:\/\/www.pm.pb.gov.br\/portal\/wp-json\/wp\/v2\/comments?post=913212"}],"version-history":[{"count":1,"href":"https:\/\/www.pm.pb.gov.br\/portal\/wp-json\/wp\/v2\/posts\/913212\/revisions"}],"predecessor-version":[{"id":913216,"href":"https:\/\/www.pm.pb.gov.br\/portal\/wp-json\/wp\/v2\/posts\/913212\/revisions\/913216"}],"wp:featuredmedia":[{"embeddable":true,"href":"https:\/\/www.pm.pb.gov.br\/portal\/wp-json\/wp\/v2\/media\/913215"}],"wp:attachment":[{"href":"https:\/\/www.pm.pb.gov.br\/portal\/wp-json\/wp\/v2\/media?parent=913212"}],"wp:term":[{"taxonomy":"category","embeddable":true,"href":"https:\/\/www.pm.pb.gov.br\/portal\/wp-json\/wp\/v2\/categories?post=913212"},{"taxonomy":"post_tag","embeddable":true,"href":"https:\/\/www.pm.pb.gov.br\/portal\/wp-json\/wp\/v2\/tags?post=913212"}],"curies":[{"name":"wp","href":"https:\/\/api.w.org\/{rel}","templated":true}]}}