{"id":913189,"date":"2021-11-21T21:32:21","date_gmt":"2021-11-22T00:32:21","guid":{"rendered":"https:\/\/www.pm.pb.gov.br\/portal\/?p=913189"},"modified":"2021-11-21T21:32:23","modified_gmt":"2021-11-22T00:32:23","slug":"primeiro-dia-de-provas-do-enem-e-finalizado-de-forma-tranquila-em-toda-a-paraiba","status":"publish","type":"post","link":"https:\/\/www.pm.pb.gov.br\/portal\/2021\/11\/21\/primeiro-dia-de-provas-do-enem-e-finalizado-de-forma-tranquila-em-toda-a-paraiba\/","title":{"rendered":"Primeiro dia de provas do ENEM \u00e9 finalizado de forma tranquila em toda a Para\u00edba"},"content":{"rendered":"\n<p><\/p>\n<p>A Opera\u00e7\u00e3o ENEM 2021, coordenada pela Secretaria de Estado da Seguran\u00e7a e Defesa Social (SEDS), teve seu primeiro dia de provas encerrado de forma tranquila nas 55 cidades da Para\u00edba envolvidas no Exame Nacional do Ensino M\u00e9dio. S\u00e3o Mais de 2 mil policiais militares e 345 viaturas atuando em toda a Opera\u00e7\u00e3o, para garantir que o processo transcorra sem qualquer interfer\u00eancia.<\/p>\n<p>O start das a\u00e7\u00f5es aconteceu na \u00faltima sexta-feira (19), com o in\u00edcio das escoltas e prote\u00e7\u00e3o dos cadernos de perguntas, que foram conduzidos at\u00e9 seus respectivos locais de prova. Neste domingo (21), deu-se o primeiro dia de provas, per\u00edodo em que o Exame transcorreu dentro da normalidade em toda a Para\u00edba.<\/p>\n<p><img loading=\"lazy\" decoding=\"async\" class=\"wp-image-913191 aligncenter\" src=\"http:\/\/www.pm.pb.gov.br\/portal\/wp-content\/uploads\/2021\/11\/ENEM-2-608x445.jpeg\" alt=\"\" width=\"415\" height=\"304\" srcset=\"https:\/\/www.pm.pb.gov.br\/portal\/wp-content\/uploads\/2021\/11\/ENEM-2-608x445.jpeg 608w, https:\/\/www.pm.pb.gov.br\/portal\/wp-content\/uploads\/2021\/11\/ENEM-2-779x570.jpeg 779w, https:\/\/www.pm.pb.gov.br\/portal\/wp-content\/uploads\/2021\/11\/ENEM-2-768x562.jpeg 768w, https:\/\/www.pm.pb.gov.br\/portal\/wp-content\/uploads\/2021\/11\/ENEM-2.jpeg 1024w\" sizes=\"(max-width: 415px) 100vw, 415px\" \/>A PM refor\u00e7ou o policiamento nos locais de prova, com policiamento a p\u00e9, drones e viaturas, saturando os corredores de acesso e prevenindo delitos e quaisquer outras situa\u00e7\u00f5es que pudessem interferir na seguran\u00e7a e tranquilidade do Exame. Ap\u00f3s o t\u00e9rmino das provas, os cadernos de resposta tamb\u00e9m seguem escoltados at\u00e9 seus respectivos destinos.<\/p>\n<p>A Opera\u00e7\u00e3o \u00e9 monitorada em tempo real atrav\u00e9s de tr\u00eas Centros de Comando e Controle, nas cidades de Jo\u00e3o Pessoa, Campina Grande e Patos, e termina apenas ap\u00f3s a escolta dos cadernos de resposta do segundo dia de provas, que acontece no pr\u00f3ximo domingo (28),<\/p>\n<p><\/p>\n","protected":false},"excerpt":{"rendered":"","protected":false},"author":5,"featured_media":913190,"comment_status":"closed","ping_status":"closed","sticky":false,"template":"","format":"standard","meta":{"_exactmetrics_skip_tracking":false,"_exactmetrics_sitenote_active":false,"_exactmetrics_sitenote_note":"","_exactmetrics_sitenote_category":0,"footnotes":""},"categories":[4],"tags":[],"yoast_head":"<!-- This site is optimized with the Yoast SEO plugin v22.0 - https:\/\/yoast.com\/wordpress\/plugins\/seo\/ -->\n<title>Primeiro dia de provas do ENEM \u00e9 finalizado de forma tranquila em toda a Para\u00edba - Pol\u00edcia Militar da Para\u00edba<\/title>\n<meta name=\"robots\" content=\"index, follow, max-snippet:-1, max-image-preview:large, max-video-preview:-1\" \/>\n<link rel=\"canonical\" href=\"https:\/\/www.pm.pb.gov.br\/portal\/2021\/11\/21\/primeiro-dia-de-provas-do-enem-e-finalizado-de-forma-tranquila-em-toda-a-paraiba\/\" \/>\n<meta property=\"og:locale\" content=\"pt_BR\" \/>\n<meta property=\"og:type\" content=\"article\" \/>\n<meta property=\"og:title\" content=\"Primeiro dia de provas do ENEM \u00e9 finalizado de forma tranquila em toda a Para\u00edba - Pol\u00edcia Militar da Para\u00edba\" \/>\n<meta property=\"og:url\" content=\"https:\/\/www.pm.pb.gov.br\/portal\/2021\/11\/21\/primeiro-dia-de-provas-do-enem-e-finalizado-de-forma-tranquila-em-toda-a-paraiba\/\" \/>\n<meta property=\"og:site_name\" content=\"Pol\u00edcia Militar da Para\u00edba\" \/>\n<meta property=\"article:published_time\" content=\"2021-11-22T00:32:21+00:00\" \/>\n<meta property=\"article:modified_time\" content=\"2021-11-22T00:32:23+00:00\" \/>\n<meta property=\"og:image\" content=\"https:\/\/www.pm.pb.gov.br\/portal\/wp-content\/uploads\/2021\/11\/ENEM-1.jpeg\" \/>\n\t<meta property=\"og:image:width\" content=\"960\" \/>\n\t<meta property=\"og:image:height\" content=\"649\" \/>\n\t<meta property=\"og:image:type\" content=\"image\/jpeg\" \/>\n<meta name=\"author\" content=\"Assessoria de Imprensa da PMPB\" \/>\n<meta name=\"twitter:card\" content=\"summary_large_image\" \/>\n<meta name=\"twitter:label1\" content=\"Escrito por\" \/>\n\t<meta name=\"twitter:data1\" content=\"Assessoria de Imprensa da PMPB\" \/>\n\t<meta name=\"twitter:label2\" content=\"Est. tempo de leitura\" \/>\n\t<meta name=\"twitter:data2\" content=\"2 minutos\" \/>\n<script type=\"application\/ld+json\" class=\"yoast-schema-graph\">{\"@context\":\"https:\/\/schema.org\",\"@graph\":[{\"@type\":\"Article\",\"@id\":\"https:\/\/www.pm.pb.gov.br\/portal\/2021\/11\/21\/primeiro-dia-de-provas-do-enem-e-finalizado-de-forma-tranquila-em-toda-a-paraiba\/#article\",\"isPartOf\":{\"@id\":\"https:\/\/www.pm.pb.gov.br\/portal\/2021\/11\/21\/primeiro-dia-de-provas-do-enem-e-finalizado-de-forma-tranquila-em-toda-a-paraiba\/\"},\"author\":{\"name\":\"Assessoria de Imprensa da PMPB\",\"@id\":\"https:\/\/www.pm.pb.gov.br\/portal\/#\/schema\/person\/e8454f46651c3ecf0e1ba3c1666d9947\"},\"headline\":\"Primeiro dia de provas do ENEM \u00e9 finalizado de forma tranquila em toda a Para\u00edba\",\"datePublished\":\"2021-11-22T00:32:21+00:00\",\"dateModified\":\"2021-11-22T00:32:23+00:00\",\"mainEntityOfPage\":{\"@id\":\"https:\/\/www.pm.pb.gov.br\/portal\/2021\/11\/21\/primeiro-dia-de-provas-do-enem-e-finalizado-de-forma-tranquila-em-toda-a-paraiba\/\"},\"wordCount\":241,\"publisher\":{\"@id\":\"https:\/\/www.pm.pb.gov.br\/portal\/#organization\"},\"articleSection\":[\"A\u00e7\u00f5es Policiais\"],\"inLanguage\":\"pt-BR\"},{\"@type\":\"WebPage\",\"@id\":\"https:\/\/www.pm.pb.gov.br\/portal\/2021\/11\/21\/primeiro-dia-de-provas-do-enem-e-finalizado-de-forma-tranquila-em-toda-a-paraiba\/\",\"url\":\"https:\/\/www.pm.pb.gov.br\/portal\/2021\/11\/21\/primeiro-dia-de-provas-do-enem-e-finalizado-de-forma-tranquila-em-toda-a-paraiba\/\",\"name\":\"Primeiro dia de provas do ENEM \u00e9 finalizado de forma tranquila em toda a Para\u00edba - Pol\u00edcia Militar da Para\u00edba\",\"isPartOf\":{\"@id\":\"https:\/\/www.pm.pb.gov.br\/portal\/#website\"},\"datePublished\":\"2021-11-22T00:32:21+00:00\",\"dateModified\":\"2021-11-22T00:32:23+00:00\",\"breadcrumb\":{\"@id\":\"https:\/\/www.pm.pb.gov.br\/portal\/2021\/11\/21\/primeiro-dia-de-provas-do-enem-e-finalizado-de-forma-tranquila-em-toda-a-paraiba\/#breadcrumb\"},\"inLanguage\":\"pt-BR\",\"potentialAction\":[{\"@type\":\"ReadAction\",\"target\":[\"https:\/\/www.pm.pb.gov.br\/portal\/2021\/11\/21\/primeiro-dia-de-provas-do-enem-e-finalizado-de-forma-tranquila-em-toda-a-paraiba\/\"]}]},{\"@type\":\"BreadcrumbList\",\"@id\":\"https:\/\/www.pm.pb.gov.br\/portal\/2021\/11\/21\/primeiro-dia-de-provas-do-enem-e-finalizado-de-forma-tranquila-em-toda-a-paraiba\/#breadcrumb\",\"itemListElement\":[{\"@type\":\"ListItem\",\"position\":1,\"name\":\"In\u00edcio\",\"item\":\"https:\/\/www.pm.pb.gov.br\/portal\/\"},{\"@type\":\"ListItem\",\"position\":2,\"name\":\"Primeiro dia de provas do ENEM \u00e9 finalizado de forma tranquila em toda a Para\u00edba\"}]},{\"@type\":\"WebSite\",\"@id\":\"https:\/\/www.pm.pb.gov.br\/portal\/#website\",\"url\":\"https:\/\/www.pm.pb.gov.br\/portal\/\",\"name\":\"Pol\u00edcia Militar da Para\u00edba\",\"description\":\"\",\"publisher\":{\"@id\":\"https:\/\/www.pm.pb.gov.br\/portal\/#organization\"},\"potentialAction\":[{\"@type\":\"SearchAction\",\"target\":{\"@type\":\"EntryPoint\",\"urlTemplate\":\"https:\/\/www.pm.pb.gov.br\/portal\/?s={search_term_string}\"},\"query-input\":\"required name=search_term_string\"}],\"inLanguage\":\"pt-BR\"},{\"@type\":\"Organization\",\"@id\":\"https:\/\/www.pm.pb.gov.br\/portal\/#organization\",\"name\":\"Pol\u00edcia Militar da Para\u00edba\",\"url\":\"https:\/\/www.pm.pb.gov.br\/portal\/\",\"logo\":{\"@type\":\"ImageObject\",\"inLanguage\":\"pt-BR\",\"@id\":\"https:\/\/www.pm.pb.gov.br\/portal\/#\/schema\/logo\/image\/\",\"url\":\"https:\/\/www.pm.pb.gov.br\/portal\/wp-content\/uploads\/2025\/03\/cropped-logo-site-mag2-1.png\",\"contentUrl\":\"https:\/\/www.pm.pb.gov.br\/portal\/wp-content\/uploads\/2025\/03\/cropped-logo-site-mag2-1.png\",\"width\":320,\"height\":90,\"caption\":\"Pol\u00edcia Militar da Para\u00edba\"},\"image\":{\"@id\":\"https:\/\/www.pm.pb.gov.br\/portal\/#\/schema\/logo\/image\/\"}},{\"@type\":\"Person\",\"@id\":\"https:\/\/www.pm.pb.gov.br\/portal\/#\/schema\/person\/e8454f46651c3ecf0e1ba3c1666d9947\",\"name\":\"Assessoria de Imprensa da PMPB\",\"image\":{\"@type\":\"ImageObject\",\"inLanguage\":\"pt-BR\",\"@id\":\"https:\/\/www.pm.pb.gov.br\/portal\/#\/schema\/person\/image\/\",\"url\":\"https:\/\/secure.gravatar.com\/avatar\/2efe197438265d1e90bd98c4c8e1acf8?s=96&d=mm&r=g\",\"contentUrl\":\"https:\/\/secure.gravatar.com\/avatar\/2efe197438265d1e90bd98c4c8e1acf8?s=96&d=mm&r=g\",\"caption\":\"Assessoria de Imprensa da PMPB\"},\"url\":\"https:\/\/www.pm.pb.gov.br\/portal\/author\/assessoria\/\"}]}<\/script>\n<!-- \/ Yoast SEO plugin. -->","yoast_head_json":{"title":"Primeiro dia de provas do ENEM \u00e9 finalizado de forma tranquila em toda a Para\u00edba - Pol\u00edcia Militar da Para\u00edba","robots":{"index":"index","follow":"follow","max-snippet":"max-snippet:-1","max-image-preview":"max-image-preview:large","max-video-preview":"max-video-preview:-1"},"canonical":"https:\/\/www.pm.pb.gov.br\/portal\/2021\/11\/21\/primeiro-dia-de-provas-do-enem-e-finalizado-de-forma-tranquila-em-toda-a-paraiba\/","og_locale":"pt_BR","og_type":"article","og_title":"Primeiro dia de provas do ENEM \u00e9 finalizado de forma tranquila em toda a Para\u00edba - Pol\u00edcia Militar da Para\u00edba","og_url":"https:\/\/www.pm.pb.gov.br\/portal\/2021\/11\/21\/primeiro-dia-de-provas-do-enem-e-finalizado-de-forma-tranquila-em-toda-a-paraiba\/","og_site_name":"Pol\u00edcia Militar da Para\u00edba","article_published_time":"2021-11-22T00:32:21+00:00","article_modified_time":"2021-11-22T00:32:23+00:00","og_image":[{"width":960,"height":649,"url":"https:\/\/www.pm.pb.gov.br\/portal\/wp-content\/uploads\/2021\/11\/ENEM-1.jpeg","type":"image\/jpeg"}],"author":"Assessoria de Imprensa da PMPB","twitter_card":"summary_large_image","twitter_misc":{"Escrito por":"Assessoria de Imprensa da PMPB","Est. tempo de leitura":"2 minutos"},"schema":{"@context":"https:\/\/schema.org","@graph":[{"@type":"Article","@id":"https:\/\/www.pm.pb.gov.br\/portal\/2021\/11\/21\/primeiro-dia-de-provas-do-enem-e-finalizado-de-forma-tranquila-em-toda-a-paraiba\/#article","isPartOf":{"@id":"https:\/\/www.pm.pb.gov.br\/portal\/2021\/11\/21\/primeiro-dia-de-provas-do-enem-e-finalizado-de-forma-tranquila-em-toda-a-paraiba\/"},"author":{"name":"Assessoria de Imprensa da PMPB","@id":"https:\/\/www.pm.pb.gov.br\/portal\/#\/schema\/person\/e8454f46651c3ecf0e1ba3c1666d9947"},"headline":"Primeiro dia de provas do ENEM \u00e9 finalizado de forma tranquila em toda a Para\u00edba","datePublished":"2021-11-22T00:32:21+00:00","dateModified":"2021-11-22T00:32:23+00:00","mainEntityOfPage":{"@id":"https:\/\/www.pm.pb.gov.br\/portal\/2021\/11\/21\/primeiro-dia-de-provas-do-enem-e-finalizado-de-forma-tranquila-em-toda-a-paraiba\/"},"wordCount":241,"publisher":{"@id":"https:\/\/www.pm.pb.gov.br\/portal\/#organization"},"articleSection":["A\u00e7\u00f5es Policiais"],"inLanguage":"pt-BR"},{"@type":"WebPage","@id":"https:\/\/www.pm.pb.gov.br\/portal\/2021\/11\/21\/primeiro-dia-de-provas-do-enem-e-finalizado-de-forma-tranquila-em-toda-a-paraiba\/","url":"https:\/\/www.pm.pb.gov.br\/portal\/2021\/11\/21\/primeiro-dia-de-provas-do-enem-e-finalizado-de-forma-tranquila-em-toda-a-paraiba\/","name":"Primeiro dia de provas do ENEM \u00e9 finalizado de forma tranquila em toda a Para\u00edba - Pol\u00edcia Militar da Para\u00edba","isPartOf":{"@id":"https:\/\/www.pm.pb.gov.br\/portal\/#website"},"datePublished":"2021-11-22T00:32:21+00:00","dateModified":"2021-11-22T00:32:23+00:00","breadcrumb":{"@id":"https:\/\/www.pm.pb.gov.br\/portal\/2021\/11\/21\/primeiro-dia-de-provas-do-enem-e-finalizado-de-forma-tranquila-em-toda-a-paraiba\/#breadcrumb"},"inLanguage":"pt-BR","potentialAction":[{"@type":"ReadAction","target":["https:\/\/www.pm.pb.gov.br\/portal\/2021\/11\/21\/primeiro-dia-de-provas-do-enem-e-finalizado-de-forma-tranquila-em-toda-a-paraiba\/"]}]},{"@type":"BreadcrumbList","@id":"https:\/\/www.pm.pb.gov.br\/portal\/2021\/11\/21\/primeiro-dia-de-provas-do-enem-e-finalizado-de-forma-tranquila-em-toda-a-paraiba\/#breadcrumb","itemListElement":[{"@type":"ListItem","position":1,"name":"In\u00edcio","item":"https:\/\/www.pm.pb.gov.br\/portal\/"},{"@type":"ListItem","position":2,"name":"Primeiro dia de provas do ENEM \u00e9 finalizado de forma tranquila em toda a Para\u00edba"}]},{"@type":"WebSite","@id":"https:\/\/www.pm.pb.gov.br\/portal\/#website","url":"https:\/\/www.pm.pb.gov.br\/portal\/","name":"Pol\u00edcia Militar da Para\u00edba","description":"","publisher":{"@id":"https:\/\/www.pm.pb.gov.br\/portal\/#organization"},"potentialAction":[{"@type":"SearchAction","target":{"@type":"EntryPoint","urlTemplate":"https:\/\/www.pm.pb.gov.br\/portal\/?s={search_term_string}"},"query-input":"required name=search_term_string"}],"inLanguage":"pt-BR"},{"@type":"Organization","@id":"https:\/\/www.pm.pb.gov.br\/portal\/#organization","name":"Pol\u00edcia Militar da Para\u00edba","url":"https:\/\/www.pm.pb.gov.br\/portal\/","logo":{"@type":"ImageObject","inLanguage":"pt-BR","@id":"https:\/\/www.pm.pb.gov.br\/portal\/#\/schema\/logo\/image\/","url":"https:\/\/www.pm.pb.gov.br\/portal\/wp-content\/uploads\/2025\/03\/cropped-logo-site-mag2-1.png","contentUrl":"https:\/\/www.pm.pb.gov.br\/portal\/wp-content\/uploads\/2025\/03\/cropped-logo-site-mag2-1.png","width":320,"height":90,"caption":"Pol\u00edcia Militar da Para\u00edba"},"image":{"@id":"https:\/\/www.pm.pb.gov.br\/portal\/#\/schema\/logo\/image\/"}},{"@type":"Person","@id":"https:\/\/www.pm.pb.gov.br\/portal\/#\/schema\/person\/e8454f46651c3ecf0e1ba3c1666d9947","name":"Assessoria de Imprensa da PMPB","image":{"@type":"ImageObject","inLanguage":"pt-BR","@id":"https:\/\/www.pm.pb.gov.br\/portal\/#\/schema\/person\/image\/","url":"https:\/\/secure.gravatar.com\/avatar\/2efe197438265d1e90bd98c4c8e1acf8?s=96&d=mm&r=g","contentUrl":"https:\/\/secure.gravatar.com\/avatar\/2efe197438265d1e90bd98c4c8e1acf8?s=96&d=mm&r=g","caption":"Assessoria de Imprensa da PMPB"},"url":"https:\/\/www.pm.pb.gov.br\/portal\/author\/assessoria\/"}]}},"_links":{"self":[{"href":"https:\/\/www.pm.pb.gov.br\/portal\/wp-json\/wp\/v2\/posts\/913189"}],"collection":[{"href":"https:\/\/www.pm.pb.gov.br\/portal\/wp-json\/wp\/v2\/posts"}],"about":[{"href":"https:\/\/www.pm.pb.gov.br\/portal\/wp-json\/wp\/v2\/types\/post"}],"author":[{"embeddable":true,"href":"https:\/\/www.pm.pb.gov.br\/portal\/wp-json\/wp\/v2\/users\/5"}],"replies":[{"embeddable":true,"href":"https:\/\/www.pm.pb.gov.br\/portal\/wp-json\/wp\/v2\/comments?post=913189"}],"version-history":[{"count":3,"href":"https:\/\/www.pm.pb.gov.br\/portal\/wp-json\/wp\/v2\/posts\/913189\/revisions"}],"predecessor-version":[{"id":913196,"href":"https:\/\/www.pm.pb.gov.br\/portal\/wp-json\/wp\/v2\/posts\/913189\/revisions\/913196"}],"wp:featuredmedia":[{"embeddable":true,"href":"https:\/\/www.pm.pb.gov.br\/portal\/wp-json\/wp\/v2\/media\/913190"}],"wp:attachment":[{"href":"https:\/\/www.pm.pb.gov.br\/portal\/wp-json\/wp\/v2\/media?parent=913189"}],"wp:term":[{"taxonomy":"category","embeddable":true,"href":"https:\/\/www.pm.pb.gov.br\/portal\/wp-json\/wp\/v2\/categories?post=913189"},{"taxonomy":"post_tag","embeddable":true,"href":"https:\/\/www.pm.pb.gov.br\/portal\/wp-json\/wp\/v2\/tags?post=913189"}],"curies":[{"name":"wp","href":"https:\/\/api.w.org\/{rel}","templated":true}]}}