{"id":913017,"date":"2021-10-27T15:40:59","date_gmt":"2021-10-27T18:40:59","guid":{"rendered":"https:\/\/www.pm.pb.gov.br\/portal\/?p=913017"},"modified":"2021-10-27T15:41:02","modified_gmt":"2021-10-27T18:41:02","slug":"policia-militar-captura-procurado-da-justica-de-pernambuco-e-apreende-arma-de-fogo-no-litoral-sul","status":"publish","type":"post","link":"https:\/\/www.pm.pb.gov.br\/portal\/2021\/10\/27\/policia-militar-captura-procurado-da-justica-de-pernambuco-e-apreende-arma-de-fogo-no-litoral-sul\/","title":{"rendered":"Pol\u00edcia Militar captura procurado da Justi\u00e7a de Pernambuco e apreende arma de fogo no litoral sul"},"content":{"rendered":"\n<p>A Pol\u00edcia Militar prendeu um homem procurado pela Justi\u00e7a de Pernambuco, que estava escondido no litoral sul da Para\u00edba. A pris\u00e3o aconteceu no in\u00edcio da tarde desta quarta-feira (27), na zona rural do munic\u00edpio de Caapor\u00e3, resultando na apreens\u00e3o de uma arma de fogo (foto acima ilustrativa).<\/p>\n<p>A a\u00e7\u00e3o da PM acontece em conjunto com outras a\u00e7\u00f5es de uma for\u00e7a-tarefa realizada na regi\u00e3o, que tem a frente a Secretaria de Estado da Seguran\u00e7a e Defesa Social. Segundo o comando da 1\u00aa Companhia Independente, unidade respons\u00e1vel pela captura do acusado, o homem era evadido do sistema prisional do estado vizinho.<\/p>\n<p>\u201cEle cumpria pena pelo crime de tr\u00e1fico de drogas, recebeu o benef\u00edcio para o uso da tornozeleira eletr\u00f4nica, mas quebrou o equipamento e fugiu para a zona rural de Caapor\u00e3. Foi expedido um mandado de pris\u00e3o para ele e, com as informa\u00e7\u00f5es que chegaram at\u00e9 a PM, conseguimos localiz\u00e1-lo e prende-lo\u201d, disse o major Assis, comandante da 1\u00aa CIPM.<\/p>\n<p><img loading=\"lazy\" decoding=\"async\" class=\" wp-image-913018 aligncenter\" src=\"http:\/\/www.pm.pb.gov.br\/portal\/wp-content\/uploads\/2021\/10\/litoralsul-593x445.jpeg\" alt=\"\" width=\"538\" height=\"404\" srcset=\"https:\/\/www.pm.pb.gov.br\/portal\/wp-content\/uploads\/2021\/10\/litoralsul-593x445.jpeg 593w, https:\/\/www.pm.pb.gov.br\/portal\/wp-content\/uploads\/2021\/10\/litoralsul-760x570.jpeg 760w, https:\/\/www.pm.pb.gov.br\/portal\/wp-content\/uploads\/2021\/10\/litoralsul-768x576.jpeg 768w, https:\/\/www.pm.pb.gov.br\/portal\/wp-content\/uploads\/2021\/10\/litoralsul-1536x1152.jpeg 1536w, https:\/\/www.pm.pb.gov.br\/portal\/wp-content\/uploads\/2021\/10\/litoralsul.jpeg 1600w\" sizes=\"(max-width: 538px) 100vw, 538px\" \/><\/p>\n<p>Al\u00e9m do cumprimento do mandado, os policiais da For\u00e7a T\u00e1tica da 1\u00aa CIPM apreenderam junto com o acusado uma espingarda e muni\u00e7\u00f5es (foto acima). Toda a ocorr\u00eancia foi apresentada na Delegacia da Pol\u00edcia Civil em Alhandra para os procedimentos cab\u00edveis. \u00a0<\/p>\n","protected":false},"excerpt":{"rendered":"<p>A Pol\u00edcia Militar prendeu um homem procurado pela Justi\u00e7a de Pernambuco, que estava escondido no litoral sul da Para\u00edba. A<\/p>\n","protected":false},"author":12,"featured_media":912944,"comment_status":"closed","ping_status":"closed","sticky":false,"template":"","format":"standard","meta":{"_exactmetrics_skip_tracking":false,"_exactmetrics_sitenote_active":false,"_exactmetrics_sitenote_note":"","_exactmetrics_sitenote_category":0,"footnotes":""},"categories":[4],"tags":[],"yoast_head":"<!-- This site is optimized with the Yoast SEO plugin v22.0 - https:\/\/yoast.com\/wordpress\/plugins\/seo\/ -->\n<title>Pol\u00edcia Militar captura procurado da Justi\u00e7a de Pernambuco e apreende arma de fogo no litoral sul - Pol\u00edcia Militar da Para\u00edba<\/title>\n<meta name=\"robots\" content=\"index, follow, max-snippet:-1, max-image-preview:large, max-video-preview:-1\" \/>\n<link rel=\"canonical\" href=\"https:\/\/www.pm.pb.gov.br\/portal\/2021\/10\/27\/policia-militar-captura-procurado-da-justica-de-pernambuco-e-apreende-arma-de-fogo-no-litoral-sul\/\" \/>\n<meta property=\"og:locale\" content=\"pt_BR\" \/>\n<meta property=\"og:type\" content=\"article\" \/>\n<meta property=\"og:title\" content=\"Pol\u00edcia Militar captura procurado da Justi\u00e7a de Pernambuco e apreende arma de fogo no litoral sul - Pol\u00edcia Militar da Para\u00edba\" \/>\n<meta property=\"og:description\" content=\"A Pol\u00edcia Militar prendeu um homem procurado pela Justi\u00e7a de Pernambuco, que estava escondido no litoral sul da Para\u00edba. A\" \/>\n<meta property=\"og:url\" content=\"https:\/\/www.pm.pb.gov.br\/portal\/2021\/10\/27\/policia-militar-captura-procurado-da-justica-de-pernambuco-e-apreende-arma-de-fogo-no-litoral-sul\/\" \/>\n<meta property=\"og:site_name\" content=\"Pol\u00edcia Militar da Para\u00edba\" \/>\n<meta property=\"article:published_time\" content=\"2021-10-27T18:40:59+00:00\" \/>\n<meta property=\"article:modified_time\" content=\"2021-10-27T18:41:02+00:00\" \/>\n<meta property=\"og:image\" content=\"https:\/\/www.pm.pb.gov.br\/portal\/wp-content\/uploads\/2021\/10\/1cipm.jpeg\" \/>\n\t<meta property=\"og:image:width\" content=\"800\" \/>\n\t<meta property=\"og:image:height\" content=\"445\" \/>\n\t<meta property=\"og:image:type\" content=\"image\/jpeg\" \/>\n<meta name=\"author\" content=\"Tarcisio Oliveira\" \/>\n<meta name=\"twitter:card\" content=\"summary_large_image\" \/>\n<meta name=\"twitter:label1\" content=\"Escrito por\" \/>\n\t<meta name=\"twitter:data1\" content=\"Tarcisio Oliveira\" \/>\n\t<meta name=\"twitter:label2\" content=\"Est. tempo de leitura\" \/>\n\t<meta name=\"twitter:data2\" content=\"2 minutos\" \/>\n<script type=\"application\/ld+json\" class=\"yoast-schema-graph\">{\"@context\":\"https:\/\/schema.org\",\"@graph\":[{\"@type\":\"Article\",\"@id\":\"https:\/\/www.pm.pb.gov.br\/portal\/2021\/10\/27\/policia-militar-captura-procurado-da-justica-de-pernambuco-e-apreende-arma-de-fogo-no-litoral-sul\/#article\",\"isPartOf\":{\"@id\":\"https:\/\/www.pm.pb.gov.br\/portal\/2021\/10\/27\/policia-militar-captura-procurado-da-justica-de-pernambuco-e-apreende-arma-de-fogo-no-litoral-sul\/\"},\"author\":{\"name\":\"Tarcisio Oliveira\",\"@id\":\"https:\/\/www.pm.pb.gov.br\/portal\/#\/schema\/person\/f84f56dcc78ce4357054da888b8247fd\"},\"headline\":\"Pol\u00edcia Militar captura procurado da Justi\u00e7a de Pernambuco e apreende arma de fogo no litoral sul\",\"datePublished\":\"2021-10-27T18:40:59+00:00\",\"dateModified\":\"2021-10-27T18:41:02+00:00\",\"mainEntityOfPage\":{\"@id\":\"https:\/\/www.pm.pb.gov.br\/portal\/2021\/10\/27\/policia-militar-captura-procurado-da-justica-de-pernambuco-e-apreende-arma-de-fogo-no-litoral-sul\/\"},\"wordCount\":238,\"publisher\":{\"@id\":\"https:\/\/www.pm.pb.gov.br\/portal\/#organization\"},\"articleSection\":[\"A\u00e7\u00f5es Policiais\"],\"inLanguage\":\"pt-BR\"},{\"@type\":\"WebPage\",\"@id\":\"https:\/\/www.pm.pb.gov.br\/portal\/2021\/10\/27\/policia-militar-captura-procurado-da-justica-de-pernambuco-e-apreende-arma-de-fogo-no-litoral-sul\/\",\"url\":\"https:\/\/www.pm.pb.gov.br\/portal\/2021\/10\/27\/policia-militar-captura-procurado-da-justica-de-pernambuco-e-apreende-arma-de-fogo-no-litoral-sul\/\",\"name\":\"Pol\u00edcia Militar captura procurado da Justi\u00e7a de Pernambuco e apreende arma de fogo no litoral sul - Pol\u00edcia Militar da Para\u00edba\",\"isPartOf\":{\"@id\":\"https:\/\/www.pm.pb.gov.br\/portal\/#website\"},\"datePublished\":\"2021-10-27T18:40:59+00:00\",\"dateModified\":\"2021-10-27T18:41:02+00:00\",\"breadcrumb\":{\"@id\":\"https:\/\/www.pm.pb.gov.br\/portal\/2021\/10\/27\/policia-militar-captura-procurado-da-justica-de-pernambuco-e-apreende-arma-de-fogo-no-litoral-sul\/#breadcrumb\"},\"inLanguage\":\"pt-BR\",\"potentialAction\":[{\"@type\":\"ReadAction\",\"target\":[\"https:\/\/www.pm.pb.gov.br\/portal\/2021\/10\/27\/policia-militar-captura-procurado-da-justica-de-pernambuco-e-apreende-arma-de-fogo-no-litoral-sul\/\"]}]},{\"@type\":\"BreadcrumbList\",\"@id\":\"https:\/\/www.pm.pb.gov.br\/portal\/2021\/10\/27\/policia-militar-captura-procurado-da-justica-de-pernambuco-e-apreende-arma-de-fogo-no-litoral-sul\/#breadcrumb\",\"itemListElement\":[{\"@type\":\"ListItem\",\"position\":1,\"name\":\"In\u00edcio\",\"item\":\"https:\/\/www.pm.pb.gov.br\/portal\/\"},{\"@type\":\"ListItem\",\"position\":2,\"name\":\"Pol\u00edcia Militar captura procurado da Justi\u00e7a de Pernambuco e apreende arma de fogo no litoral sul\"}]},{\"@type\":\"WebSite\",\"@id\":\"https:\/\/www.pm.pb.gov.br\/portal\/#website\",\"url\":\"https:\/\/www.pm.pb.gov.br\/portal\/\",\"name\":\"Pol\u00edcia Militar da Para\u00edba\",\"description\":\"\",\"publisher\":{\"@id\":\"https:\/\/www.pm.pb.gov.br\/portal\/#organization\"},\"potentialAction\":[{\"@type\":\"SearchAction\",\"target\":{\"@type\":\"EntryPoint\",\"urlTemplate\":\"https:\/\/www.pm.pb.gov.br\/portal\/?s={search_term_string}\"},\"query-input\":\"required name=search_term_string\"}],\"inLanguage\":\"pt-BR\"},{\"@type\":\"Organization\",\"@id\":\"https:\/\/www.pm.pb.gov.br\/portal\/#organization\",\"name\":\"Pol\u00edcia Militar da Para\u00edba\",\"url\":\"https:\/\/www.pm.pb.gov.br\/portal\/\",\"logo\":{\"@type\":\"ImageObject\",\"inLanguage\":\"pt-BR\",\"@id\":\"https:\/\/www.pm.pb.gov.br\/portal\/#\/schema\/logo\/image\/\",\"url\":\"https:\/\/www.pm.pb.gov.br\/portal\/wp-content\/uploads\/2025\/03\/cropped-logo-site-mag2-1.png\",\"contentUrl\":\"https:\/\/www.pm.pb.gov.br\/portal\/wp-content\/uploads\/2025\/03\/cropped-logo-site-mag2-1.png\",\"width\":320,\"height\":90,\"caption\":\"Pol\u00edcia Militar da Para\u00edba\"},\"image\":{\"@id\":\"https:\/\/www.pm.pb.gov.br\/portal\/#\/schema\/logo\/image\/\"}},{\"@type\":\"Person\",\"@id\":\"https:\/\/www.pm.pb.gov.br\/portal\/#\/schema\/person\/f84f56dcc78ce4357054da888b8247fd\",\"name\":\"Tarcisio Oliveira\",\"image\":{\"@type\":\"ImageObject\",\"inLanguage\":\"pt-BR\",\"@id\":\"https:\/\/www.pm.pb.gov.br\/portal\/#\/schema\/person\/image\/\",\"url\":\"https:\/\/secure.gravatar.com\/avatar\/72917b630b69d31cd0297507f34bac97?s=96&d=mm&r=g\",\"contentUrl\":\"https:\/\/secure.gravatar.com\/avatar\/72917b630b69d31cd0297507f34bac97?s=96&d=mm&r=g\",\"caption\":\"Tarcisio Oliveira\"},\"url\":\"https:\/\/www.pm.pb.gov.br\/portal\/author\/tarcisio\/\"}]}<\/script>\n<!-- \/ Yoast SEO plugin. -->","yoast_head_json":{"title":"Pol\u00edcia Militar captura procurado da Justi\u00e7a de Pernambuco e apreende arma de fogo no litoral sul - Pol\u00edcia Militar da Para\u00edba","robots":{"index":"index","follow":"follow","max-snippet":"max-snippet:-1","max-image-preview":"max-image-preview:large","max-video-preview":"max-video-preview:-1"},"canonical":"https:\/\/www.pm.pb.gov.br\/portal\/2021\/10\/27\/policia-militar-captura-procurado-da-justica-de-pernambuco-e-apreende-arma-de-fogo-no-litoral-sul\/","og_locale":"pt_BR","og_type":"article","og_title":"Pol\u00edcia Militar captura procurado da Justi\u00e7a de Pernambuco e apreende arma de fogo no litoral sul - Pol\u00edcia Militar da Para\u00edba","og_description":"A Pol\u00edcia Militar prendeu um homem procurado pela Justi\u00e7a de Pernambuco, que estava escondido no litoral sul da Para\u00edba. A","og_url":"https:\/\/www.pm.pb.gov.br\/portal\/2021\/10\/27\/policia-militar-captura-procurado-da-justica-de-pernambuco-e-apreende-arma-de-fogo-no-litoral-sul\/","og_site_name":"Pol\u00edcia Militar da Para\u00edba","article_published_time":"2021-10-27T18:40:59+00:00","article_modified_time":"2021-10-27T18:41:02+00:00","og_image":[{"width":800,"height":445,"url":"https:\/\/www.pm.pb.gov.br\/portal\/wp-content\/uploads\/2021\/10\/1cipm.jpeg","type":"image\/jpeg"}],"author":"Tarcisio Oliveira","twitter_card":"summary_large_image","twitter_misc":{"Escrito por":"Tarcisio Oliveira","Est. tempo de leitura":"2 minutos"},"schema":{"@context":"https:\/\/schema.org","@graph":[{"@type":"Article","@id":"https:\/\/www.pm.pb.gov.br\/portal\/2021\/10\/27\/policia-militar-captura-procurado-da-justica-de-pernambuco-e-apreende-arma-de-fogo-no-litoral-sul\/#article","isPartOf":{"@id":"https:\/\/www.pm.pb.gov.br\/portal\/2021\/10\/27\/policia-militar-captura-procurado-da-justica-de-pernambuco-e-apreende-arma-de-fogo-no-litoral-sul\/"},"author":{"name":"Tarcisio Oliveira","@id":"https:\/\/www.pm.pb.gov.br\/portal\/#\/schema\/person\/f84f56dcc78ce4357054da888b8247fd"},"headline":"Pol\u00edcia Militar captura procurado da Justi\u00e7a de Pernambuco e apreende arma de fogo no litoral sul","datePublished":"2021-10-27T18:40:59+00:00","dateModified":"2021-10-27T18:41:02+00:00","mainEntityOfPage":{"@id":"https:\/\/www.pm.pb.gov.br\/portal\/2021\/10\/27\/policia-militar-captura-procurado-da-justica-de-pernambuco-e-apreende-arma-de-fogo-no-litoral-sul\/"},"wordCount":238,"publisher":{"@id":"https:\/\/www.pm.pb.gov.br\/portal\/#organization"},"articleSection":["A\u00e7\u00f5es Policiais"],"inLanguage":"pt-BR"},{"@type":"WebPage","@id":"https:\/\/www.pm.pb.gov.br\/portal\/2021\/10\/27\/policia-militar-captura-procurado-da-justica-de-pernambuco-e-apreende-arma-de-fogo-no-litoral-sul\/","url":"https:\/\/www.pm.pb.gov.br\/portal\/2021\/10\/27\/policia-militar-captura-procurado-da-justica-de-pernambuco-e-apreende-arma-de-fogo-no-litoral-sul\/","name":"Pol\u00edcia Militar captura procurado da Justi\u00e7a de Pernambuco e apreende arma de fogo no litoral sul - Pol\u00edcia Militar da Para\u00edba","isPartOf":{"@id":"https:\/\/www.pm.pb.gov.br\/portal\/#website"},"datePublished":"2021-10-27T18:40:59+00:00","dateModified":"2021-10-27T18:41:02+00:00","breadcrumb":{"@id":"https:\/\/www.pm.pb.gov.br\/portal\/2021\/10\/27\/policia-militar-captura-procurado-da-justica-de-pernambuco-e-apreende-arma-de-fogo-no-litoral-sul\/#breadcrumb"},"inLanguage":"pt-BR","potentialAction":[{"@type":"ReadAction","target":["https:\/\/www.pm.pb.gov.br\/portal\/2021\/10\/27\/policia-militar-captura-procurado-da-justica-de-pernambuco-e-apreende-arma-de-fogo-no-litoral-sul\/"]}]},{"@type":"BreadcrumbList","@id":"https:\/\/www.pm.pb.gov.br\/portal\/2021\/10\/27\/policia-militar-captura-procurado-da-justica-de-pernambuco-e-apreende-arma-de-fogo-no-litoral-sul\/#breadcrumb","itemListElement":[{"@type":"ListItem","position":1,"name":"In\u00edcio","item":"https:\/\/www.pm.pb.gov.br\/portal\/"},{"@type":"ListItem","position":2,"name":"Pol\u00edcia Militar captura procurado da Justi\u00e7a de Pernambuco e apreende arma de fogo no litoral sul"}]},{"@type":"WebSite","@id":"https:\/\/www.pm.pb.gov.br\/portal\/#website","url":"https:\/\/www.pm.pb.gov.br\/portal\/","name":"Pol\u00edcia Militar da Para\u00edba","description":"","publisher":{"@id":"https:\/\/www.pm.pb.gov.br\/portal\/#organization"},"potentialAction":[{"@type":"SearchAction","target":{"@type":"EntryPoint","urlTemplate":"https:\/\/www.pm.pb.gov.br\/portal\/?s={search_term_string}"},"query-input":"required name=search_term_string"}],"inLanguage":"pt-BR"},{"@type":"Organization","@id":"https:\/\/www.pm.pb.gov.br\/portal\/#organization","name":"Pol\u00edcia Militar da Para\u00edba","url":"https:\/\/www.pm.pb.gov.br\/portal\/","logo":{"@type":"ImageObject","inLanguage":"pt-BR","@id":"https:\/\/www.pm.pb.gov.br\/portal\/#\/schema\/logo\/image\/","url":"https:\/\/www.pm.pb.gov.br\/portal\/wp-content\/uploads\/2025\/03\/cropped-logo-site-mag2-1.png","contentUrl":"https:\/\/www.pm.pb.gov.br\/portal\/wp-content\/uploads\/2025\/03\/cropped-logo-site-mag2-1.png","width":320,"height":90,"caption":"Pol\u00edcia Militar da Para\u00edba"},"image":{"@id":"https:\/\/www.pm.pb.gov.br\/portal\/#\/schema\/logo\/image\/"}},{"@type":"Person","@id":"https:\/\/www.pm.pb.gov.br\/portal\/#\/schema\/person\/f84f56dcc78ce4357054da888b8247fd","name":"Tarcisio Oliveira","image":{"@type":"ImageObject","inLanguage":"pt-BR","@id":"https:\/\/www.pm.pb.gov.br\/portal\/#\/schema\/person\/image\/","url":"https:\/\/secure.gravatar.com\/avatar\/72917b630b69d31cd0297507f34bac97?s=96&d=mm&r=g","contentUrl":"https:\/\/secure.gravatar.com\/avatar\/72917b630b69d31cd0297507f34bac97?s=96&d=mm&r=g","caption":"Tarcisio Oliveira"},"url":"https:\/\/www.pm.pb.gov.br\/portal\/author\/tarcisio\/"}]}},"_links":{"self":[{"href":"https:\/\/www.pm.pb.gov.br\/portal\/wp-json\/wp\/v2\/posts\/913017"}],"collection":[{"href":"https:\/\/www.pm.pb.gov.br\/portal\/wp-json\/wp\/v2\/posts"}],"about":[{"href":"https:\/\/www.pm.pb.gov.br\/portal\/wp-json\/wp\/v2\/types\/post"}],"author":[{"embeddable":true,"href":"https:\/\/www.pm.pb.gov.br\/portal\/wp-json\/wp\/v2\/users\/12"}],"replies":[{"embeddable":true,"href":"https:\/\/www.pm.pb.gov.br\/portal\/wp-json\/wp\/v2\/comments?post=913017"}],"version-history":[{"count":1,"href":"https:\/\/www.pm.pb.gov.br\/portal\/wp-json\/wp\/v2\/posts\/913017\/revisions"}],"predecessor-version":[{"id":913019,"href":"https:\/\/www.pm.pb.gov.br\/portal\/wp-json\/wp\/v2\/posts\/913017\/revisions\/913019"}],"wp:featuredmedia":[{"embeddable":true,"href":"https:\/\/www.pm.pb.gov.br\/portal\/wp-json\/wp\/v2\/media\/912944"}],"wp:attachment":[{"href":"https:\/\/www.pm.pb.gov.br\/portal\/wp-json\/wp\/v2\/media?parent=913017"}],"wp:term":[{"taxonomy":"category","embeddable":true,"href":"https:\/\/www.pm.pb.gov.br\/portal\/wp-json\/wp\/v2\/categories?post=913017"},{"taxonomy":"post_tag","embeddable":true,"href":"https:\/\/www.pm.pb.gov.br\/portal\/wp-json\/wp\/v2\/tags?post=913017"}],"curies":[{"name":"wp","href":"https:\/\/api.w.org\/{rel}","templated":true}]}}