{"id":913004,"date":"2021-10-25T18:26:00","date_gmt":"2021-10-25T21:26:00","guid":{"rendered":"https:\/\/www.pm.pb.gov.br\/portal\/?p=913004"},"modified":"2021-10-26T18:31:09","modified_gmt":"2021-10-26T21:31:09","slug":"policial-militar-paraibano-participa-de-curso-de-negociacao-no-estado-do-espirito-santo","status":"publish","type":"post","link":"https:\/\/www.pm.pb.gov.br\/portal\/2021\/10\/25\/policial-militar-paraibano-participa-de-curso-de-negociacao-no-estado-do-espirito-santo\/","title":{"rendered":"Policial militar paraibano participa de curso de negocia\u00e7\u00e3o no estado do Esp\u00edrito Santo"},"content":{"rendered":"\n<p>Capacitado para melhor servir. Um integrante da Pol\u00edcia Militar da Para\u00edba participou do VI Curso de Negocia\u00e7\u00e3o Policial da Pol\u00edcia Militar do Esp\u00edrito Santo, que come\u00e7ou no \u00faltimo m\u00eas de setembro e terminou na \u00faltima sexta-feira (22). O curso teve 40 dias com aulas sobre doutrina de negocia\u00e7\u00e3o, psicologia, gerenciamento de crises, programa\u00e7\u00e3o neurolingu\u00edstica, entre outros, em mais de 80 horas simuladas.<\/p>\n<p>O cabo Ricardo, integrante do Grupamento de A\u00e7\u00f5es T\u00e1ticas Especiais (Gate), representou a PMPB (foto acima e abaixo), ao lado de outras seis institui\u00e7\u00f5es coirm\u00e3s como PMAM, PMAC, PMSC, BMRS, PRF, PCMG. Na ocasi\u00e3o do encerramento, o policial paraibano tamb\u00e9m foi agraciado e reconhecido pelo comandante-geral da PMES, com os demais colegas.<\/p>\n<p><img loading=\"lazy\" decoding=\"async\" class=\"size-medium wp-image-913006 aligncenter\" src=\"http:\/\/www.pm.pb.gov.br\/portal\/wp-content\/uploads\/2021\/10\/WhatsApp-Image-2021-10-25-at-17.02.15-800x360.jpeg\" alt=\"\" width=\"800\" height=\"360\" srcset=\"https:\/\/www.pm.pb.gov.br\/portal\/wp-content\/uploads\/2021\/10\/WhatsApp-Image-2021-10-25-at-17.02.15-800x360.jpeg 800w, https:\/\/www.pm.pb.gov.br\/portal\/wp-content\/uploads\/2021\/10\/WhatsApp-Image-2021-10-25-at-17.02.15-1024x461.jpeg 1024w, https:\/\/www.pm.pb.gov.br\/portal\/wp-content\/uploads\/2021\/10\/WhatsApp-Image-2021-10-25-at-17.02.15-768x346.jpeg 768w, https:\/\/www.pm.pb.gov.br\/portal\/wp-content\/uploads\/2021\/10\/WhatsApp-Image-2021-10-25-at-17.02.15-1536x691.jpeg 1536w, https:\/\/www.pm.pb.gov.br\/portal\/wp-content\/uploads\/2021\/10\/WhatsApp-Image-2021-10-25-at-17.02.15.jpeg 1600w\" sizes=\"(max-width: 800px) 100vw, 800px\" \/><\/p>\n","protected":false},"excerpt":{"rendered":"<p>Capacitado para melhor servir. Um integrante da Pol\u00edcia Militar da Para\u00edba participou do VI Curso de Negocia\u00e7\u00e3o Policial da Pol\u00edcia<\/p>\n","protected":false},"author":12,"featured_media":913005,"comment_status":"closed","ping_status":"closed","sticky":false,"template":"","format":"standard","meta":{"_exactmetrics_skip_tracking":false,"_exactmetrics_sitenote_active":false,"_exactmetrics_sitenote_note":"","_exactmetrics_sitenote_category":0,"footnotes":""},"categories":[6],"tags":[],"yoast_head":"<!-- This site is optimized with the Yoast SEO plugin v22.0 - https:\/\/yoast.com\/wordpress\/plugins\/seo\/ -->\n<title>Policial militar paraibano participa de curso de negocia\u00e7\u00e3o no estado do Esp\u00edrito Santo - Pol\u00edcia Militar da Para\u00edba<\/title>\n<meta name=\"robots\" content=\"index, follow, max-snippet:-1, max-image-preview:large, max-video-preview:-1\" \/>\n<link rel=\"canonical\" href=\"https:\/\/www.pm.pb.gov.br\/portal\/2021\/10\/25\/policial-militar-paraibano-participa-de-curso-de-negociacao-no-estado-do-espirito-santo\/\" \/>\n<meta property=\"og:locale\" content=\"pt_BR\" \/>\n<meta property=\"og:type\" content=\"article\" \/>\n<meta property=\"og:title\" content=\"Policial militar paraibano participa de curso de negocia\u00e7\u00e3o no estado do Esp\u00edrito Santo - Pol\u00edcia Militar da Para\u00edba\" \/>\n<meta property=\"og:description\" content=\"Capacitado para melhor servir. Um integrante da Pol\u00edcia Militar da Para\u00edba participou do VI Curso de Negocia\u00e7\u00e3o Policial da Pol\u00edcia\" \/>\n<meta property=\"og:url\" content=\"https:\/\/www.pm.pb.gov.br\/portal\/2021\/10\/25\/policial-militar-paraibano-participa-de-curso-de-negociacao-no-estado-do-espirito-santo\/\" \/>\n<meta property=\"og:site_name\" content=\"Pol\u00edcia Militar da Para\u00edba\" \/>\n<meta property=\"article:published_time\" content=\"2021-10-25T21:26:00+00:00\" \/>\n<meta property=\"article:modified_time\" content=\"2021-10-26T21:31:09+00:00\" \/>\n<meta property=\"og:image\" content=\"https:\/\/www.pm.pb.gov.br\/portal\/wp-content\/uploads\/2021\/10\/WhatsApp-Image-2021-10-25-at-17.01.201.jpeg\" \/>\n\t<meta property=\"og:image:width\" content=\"800\" \/>\n\t<meta property=\"og:image:height\" content=\"445\" \/>\n\t<meta property=\"og:image:type\" content=\"image\/jpeg\" \/>\n<meta name=\"author\" content=\"Tarcisio Oliveira\" \/>\n<meta name=\"twitter:card\" content=\"summary_large_image\" \/>\n<meta name=\"twitter:label1\" content=\"Escrito por\" \/>\n\t<meta name=\"twitter:data1\" content=\"Tarcisio Oliveira\" \/>\n\t<meta name=\"twitter:label2\" content=\"Est. tempo de leitura\" \/>\n\t<meta name=\"twitter:data2\" content=\"1 minuto\" \/>\n<script type=\"application\/ld+json\" class=\"yoast-schema-graph\">{\"@context\":\"https:\/\/schema.org\",\"@graph\":[{\"@type\":\"Article\",\"@id\":\"https:\/\/www.pm.pb.gov.br\/portal\/2021\/10\/25\/policial-militar-paraibano-participa-de-curso-de-negociacao-no-estado-do-espirito-santo\/#article\",\"isPartOf\":{\"@id\":\"https:\/\/www.pm.pb.gov.br\/portal\/2021\/10\/25\/policial-militar-paraibano-participa-de-curso-de-negociacao-no-estado-do-espirito-santo\/\"},\"author\":{\"name\":\"Tarcisio Oliveira\",\"@id\":\"https:\/\/www.pm.pb.gov.br\/portal\/#\/schema\/person\/f84f56dcc78ce4357054da888b8247fd\"},\"headline\":\"Policial militar paraibano participa de curso de negocia\u00e7\u00e3o no estado do Esp\u00edrito Santo\",\"datePublished\":\"2021-10-25T21:26:00+00:00\",\"dateModified\":\"2021-10-26T21:31:09+00:00\",\"mainEntityOfPage\":{\"@id\":\"https:\/\/www.pm.pb.gov.br\/portal\/2021\/10\/25\/policial-militar-paraibano-participa-de-curso-de-negociacao-no-estado-do-espirito-santo\/\"},\"wordCount\":142,\"publisher\":{\"@id\":\"https:\/\/www.pm.pb.gov.br\/portal\/#organization\"},\"articleSection\":[\"Cursos\"],\"inLanguage\":\"pt-BR\"},{\"@type\":\"WebPage\",\"@id\":\"https:\/\/www.pm.pb.gov.br\/portal\/2021\/10\/25\/policial-militar-paraibano-participa-de-curso-de-negociacao-no-estado-do-espirito-santo\/\",\"url\":\"https:\/\/www.pm.pb.gov.br\/portal\/2021\/10\/25\/policial-militar-paraibano-participa-de-curso-de-negociacao-no-estado-do-espirito-santo\/\",\"name\":\"Policial militar paraibano participa de curso de negocia\u00e7\u00e3o no estado do Esp\u00edrito Santo - Pol\u00edcia Militar da Para\u00edba\",\"isPartOf\":{\"@id\":\"https:\/\/www.pm.pb.gov.br\/portal\/#website\"},\"datePublished\":\"2021-10-25T21:26:00+00:00\",\"dateModified\":\"2021-10-26T21:31:09+00:00\",\"breadcrumb\":{\"@id\":\"https:\/\/www.pm.pb.gov.br\/portal\/2021\/10\/25\/policial-militar-paraibano-participa-de-curso-de-negociacao-no-estado-do-espirito-santo\/#breadcrumb\"},\"inLanguage\":\"pt-BR\",\"potentialAction\":[{\"@type\":\"ReadAction\",\"target\":[\"https:\/\/www.pm.pb.gov.br\/portal\/2021\/10\/25\/policial-militar-paraibano-participa-de-curso-de-negociacao-no-estado-do-espirito-santo\/\"]}]},{\"@type\":\"BreadcrumbList\",\"@id\":\"https:\/\/www.pm.pb.gov.br\/portal\/2021\/10\/25\/policial-militar-paraibano-participa-de-curso-de-negociacao-no-estado-do-espirito-santo\/#breadcrumb\",\"itemListElement\":[{\"@type\":\"ListItem\",\"position\":1,\"name\":\"In\u00edcio\",\"item\":\"https:\/\/www.pm.pb.gov.br\/portal\/\"},{\"@type\":\"ListItem\",\"position\":2,\"name\":\"Policial militar paraibano participa de curso de negocia\u00e7\u00e3o no estado do Esp\u00edrito Santo\"}]},{\"@type\":\"WebSite\",\"@id\":\"https:\/\/www.pm.pb.gov.br\/portal\/#website\",\"url\":\"https:\/\/www.pm.pb.gov.br\/portal\/\",\"name\":\"Pol\u00edcia Militar da Para\u00edba\",\"description\":\"\",\"publisher\":{\"@id\":\"https:\/\/www.pm.pb.gov.br\/portal\/#organization\"},\"potentialAction\":[{\"@type\":\"SearchAction\",\"target\":{\"@type\":\"EntryPoint\",\"urlTemplate\":\"https:\/\/www.pm.pb.gov.br\/portal\/?s={search_term_string}\"},\"query-input\":\"required name=search_term_string\"}],\"inLanguage\":\"pt-BR\"},{\"@type\":\"Organization\",\"@id\":\"https:\/\/www.pm.pb.gov.br\/portal\/#organization\",\"name\":\"Pol\u00edcia Militar da Para\u00edba\",\"url\":\"https:\/\/www.pm.pb.gov.br\/portal\/\",\"logo\":{\"@type\":\"ImageObject\",\"inLanguage\":\"pt-BR\",\"@id\":\"https:\/\/www.pm.pb.gov.br\/portal\/#\/schema\/logo\/image\/\",\"url\":\"https:\/\/www.pm.pb.gov.br\/portal\/wp-content\/uploads\/2025\/03\/cropped-logo-site-mag2-1.png\",\"contentUrl\":\"https:\/\/www.pm.pb.gov.br\/portal\/wp-content\/uploads\/2025\/03\/cropped-logo-site-mag2-1.png\",\"width\":320,\"height\":90,\"caption\":\"Pol\u00edcia Militar da Para\u00edba\"},\"image\":{\"@id\":\"https:\/\/www.pm.pb.gov.br\/portal\/#\/schema\/logo\/image\/\"}},{\"@type\":\"Person\",\"@id\":\"https:\/\/www.pm.pb.gov.br\/portal\/#\/schema\/person\/f84f56dcc78ce4357054da888b8247fd\",\"name\":\"Tarcisio Oliveira\",\"image\":{\"@type\":\"ImageObject\",\"inLanguage\":\"pt-BR\",\"@id\":\"https:\/\/www.pm.pb.gov.br\/portal\/#\/schema\/person\/image\/\",\"url\":\"https:\/\/secure.gravatar.com\/avatar\/72917b630b69d31cd0297507f34bac97?s=96&d=mm&r=g\",\"contentUrl\":\"https:\/\/secure.gravatar.com\/avatar\/72917b630b69d31cd0297507f34bac97?s=96&d=mm&r=g\",\"caption\":\"Tarcisio Oliveira\"},\"url\":\"https:\/\/www.pm.pb.gov.br\/portal\/author\/tarcisio\/\"}]}<\/script>\n<!-- \/ Yoast SEO plugin. -->","yoast_head_json":{"title":"Policial militar paraibano participa de curso de negocia\u00e7\u00e3o no estado do Esp\u00edrito Santo - Pol\u00edcia Militar da Para\u00edba","robots":{"index":"index","follow":"follow","max-snippet":"max-snippet:-1","max-image-preview":"max-image-preview:large","max-video-preview":"max-video-preview:-1"},"canonical":"https:\/\/www.pm.pb.gov.br\/portal\/2021\/10\/25\/policial-militar-paraibano-participa-de-curso-de-negociacao-no-estado-do-espirito-santo\/","og_locale":"pt_BR","og_type":"article","og_title":"Policial militar paraibano participa de curso de negocia\u00e7\u00e3o no estado do Esp\u00edrito Santo - Pol\u00edcia Militar da Para\u00edba","og_description":"Capacitado para melhor servir. Um integrante da Pol\u00edcia Militar da Para\u00edba participou do VI Curso de Negocia\u00e7\u00e3o Policial da Pol\u00edcia","og_url":"https:\/\/www.pm.pb.gov.br\/portal\/2021\/10\/25\/policial-militar-paraibano-participa-de-curso-de-negociacao-no-estado-do-espirito-santo\/","og_site_name":"Pol\u00edcia Militar da Para\u00edba","article_published_time":"2021-10-25T21:26:00+00:00","article_modified_time":"2021-10-26T21:31:09+00:00","og_image":[{"width":800,"height":445,"url":"https:\/\/www.pm.pb.gov.br\/portal\/wp-content\/uploads\/2021\/10\/WhatsApp-Image-2021-10-25-at-17.01.201.jpeg","type":"image\/jpeg"}],"author":"Tarcisio Oliveira","twitter_card":"summary_large_image","twitter_misc":{"Escrito por":"Tarcisio Oliveira","Est. tempo de leitura":"1 minuto"},"schema":{"@context":"https:\/\/schema.org","@graph":[{"@type":"Article","@id":"https:\/\/www.pm.pb.gov.br\/portal\/2021\/10\/25\/policial-militar-paraibano-participa-de-curso-de-negociacao-no-estado-do-espirito-santo\/#article","isPartOf":{"@id":"https:\/\/www.pm.pb.gov.br\/portal\/2021\/10\/25\/policial-militar-paraibano-participa-de-curso-de-negociacao-no-estado-do-espirito-santo\/"},"author":{"name":"Tarcisio Oliveira","@id":"https:\/\/www.pm.pb.gov.br\/portal\/#\/schema\/person\/f84f56dcc78ce4357054da888b8247fd"},"headline":"Policial militar paraibano participa de curso de negocia\u00e7\u00e3o no estado do Esp\u00edrito Santo","datePublished":"2021-10-25T21:26:00+00:00","dateModified":"2021-10-26T21:31:09+00:00","mainEntityOfPage":{"@id":"https:\/\/www.pm.pb.gov.br\/portal\/2021\/10\/25\/policial-militar-paraibano-participa-de-curso-de-negociacao-no-estado-do-espirito-santo\/"},"wordCount":142,"publisher":{"@id":"https:\/\/www.pm.pb.gov.br\/portal\/#organization"},"articleSection":["Cursos"],"inLanguage":"pt-BR"},{"@type":"WebPage","@id":"https:\/\/www.pm.pb.gov.br\/portal\/2021\/10\/25\/policial-militar-paraibano-participa-de-curso-de-negociacao-no-estado-do-espirito-santo\/","url":"https:\/\/www.pm.pb.gov.br\/portal\/2021\/10\/25\/policial-militar-paraibano-participa-de-curso-de-negociacao-no-estado-do-espirito-santo\/","name":"Policial militar paraibano participa de curso de negocia\u00e7\u00e3o no estado do Esp\u00edrito Santo - Pol\u00edcia Militar da Para\u00edba","isPartOf":{"@id":"https:\/\/www.pm.pb.gov.br\/portal\/#website"},"datePublished":"2021-10-25T21:26:00+00:00","dateModified":"2021-10-26T21:31:09+00:00","breadcrumb":{"@id":"https:\/\/www.pm.pb.gov.br\/portal\/2021\/10\/25\/policial-militar-paraibano-participa-de-curso-de-negociacao-no-estado-do-espirito-santo\/#breadcrumb"},"inLanguage":"pt-BR","potentialAction":[{"@type":"ReadAction","target":["https:\/\/www.pm.pb.gov.br\/portal\/2021\/10\/25\/policial-militar-paraibano-participa-de-curso-de-negociacao-no-estado-do-espirito-santo\/"]}]},{"@type":"BreadcrumbList","@id":"https:\/\/www.pm.pb.gov.br\/portal\/2021\/10\/25\/policial-militar-paraibano-participa-de-curso-de-negociacao-no-estado-do-espirito-santo\/#breadcrumb","itemListElement":[{"@type":"ListItem","position":1,"name":"In\u00edcio","item":"https:\/\/www.pm.pb.gov.br\/portal\/"},{"@type":"ListItem","position":2,"name":"Policial militar paraibano participa de curso de negocia\u00e7\u00e3o no estado do Esp\u00edrito Santo"}]},{"@type":"WebSite","@id":"https:\/\/www.pm.pb.gov.br\/portal\/#website","url":"https:\/\/www.pm.pb.gov.br\/portal\/","name":"Pol\u00edcia Militar da Para\u00edba","description":"","publisher":{"@id":"https:\/\/www.pm.pb.gov.br\/portal\/#organization"},"potentialAction":[{"@type":"SearchAction","target":{"@type":"EntryPoint","urlTemplate":"https:\/\/www.pm.pb.gov.br\/portal\/?s={search_term_string}"},"query-input":"required name=search_term_string"}],"inLanguage":"pt-BR"},{"@type":"Organization","@id":"https:\/\/www.pm.pb.gov.br\/portal\/#organization","name":"Pol\u00edcia Militar da Para\u00edba","url":"https:\/\/www.pm.pb.gov.br\/portal\/","logo":{"@type":"ImageObject","inLanguage":"pt-BR","@id":"https:\/\/www.pm.pb.gov.br\/portal\/#\/schema\/logo\/image\/","url":"https:\/\/www.pm.pb.gov.br\/portal\/wp-content\/uploads\/2025\/03\/cropped-logo-site-mag2-1.png","contentUrl":"https:\/\/www.pm.pb.gov.br\/portal\/wp-content\/uploads\/2025\/03\/cropped-logo-site-mag2-1.png","width":320,"height":90,"caption":"Pol\u00edcia Militar da Para\u00edba"},"image":{"@id":"https:\/\/www.pm.pb.gov.br\/portal\/#\/schema\/logo\/image\/"}},{"@type":"Person","@id":"https:\/\/www.pm.pb.gov.br\/portal\/#\/schema\/person\/f84f56dcc78ce4357054da888b8247fd","name":"Tarcisio Oliveira","image":{"@type":"ImageObject","inLanguage":"pt-BR","@id":"https:\/\/www.pm.pb.gov.br\/portal\/#\/schema\/person\/image\/","url":"https:\/\/secure.gravatar.com\/avatar\/72917b630b69d31cd0297507f34bac97?s=96&d=mm&r=g","contentUrl":"https:\/\/secure.gravatar.com\/avatar\/72917b630b69d31cd0297507f34bac97?s=96&d=mm&r=g","caption":"Tarcisio Oliveira"},"url":"https:\/\/www.pm.pb.gov.br\/portal\/author\/tarcisio\/"}]}},"_links":{"self":[{"href":"https:\/\/www.pm.pb.gov.br\/portal\/wp-json\/wp\/v2\/posts\/913004"}],"collection":[{"href":"https:\/\/www.pm.pb.gov.br\/portal\/wp-json\/wp\/v2\/posts"}],"about":[{"href":"https:\/\/www.pm.pb.gov.br\/portal\/wp-json\/wp\/v2\/types\/post"}],"author":[{"embeddable":true,"href":"https:\/\/www.pm.pb.gov.br\/portal\/wp-json\/wp\/v2\/users\/12"}],"replies":[{"embeddable":true,"href":"https:\/\/www.pm.pb.gov.br\/portal\/wp-json\/wp\/v2\/comments?post=913004"}],"version-history":[{"count":1,"href":"https:\/\/www.pm.pb.gov.br\/portal\/wp-json\/wp\/v2\/posts\/913004\/revisions"}],"predecessor-version":[{"id":913007,"href":"https:\/\/www.pm.pb.gov.br\/portal\/wp-json\/wp\/v2\/posts\/913004\/revisions\/913007"}],"wp:featuredmedia":[{"embeddable":true,"href":"https:\/\/www.pm.pb.gov.br\/portal\/wp-json\/wp\/v2\/media\/913005"}],"wp:attachment":[{"href":"https:\/\/www.pm.pb.gov.br\/portal\/wp-json\/wp\/v2\/media?parent=913004"}],"wp:term":[{"taxonomy":"category","embeddable":true,"href":"https:\/\/www.pm.pb.gov.br\/portal\/wp-json\/wp\/v2\/categories?post=913004"},{"taxonomy":"post_tag","embeddable":true,"href":"https:\/\/www.pm.pb.gov.br\/portal\/wp-json\/wp\/v2\/tags?post=913004"}],"curies":[{"name":"wp","href":"https:\/\/api.w.org\/{rel}","templated":true}]}}