{"id":913000,"date":"2021-10-26T18:25:14","date_gmt":"2021-10-26T21:25:14","guid":{"rendered":"https:\/\/www.pm.pb.gov.br\/portal\/?p=913000"},"modified":"2021-10-26T18:25:17","modified_gmt":"2021-10-26T21:25:17","slug":"doutrina-da-pmpb-de-combate-a-grupos-criminosos-e-destaque-no-2o-congresso-brasileiro-de-seguranca-publica","status":"publish","type":"post","link":"https:\/\/www.pm.pb.gov.br\/portal\/2021\/10\/26\/doutrina-da-pmpb-de-combate-a-grupos-criminosos-e-destaque-no-2o-congresso-brasileiro-de-seguranca-publica\/","title":{"rendered":"Doutrina da PMPB de combate a grupos criminosos \u00e9 destaque no 2\u00ba Congresso Brasileiro de Seguran\u00e7a P\u00fablica"},"content":{"rendered":"\n<p>A doutrina da Pol\u00edcia Militar da Para\u00edba de combate a grupos criminosos que atacam institui\u00e7\u00f5es financeiras ser\u00e1 tema de uma palestra proferida pelo major Wherick Fel\u00edcio, comandante do Grupamento Especializado de Opera\u00e7\u00f5es em \u00c1rea de Caatinga (GEOsAC), da PMPB (foto acima ilustrativa). A palestra acontece de forma virtual amanh\u00e3 (27), a partir das 9h, durante o dia dois do 2\u00ba Congresso Brasileiro de Seguran\u00e7a P\u00fablica.<\/p>\n<p>Com alcance nacional, o Congresso \u00e9 uma realiza\u00e7\u00e3o do JUS21e est\u00e1 voltando para acad\u00eamicos, sociedade civil organizada, operadores, estudiosos e pessoas interessadas na tem\u00e1tica da seguran\u00e7a p\u00fablica e no processo de forma\u00e7\u00e3o policial. Mais informa\u00e7\u00f5es sobre o evento est\u00e3o dispon\u00edveis em: https:\/\/jus21.com.br\/, e a transmiss\u00e3o deve acontecer no canal do Youtube do curso.<\/p>\n<p>O GEOsAC atua em ocorr\u00eancias de alta complexidade em \u00e1reas urbanas e rurais, principalmente no enfrentamento \u00e0 organiza\u00e7\u00f5es e associa\u00e7\u00f5es criminosas respons\u00e1veis por ataques a bancos e narcotr\u00e1fico. Com sede no Agreste paraibano, sua atua\u00e7\u00e3o \u00e9 em todo o Estado. O Grupamento \u00e9 respons\u00e1vel tamb\u00e9m pela difus\u00e3o da doutrina genuinamente paraibana, que \u00e9 a base do Curso de Opera\u00e7\u00f5es e Sobreviv\u00eancia em \u00c1rea de Caatinga, e que habilita ao policial servir na unidade da PM paraibana.<\/p>\n","protected":false},"excerpt":{"rendered":"<p>A doutrina da Pol\u00edcia Militar da Para\u00edba de combate a grupos criminosos que atacam institui\u00e7\u00f5es financeiras ser\u00e1 tema de uma<\/p>\n","protected":false},"author":12,"featured_media":913001,"comment_status":"closed","ping_status":"closed","sticky":false,"template":"","format":"standard","meta":{"_exactmetrics_skip_tracking":false,"_exactmetrics_sitenote_active":false,"_exactmetrics_sitenote_note":"","_exactmetrics_sitenote_category":0,"footnotes":""},"categories":[6],"tags":[],"yoast_head":"<!-- This site is optimized with the Yoast SEO plugin v22.0 - https:\/\/yoast.com\/wordpress\/plugins\/seo\/ -->\n<title>Doutrina da PMPB de combate a grupos criminosos \u00e9 destaque no 2\u00ba Congresso Brasileiro de Seguran\u00e7a P\u00fablica - Pol\u00edcia Militar da Para\u00edba<\/title>\n<meta name=\"robots\" content=\"index, follow, max-snippet:-1, max-image-preview:large, max-video-preview:-1\" \/>\n<link rel=\"canonical\" href=\"https:\/\/www.pm.pb.gov.br\/portal\/2021\/10\/26\/doutrina-da-pmpb-de-combate-a-grupos-criminosos-e-destaque-no-2o-congresso-brasileiro-de-seguranca-publica\/\" \/>\n<meta property=\"og:locale\" content=\"pt_BR\" \/>\n<meta property=\"og:type\" content=\"article\" \/>\n<meta property=\"og:title\" content=\"Doutrina da PMPB de combate a grupos criminosos \u00e9 destaque no 2\u00ba Congresso Brasileiro de Seguran\u00e7a P\u00fablica - Pol\u00edcia Militar da Para\u00edba\" \/>\n<meta property=\"og:description\" content=\"A doutrina da Pol\u00edcia Militar da Para\u00edba de combate a grupos criminosos que atacam institui\u00e7\u00f5es financeiras ser\u00e1 tema de uma\" \/>\n<meta property=\"og:url\" content=\"https:\/\/www.pm.pb.gov.br\/portal\/2021\/10\/26\/doutrina-da-pmpb-de-combate-a-grupos-criminosos-e-destaque-no-2o-congresso-brasileiro-de-seguranca-publica\/\" \/>\n<meta property=\"og:site_name\" content=\"Pol\u00edcia Militar da Para\u00edba\" \/>\n<meta property=\"article:published_time\" content=\"2021-10-26T21:25:14+00:00\" \/>\n<meta property=\"article:modified_time\" content=\"2021-10-26T21:25:17+00:00\" \/>\n<meta property=\"og:image\" content=\"https:\/\/www.pm.pb.gov.br\/portal\/wp-content\/uploads\/2021\/10\/geosac-2.jpeg\" \/>\n\t<meta property=\"og:image:width\" content=\"1280\" \/>\n\t<meta property=\"og:image:height\" content=\"853\" \/>\n\t<meta property=\"og:image:type\" content=\"image\/jpeg\" \/>\n<meta name=\"author\" content=\"Tarcisio Oliveira\" \/>\n<meta name=\"twitter:card\" content=\"summary_large_image\" \/>\n<meta name=\"twitter:label1\" content=\"Escrito por\" \/>\n\t<meta name=\"twitter:data1\" content=\"Tarcisio Oliveira\" \/>\n\t<meta name=\"twitter:label2\" content=\"Est. tempo de leitura\" \/>\n\t<meta name=\"twitter:data2\" content=\"1 minuto\" \/>\n<script type=\"application\/ld+json\" class=\"yoast-schema-graph\">{\"@context\":\"https:\/\/schema.org\",\"@graph\":[{\"@type\":\"Article\",\"@id\":\"https:\/\/www.pm.pb.gov.br\/portal\/2021\/10\/26\/doutrina-da-pmpb-de-combate-a-grupos-criminosos-e-destaque-no-2o-congresso-brasileiro-de-seguranca-publica\/#article\",\"isPartOf\":{\"@id\":\"https:\/\/www.pm.pb.gov.br\/portal\/2021\/10\/26\/doutrina-da-pmpb-de-combate-a-grupos-criminosos-e-destaque-no-2o-congresso-brasileiro-de-seguranca-publica\/\"},\"author\":{\"name\":\"Tarcisio Oliveira\",\"@id\":\"https:\/\/www.pm.pb.gov.br\/portal\/#\/schema\/person\/f84f56dcc78ce4357054da888b8247fd\"},\"headline\":\"Doutrina da PMPB de combate a grupos criminosos \u00e9 destaque no 2\u00ba Congresso Brasileiro de Seguran\u00e7a P\u00fablica\",\"datePublished\":\"2021-10-26T21:25:14+00:00\",\"dateModified\":\"2021-10-26T21:25:17+00:00\",\"mainEntityOfPage\":{\"@id\":\"https:\/\/www.pm.pb.gov.br\/portal\/2021\/10\/26\/doutrina-da-pmpb-de-combate-a-grupos-criminosos-e-destaque-no-2o-congresso-brasileiro-de-seguranca-publica\/\"},\"wordCount\":236,\"publisher\":{\"@id\":\"https:\/\/www.pm.pb.gov.br\/portal\/#organization\"},\"articleSection\":[\"Cursos\"],\"inLanguage\":\"pt-BR\"},{\"@type\":\"WebPage\",\"@id\":\"https:\/\/www.pm.pb.gov.br\/portal\/2021\/10\/26\/doutrina-da-pmpb-de-combate-a-grupos-criminosos-e-destaque-no-2o-congresso-brasileiro-de-seguranca-publica\/\",\"url\":\"https:\/\/www.pm.pb.gov.br\/portal\/2021\/10\/26\/doutrina-da-pmpb-de-combate-a-grupos-criminosos-e-destaque-no-2o-congresso-brasileiro-de-seguranca-publica\/\",\"name\":\"Doutrina da PMPB de combate a grupos criminosos \u00e9 destaque no 2\u00ba Congresso Brasileiro de Seguran\u00e7a P\u00fablica - Pol\u00edcia Militar da Para\u00edba\",\"isPartOf\":{\"@id\":\"https:\/\/www.pm.pb.gov.br\/portal\/#website\"},\"datePublished\":\"2021-10-26T21:25:14+00:00\",\"dateModified\":\"2021-10-26T21:25:17+00:00\",\"breadcrumb\":{\"@id\":\"https:\/\/www.pm.pb.gov.br\/portal\/2021\/10\/26\/doutrina-da-pmpb-de-combate-a-grupos-criminosos-e-destaque-no-2o-congresso-brasileiro-de-seguranca-publica\/#breadcrumb\"},\"inLanguage\":\"pt-BR\",\"potentialAction\":[{\"@type\":\"ReadAction\",\"target\":[\"https:\/\/www.pm.pb.gov.br\/portal\/2021\/10\/26\/doutrina-da-pmpb-de-combate-a-grupos-criminosos-e-destaque-no-2o-congresso-brasileiro-de-seguranca-publica\/\"]}]},{\"@type\":\"BreadcrumbList\",\"@id\":\"https:\/\/www.pm.pb.gov.br\/portal\/2021\/10\/26\/doutrina-da-pmpb-de-combate-a-grupos-criminosos-e-destaque-no-2o-congresso-brasileiro-de-seguranca-publica\/#breadcrumb\",\"itemListElement\":[{\"@type\":\"ListItem\",\"position\":1,\"name\":\"In\u00edcio\",\"item\":\"https:\/\/www.pm.pb.gov.br\/portal\/\"},{\"@type\":\"ListItem\",\"position\":2,\"name\":\"Doutrina da PMPB de combate a grupos criminosos \u00e9 destaque no 2\u00ba Congresso Brasileiro de Seguran\u00e7a P\u00fablica\"}]},{\"@type\":\"WebSite\",\"@id\":\"https:\/\/www.pm.pb.gov.br\/portal\/#website\",\"url\":\"https:\/\/www.pm.pb.gov.br\/portal\/\",\"name\":\"Pol\u00edcia Militar da Para\u00edba\",\"description\":\"\",\"publisher\":{\"@id\":\"https:\/\/www.pm.pb.gov.br\/portal\/#organization\"},\"potentialAction\":[{\"@type\":\"SearchAction\",\"target\":{\"@type\":\"EntryPoint\",\"urlTemplate\":\"https:\/\/www.pm.pb.gov.br\/portal\/?s={search_term_string}\"},\"query-input\":\"required name=search_term_string\"}],\"inLanguage\":\"pt-BR\"},{\"@type\":\"Organization\",\"@id\":\"https:\/\/www.pm.pb.gov.br\/portal\/#organization\",\"name\":\"Pol\u00edcia Militar da Para\u00edba\",\"url\":\"https:\/\/www.pm.pb.gov.br\/portal\/\",\"logo\":{\"@type\":\"ImageObject\",\"inLanguage\":\"pt-BR\",\"@id\":\"https:\/\/www.pm.pb.gov.br\/portal\/#\/schema\/logo\/image\/\",\"url\":\"https:\/\/www.pm.pb.gov.br\/portal\/wp-content\/uploads\/2025\/03\/cropped-logo-site-mag2-1.png\",\"contentUrl\":\"https:\/\/www.pm.pb.gov.br\/portal\/wp-content\/uploads\/2025\/03\/cropped-logo-site-mag2-1.png\",\"width\":320,\"height\":90,\"caption\":\"Pol\u00edcia Militar da Para\u00edba\"},\"image\":{\"@id\":\"https:\/\/www.pm.pb.gov.br\/portal\/#\/schema\/logo\/image\/\"}},{\"@type\":\"Person\",\"@id\":\"https:\/\/www.pm.pb.gov.br\/portal\/#\/schema\/person\/f84f56dcc78ce4357054da888b8247fd\",\"name\":\"Tarcisio Oliveira\",\"image\":{\"@type\":\"ImageObject\",\"inLanguage\":\"pt-BR\",\"@id\":\"https:\/\/www.pm.pb.gov.br\/portal\/#\/schema\/person\/image\/\",\"url\":\"https:\/\/secure.gravatar.com\/avatar\/72917b630b69d31cd0297507f34bac97?s=96&d=mm&r=g\",\"contentUrl\":\"https:\/\/secure.gravatar.com\/avatar\/72917b630b69d31cd0297507f34bac97?s=96&d=mm&r=g\",\"caption\":\"Tarcisio Oliveira\"},\"url\":\"https:\/\/www.pm.pb.gov.br\/portal\/author\/tarcisio\/\"}]}<\/script>\n<!-- \/ Yoast SEO plugin. -->","yoast_head_json":{"title":"Doutrina da PMPB de combate a grupos criminosos \u00e9 destaque no 2\u00ba Congresso Brasileiro de Seguran\u00e7a P\u00fablica - Pol\u00edcia Militar da Para\u00edba","robots":{"index":"index","follow":"follow","max-snippet":"max-snippet:-1","max-image-preview":"max-image-preview:large","max-video-preview":"max-video-preview:-1"},"canonical":"https:\/\/www.pm.pb.gov.br\/portal\/2021\/10\/26\/doutrina-da-pmpb-de-combate-a-grupos-criminosos-e-destaque-no-2o-congresso-brasileiro-de-seguranca-publica\/","og_locale":"pt_BR","og_type":"article","og_title":"Doutrina da PMPB de combate a grupos criminosos \u00e9 destaque no 2\u00ba Congresso Brasileiro de Seguran\u00e7a P\u00fablica - Pol\u00edcia Militar da Para\u00edba","og_description":"A doutrina da Pol\u00edcia Militar da Para\u00edba de combate a grupos criminosos que atacam institui\u00e7\u00f5es financeiras ser\u00e1 tema de uma","og_url":"https:\/\/www.pm.pb.gov.br\/portal\/2021\/10\/26\/doutrina-da-pmpb-de-combate-a-grupos-criminosos-e-destaque-no-2o-congresso-brasileiro-de-seguranca-publica\/","og_site_name":"Pol\u00edcia Militar da Para\u00edba","article_published_time":"2021-10-26T21:25:14+00:00","article_modified_time":"2021-10-26T21:25:17+00:00","og_image":[{"width":1280,"height":853,"url":"https:\/\/www.pm.pb.gov.br\/portal\/wp-content\/uploads\/2021\/10\/geosac-2.jpeg","type":"image\/jpeg"}],"author":"Tarcisio Oliveira","twitter_card":"summary_large_image","twitter_misc":{"Escrito por":"Tarcisio Oliveira","Est. tempo de leitura":"1 minuto"},"schema":{"@context":"https:\/\/schema.org","@graph":[{"@type":"Article","@id":"https:\/\/www.pm.pb.gov.br\/portal\/2021\/10\/26\/doutrina-da-pmpb-de-combate-a-grupos-criminosos-e-destaque-no-2o-congresso-brasileiro-de-seguranca-publica\/#article","isPartOf":{"@id":"https:\/\/www.pm.pb.gov.br\/portal\/2021\/10\/26\/doutrina-da-pmpb-de-combate-a-grupos-criminosos-e-destaque-no-2o-congresso-brasileiro-de-seguranca-publica\/"},"author":{"name":"Tarcisio Oliveira","@id":"https:\/\/www.pm.pb.gov.br\/portal\/#\/schema\/person\/f84f56dcc78ce4357054da888b8247fd"},"headline":"Doutrina da PMPB de combate a grupos criminosos \u00e9 destaque no 2\u00ba Congresso Brasileiro de Seguran\u00e7a P\u00fablica","datePublished":"2021-10-26T21:25:14+00:00","dateModified":"2021-10-26T21:25:17+00:00","mainEntityOfPage":{"@id":"https:\/\/www.pm.pb.gov.br\/portal\/2021\/10\/26\/doutrina-da-pmpb-de-combate-a-grupos-criminosos-e-destaque-no-2o-congresso-brasileiro-de-seguranca-publica\/"},"wordCount":236,"publisher":{"@id":"https:\/\/www.pm.pb.gov.br\/portal\/#organization"},"articleSection":["Cursos"],"inLanguage":"pt-BR"},{"@type":"WebPage","@id":"https:\/\/www.pm.pb.gov.br\/portal\/2021\/10\/26\/doutrina-da-pmpb-de-combate-a-grupos-criminosos-e-destaque-no-2o-congresso-brasileiro-de-seguranca-publica\/","url":"https:\/\/www.pm.pb.gov.br\/portal\/2021\/10\/26\/doutrina-da-pmpb-de-combate-a-grupos-criminosos-e-destaque-no-2o-congresso-brasileiro-de-seguranca-publica\/","name":"Doutrina da PMPB de combate a grupos criminosos \u00e9 destaque no 2\u00ba Congresso Brasileiro de Seguran\u00e7a P\u00fablica - Pol\u00edcia Militar da Para\u00edba","isPartOf":{"@id":"https:\/\/www.pm.pb.gov.br\/portal\/#website"},"datePublished":"2021-10-26T21:25:14+00:00","dateModified":"2021-10-26T21:25:17+00:00","breadcrumb":{"@id":"https:\/\/www.pm.pb.gov.br\/portal\/2021\/10\/26\/doutrina-da-pmpb-de-combate-a-grupos-criminosos-e-destaque-no-2o-congresso-brasileiro-de-seguranca-publica\/#breadcrumb"},"inLanguage":"pt-BR","potentialAction":[{"@type":"ReadAction","target":["https:\/\/www.pm.pb.gov.br\/portal\/2021\/10\/26\/doutrina-da-pmpb-de-combate-a-grupos-criminosos-e-destaque-no-2o-congresso-brasileiro-de-seguranca-publica\/"]}]},{"@type":"BreadcrumbList","@id":"https:\/\/www.pm.pb.gov.br\/portal\/2021\/10\/26\/doutrina-da-pmpb-de-combate-a-grupos-criminosos-e-destaque-no-2o-congresso-brasileiro-de-seguranca-publica\/#breadcrumb","itemListElement":[{"@type":"ListItem","position":1,"name":"In\u00edcio","item":"https:\/\/www.pm.pb.gov.br\/portal\/"},{"@type":"ListItem","position":2,"name":"Doutrina da PMPB de combate a grupos criminosos \u00e9 destaque no 2\u00ba Congresso Brasileiro de Seguran\u00e7a P\u00fablica"}]},{"@type":"WebSite","@id":"https:\/\/www.pm.pb.gov.br\/portal\/#website","url":"https:\/\/www.pm.pb.gov.br\/portal\/","name":"Pol\u00edcia Militar da Para\u00edba","description":"","publisher":{"@id":"https:\/\/www.pm.pb.gov.br\/portal\/#organization"},"potentialAction":[{"@type":"SearchAction","target":{"@type":"EntryPoint","urlTemplate":"https:\/\/www.pm.pb.gov.br\/portal\/?s={search_term_string}"},"query-input":"required name=search_term_string"}],"inLanguage":"pt-BR"},{"@type":"Organization","@id":"https:\/\/www.pm.pb.gov.br\/portal\/#organization","name":"Pol\u00edcia Militar da Para\u00edba","url":"https:\/\/www.pm.pb.gov.br\/portal\/","logo":{"@type":"ImageObject","inLanguage":"pt-BR","@id":"https:\/\/www.pm.pb.gov.br\/portal\/#\/schema\/logo\/image\/","url":"https:\/\/www.pm.pb.gov.br\/portal\/wp-content\/uploads\/2025\/03\/cropped-logo-site-mag2-1.png","contentUrl":"https:\/\/www.pm.pb.gov.br\/portal\/wp-content\/uploads\/2025\/03\/cropped-logo-site-mag2-1.png","width":320,"height":90,"caption":"Pol\u00edcia Militar da Para\u00edba"},"image":{"@id":"https:\/\/www.pm.pb.gov.br\/portal\/#\/schema\/logo\/image\/"}},{"@type":"Person","@id":"https:\/\/www.pm.pb.gov.br\/portal\/#\/schema\/person\/f84f56dcc78ce4357054da888b8247fd","name":"Tarcisio Oliveira","image":{"@type":"ImageObject","inLanguage":"pt-BR","@id":"https:\/\/www.pm.pb.gov.br\/portal\/#\/schema\/person\/image\/","url":"https:\/\/secure.gravatar.com\/avatar\/72917b630b69d31cd0297507f34bac97?s=96&d=mm&r=g","contentUrl":"https:\/\/secure.gravatar.com\/avatar\/72917b630b69d31cd0297507f34bac97?s=96&d=mm&r=g","caption":"Tarcisio Oliveira"},"url":"https:\/\/www.pm.pb.gov.br\/portal\/author\/tarcisio\/"}]}},"_links":{"self":[{"href":"https:\/\/www.pm.pb.gov.br\/portal\/wp-json\/wp\/v2\/posts\/913000"}],"collection":[{"href":"https:\/\/www.pm.pb.gov.br\/portal\/wp-json\/wp\/v2\/posts"}],"about":[{"href":"https:\/\/www.pm.pb.gov.br\/portal\/wp-json\/wp\/v2\/types\/post"}],"author":[{"embeddable":true,"href":"https:\/\/www.pm.pb.gov.br\/portal\/wp-json\/wp\/v2\/users\/12"}],"replies":[{"embeddable":true,"href":"https:\/\/www.pm.pb.gov.br\/portal\/wp-json\/wp\/v2\/comments?post=913000"}],"version-history":[{"count":2,"href":"https:\/\/www.pm.pb.gov.br\/portal\/wp-json\/wp\/v2\/posts\/913000\/revisions"}],"predecessor-version":[{"id":913003,"href":"https:\/\/www.pm.pb.gov.br\/portal\/wp-json\/wp\/v2\/posts\/913000\/revisions\/913003"}],"wp:featuredmedia":[{"embeddable":true,"href":"https:\/\/www.pm.pb.gov.br\/portal\/wp-json\/wp\/v2\/media\/913001"}],"wp:attachment":[{"href":"https:\/\/www.pm.pb.gov.br\/portal\/wp-json\/wp\/v2\/media?parent=913000"}],"wp:term":[{"taxonomy":"category","embeddable":true,"href":"https:\/\/www.pm.pb.gov.br\/portal\/wp-json\/wp\/v2\/categories?post=913000"},{"taxonomy":"post_tag","embeddable":true,"href":"https:\/\/www.pm.pb.gov.br\/portal\/wp-json\/wp\/v2\/tags?post=913000"}],"curies":[{"name":"wp","href":"https:\/\/api.w.org\/{rel}","templated":true}]}}