{"id":912994,"date":"2021-10-27T11:30:35","date_gmt":"2021-10-27T14:30:35","guid":{"rendered":"https:\/\/www.pm.pb.gov.br\/portal\/?p=912994"},"modified":"2021-10-27T11:30:37","modified_gmt":"2021-10-27T14:30:37","slug":"pm-prende-13-suspeitos-de-integrar-faccoes-criminosas-que-estariam-atuando-em-jacarau","status":"publish","type":"post","link":"https:\/\/www.pm.pb.gov.br\/portal\/2021\/10\/27\/pm-prende-13-suspeitos-de-integrar-faccoes-criminosas-que-estariam-atuando-em-jacarau\/","title":{"rendered":"PM prende 13 suspeitos de integrar fac\u00e7\u00f5es criminosas que estariam atuando em Jacara\u00fa"},"content":{"rendered":"\n<p>As opera\u00e7\u00f5es realizadas pela Pol\u00edcia Militar para combater as fac\u00e7\u00f5es criminosas que estariam agindo na cidade de Jacara\u00fa, no Litoral Norte da Para\u00edba, j\u00e1 resultaram na pris\u00e3o de 13 suspeitos ligados a esses grupos, nas \u00faltimas duas semanas. Com os criminosos, a PM apreendeu dez armas de fogo de v\u00e1rios calibres, que estariam sendo usadas para a pr\u00e1tica de assassinatos e roubos.<br><br>O comandante-geral da Pol\u00edcia Militar, coronel Euller Chaves, enviou refor\u00e7o de tropas especializadas para apoiar as a\u00e7\u00f5es rotineiras dos policiais da 2\u00aa Companhia Independente da PM (CIPM) &#8211; unidade que \u00e9 respons\u00e1vel pelo policiamento da \u00e1rea &#8211; e realizou uma das edi\u00e7\u00f5es da Opera\u00e7\u00e3o Impacto no munic\u00edpio.<\/p>\n\n\n\n<p><img loading=\"lazy\" decoding=\"async\" width=\"1280\" height=\"853\" class=\"wp-image-913015\" style=\"width: 800px;\" src=\"http:\/\/www.pm.pb.gov.br\/portal\/wp-content\/uploads\/2021\/10\/26c73f3b-de0c-4b34-9de4-9df4369d6b23-1.jpeg\" alt=\"\" srcset=\"https:\/\/www.pm.pb.gov.br\/portal\/wp-content\/uploads\/2021\/10\/26c73f3b-de0c-4b34-9de4-9df4369d6b23-1.jpeg 1280w, https:\/\/www.pm.pb.gov.br\/portal\/wp-content\/uploads\/2021\/10\/26c73f3b-de0c-4b34-9de4-9df4369d6b23-1-668x445.jpeg 668w, https:\/\/www.pm.pb.gov.br\/portal\/wp-content\/uploads\/2021\/10\/26c73f3b-de0c-4b34-9de4-9df4369d6b23-1-855x570.jpeg 855w, https:\/\/www.pm.pb.gov.br\/portal\/wp-content\/uploads\/2021\/10\/26c73f3b-de0c-4b34-9de4-9df4369d6b23-1-768x512.jpeg 768w, https:\/\/www.pm.pb.gov.br\/portal\/wp-content\/uploads\/2021\/10\/26c73f3b-de0c-4b34-9de4-9df4369d6b23-1-272x182.jpeg 272w\" sizes=\"(max-width: 1280px) 100vw, 1280px\" \/><\/p>\n\n\n\n<p><br><br>Atrav\u00e9s do levantamento de informa\u00e7\u00f5es, que conta com a participa\u00e7\u00e3o da Coordenadoria de Intelig\u00eancia (COInt), j\u00e1 foi poss\u00edvel identificar quase todos os envolvidos nos crimes que aconteceram recentemente na cidade. Os respons\u00e1veis seguem procurados e novas pris\u00f5es devem ocorrer nos pr\u00f3ximos dias. A popula\u00e7\u00e3o que quiser colaborar com informa\u00e7\u00f5es sobre a localiza\u00e7\u00e3o de suspeitos, pode ligar para o 190.<\/p>\n","protected":false},"excerpt":{"rendered":"<p>As opera\u00e7\u00f5es realizadas pela Pol\u00edcia Militar para combater as fac\u00e7\u00f5es criminosas que estariam agindo na cidade de Jacara\u00fa, no Litoral<\/p>\n","protected":false},"author":5,"featured_media":913014,"comment_status":"closed","ping_status":"closed","sticky":false,"template":"","format":"standard","meta":{"_exactmetrics_skip_tracking":false,"_exactmetrics_sitenote_active":false,"_exactmetrics_sitenote_note":"","_exactmetrics_sitenote_category":0,"footnotes":""},"categories":[4],"tags":[],"yoast_head":"<!-- This site is optimized with the Yoast SEO plugin v22.0 - https:\/\/yoast.com\/wordpress\/plugins\/seo\/ -->\n<title>PM prende 13 suspeitos de integrar fac\u00e7\u00f5es criminosas que estariam atuando em Jacara\u00fa - Pol\u00edcia Militar da Para\u00edba<\/title>\n<meta name=\"robots\" content=\"index, follow, max-snippet:-1, max-image-preview:large, max-video-preview:-1\" \/>\n<link rel=\"canonical\" href=\"https:\/\/www.pm.pb.gov.br\/portal\/2021\/10\/27\/pm-prende-13-suspeitos-de-integrar-faccoes-criminosas-que-estariam-atuando-em-jacarau\/\" \/>\n<meta property=\"og:locale\" content=\"pt_BR\" \/>\n<meta property=\"og:type\" content=\"article\" \/>\n<meta property=\"og:title\" content=\"PM prende 13 suspeitos de integrar fac\u00e7\u00f5es criminosas que estariam atuando em Jacara\u00fa - Pol\u00edcia Militar da Para\u00edba\" \/>\n<meta property=\"og:description\" content=\"As opera\u00e7\u00f5es realizadas pela Pol\u00edcia Militar para combater as fac\u00e7\u00f5es criminosas que estariam agindo na cidade de Jacara\u00fa, no Litoral\" \/>\n<meta property=\"og:url\" content=\"https:\/\/www.pm.pb.gov.br\/portal\/2021\/10\/27\/pm-prende-13-suspeitos-de-integrar-faccoes-criminosas-que-estariam-atuando-em-jacarau\/\" \/>\n<meta property=\"og:site_name\" content=\"Pol\u00edcia Militar da Para\u00edba\" \/>\n<meta property=\"article:published_time\" content=\"2021-10-27T14:30:35+00:00\" \/>\n<meta property=\"article:modified_time\" content=\"2021-10-27T14:30:37+00:00\" \/>\n<meta property=\"og:image\" content=\"https:\/\/www.pm.pb.gov.br\/portal\/wp-content\/uploads\/2021\/10\/aa618e1b-3d65-4d48-9805-10f98745aec7.jpeg\" \/>\n\t<meta property=\"og:image:width\" content=\"1280\" \/>\n\t<meta property=\"og:image:height\" content=\"853\" \/>\n\t<meta property=\"og:image:type\" content=\"image\/jpeg\" \/>\n<meta name=\"author\" content=\"Assessoria de Imprensa da PMPB\" \/>\n<meta name=\"twitter:card\" content=\"summary_large_image\" \/>\n<meta name=\"twitter:label1\" content=\"Escrito por\" \/>\n\t<meta name=\"twitter:data1\" content=\"Assessoria de Imprensa da PMPB\" \/>\n\t<meta name=\"twitter:label2\" content=\"Est. tempo de leitura\" \/>\n\t<meta name=\"twitter:data2\" content=\"1 minuto\" \/>\n<script type=\"application\/ld+json\" class=\"yoast-schema-graph\">{\"@context\":\"https:\/\/schema.org\",\"@graph\":[{\"@type\":\"Article\",\"@id\":\"https:\/\/www.pm.pb.gov.br\/portal\/2021\/10\/27\/pm-prende-13-suspeitos-de-integrar-faccoes-criminosas-que-estariam-atuando-em-jacarau\/#article\",\"isPartOf\":{\"@id\":\"https:\/\/www.pm.pb.gov.br\/portal\/2021\/10\/27\/pm-prende-13-suspeitos-de-integrar-faccoes-criminosas-que-estariam-atuando-em-jacarau\/\"},\"author\":{\"name\":\"Assessoria de Imprensa da PMPB\",\"@id\":\"https:\/\/www.pm.pb.gov.br\/portal\/#\/schema\/person\/e8454f46651c3ecf0e1ba3c1666d9947\"},\"headline\":\"PM prende 13 suspeitos de integrar fac\u00e7\u00f5es criminosas que estariam atuando em Jacara\u00fa\",\"datePublished\":\"2021-10-27T14:30:35+00:00\",\"dateModified\":\"2021-10-27T14:30:37+00:00\",\"mainEntityOfPage\":{\"@id\":\"https:\/\/www.pm.pb.gov.br\/portal\/2021\/10\/27\/pm-prende-13-suspeitos-de-integrar-faccoes-criminosas-que-estariam-atuando-em-jacarau\/\"},\"wordCount\":202,\"publisher\":{\"@id\":\"https:\/\/www.pm.pb.gov.br\/portal\/#organization\"},\"articleSection\":[\"A\u00e7\u00f5es Policiais\"],\"inLanguage\":\"pt-BR\"},{\"@type\":\"WebPage\",\"@id\":\"https:\/\/www.pm.pb.gov.br\/portal\/2021\/10\/27\/pm-prende-13-suspeitos-de-integrar-faccoes-criminosas-que-estariam-atuando-em-jacarau\/\",\"url\":\"https:\/\/www.pm.pb.gov.br\/portal\/2021\/10\/27\/pm-prende-13-suspeitos-de-integrar-faccoes-criminosas-que-estariam-atuando-em-jacarau\/\",\"name\":\"PM prende 13 suspeitos de integrar fac\u00e7\u00f5es criminosas que estariam atuando em Jacara\u00fa - Pol\u00edcia Militar da Para\u00edba\",\"isPartOf\":{\"@id\":\"https:\/\/www.pm.pb.gov.br\/portal\/#website\"},\"datePublished\":\"2021-10-27T14:30:35+00:00\",\"dateModified\":\"2021-10-27T14:30:37+00:00\",\"breadcrumb\":{\"@id\":\"https:\/\/www.pm.pb.gov.br\/portal\/2021\/10\/27\/pm-prende-13-suspeitos-de-integrar-faccoes-criminosas-que-estariam-atuando-em-jacarau\/#breadcrumb\"},\"inLanguage\":\"pt-BR\",\"potentialAction\":[{\"@type\":\"ReadAction\",\"target\":[\"https:\/\/www.pm.pb.gov.br\/portal\/2021\/10\/27\/pm-prende-13-suspeitos-de-integrar-faccoes-criminosas-que-estariam-atuando-em-jacarau\/\"]}]},{\"@type\":\"BreadcrumbList\",\"@id\":\"https:\/\/www.pm.pb.gov.br\/portal\/2021\/10\/27\/pm-prende-13-suspeitos-de-integrar-faccoes-criminosas-que-estariam-atuando-em-jacarau\/#breadcrumb\",\"itemListElement\":[{\"@type\":\"ListItem\",\"position\":1,\"name\":\"In\u00edcio\",\"item\":\"https:\/\/www.pm.pb.gov.br\/portal\/\"},{\"@type\":\"ListItem\",\"position\":2,\"name\":\"PM prende 13 suspeitos de integrar fac\u00e7\u00f5es criminosas que estariam atuando em Jacara\u00fa\"}]},{\"@type\":\"WebSite\",\"@id\":\"https:\/\/www.pm.pb.gov.br\/portal\/#website\",\"url\":\"https:\/\/www.pm.pb.gov.br\/portal\/\",\"name\":\"Pol\u00edcia Militar da Para\u00edba\",\"description\":\"\",\"publisher\":{\"@id\":\"https:\/\/www.pm.pb.gov.br\/portal\/#organization\"},\"potentialAction\":[{\"@type\":\"SearchAction\",\"target\":{\"@type\":\"EntryPoint\",\"urlTemplate\":\"https:\/\/www.pm.pb.gov.br\/portal\/?s={search_term_string}\"},\"query-input\":\"required name=search_term_string\"}],\"inLanguage\":\"pt-BR\"},{\"@type\":\"Organization\",\"@id\":\"https:\/\/www.pm.pb.gov.br\/portal\/#organization\",\"name\":\"Pol\u00edcia Militar da Para\u00edba\",\"url\":\"https:\/\/www.pm.pb.gov.br\/portal\/\",\"logo\":{\"@type\":\"ImageObject\",\"inLanguage\":\"pt-BR\",\"@id\":\"https:\/\/www.pm.pb.gov.br\/portal\/#\/schema\/logo\/image\/\",\"url\":\"https:\/\/www.pm.pb.gov.br\/portal\/wp-content\/uploads\/2025\/03\/cropped-logo-site-mag2-1.png\",\"contentUrl\":\"https:\/\/www.pm.pb.gov.br\/portal\/wp-content\/uploads\/2025\/03\/cropped-logo-site-mag2-1.png\",\"width\":320,\"height\":90,\"caption\":\"Pol\u00edcia Militar da Para\u00edba\"},\"image\":{\"@id\":\"https:\/\/www.pm.pb.gov.br\/portal\/#\/schema\/logo\/image\/\"}},{\"@type\":\"Person\",\"@id\":\"https:\/\/www.pm.pb.gov.br\/portal\/#\/schema\/person\/e8454f46651c3ecf0e1ba3c1666d9947\",\"name\":\"Assessoria de Imprensa da PMPB\",\"image\":{\"@type\":\"ImageObject\",\"inLanguage\":\"pt-BR\",\"@id\":\"https:\/\/www.pm.pb.gov.br\/portal\/#\/schema\/person\/image\/\",\"url\":\"https:\/\/secure.gravatar.com\/avatar\/2efe197438265d1e90bd98c4c8e1acf8?s=96&d=mm&r=g\",\"contentUrl\":\"https:\/\/secure.gravatar.com\/avatar\/2efe197438265d1e90bd98c4c8e1acf8?s=96&d=mm&r=g\",\"caption\":\"Assessoria de Imprensa da PMPB\"},\"url\":\"https:\/\/www.pm.pb.gov.br\/portal\/author\/assessoria\/\"}]}<\/script>\n<!-- \/ Yoast SEO plugin. -->","yoast_head_json":{"title":"PM prende 13 suspeitos de integrar fac\u00e7\u00f5es criminosas que estariam atuando em Jacara\u00fa - Pol\u00edcia Militar da Para\u00edba","robots":{"index":"index","follow":"follow","max-snippet":"max-snippet:-1","max-image-preview":"max-image-preview:large","max-video-preview":"max-video-preview:-1"},"canonical":"https:\/\/www.pm.pb.gov.br\/portal\/2021\/10\/27\/pm-prende-13-suspeitos-de-integrar-faccoes-criminosas-que-estariam-atuando-em-jacarau\/","og_locale":"pt_BR","og_type":"article","og_title":"PM prende 13 suspeitos de integrar fac\u00e7\u00f5es criminosas que estariam atuando em Jacara\u00fa - Pol\u00edcia Militar da Para\u00edba","og_description":"As opera\u00e7\u00f5es realizadas pela Pol\u00edcia Militar para combater as fac\u00e7\u00f5es criminosas que estariam agindo na cidade de Jacara\u00fa, no Litoral","og_url":"https:\/\/www.pm.pb.gov.br\/portal\/2021\/10\/27\/pm-prende-13-suspeitos-de-integrar-faccoes-criminosas-que-estariam-atuando-em-jacarau\/","og_site_name":"Pol\u00edcia Militar da Para\u00edba","article_published_time":"2021-10-27T14:30:35+00:00","article_modified_time":"2021-10-27T14:30:37+00:00","og_image":[{"width":1280,"height":853,"url":"https:\/\/www.pm.pb.gov.br\/portal\/wp-content\/uploads\/2021\/10\/aa618e1b-3d65-4d48-9805-10f98745aec7.jpeg","type":"image\/jpeg"}],"author":"Assessoria de Imprensa da PMPB","twitter_card":"summary_large_image","twitter_misc":{"Escrito por":"Assessoria de Imprensa da PMPB","Est. tempo de leitura":"1 minuto"},"schema":{"@context":"https:\/\/schema.org","@graph":[{"@type":"Article","@id":"https:\/\/www.pm.pb.gov.br\/portal\/2021\/10\/27\/pm-prende-13-suspeitos-de-integrar-faccoes-criminosas-que-estariam-atuando-em-jacarau\/#article","isPartOf":{"@id":"https:\/\/www.pm.pb.gov.br\/portal\/2021\/10\/27\/pm-prende-13-suspeitos-de-integrar-faccoes-criminosas-que-estariam-atuando-em-jacarau\/"},"author":{"name":"Assessoria de Imprensa da PMPB","@id":"https:\/\/www.pm.pb.gov.br\/portal\/#\/schema\/person\/e8454f46651c3ecf0e1ba3c1666d9947"},"headline":"PM prende 13 suspeitos de integrar fac\u00e7\u00f5es criminosas que estariam atuando em Jacara\u00fa","datePublished":"2021-10-27T14:30:35+00:00","dateModified":"2021-10-27T14:30:37+00:00","mainEntityOfPage":{"@id":"https:\/\/www.pm.pb.gov.br\/portal\/2021\/10\/27\/pm-prende-13-suspeitos-de-integrar-faccoes-criminosas-que-estariam-atuando-em-jacarau\/"},"wordCount":202,"publisher":{"@id":"https:\/\/www.pm.pb.gov.br\/portal\/#organization"},"articleSection":["A\u00e7\u00f5es Policiais"],"inLanguage":"pt-BR"},{"@type":"WebPage","@id":"https:\/\/www.pm.pb.gov.br\/portal\/2021\/10\/27\/pm-prende-13-suspeitos-de-integrar-faccoes-criminosas-que-estariam-atuando-em-jacarau\/","url":"https:\/\/www.pm.pb.gov.br\/portal\/2021\/10\/27\/pm-prende-13-suspeitos-de-integrar-faccoes-criminosas-que-estariam-atuando-em-jacarau\/","name":"PM prende 13 suspeitos de integrar fac\u00e7\u00f5es criminosas que estariam atuando em Jacara\u00fa - Pol\u00edcia Militar da Para\u00edba","isPartOf":{"@id":"https:\/\/www.pm.pb.gov.br\/portal\/#website"},"datePublished":"2021-10-27T14:30:35+00:00","dateModified":"2021-10-27T14:30:37+00:00","breadcrumb":{"@id":"https:\/\/www.pm.pb.gov.br\/portal\/2021\/10\/27\/pm-prende-13-suspeitos-de-integrar-faccoes-criminosas-que-estariam-atuando-em-jacarau\/#breadcrumb"},"inLanguage":"pt-BR","potentialAction":[{"@type":"ReadAction","target":["https:\/\/www.pm.pb.gov.br\/portal\/2021\/10\/27\/pm-prende-13-suspeitos-de-integrar-faccoes-criminosas-que-estariam-atuando-em-jacarau\/"]}]},{"@type":"BreadcrumbList","@id":"https:\/\/www.pm.pb.gov.br\/portal\/2021\/10\/27\/pm-prende-13-suspeitos-de-integrar-faccoes-criminosas-que-estariam-atuando-em-jacarau\/#breadcrumb","itemListElement":[{"@type":"ListItem","position":1,"name":"In\u00edcio","item":"https:\/\/www.pm.pb.gov.br\/portal\/"},{"@type":"ListItem","position":2,"name":"PM prende 13 suspeitos de integrar fac\u00e7\u00f5es criminosas que estariam atuando em Jacara\u00fa"}]},{"@type":"WebSite","@id":"https:\/\/www.pm.pb.gov.br\/portal\/#website","url":"https:\/\/www.pm.pb.gov.br\/portal\/","name":"Pol\u00edcia Militar da Para\u00edba","description":"","publisher":{"@id":"https:\/\/www.pm.pb.gov.br\/portal\/#organization"},"potentialAction":[{"@type":"SearchAction","target":{"@type":"EntryPoint","urlTemplate":"https:\/\/www.pm.pb.gov.br\/portal\/?s={search_term_string}"},"query-input":"required name=search_term_string"}],"inLanguage":"pt-BR"},{"@type":"Organization","@id":"https:\/\/www.pm.pb.gov.br\/portal\/#organization","name":"Pol\u00edcia Militar da Para\u00edba","url":"https:\/\/www.pm.pb.gov.br\/portal\/","logo":{"@type":"ImageObject","inLanguage":"pt-BR","@id":"https:\/\/www.pm.pb.gov.br\/portal\/#\/schema\/logo\/image\/","url":"https:\/\/www.pm.pb.gov.br\/portal\/wp-content\/uploads\/2025\/03\/cropped-logo-site-mag2-1.png","contentUrl":"https:\/\/www.pm.pb.gov.br\/portal\/wp-content\/uploads\/2025\/03\/cropped-logo-site-mag2-1.png","width":320,"height":90,"caption":"Pol\u00edcia Militar da Para\u00edba"},"image":{"@id":"https:\/\/www.pm.pb.gov.br\/portal\/#\/schema\/logo\/image\/"}},{"@type":"Person","@id":"https:\/\/www.pm.pb.gov.br\/portal\/#\/schema\/person\/e8454f46651c3ecf0e1ba3c1666d9947","name":"Assessoria de Imprensa da PMPB","image":{"@type":"ImageObject","inLanguage":"pt-BR","@id":"https:\/\/www.pm.pb.gov.br\/portal\/#\/schema\/person\/image\/","url":"https:\/\/secure.gravatar.com\/avatar\/2efe197438265d1e90bd98c4c8e1acf8?s=96&d=mm&r=g","contentUrl":"https:\/\/secure.gravatar.com\/avatar\/2efe197438265d1e90bd98c4c8e1acf8?s=96&d=mm&r=g","caption":"Assessoria de Imprensa da PMPB"},"url":"https:\/\/www.pm.pb.gov.br\/portal\/author\/assessoria\/"}]}},"_links":{"self":[{"href":"https:\/\/www.pm.pb.gov.br\/portal\/wp-json\/wp\/v2\/posts\/912994"}],"collection":[{"href":"https:\/\/www.pm.pb.gov.br\/portal\/wp-json\/wp\/v2\/posts"}],"about":[{"href":"https:\/\/www.pm.pb.gov.br\/portal\/wp-json\/wp\/v2\/types\/post"}],"author":[{"embeddable":true,"href":"https:\/\/www.pm.pb.gov.br\/portal\/wp-json\/wp\/v2\/users\/5"}],"replies":[{"embeddable":true,"href":"https:\/\/www.pm.pb.gov.br\/portal\/wp-json\/wp\/v2\/comments?post=912994"}],"version-history":[{"count":2,"href":"https:\/\/www.pm.pb.gov.br\/portal\/wp-json\/wp\/v2\/posts\/912994\/revisions"}],"predecessor-version":[{"id":913016,"href":"https:\/\/www.pm.pb.gov.br\/portal\/wp-json\/wp\/v2\/posts\/912994\/revisions\/913016"}],"wp:featuredmedia":[{"embeddable":true,"href":"https:\/\/www.pm.pb.gov.br\/portal\/wp-json\/wp\/v2\/media\/913014"}],"wp:attachment":[{"href":"https:\/\/www.pm.pb.gov.br\/portal\/wp-json\/wp\/v2\/media?parent=912994"}],"wp:term":[{"taxonomy":"category","embeddable":true,"href":"https:\/\/www.pm.pb.gov.br\/portal\/wp-json\/wp\/v2\/categories?post=912994"},{"taxonomy":"post_tag","embeddable":true,"href":"https:\/\/www.pm.pb.gov.br\/portal\/wp-json\/wp\/v2\/tags?post=912994"}],"curies":[{"name":"wp","href":"https:\/\/api.w.org\/{rel}","templated":true}]}}