{"id":912986,"date":"2021-10-24T08:06:49","date_gmt":"2021-10-24T11:06:49","guid":{"rendered":"https:\/\/www.pm.pb.gov.br\/portal\/?p=912986"},"modified":"2021-10-24T08:17:58","modified_gmt":"2021-10-24T11:17:58","slug":"policia-militar-ja-apreendeu-oito-armas-de-fogo-nesse-fim-de-semana-na-paraiba","status":"publish","type":"post","link":"https:\/\/www.pm.pb.gov.br\/portal\/2021\/10\/24\/policia-militar-ja-apreendeu-oito-armas-de-fogo-nesse-fim-de-semana-na-paraiba\/","title":{"rendered":"Pol\u00edcia Militar j\u00e1 apreendeu oito armas de fogo neste fim de semana na Para\u00edba"},"content":{"rendered":"\n<p>At\u00e9 o fim da noite desse s\u00e1bado (23), a Pol\u00edcia Militar j\u00e1 apreendeu oito armas de fogo nas cidades de Jo\u00e3o Pessoa, Patos, Campina Grande, Monteiro, Santa Rita, Tapero\u00e1 e Alcantil. As armas s\u00e3o de diferentes tipos e calibres e estavam sendo portadas por suspeitos de assaltos e homic\u00eddios.<br><br>O centro de Jo\u00e3o Pessoa registrou duas apreens\u00f5es. A primeira foi realizada pelas equipes da Companhia de Choque do Batalh\u00e3o de Opera\u00e7\u00f5es Especiais (BOPE), quando faziam rondas e abordaram um carro, onde o motorista estava armado com um rev\u00f3lver. A outra apreens\u00e3o foi realizada pelos policiais do 1\u00ba Batalh\u00e3o, que receberam den\u00fancia e localizaram um rev\u00f3lver e embalagens com coca\u00edna, crack e maconha, escondidos ao lado de uma loja, na Avenida Almirante Barroso.<br><br>O resultado das a\u00e7\u00f5es e opera\u00e7\u00f5es do fim de semana deve ser divulgado na manh\u00e3 da pr\u00f3xima segunda-feira. <br><\/p>\n","protected":false},"excerpt":{"rendered":"<p>At\u00e9 o fim da noite desse s\u00e1bado (23), a Pol\u00edcia Militar j\u00e1 apreendeu oito armas de fogo nas cidades de<\/p>\n","protected":false},"author":5,"featured_media":912991,"comment_status":"closed","ping_status":"closed","sticky":false,"template":"","format":"standard","meta":{"_exactmetrics_skip_tracking":false,"_exactmetrics_sitenote_active":false,"_exactmetrics_sitenote_note":"","_exactmetrics_sitenote_category":0,"footnotes":""},"categories":[4],"tags":[],"yoast_head":"<!-- This site is optimized with the Yoast SEO plugin v22.0 - https:\/\/yoast.com\/wordpress\/plugins\/seo\/ -->\n<title>Pol\u00edcia Militar j\u00e1 apreendeu oito armas de fogo neste fim de semana na Para\u00edba - Pol\u00edcia Militar da Para\u00edba<\/title>\n<meta name=\"robots\" content=\"index, follow, max-snippet:-1, max-image-preview:large, max-video-preview:-1\" \/>\n<link rel=\"canonical\" href=\"https:\/\/www.pm.pb.gov.br\/portal\/2021\/10\/24\/policia-militar-ja-apreendeu-oito-armas-de-fogo-nesse-fim-de-semana-na-paraiba\/\" \/>\n<meta property=\"og:locale\" content=\"pt_BR\" \/>\n<meta property=\"og:type\" content=\"article\" \/>\n<meta property=\"og:title\" content=\"Pol\u00edcia Militar j\u00e1 apreendeu oito armas de fogo neste fim de semana na Para\u00edba - Pol\u00edcia Militar da Para\u00edba\" \/>\n<meta property=\"og:description\" content=\"At\u00e9 o fim da noite desse s\u00e1bado (23), a Pol\u00edcia Militar j\u00e1 apreendeu oito armas de fogo nas cidades de\" \/>\n<meta property=\"og:url\" content=\"https:\/\/www.pm.pb.gov.br\/portal\/2021\/10\/24\/policia-militar-ja-apreendeu-oito-armas-de-fogo-nesse-fim-de-semana-na-paraiba\/\" \/>\n<meta property=\"og:site_name\" content=\"Pol\u00edcia Militar da Para\u00edba\" \/>\n<meta property=\"article:published_time\" content=\"2021-10-24T11:06:49+00:00\" \/>\n<meta property=\"article:modified_time\" content=\"2021-10-24T11:17:58+00:00\" \/>\n<meta property=\"og:image\" content=\"https:\/\/www.pm.pb.gov.br\/portal\/wp-content\/uploads\/2021\/10\/57f6fcc4-a231-44cf-b472-820fd7d05912.jpeg\" \/>\n\t<meta property=\"og:image:width\" content=\"910\" \/>\n\t<meta property=\"og:image:height\" content=\"650\" \/>\n\t<meta property=\"og:image:type\" content=\"image\/jpeg\" \/>\n<meta name=\"author\" content=\"Assessoria de Imprensa da PMPB\" \/>\n<meta name=\"twitter:card\" content=\"summary_large_image\" \/>\n<meta name=\"twitter:label1\" content=\"Escrito por\" \/>\n\t<meta name=\"twitter:data1\" content=\"Assessoria de Imprensa da PMPB\" \/>\n\t<meta name=\"twitter:label2\" content=\"Est. tempo de leitura\" \/>\n\t<meta name=\"twitter:data2\" content=\"1 minuto\" \/>\n<script type=\"application\/ld+json\" class=\"yoast-schema-graph\">{\"@context\":\"https:\/\/schema.org\",\"@graph\":[{\"@type\":\"Article\",\"@id\":\"https:\/\/www.pm.pb.gov.br\/portal\/2021\/10\/24\/policia-militar-ja-apreendeu-oito-armas-de-fogo-nesse-fim-de-semana-na-paraiba\/#article\",\"isPartOf\":{\"@id\":\"https:\/\/www.pm.pb.gov.br\/portal\/2021\/10\/24\/policia-militar-ja-apreendeu-oito-armas-de-fogo-nesse-fim-de-semana-na-paraiba\/\"},\"author\":{\"name\":\"Assessoria de Imprensa da PMPB\",\"@id\":\"https:\/\/www.pm.pb.gov.br\/portal\/#\/schema\/person\/e8454f46651c3ecf0e1ba3c1666d9947\"},\"headline\":\"Pol\u00edcia Militar j\u00e1 apreendeu oito armas de fogo neste fim de semana na Para\u00edba\",\"datePublished\":\"2021-10-24T11:06:49+00:00\",\"dateModified\":\"2021-10-24T11:17:58+00:00\",\"mainEntityOfPage\":{\"@id\":\"https:\/\/www.pm.pb.gov.br\/portal\/2021\/10\/24\/policia-militar-ja-apreendeu-oito-armas-de-fogo-nesse-fim-de-semana-na-paraiba\/\"},\"wordCount\":172,\"publisher\":{\"@id\":\"https:\/\/www.pm.pb.gov.br\/portal\/#organization\"},\"articleSection\":[\"A\u00e7\u00f5es Policiais\"],\"inLanguage\":\"pt-BR\"},{\"@type\":\"WebPage\",\"@id\":\"https:\/\/www.pm.pb.gov.br\/portal\/2021\/10\/24\/policia-militar-ja-apreendeu-oito-armas-de-fogo-nesse-fim-de-semana-na-paraiba\/\",\"url\":\"https:\/\/www.pm.pb.gov.br\/portal\/2021\/10\/24\/policia-militar-ja-apreendeu-oito-armas-de-fogo-nesse-fim-de-semana-na-paraiba\/\",\"name\":\"Pol\u00edcia Militar j\u00e1 apreendeu oito armas de fogo neste fim de semana na Para\u00edba - Pol\u00edcia Militar da Para\u00edba\",\"isPartOf\":{\"@id\":\"https:\/\/www.pm.pb.gov.br\/portal\/#website\"},\"datePublished\":\"2021-10-24T11:06:49+00:00\",\"dateModified\":\"2021-10-24T11:17:58+00:00\",\"breadcrumb\":{\"@id\":\"https:\/\/www.pm.pb.gov.br\/portal\/2021\/10\/24\/policia-militar-ja-apreendeu-oito-armas-de-fogo-nesse-fim-de-semana-na-paraiba\/#breadcrumb\"},\"inLanguage\":\"pt-BR\",\"potentialAction\":[{\"@type\":\"ReadAction\",\"target\":[\"https:\/\/www.pm.pb.gov.br\/portal\/2021\/10\/24\/policia-militar-ja-apreendeu-oito-armas-de-fogo-nesse-fim-de-semana-na-paraiba\/\"]}]},{\"@type\":\"BreadcrumbList\",\"@id\":\"https:\/\/www.pm.pb.gov.br\/portal\/2021\/10\/24\/policia-militar-ja-apreendeu-oito-armas-de-fogo-nesse-fim-de-semana-na-paraiba\/#breadcrumb\",\"itemListElement\":[{\"@type\":\"ListItem\",\"position\":1,\"name\":\"In\u00edcio\",\"item\":\"https:\/\/www.pm.pb.gov.br\/portal\/\"},{\"@type\":\"ListItem\",\"position\":2,\"name\":\"Pol\u00edcia Militar j\u00e1 apreendeu oito armas de fogo neste fim de semana na Para\u00edba\"}]},{\"@type\":\"WebSite\",\"@id\":\"https:\/\/www.pm.pb.gov.br\/portal\/#website\",\"url\":\"https:\/\/www.pm.pb.gov.br\/portal\/\",\"name\":\"Pol\u00edcia Militar da Para\u00edba\",\"description\":\"\",\"publisher\":{\"@id\":\"https:\/\/www.pm.pb.gov.br\/portal\/#organization\"},\"potentialAction\":[{\"@type\":\"SearchAction\",\"target\":{\"@type\":\"EntryPoint\",\"urlTemplate\":\"https:\/\/www.pm.pb.gov.br\/portal\/?s={search_term_string}\"},\"query-input\":\"required name=search_term_string\"}],\"inLanguage\":\"pt-BR\"},{\"@type\":\"Organization\",\"@id\":\"https:\/\/www.pm.pb.gov.br\/portal\/#organization\",\"name\":\"Pol\u00edcia Militar da Para\u00edba\",\"url\":\"https:\/\/www.pm.pb.gov.br\/portal\/\",\"logo\":{\"@type\":\"ImageObject\",\"inLanguage\":\"pt-BR\",\"@id\":\"https:\/\/www.pm.pb.gov.br\/portal\/#\/schema\/logo\/image\/\",\"url\":\"https:\/\/www.pm.pb.gov.br\/portal\/wp-content\/uploads\/2025\/03\/cropped-logo-site-mag2-1.png\",\"contentUrl\":\"https:\/\/www.pm.pb.gov.br\/portal\/wp-content\/uploads\/2025\/03\/cropped-logo-site-mag2-1.png\",\"width\":320,\"height\":90,\"caption\":\"Pol\u00edcia Militar da Para\u00edba\"},\"image\":{\"@id\":\"https:\/\/www.pm.pb.gov.br\/portal\/#\/schema\/logo\/image\/\"}},{\"@type\":\"Person\",\"@id\":\"https:\/\/www.pm.pb.gov.br\/portal\/#\/schema\/person\/e8454f46651c3ecf0e1ba3c1666d9947\",\"name\":\"Assessoria de Imprensa da PMPB\",\"image\":{\"@type\":\"ImageObject\",\"inLanguage\":\"pt-BR\",\"@id\":\"https:\/\/www.pm.pb.gov.br\/portal\/#\/schema\/person\/image\/\",\"url\":\"https:\/\/secure.gravatar.com\/avatar\/2efe197438265d1e90bd98c4c8e1acf8?s=96&d=mm&r=g\",\"contentUrl\":\"https:\/\/secure.gravatar.com\/avatar\/2efe197438265d1e90bd98c4c8e1acf8?s=96&d=mm&r=g\",\"caption\":\"Assessoria de Imprensa da PMPB\"},\"url\":\"https:\/\/www.pm.pb.gov.br\/portal\/author\/assessoria\/\"}]}<\/script>\n<!-- \/ Yoast SEO plugin. -->","yoast_head_json":{"title":"Pol\u00edcia Militar j\u00e1 apreendeu oito armas de fogo neste fim de semana na Para\u00edba - Pol\u00edcia Militar da Para\u00edba","robots":{"index":"index","follow":"follow","max-snippet":"max-snippet:-1","max-image-preview":"max-image-preview:large","max-video-preview":"max-video-preview:-1"},"canonical":"https:\/\/www.pm.pb.gov.br\/portal\/2021\/10\/24\/policia-militar-ja-apreendeu-oito-armas-de-fogo-nesse-fim-de-semana-na-paraiba\/","og_locale":"pt_BR","og_type":"article","og_title":"Pol\u00edcia Militar j\u00e1 apreendeu oito armas de fogo neste fim de semana na Para\u00edba - Pol\u00edcia Militar da Para\u00edba","og_description":"At\u00e9 o fim da noite desse s\u00e1bado (23), a Pol\u00edcia Militar j\u00e1 apreendeu oito armas de fogo nas cidades de","og_url":"https:\/\/www.pm.pb.gov.br\/portal\/2021\/10\/24\/policia-militar-ja-apreendeu-oito-armas-de-fogo-nesse-fim-de-semana-na-paraiba\/","og_site_name":"Pol\u00edcia Militar da Para\u00edba","article_published_time":"2021-10-24T11:06:49+00:00","article_modified_time":"2021-10-24T11:17:58+00:00","og_image":[{"width":910,"height":650,"url":"https:\/\/www.pm.pb.gov.br\/portal\/wp-content\/uploads\/2021\/10\/57f6fcc4-a231-44cf-b472-820fd7d05912.jpeg","type":"image\/jpeg"}],"author":"Assessoria de Imprensa da PMPB","twitter_card":"summary_large_image","twitter_misc":{"Escrito por":"Assessoria de Imprensa da PMPB","Est. tempo de leitura":"1 minuto"},"schema":{"@context":"https:\/\/schema.org","@graph":[{"@type":"Article","@id":"https:\/\/www.pm.pb.gov.br\/portal\/2021\/10\/24\/policia-militar-ja-apreendeu-oito-armas-de-fogo-nesse-fim-de-semana-na-paraiba\/#article","isPartOf":{"@id":"https:\/\/www.pm.pb.gov.br\/portal\/2021\/10\/24\/policia-militar-ja-apreendeu-oito-armas-de-fogo-nesse-fim-de-semana-na-paraiba\/"},"author":{"name":"Assessoria de Imprensa da PMPB","@id":"https:\/\/www.pm.pb.gov.br\/portal\/#\/schema\/person\/e8454f46651c3ecf0e1ba3c1666d9947"},"headline":"Pol\u00edcia Militar j\u00e1 apreendeu oito armas de fogo neste fim de semana na Para\u00edba","datePublished":"2021-10-24T11:06:49+00:00","dateModified":"2021-10-24T11:17:58+00:00","mainEntityOfPage":{"@id":"https:\/\/www.pm.pb.gov.br\/portal\/2021\/10\/24\/policia-militar-ja-apreendeu-oito-armas-de-fogo-nesse-fim-de-semana-na-paraiba\/"},"wordCount":172,"publisher":{"@id":"https:\/\/www.pm.pb.gov.br\/portal\/#organization"},"articleSection":["A\u00e7\u00f5es Policiais"],"inLanguage":"pt-BR"},{"@type":"WebPage","@id":"https:\/\/www.pm.pb.gov.br\/portal\/2021\/10\/24\/policia-militar-ja-apreendeu-oito-armas-de-fogo-nesse-fim-de-semana-na-paraiba\/","url":"https:\/\/www.pm.pb.gov.br\/portal\/2021\/10\/24\/policia-militar-ja-apreendeu-oito-armas-de-fogo-nesse-fim-de-semana-na-paraiba\/","name":"Pol\u00edcia Militar j\u00e1 apreendeu oito armas de fogo neste fim de semana na Para\u00edba - Pol\u00edcia Militar da Para\u00edba","isPartOf":{"@id":"https:\/\/www.pm.pb.gov.br\/portal\/#website"},"datePublished":"2021-10-24T11:06:49+00:00","dateModified":"2021-10-24T11:17:58+00:00","breadcrumb":{"@id":"https:\/\/www.pm.pb.gov.br\/portal\/2021\/10\/24\/policia-militar-ja-apreendeu-oito-armas-de-fogo-nesse-fim-de-semana-na-paraiba\/#breadcrumb"},"inLanguage":"pt-BR","potentialAction":[{"@type":"ReadAction","target":["https:\/\/www.pm.pb.gov.br\/portal\/2021\/10\/24\/policia-militar-ja-apreendeu-oito-armas-de-fogo-nesse-fim-de-semana-na-paraiba\/"]}]},{"@type":"BreadcrumbList","@id":"https:\/\/www.pm.pb.gov.br\/portal\/2021\/10\/24\/policia-militar-ja-apreendeu-oito-armas-de-fogo-nesse-fim-de-semana-na-paraiba\/#breadcrumb","itemListElement":[{"@type":"ListItem","position":1,"name":"In\u00edcio","item":"https:\/\/www.pm.pb.gov.br\/portal\/"},{"@type":"ListItem","position":2,"name":"Pol\u00edcia Militar j\u00e1 apreendeu oito armas de fogo neste fim de semana na Para\u00edba"}]},{"@type":"WebSite","@id":"https:\/\/www.pm.pb.gov.br\/portal\/#website","url":"https:\/\/www.pm.pb.gov.br\/portal\/","name":"Pol\u00edcia Militar da Para\u00edba","description":"","publisher":{"@id":"https:\/\/www.pm.pb.gov.br\/portal\/#organization"},"potentialAction":[{"@type":"SearchAction","target":{"@type":"EntryPoint","urlTemplate":"https:\/\/www.pm.pb.gov.br\/portal\/?s={search_term_string}"},"query-input":"required name=search_term_string"}],"inLanguage":"pt-BR"},{"@type":"Organization","@id":"https:\/\/www.pm.pb.gov.br\/portal\/#organization","name":"Pol\u00edcia Militar da Para\u00edba","url":"https:\/\/www.pm.pb.gov.br\/portal\/","logo":{"@type":"ImageObject","inLanguage":"pt-BR","@id":"https:\/\/www.pm.pb.gov.br\/portal\/#\/schema\/logo\/image\/","url":"https:\/\/www.pm.pb.gov.br\/portal\/wp-content\/uploads\/2025\/03\/cropped-logo-site-mag2-1.png","contentUrl":"https:\/\/www.pm.pb.gov.br\/portal\/wp-content\/uploads\/2025\/03\/cropped-logo-site-mag2-1.png","width":320,"height":90,"caption":"Pol\u00edcia Militar da Para\u00edba"},"image":{"@id":"https:\/\/www.pm.pb.gov.br\/portal\/#\/schema\/logo\/image\/"}},{"@type":"Person","@id":"https:\/\/www.pm.pb.gov.br\/portal\/#\/schema\/person\/e8454f46651c3ecf0e1ba3c1666d9947","name":"Assessoria de Imprensa da PMPB","image":{"@type":"ImageObject","inLanguage":"pt-BR","@id":"https:\/\/www.pm.pb.gov.br\/portal\/#\/schema\/person\/image\/","url":"https:\/\/secure.gravatar.com\/avatar\/2efe197438265d1e90bd98c4c8e1acf8?s=96&d=mm&r=g","contentUrl":"https:\/\/secure.gravatar.com\/avatar\/2efe197438265d1e90bd98c4c8e1acf8?s=96&d=mm&r=g","caption":"Assessoria de Imprensa da PMPB"},"url":"https:\/\/www.pm.pb.gov.br\/portal\/author\/assessoria\/"}]}},"_links":{"self":[{"href":"https:\/\/www.pm.pb.gov.br\/portal\/wp-json\/wp\/v2\/posts\/912986"}],"collection":[{"href":"https:\/\/www.pm.pb.gov.br\/portal\/wp-json\/wp\/v2\/posts"}],"about":[{"href":"https:\/\/www.pm.pb.gov.br\/portal\/wp-json\/wp\/v2\/types\/post"}],"author":[{"embeddable":true,"href":"https:\/\/www.pm.pb.gov.br\/portal\/wp-json\/wp\/v2\/users\/5"}],"replies":[{"embeddable":true,"href":"https:\/\/www.pm.pb.gov.br\/portal\/wp-json\/wp\/v2\/comments?post=912986"}],"version-history":[{"count":3,"href":"https:\/\/www.pm.pb.gov.br\/portal\/wp-json\/wp\/v2\/posts\/912986\/revisions"}],"predecessor-version":[{"id":912997,"href":"https:\/\/www.pm.pb.gov.br\/portal\/wp-json\/wp\/v2\/posts\/912986\/revisions\/912997"}],"wp:featuredmedia":[{"embeddable":true,"href":"https:\/\/www.pm.pb.gov.br\/portal\/wp-json\/wp\/v2\/media\/912991"}],"wp:attachment":[{"href":"https:\/\/www.pm.pb.gov.br\/portal\/wp-json\/wp\/v2\/media?parent=912986"}],"wp:term":[{"taxonomy":"category","embeddable":true,"href":"https:\/\/www.pm.pb.gov.br\/portal\/wp-json\/wp\/v2\/categories?post=912986"},{"taxonomy":"post_tag","embeddable":true,"href":"https:\/\/www.pm.pb.gov.br\/portal\/wp-json\/wp\/v2\/tags?post=912986"}],"curies":[{"name":"wp","href":"https:\/\/api.w.org\/{rel}","templated":true}]}}