{"id":912846,"date":"2021-10-07T14:00:00","date_gmt":"2021-10-07T17:00:00","guid":{"rendered":"https:\/\/www.pm.pb.gov.br\/portal\/?p=912846"},"modified":"2021-10-07T14:42:36","modified_gmt":"2021-10-07T17:42:36","slug":"policia-militar-homenageia-policiais-que-prenderam-criminosos-apos-troca-de-tiros-na-capital","status":"publish","type":"post","link":"https:\/\/www.pm.pb.gov.br\/portal\/2021\/10\/07\/policia-militar-homenageia-policiais-que-prenderam-criminosos-apos-troca-de-tiros-na-capital\/","title":{"rendered":"Pol\u00edcia Militar homenageia policiais que prenderam criminosos ap\u00f3s troca de tiros na Capital"},"content":{"rendered":"\n<p>A Pol\u00edcia Militar homenageou, na manh\u00e3 desta quinta-feira (07), os cinco policiais envolvidos na ocorr\u00eancia que resultou na pris\u00e3o de dois suspeitos, recupera\u00e7\u00e3o de dinheiro roubado e apreens\u00e3o de duas armas de fogo, em Jo\u00e3o Pessoa. A ocorr\u00eancia come\u00e7ou no centro da cidade e s\u00f3 terminou na Mata do Buraquinho, \u00e0s margens da BR-230, ap\u00f3s troca de tiros, na ter\u00e7a-feira (05).<\/p>\n<p>As homenagens foram feitas no gabinete do comandante-geral da PM, onde o coronel Euller Chaves condecorou os policiais com as L\u00e1ureas do M\u00e9rito Operacional e Padre Galdino. O comandante homenageou os profissionais da seguran\u00e7a p\u00fablica pela legalidade das a\u00e7\u00f5es, presteza no atendimento do caso e o profissionalismo desempenhado. A vida do cabo Jorge, do 1\u00ba Batalh\u00e3o, policial ferido por disparo de arma de fogo de rasp\u00e3o na cabe\u00e7a, efetuado por um dos bandidos, tamb\u00e9m foi celebrada.<\/p>\n<p><img loading=\"lazy\" decoding=\"async\" class=\" wp-image-912848\" style=\"color: initial;\" src=\"http:\/\/www.pm.pb.gov.br\/portal\/wp-content\/uploads\/2021\/10\/WhatsApp-Image-2021-10-07-at-14.19.10-1-668x445.jpeg\" alt=\"\" width=\"468\" height=\"312\" srcset=\"https:\/\/www.pm.pb.gov.br\/portal\/wp-content\/uploads\/2021\/10\/WhatsApp-Image-2021-10-07-at-14.19.10-1-668x445.jpeg 668w, https:\/\/www.pm.pb.gov.br\/portal\/wp-content\/uploads\/2021\/10\/WhatsApp-Image-2021-10-07-at-14.19.10-1-855x570.jpeg 855w, https:\/\/www.pm.pb.gov.br\/portal\/wp-content\/uploads\/2021\/10\/WhatsApp-Image-2021-10-07-at-14.19.10-1-768x512.jpeg 768w, https:\/\/www.pm.pb.gov.br\/portal\/wp-content\/uploads\/2021\/10\/WhatsApp-Image-2021-10-07-at-14.19.10-1-272x182.jpeg 272w, https:\/\/www.pm.pb.gov.br\/portal\/wp-content\/uploads\/2021\/10\/WhatsApp-Image-2021-10-07-at-14.19.10-1.jpeg 1280w\" sizes=\"(max-width: 468px) 100vw, 468px\" \/><\/p>\n\nNa foto o Cabo Jorge recebe homenagem.\n\n<p>\u201cNeste momento fazemos uma reflex\u00e3o sobre nossa obra e nosso legado perante as pessoas. Os senhores (homenageados) t\u00eam um legado gigantesco, que nos orgulham n\u00e3o pelas fardas que usam, mas porque importam na vida das pessoas, tiram indiv\u00edduos \u00e0s margens das leis das ruas, evitando novos crimes. \u00a0Voc\u00eas protegem o presente e o futuro pela preserva\u00e7\u00e3o da vida\u201d, disse o coronel Euller.<\/p>\n<p><img loading=\"lazy\" decoding=\"async\" class=\"wp-image-912850 alignleft\" src=\"http:\/\/www.pm.pb.gov.br\/portal\/wp-content\/uploads\/2021\/10\/WhatsApp-Image-2021-10-07-at-14.19.10-2-668x445.jpeg\" alt=\"\" width=\"459\" height=\"307\" srcset=\"https:\/\/www.pm.pb.gov.br\/portal\/wp-content\/uploads\/2021\/10\/WhatsApp-Image-2021-10-07-at-14.19.10-2-668x445.jpeg 668w, https:\/\/www.pm.pb.gov.br\/portal\/wp-content\/uploads\/2021\/10\/WhatsApp-Image-2021-10-07-at-14.19.10-2-855x570.jpeg 855w, https:\/\/www.pm.pb.gov.br\/portal\/wp-content\/uploads\/2021\/10\/WhatsApp-Image-2021-10-07-at-14.19.10-2-768x512.jpeg 768w, https:\/\/www.pm.pb.gov.br\/portal\/wp-content\/uploads\/2021\/10\/WhatsApp-Image-2021-10-07-at-14.19.10-2-272x182.jpeg 272w, https:\/\/www.pm.pb.gov.br\/portal\/wp-content\/uploads\/2021\/10\/WhatsApp-Image-2021-10-07-at-14.19.10-2.jpeg 1280w\" sizes=\"(max-width: 459px) 100vw, 459px\" \/><\/p>\n<p>\u00a0<\/p>\n<p>\u00a0<\/p>\n<p>\u00a0<\/p>\n<p>\u00a0<\/p>\n<p>\u00a0<\/p>\n<p>\u00a0<\/p>\n<p>\u00a0<\/p>\n<p>\u00a0<\/p>\n<p>A ocasi\u00e3o contou ainda com a presen\u00e7a dos oficiais do alto comando da PMPB, e do 1\u00ba e 5\u00ba Batalh\u00e3o, unidades dos policiais envolvidos na ocorr\u00eancia exitosa.<\/p>\n","protected":false},"excerpt":{"rendered":"<p>A Pol\u00edcia Militar homenageou, na manh\u00e3 desta quinta-feira (07), os cinco policiais envolvidos na ocorr\u00eancia que resultou na pris\u00e3o de<\/p>\n","protected":false},"author":5,"featured_media":912847,"comment_status":"closed","ping_status":"closed","sticky":false,"template":"","format":"standard","meta":{"_exactmetrics_skip_tracking":false,"_exactmetrics_sitenote_active":false,"_exactmetrics_sitenote_note":"","_exactmetrics_sitenote_category":0,"footnotes":""},"categories":[5],"tags":[],"yoast_head":"<!-- This site is optimized with the Yoast SEO plugin v22.0 - https:\/\/yoast.com\/wordpress\/plugins\/seo\/ -->\n<title>Pol\u00edcia Militar homenageia policiais que prenderam criminosos ap\u00f3s troca de tiros na Capital - Pol\u00edcia Militar da Para\u00edba<\/title>\n<meta name=\"robots\" content=\"index, follow, max-snippet:-1, max-image-preview:large, max-video-preview:-1\" \/>\n<link rel=\"canonical\" href=\"https:\/\/www.pm.pb.gov.br\/portal\/2021\/10\/07\/policia-militar-homenageia-policiais-que-prenderam-criminosos-apos-troca-de-tiros-na-capital\/\" \/>\n<meta property=\"og:locale\" content=\"pt_BR\" \/>\n<meta property=\"og:type\" content=\"article\" \/>\n<meta property=\"og:title\" content=\"Pol\u00edcia Militar homenageia policiais que prenderam criminosos ap\u00f3s troca de tiros na Capital - Pol\u00edcia Militar da Para\u00edba\" \/>\n<meta property=\"og:description\" content=\"A Pol\u00edcia Militar homenageou, na manh\u00e3 desta quinta-feira (07), os cinco policiais envolvidos na ocorr\u00eancia que resultou na pris\u00e3o de\" \/>\n<meta property=\"og:url\" content=\"https:\/\/www.pm.pb.gov.br\/portal\/2021\/10\/07\/policia-militar-homenageia-policiais-que-prenderam-criminosos-apos-troca-de-tiros-na-capital\/\" \/>\n<meta property=\"og:site_name\" content=\"Pol\u00edcia Militar da Para\u00edba\" \/>\n<meta property=\"article:published_time\" content=\"2021-10-07T17:00:00+00:00\" \/>\n<meta property=\"article:modified_time\" content=\"2021-10-07T17:42:36+00:00\" \/>\n<meta property=\"og:image\" content=\"https:\/\/www.pm.pb.gov.br\/portal\/wp-content\/uploads\/2021\/10\/WhatsApp-Image-2021-10-07-at-14.19.09.jpeg\" \/>\n\t<meta property=\"og:image:width\" content=\"1280\" \/>\n\t<meta property=\"og:image:height\" content=\"853\" \/>\n\t<meta property=\"og:image:type\" content=\"image\/jpeg\" \/>\n<meta name=\"author\" content=\"Assessoria de Imprensa da PMPB\" \/>\n<meta name=\"twitter:card\" content=\"summary_large_image\" \/>\n<meta name=\"twitter:label1\" content=\"Escrito por\" \/>\n\t<meta name=\"twitter:data1\" content=\"Assessoria de Imprensa da PMPB\" \/>\n\t<meta name=\"twitter:label2\" content=\"Est. tempo de leitura\" \/>\n\t<meta name=\"twitter:data2\" content=\"2 minutos\" \/>\n<script type=\"application\/ld+json\" class=\"yoast-schema-graph\">{\"@context\":\"https:\/\/schema.org\",\"@graph\":[{\"@type\":\"Article\",\"@id\":\"https:\/\/www.pm.pb.gov.br\/portal\/2021\/10\/07\/policia-militar-homenageia-policiais-que-prenderam-criminosos-apos-troca-de-tiros-na-capital\/#article\",\"isPartOf\":{\"@id\":\"https:\/\/www.pm.pb.gov.br\/portal\/2021\/10\/07\/policia-militar-homenageia-policiais-que-prenderam-criminosos-apos-troca-de-tiros-na-capital\/\"},\"author\":{\"name\":\"Assessoria de Imprensa da PMPB\",\"@id\":\"https:\/\/www.pm.pb.gov.br\/portal\/#\/schema\/person\/e8454f46651c3ecf0e1ba3c1666d9947\"},\"headline\":\"Pol\u00edcia Militar homenageia policiais que prenderam criminosos ap\u00f3s troca de tiros na Capital\",\"datePublished\":\"2021-10-07T17:00:00+00:00\",\"dateModified\":\"2021-10-07T17:42:36+00:00\",\"mainEntityOfPage\":{\"@id\":\"https:\/\/www.pm.pb.gov.br\/portal\/2021\/10\/07\/policia-militar-homenageia-policiais-que-prenderam-criminosos-apos-troca-de-tiros-na-capital\/\"},\"wordCount\":272,\"publisher\":{\"@id\":\"https:\/\/www.pm.pb.gov.br\/portal\/#organization\"},\"articleSection\":[\"Homenagens\"],\"inLanguage\":\"pt-BR\"},{\"@type\":\"WebPage\",\"@id\":\"https:\/\/www.pm.pb.gov.br\/portal\/2021\/10\/07\/policia-militar-homenageia-policiais-que-prenderam-criminosos-apos-troca-de-tiros-na-capital\/\",\"url\":\"https:\/\/www.pm.pb.gov.br\/portal\/2021\/10\/07\/policia-militar-homenageia-policiais-que-prenderam-criminosos-apos-troca-de-tiros-na-capital\/\",\"name\":\"Pol\u00edcia Militar homenageia policiais que prenderam criminosos ap\u00f3s troca de tiros na Capital - Pol\u00edcia Militar da Para\u00edba\",\"isPartOf\":{\"@id\":\"https:\/\/www.pm.pb.gov.br\/portal\/#website\"},\"datePublished\":\"2021-10-07T17:00:00+00:00\",\"dateModified\":\"2021-10-07T17:42:36+00:00\",\"breadcrumb\":{\"@id\":\"https:\/\/www.pm.pb.gov.br\/portal\/2021\/10\/07\/policia-militar-homenageia-policiais-que-prenderam-criminosos-apos-troca-de-tiros-na-capital\/#breadcrumb\"},\"inLanguage\":\"pt-BR\",\"potentialAction\":[{\"@type\":\"ReadAction\",\"target\":[\"https:\/\/www.pm.pb.gov.br\/portal\/2021\/10\/07\/policia-militar-homenageia-policiais-que-prenderam-criminosos-apos-troca-de-tiros-na-capital\/\"]}]},{\"@type\":\"BreadcrumbList\",\"@id\":\"https:\/\/www.pm.pb.gov.br\/portal\/2021\/10\/07\/policia-militar-homenageia-policiais-que-prenderam-criminosos-apos-troca-de-tiros-na-capital\/#breadcrumb\",\"itemListElement\":[{\"@type\":\"ListItem\",\"position\":1,\"name\":\"In\u00edcio\",\"item\":\"https:\/\/www.pm.pb.gov.br\/portal\/\"},{\"@type\":\"ListItem\",\"position\":2,\"name\":\"Pol\u00edcia Militar homenageia policiais que prenderam criminosos ap\u00f3s troca de tiros na Capital\"}]},{\"@type\":\"WebSite\",\"@id\":\"https:\/\/www.pm.pb.gov.br\/portal\/#website\",\"url\":\"https:\/\/www.pm.pb.gov.br\/portal\/\",\"name\":\"Pol\u00edcia Militar da Para\u00edba\",\"description\":\"\",\"publisher\":{\"@id\":\"https:\/\/www.pm.pb.gov.br\/portal\/#organization\"},\"potentialAction\":[{\"@type\":\"SearchAction\",\"target\":{\"@type\":\"EntryPoint\",\"urlTemplate\":\"https:\/\/www.pm.pb.gov.br\/portal\/?s={search_term_string}\"},\"query-input\":\"required name=search_term_string\"}],\"inLanguage\":\"pt-BR\"},{\"@type\":\"Organization\",\"@id\":\"https:\/\/www.pm.pb.gov.br\/portal\/#organization\",\"name\":\"Pol\u00edcia Militar da Para\u00edba\",\"url\":\"https:\/\/www.pm.pb.gov.br\/portal\/\",\"logo\":{\"@type\":\"ImageObject\",\"inLanguage\":\"pt-BR\",\"@id\":\"https:\/\/www.pm.pb.gov.br\/portal\/#\/schema\/logo\/image\/\",\"url\":\"https:\/\/www.pm.pb.gov.br\/portal\/wp-content\/uploads\/2025\/03\/cropped-logo-site-mag2-1.png\",\"contentUrl\":\"https:\/\/www.pm.pb.gov.br\/portal\/wp-content\/uploads\/2025\/03\/cropped-logo-site-mag2-1.png\",\"width\":320,\"height\":90,\"caption\":\"Pol\u00edcia Militar da Para\u00edba\"},\"image\":{\"@id\":\"https:\/\/www.pm.pb.gov.br\/portal\/#\/schema\/logo\/image\/\"}},{\"@type\":\"Person\",\"@id\":\"https:\/\/www.pm.pb.gov.br\/portal\/#\/schema\/person\/e8454f46651c3ecf0e1ba3c1666d9947\",\"name\":\"Assessoria de Imprensa da PMPB\",\"image\":{\"@type\":\"ImageObject\",\"inLanguage\":\"pt-BR\",\"@id\":\"https:\/\/www.pm.pb.gov.br\/portal\/#\/schema\/person\/image\/\",\"url\":\"https:\/\/secure.gravatar.com\/avatar\/2efe197438265d1e90bd98c4c8e1acf8?s=96&d=mm&r=g\",\"contentUrl\":\"https:\/\/secure.gravatar.com\/avatar\/2efe197438265d1e90bd98c4c8e1acf8?s=96&d=mm&r=g\",\"caption\":\"Assessoria de Imprensa da PMPB\"},\"url\":\"https:\/\/www.pm.pb.gov.br\/portal\/author\/assessoria\/\"}]}<\/script>\n<!-- \/ Yoast SEO plugin. -->","yoast_head_json":{"title":"Pol\u00edcia Militar homenageia policiais que prenderam criminosos ap\u00f3s troca de tiros na Capital - Pol\u00edcia Militar da Para\u00edba","robots":{"index":"index","follow":"follow","max-snippet":"max-snippet:-1","max-image-preview":"max-image-preview:large","max-video-preview":"max-video-preview:-1"},"canonical":"https:\/\/www.pm.pb.gov.br\/portal\/2021\/10\/07\/policia-militar-homenageia-policiais-que-prenderam-criminosos-apos-troca-de-tiros-na-capital\/","og_locale":"pt_BR","og_type":"article","og_title":"Pol\u00edcia Militar homenageia policiais que prenderam criminosos ap\u00f3s troca de tiros na Capital - Pol\u00edcia Militar da Para\u00edba","og_description":"A Pol\u00edcia Militar homenageou, na manh\u00e3 desta quinta-feira (07), os cinco policiais envolvidos na ocorr\u00eancia que resultou na pris\u00e3o de","og_url":"https:\/\/www.pm.pb.gov.br\/portal\/2021\/10\/07\/policia-militar-homenageia-policiais-que-prenderam-criminosos-apos-troca-de-tiros-na-capital\/","og_site_name":"Pol\u00edcia Militar da Para\u00edba","article_published_time":"2021-10-07T17:00:00+00:00","article_modified_time":"2021-10-07T17:42:36+00:00","og_image":[{"width":1280,"height":853,"url":"https:\/\/www.pm.pb.gov.br\/portal\/wp-content\/uploads\/2021\/10\/WhatsApp-Image-2021-10-07-at-14.19.09.jpeg","type":"image\/jpeg"}],"author":"Assessoria de Imprensa da PMPB","twitter_card":"summary_large_image","twitter_misc":{"Escrito por":"Assessoria de Imprensa da PMPB","Est. tempo de leitura":"2 minutos"},"schema":{"@context":"https:\/\/schema.org","@graph":[{"@type":"Article","@id":"https:\/\/www.pm.pb.gov.br\/portal\/2021\/10\/07\/policia-militar-homenageia-policiais-que-prenderam-criminosos-apos-troca-de-tiros-na-capital\/#article","isPartOf":{"@id":"https:\/\/www.pm.pb.gov.br\/portal\/2021\/10\/07\/policia-militar-homenageia-policiais-que-prenderam-criminosos-apos-troca-de-tiros-na-capital\/"},"author":{"name":"Assessoria de Imprensa da PMPB","@id":"https:\/\/www.pm.pb.gov.br\/portal\/#\/schema\/person\/e8454f46651c3ecf0e1ba3c1666d9947"},"headline":"Pol\u00edcia Militar homenageia policiais que prenderam criminosos ap\u00f3s troca de tiros na Capital","datePublished":"2021-10-07T17:00:00+00:00","dateModified":"2021-10-07T17:42:36+00:00","mainEntityOfPage":{"@id":"https:\/\/www.pm.pb.gov.br\/portal\/2021\/10\/07\/policia-militar-homenageia-policiais-que-prenderam-criminosos-apos-troca-de-tiros-na-capital\/"},"wordCount":272,"publisher":{"@id":"https:\/\/www.pm.pb.gov.br\/portal\/#organization"},"articleSection":["Homenagens"],"inLanguage":"pt-BR"},{"@type":"WebPage","@id":"https:\/\/www.pm.pb.gov.br\/portal\/2021\/10\/07\/policia-militar-homenageia-policiais-que-prenderam-criminosos-apos-troca-de-tiros-na-capital\/","url":"https:\/\/www.pm.pb.gov.br\/portal\/2021\/10\/07\/policia-militar-homenageia-policiais-que-prenderam-criminosos-apos-troca-de-tiros-na-capital\/","name":"Pol\u00edcia Militar homenageia policiais que prenderam criminosos ap\u00f3s troca de tiros na Capital - Pol\u00edcia Militar da Para\u00edba","isPartOf":{"@id":"https:\/\/www.pm.pb.gov.br\/portal\/#website"},"datePublished":"2021-10-07T17:00:00+00:00","dateModified":"2021-10-07T17:42:36+00:00","breadcrumb":{"@id":"https:\/\/www.pm.pb.gov.br\/portal\/2021\/10\/07\/policia-militar-homenageia-policiais-que-prenderam-criminosos-apos-troca-de-tiros-na-capital\/#breadcrumb"},"inLanguage":"pt-BR","potentialAction":[{"@type":"ReadAction","target":["https:\/\/www.pm.pb.gov.br\/portal\/2021\/10\/07\/policia-militar-homenageia-policiais-que-prenderam-criminosos-apos-troca-de-tiros-na-capital\/"]}]},{"@type":"BreadcrumbList","@id":"https:\/\/www.pm.pb.gov.br\/portal\/2021\/10\/07\/policia-militar-homenageia-policiais-que-prenderam-criminosos-apos-troca-de-tiros-na-capital\/#breadcrumb","itemListElement":[{"@type":"ListItem","position":1,"name":"In\u00edcio","item":"https:\/\/www.pm.pb.gov.br\/portal\/"},{"@type":"ListItem","position":2,"name":"Pol\u00edcia Militar homenageia policiais que prenderam criminosos ap\u00f3s troca de tiros na Capital"}]},{"@type":"WebSite","@id":"https:\/\/www.pm.pb.gov.br\/portal\/#website","url":"https:\/\/www.pm.pb.gov.br\/portal\/","name":"Pol\u00edcia Militar da Para\u00edba","description":"","publisher":{"@id":"https:\/\/www.pm.pb.gov.br\/portal\/#organization"},"potentialAction":[{"@type":"SearchAction","target":{"@type":"EntryPoint","urlTemplate":"https:\/\/www.pm.pb.gov.br\/portal\/?s={search_term_string}"},"query-input":"required name=search_term_string"}],"inLanguage":"pt-BR"},{"@type":"Organization","@id":"https:\/\/www.pm.pb.gov.br\/portal\/#organization","name":"Pol\u00edcia Militar da Para\u00edba","url":"https:\/\/www.pm.pb.gov.br\/portal\/","logo":{"@type":"ImageObject","inLanguage":"pt-BR","@id":"https:\/\/www.pm.pb.gov.br\/portal\/#\/schema\/logo\/image\/","url":"https:\/\/www.pm.pb.gov.br\/portal\/wp-content\/uploads\/2025\/03\/cropped-logo-site-mag2-1.png","contentUrl":"https:\/\/www.pm.pb.gov.br\/portal\/wp-content\/uploads\/2025\/03\/cropped-logo-site-mag2-1.png","width":320,"height":90,"caption":"Pol\u00edcia Militar da Para\u00edba"},"image":{"@id":"https:\/\/www.pm.pb.gov.br\/portal\/#\/schema\/logo\/image\/"}},{"@type":"Person","@id":"https:\/\/www.pm.pb.gov.br\/portal\/#\/schema\/person\/e8454f46651c3ecf0e1ba3c1666d9947","name":"Assessoria de Imprensa da PMPB","image":{"@type":"ImageObject","inLanguage":"pt-BR","@id":"https:\/\/www.pm.pb.gov.br\/portal\/#\/schema\/person\/image\/","url":"https:\/\/secure.gravatar.com\/avatar\/2efe197438265d1e90bd98c4c8e1acf8?s=96&d=mm&r=g","contentUrl":"https:\/\/secure.gravatar.com\/avatar\/2efe197438265d1e90bd98c4c8e1acf8?s=96&d=mm&r=g","caption":"Assessoria de Imprensa da PMPB"},"url":"https:\/\/www.pm.pb.gov.br\/portal\/author\/assessoria\/"}]}},"_links":{"self":[{"href":"https:\/\/www.pm.pb.gov.br\/portal\/wp-json\/wp\/v2\/posts\/912846"}],"collection":[{"href":"https:\/\/www.pm.pb.gov.br\/portal\/wp-json\/wp\/v2\/posts"}],"about":[{"href":"https:\/\/www.pm.pb.gov.br\/portal\/wp-json\/wp\/v2\/types\/post"}],"author":[{"embeddable":true,"href":"https:\/\/www.pm.pb.gov.br\/portal\/wp-json\/wp\/v2\/users\/5"}],"replies":[{"embeddable":true,"href":"https:\/\/www.pm.pb.gov.br\/portal\/wp-json\/wp\/v2\/comments?post=912846"}],"version-history":[{"count":1,"href":"https:\/\/www.pm.pb.gov.br\/portal\/wp-json\/wp\/v2\/posts\/912846\/revisions"}],"predecessor-version":[{"id":912851,"href":"https:\/\/www.pm.pb.gov.br\/portal\/wp-json\/wp\/v2\/posts\/912846\/revisions\/912851"}],"wp:featuredmedia":[{"embeddable":true,"href":"https:\/\/www.pm.pb.gov.br\/portal\/wp-json\/wp\/v2\/media\/912847"}],"wp:attachment":[{"href":"https:\/\/www.pm.pb.gov.br\/portal\/wp-json\/wp\/v2\/media?parent=912846"}],"wp:term":[{"taxonomy":"category","embeddable":true,"href":"https:\/\/www.pm.pb.gov.br\/portal\/wp-json\/wp\/v2\/categories?post=912846"},{"taxonomy":"post_tag","embeddable":true,"href":"https:\/\/www.pm.pb.gov.br\/portal\/wp-json\/wp\/v2\/tags?post=912846"}],"curies":[{"name":"wp","href":"https:\/\/api.w.org\/{rel}","templated":true}]}}