{"id":912841,"date":"2021-10-06T16:17:00","date_gmt":"2021-10-06T19:17:00","guid":{"rendered":"https:\/\/www.pm.pb.gov.br\/portal\/?p=912841"},"modified":"2021-10-06T16:17:02","modified_gmt":"2021-10-06T19:17:02","slug":"solenidade-marca-4o-aniversario-de-criacao-do-15o-batalhao-e-policiais-sao-homenageados-em-esperanca","status":"publish","type":"post","link":"https:\/\/www.pm.pb.gov.br\/portal\/2021\/10\/06\/solenidade-marca-4o-aniversario-de-criacao-do-15o-batalhao-e-policiais-sao-homenageados-em-esperanca\/","title":{"rendered":"Solenidade marca 4\u00ba anivers\u00e1rio de cria\u00e7\u00e3o do 15\u00ba Batalh\u00e3o, e policiais s\u00e3o homenageados, em Esperan\u00e7a"},"content":{"rendered":"\n<p>A Pol\u00edcia Militar da Para\u00edba comemorou, nesta quarta-feira (06) o 4\u00ba anivers\u00e1rio de cria\u00e7\u00e3o do 15\u00ba Batalh\u00e3o da PMPB, sediado na cidade de Esperan\u00e7a (foto acima), que fica a cerca de 25 quil\u00f4metros de dist\u00e2ncia da cidade de Campina Grande. A unidade \u00e9 respons\u00e1vel pelo policiamento ostensivo e preventivo em 11 munic\u00edpios da regi\u00e3o.<\/p>\n<p>Em solenidade militar que marcou a data, foram entregues l\u00e1ureas e medalhas para 27 policiais que se destacaram no cumprimento do dever. Al\u00e9m de oficiais e pra\u00e7as do 15\u00ba Batalh\u00e3o, foram condecorados policiais do Grupamento Especializado de Opera\u00e7\u00f5es em \u00c1rea de Caatinga (GEOsAC), e do Batalh\u00e3o Especializado em Policiamento com Motocicletas (BEPMotos). Autoridades civis que contribu\u00edram com o trabalho policial militar na regi\u00e3o, entre eles representantes do Poder Judici\u00e1rio, Poder Executivo Municipal e Minist\u00e9rio P\u00fablico, tamb\u00e9m foram homenageadas.<\/p>\n<p><img loading=\"lazy\" decoding=\"async\" class=\" wp-image-912844 aligncenter\" src=\"http:\/\/www.pm.pb.gov.br\/portal\/wp-content\/uploads\/2021\/10\/WhatsApp-Image-2021-10-06-at-15.03.08-668x445.jpeg\" alt=\"\" width=\"609\" height=\"406\" srcset=\"https:\/\/www.pm.pb.gov.br\/portal\/wp-content\/uploads\/2021\/10\/WhatsApp-Image-2021-10-06-at-15.03.08-668x445.jpeg 668w, https:\/\/www.pm.pb.gov.br\/portal\/wp-content\/uploads\/2021\/10\/WhatsApp-Image-2021-10-06-at-15.03.08-855x570.jpeg 855w, https:\/\/www.pm.pb.gov.br\/portal\/wp-content\/uploads\/2021\/10\/WhatsApp-Image-2021-10-06-at-15.03.08-768x512.jpeg 768w, https:\/\/www.pm.pb.gov.br\/portal\/wp-content\/uploads\/2021\/10\/WhatsApp-Image-2021-10-06-at-15.03.08-272x182.jpeg 272w, https:\/\/www.pm.pb.gov.br\/portal\/wp-content\/uploads\/2021\/10\/WhatsApp-Image-2021-10-06-at-15.03.08.jpeg 1280w\" sizes=\"(max-width: 609px) 100vw, 609px\" \/><\/p>\n<p>A solenidade desta quarta-feira contou com a presen\u00e7a do comandante-geral da PM, o coronel Euller Chaves (foto abaixo), com o comandante de Policiamento Regional I, coronel Arilson Val\u00e9rio, e oficiais do alto comando da institui\u00e7\u00e3o. \u201cSe antes, o comando do policiamento respons\u00e1vel por Esperan\u00e7a e regi\u00e3o estava sediado em Campina Grande, h\u00e1 quatro anos essa realidade mudou, e agora a cidade tem refer\u00eancia e proximidade com o seu policiamento, que tanto \u00e9 respons\u00e1vel por manter a paz social. Viva o 15\u00ba BPM!\u201d, exaltou o comandante-geral na solenidade.<\/p>\n<p><img loading=\"lazy\" decoding=\"async\" class=\" wp-image-912843 aligncenter\" src=\"http:\/\/www.pm.pb.gov.br\/portal\/wp-content\/uploads\/2021\/10\/WhatsApp-Image-2021-10-06-at-15.43.27-668x445.jpeg\" alt=\"\" width=\"634\" height=\"422\" srcset=\"https:\/\/www.pm.pb.gov.br\/portal\/wp-content\/uploads\/2021\/10\/WhatsApp-Image-2021-10-06-at-15.43.27-668x445.jpeg 668w, https:\/\/www.pm.pb.gov.br\/portal\/wp-content\/uploads\/2021\/10\/WhatsApp-Image-2021-10-06-at-15.43.27-855x570.jpeg 855w, https:\/\/www.pm.pb.gov.br\/portal\/wp-content\/uploads\/2021\/10\/WhatsApp-Image-2021-10-06-at-15.43.27-768x512.jpeg 768w, https:\/\/www.pm.pb.gov.br\/portal\/wp-content\/uploads\/2021\/10\/WhatsApp-Image-2021-10-06-at-15.43.27-272x182.jpeg 272w, https:\/\/www.pm.pb.gov.br\/portal\/wp-content\/uploads\/2021\/10\/WhatsApp-Image-2021-10-06-at-15.43.27.jpeg 1280w\" sizes=\"(max-width: 634px) 100vw, 634px\" \/><\/p>\n<p>O 15\u00b0 Batalh\u00e3o foi criado em 29 de setembro de 2017, atrav\u00e9s do Decreto Estadual N\u00b0 37.679, publicado no Di\u00e1rio Oficial de 30 de setembro de 2017. Ele foi inaugurado no dia 30 de novembro do mesmo ano e recebeu o nome do 1\u00ba SGT Jos\u00e9 L\u00facio J\u00fanior. O 15\u00ba BPM \u00e9 respons\u00e1vel pelo policiamento ostensivo e preventivo em Areial, Pocinhos, Puxinan\u00e3, Montadas, Alagoa Nova, Matinhas, S\u00e3o Sebasti\u00e3o de Lagoa de Ro\u00e7a, Areia, Rem\u00edgio, Algod\u00e3o de Janda\u00edra, al\u00e9m da cidade sede da unidade, em Esperan\u00e7a. Atualmente, o 15\u00ba Batalh\u00e3o \u00e9 comandado pelo tenente-coronel Marcos Ant\u00f4nio Benevides Pess\u00f4a J\u00fanior.<\/p>\n","protected":false},"excerpt":{"rendered":"<p>A Pol\u00edcia Militar da Para\u00edba comemorou, nesta quarta-feira (06) o 4\u00ba anivers\u00e1rio de cria\u00e7\u00e3o do 15\u00ba Batalh\u00e3o da PMPB, sediado<\/p>\n","protected":false},"author":12,"featured_media":912842,"comment_status":"closed","ping_status":"closed","sticky":false,"template":"","format":"standard","meta":{"_exactmetrics_skip_tracking":false,"_exactmetrics_sitenote_active":false,"_exactmetrics_sitenote_note":"","_exactmetrics_sitenote_category":0,"footnotes":""},"categories":[5],"tags":[],"yoast_head":"<!-- This site is optimized with the Yoast SEO plugin v22.0 - https:\/\/yoast.com\/wordpress\/plugins\/seo\/ -->\n<title>Solenidade marca 4\u00ba anivers\u00e1rio de cria\u00e7\u00e3o do 15\u00ba Batalh\u00e3o, e policiais s\u00e3o homenageados, em Esperan\u00e7a - Pol\u00edcia Militar da Para\u00edba<\/title>\n<meta name=\"robots\" content=\"index, follow, max-snippet:-1, max-image-preview:large, max-video-preview:-1\" \/>\n<link rel=\"canonical\" href=\"https:\/\/www.pm.pb.gov.br\/portal\/2021\/10\/06\/solenidade-marca-4o-aniversario-de-criacao-do-15o-batalhao-e-policiais-sao-homenageados-em-esperanca\/\" \/>\n<meta property=\"og:locale\" content=\"pt_BR\" \/>\n<meta property=\"og:type\" content=\"article\" \/>\n<meta property=\"og:title\" content=\"Solenidade marca 4\u00ba anivers\u00e1rio de cria\u00e7\u00e3o do 15\u00ba Batalh\u00e3o, e policiais s\u00e3o homenageados, em Esperan\u00e7a - Pol\u00edcia Militar da Para\u00edba\" \/>\n<meta property=\"og:description\" content=\"A Pol\u00edcia Militar da Para\u00edba comemorou, nesta quarta-feira (06) o 4\u00ba anivers\u00e1rio de cria\u00e7\u00e3o do 15\u00ba Batalh\u00e3o da PMPB, sediado\" \/>\n<meta property=\"og:url\" content=\"https:\/\/www.pm.pb.gov.br\/portal\/2021\/10\/06\/solenidade-marca-4o-aniversario-de-criacao-do-15o-batalhao-e-policiais-sao-homenageados-em-esperanca\/\" \/>\n<meta property=\"og:site_name\" content=\"Pol\u00edcia Militar da Para\u00edba\" \/>\n<meta property=\"article:published_time\" content=\"2021-10-06T19:17:00+00:00\" \/>\n<meta property=\"article:modified_time\" content=\"2021-10-06T19:17:02+00:00\" \/>\n<meta property=\"og:image\" content=\"https:\/\/www.pm.pb.gov.br\/portal\/wp-content\/uploads\/2021\/10\/15bpm.jpeg\" \/>\n\t<meta property=\"og:image:width\" content=\"800\" \/>\n\t<meta property=\"og:image:height\" content=\"445\" \/>\n\t<meta property=\"og:image:type\" content=\"image\/jpeg\" \/>\n<meta name=\"author\" content=\"Tarcisio Oliveira\" \/>\n<meta name=\"twitter:card\" content=\"summary_large_image\" \/>\n<meta name=\"twitter:label1\" content=\"Escrito por\" \/>\n\t<meta name=\"twitter:data1\" content=\"Tarcisio Oliveira\" \/>\n\t<meta name=\"twitter:label2\" content=\"Est. tempo de leitura\" \/>\n\t<meta name=\"twitter:data2\" content=\"2 minutos\" \/>\n<script type=\"application\/ld+json\" class=\"yoast-schema-graph\">{\"@context\":\"https:\/\/schema.org\",\"@graph\":[{\"@type\":\"Article\",\"@id\":\"https:\/\/www.pm.pb.gov.br\/portal\/2021\/10\/06\/solenidade-marca-4o-aniversario-de-criacao-do-15o-batalhao-e-policiais-sao-homenageados-em-esperanca\/#article\",\"isPartOf\":{\"@id\":\"https:\/\/www.pm.pb.gov.br\/portal\/2021\/10\/06\/solenidade-marca-4o-aniversario-de-criacao-do-15o-batalhao-e-policiais-sao-homenageados-em-esperanca\/\"},\"author\":{\"name\":\"Tarcisio Oliveira\",\"@id\":\"https:\/\/www.pm.pb.gov.br\/portal\/#\/schema\/person\/f84f56dcc78ce4357054da888b8247fd\"},\"headline\":\"Solenidade marca 4\u00ba anivers\u00e1rio de cria\u00e7\u00e3o do 15\u00ba Batalh\u00e3o, e policiais s\u00e3o homenageados, em Esperan\u00e7a\",\"datePublished\":\"2021-10-06T19:17:00+00:00\",\"dateModified\":\"2021-10-06T19:17:02+00:00\",\"mainEntityOfPage\":{\"@id\":\"https:\/\/www.pm.pb.gov.br\/portal\/2021\/10\/06\/solenidade-marca-4o-aniversario-de-criacao-do-15o-batalhao-e-policiais-sao-homenageados-em-esperanca\/\"},\"wordCount\":362,\"publisher\":{\"@id\":\"https:\/\/www.pm.pb.gov.br\/portal\/#organization\"},\"articleSection\":[\"Homenagens\"],\"inLanguage\":\"pt-BR\"},{\"@type\":\"WebPage\",\"@id\":\"https:\/\/www.pm.pb.gov.br\/portal\/2021\/10\/06\/solenidade-marca-4o-aniversario-de-criacao-do-15o-batalhao-e-policiais-sao-homenageados-em-esperanca\/\",\"url\":\"https:\/\/www.pm.pb.gov.br\/portal\/2021\/10\/06\/solenidade-marca-4o-aniversario-de-criacao-do-15o-batalhao-e-policiais-sao-homenageados-em-esperanca\/\",\"name\":\"Solenidade marca 4\u00ba anivers\u00e1rio de cria\u00e7\u00e3o do 15\u00ba Batalh\u00e3o, e policiais s\u00e3o homenageados, em Esperan\u00e7a - Pol\u00edcia Militar da Para\u00edba\",\"isPartOf\":{\"@id\":\"https:\/\/www.pm.pb.gov.br\/portal\/#website\"},\"datePublished\":\"2021-10-06T19:17:00+00:00\",\"dateModified\":\"2021-10-06T19:17:02+00:00\",\"breadcrumb\":{\"@id\":\"https:\/\/www.pm.pb.gov.br\/portal\/2021\/10\/06\/solenidade-marca-4o-aniversario-de-criacao-do-15o-batalhao-e-policiais-sao-homenageados-em-esperanca\/#breadcrumb\"},\"inLanguage\":\"pt-BR\",\"potentialAction\":[{\"@type\":\"ReadAction\",\"target\":[\"https:\/\/www.pm.pb.gov.br\/portal\/2021\/10\/06\/solenidade-marca-4o-aniversario-de-criacao-do-15o-batalhao-e-policiais-sao-homenageados-em-esperanca\/\"]}]},{\"@type\":\"BreadcrumbList\",\"@id\":\"https:\/\/www.pm.pb.gov.br\/portal\/2021\/10\/06\/solenidade-marca-4o-aniversario-de-criacao-do-15o-batalhao-e-policiais-sao-homenageados-em-esperanca\/#breadcrumb\",\"itemListElement\":[{\"@type\":\"ListItem\",\"position\":1,\"name\":\"In\u00edcio\",\"item\":\"https:\/\/www.pm.pb.gov.br\/portal\/\"},{\"@type\":\"ListItem\",\"position\":2,\"name\":\"Solenidade marca 4\u00ba anivers\u00e1rio de cria\u00e7\u00e3o do 15\u00ba Batalh\u00e3o, e policiais s\u00e3o homenageados, em Esperan\u00e7a\"}]},{\"@type\":\"WebSite\",\"@id\":\"https:\/\/www.pm.pb.gov.br\/portal\/#website\",\"url\":\"https:\/\/www.pm.pb.gov.br\/portal\/\",\"name\":\"Pol\u00edcia Militar da Para\u00edba\",\"description\":\"\",\"publisher\":{\"@id\":\"https:\/\/www.pm.pb.gov.br\/portal\/#organization\"},\"potentialAction\":[{\"@type\":\"SearchAction\",\"target\":{\"@type\":\"EntryPoint\",\"urlTemplate\":\"https:\/\/www.pm.pb.gov.br\/portal\/?s={search_term_string}\"},\"query-input\":\"required name=search_term_string\"}],\"inLanguage\":\"pt-BR\"},{\"@type\":\"Organization\",\"@id\":\"https:\/\/www.pm.pb.gov.br\/portal\/#organization\",\"name\":\"Pol\u00edcia Militar da Para\u00edba\",\"url\":\"https:\/\/www.pm.pb.gov.br\/portal\/\",\"logo\":{\"@type\":\"ImageObject\",\"inLanguage\":\"pt-BR\",\"@id\":\"https:\/\/www.pm.pb.gov.br\/portal\/#\/schema\/logo\/image\/\",\"url\":\"https:\/\/www.pm.pb.gov.br\/portal\/wp-content\/uploads\/2025\/03\/cropped-logo-site-mag2-1.png\",\"contentUrl\":\"https:\/\/www.pm.pb.gov.br\/portal\/wp-content\/uploads\/2025\/03\/cropped-logo-site-mag2-1.png\",\"width\":320,\"height\":90,\"caption\":\"Pol\u00edcia Militar da Para\u00edba\"},\"image\":{\"@id\":\"https:\/\/www.pm.pb.gov.br\/portal\/#\/schema\/logo\/image\/\"}},{\"@type\":\"Person\",\"@id\":\"https:\/\/www.pm.pb.gov.br\/portal\/#\/schema\/person\/f84f56dcc78ce4357054da888b8247fd\",\"name\":\"Tarcisio Oliveira\",\"image\":{\"@type\":\"ImageObject\",\"inLanguage\":\"pt-BR\",\"@id\":\"https:\/\/www.pm.pb.gov.br\/portal\/#\/schema\/person\/image\/\",\"url\":\"https:\/\/secure.gravatar.com\/avatar\/72917b630b69d31cd0297507f34bac97?s=96&d=mm&r=g\",\"contentUrl\":\"https:\/\/secure.gravatar.com\/avatar\/72917b630b69d31cd0297507f34bac97?s=96&d=mm&r=g\",\"caption\":\"Tarcisio Oliveira\"},\"url\":\"https:\/\/www.pm.pb.gov.br\/portal\/author\/tarcisio\/\"}]}<\/script>\n<!-- \/ Yoast SEO plugin. -->","yoast_head_json":{"title":"Solenidade marca 4\u00ba anivers\u00e1rio de cria\u00e7\u00e3o do 15\u00ba Batalh\u00e3o, e policiais s\u00e3o homenageados, em Esperan\u00e7a - Pol\u00edcia Militar da Para\u00edba","robots":{"index":"index","follow":"follow","max-snippet":"max-snippet:-1","max-image-preview":"max-image-preview:large","max-video-preview":"max-video-preview:-1"},"canonical":"https:\/\/www.pm.pb.gov.br\/portal\/2021\/10\/06\/solenidade-marca-4o-aniversario-de-criacao-do-15o-batalhao-e-policiais-sao-homenageados-em-esperanca\/","og_locale":"pt_BR","og_type":"article","og_title":"Solenidade marca 4\u00ba anivers\u00e1rio de cria\u00e7\u00e3o do 15\u00ba Batalh\u00e3o, e policiais s\u00e3o homenageados, em Esperan\u00e7a - Pol\u00edcia Militar da Para\u00edba","og_description":"A Pol\u00edcia Militar da Para\u00edba comemorou, nesta quarta-feira (06) o 4\u00ba anivers\u00e1rio de cria\u00e7\u00e3o do 15\u00ba Batalh\u00e3o da PMPB, sediado","og_url":"https:\/\/www.pm.pb.gov.br\/portal\/2021\/10\/06\/solenidade-marca-4o-aniversario-de-criacao-do-15o-batalhao-e-policiais-sao-homenageados-em-esperanca\/","og_site_name":"Pol\u00edcia Militar da Para\u00edba","article_published_time":"2021-10-06T19:17:00+00:00","article_modified_time":"2021-10-06T19:17:02+00:00","og_image":[{"width":800,"height":445,"url":"https:\/\/www.pm.pb.gov.br\/portal\/wp-content\/uploads\/2021\/10\/15bpm.jpeg","type":"image\/jpeg"}],"author":"Tarcisio Oliveira","twitter_card":"summary_large_image","twitter_misc":{"Escrito por":"Tarcisio Oliveira","Est. tempo de leitura":"2 minutos"},"schema":{"@context":"https:\/\/schema.org","@graph":[{"@type":"Article","@id":"https:\/\/www.pm.pb.gov.br\/portal\/2021\/10\/06\/solenidade-marca-4o-aniversario-de-criacao-do-15o-batalhao-e-policiais-sao-homenageados-em-esperanca\/#article","isPartOf":{"@id":"https:\/\/www.pm.pb.gov.br\/portal\/2021\/10\/06\/solenidade-marca-4o-aniversario-de-criacao-do-15o-batalhao-e-policiais-sao-homenageados-em-esperanca\/"},"author":{"name":"Tarcisio Oliveira","@id":"https:\/\/www.pm.pb.gov.br\/portal\/#\/schema\/person\/f84f56dcc78ce4357054da888b8247fd"},"headline":"Solenidade marca 4\u00ba anivers\u00e1rio de cria\u00e7\u00e3o do 15\u00ba Batalh\u00e3o, e policiais s\u00e3o homenageados, em Esperan\u00e7a","datePublished":"2021-10-06T19:17:00+00:00","dateModified":"2021-10-06T19:17:02+00:00","mainEntityOfPage":{"@id":"https:\/\/www.pm.pb.gov.br\/portal\/2021\/10\/06\/solenidade-marca-4o-aniversario-de-criacao-do-15o-batalhao-e-policiais-sao-homenageados-em-esperanca\/"},"wordCount":362,"publisher":{"@id":"https:\/\/www.pm.pb.gov.br\/portal\/#organization"},"articleSection":["Homenagens"],"inLanguage":"pt-BR"},{"@type":"WebPage","@id":"https:\/\/www.pm.pb.gov.br\/portal\/2021\/10\/06\/solenidade-marca-4o-aniversario-de-criacao-do-15o-batalhao-e-policiais-sao-homenageados-em-esperanca\/","url":"https:\/\/www.pm.pb.gov.br\/portal\/2021\/10\/06\/solenidade-marca-4o-aniversario-de-criacao-do-15o-batalhao-e-policiais-sao-homenageados-em-esperanca\/","name":"Solenidade marca 4\u00ba anivers\u00e1rio de cria\u00e7\u00e3o do 15\u00ba Batalh\u00e3o, e policiais s\u00e3o homenageados, em Esperan\u00e7a - Pol\u00edcia Militar da Para\u00edba","isPartOf":{"@id":"https:\/\/www.pm.pb.gov.br\/portal\/#website"},"datePublished":"2021-10-06T19:17:00+00:00","dateModified":"2021-10-06T19:17:02+00:00","breadcrumb":{"@id":"https:\/\/www.pm.pb.gov.br\/portal\/2021\/10\/06\/solenidade-marca-4o-aniversario-de-criacao-do-15o-batalhao-e-policiais-sao-homenageados-em-esperanca\/#breadcrumb"},"inLanguage":"pt-BR","potentialAction":[{"@type":"ReadAction","target":["https:\/\/www.pm.pb.gov.br\/portal\/2021\/10\/06\/solenidade-marca-4o-aniversario-de-criacao-do-15o-batalhao-e-policiais-sao-homenageados-em-esperanca\/"]}]},{"@type":"BreadcrumbList","@id":"https:\/\/www.pm.pb.gov.br\/portal\/2021\/10\/06\/solenidade-marca-4o-aniversario-de-criacao-do-15o-batalhao-e-policiais-sao-homenageados-em-esperanca\/#breadcrumb","itemListElement":[{"@type":"ListItem","position":1,"name":"In\u00edcio","item":"https:\/\/www.pm.pb.gov.br\/portal\/"},{"@type":"ListItem","position":2,"name":"Solenidade marca 4\u00ba anivers\u00e1rio de cria\u00e7\u00e3o do 15\u00ba Batalh\u00e3o, e policiais s\u00e3o homenageados, em Esperan\u00e7a"}]},{"@type":"WebSite","@id":"https:\/\/www.pm.pb.gov.br\/portal\/#website","url":"https:\/\/www.pm.pb.gov.br\/portal\/","name":"Pol\u00edcia Militar da Para\u00edba","description":"","publisher":{"@id":"https:\/\/www.pm.pb.gov.br\/portal\/#organization"},"potentialAction":[{"@type":"SearchAction","target":{"@type":"EntryPoint","urlTemplate":"https:\/\/www.pm.pb.gov.br\/portal\/?s={search_term_string}"},"query-input":"required name=search_term_string"}],"inLanguage":"pt-BR"},{"@type":"Organization","@id":"https:\/\/www.pm.pb.gov.br\/portal\/#organization","name":"Pol\u00edcia Militar da Para\u00edba","url":"https:\/\/www.pm.pb.gov.br\/portal\/","logo":{"@type":"ImageObject","inLanguage":"pt-BR","@id":"https:\/\/www.pm.pb.gov.br\/portal\/#\/schema\/logo\/image\/","url":"https:\/\/www.pm.pb.gov.br\/portal\/wp-content\/uploads\/2025\/03\/cropped-logo-site-mag2-1.png","contentUrl":"https:\/\/www.pm.pb.gov.br\/portal\/wp-content\/uploads\/2025\/03\/cropped-logo-site-mag2-1.png","width":320,"height":90,"caption":"Pol\u00edcia Militar da Para\u00edba"},"image":{"@id":"https:\/\/www.pm.pb.gov.br\/portal\/#\/schema\/logo\/image\/"}},{"@type":"Person","@id":"https:\/\/www.pm.pb.gov.br\/portal\/#\/schema\/person\/f84f56dcc78ce4357054da888b8247fd","name":"Tarcisio Oliveira","image":{"@type":"ImageObject","inLanguage":"pt-BR","@id":"https:\/\/www.pm.pb.gov.br\/portal\/#\/schema\/person\/image\/","url":"https:\/\/secure.gravatar.com\/avatar\/72917b630b69d31cd0297507f34bac97?s=96&d=mm&r=g","contentUrl":"https:\/\/secure.gravatar.com\/avatar\/72917b630b69d31cd0297507f34bac97?s=96&d=mm&r=g","caption":"Tarcisio Oliveira"},"url":"https:\/\/www.pm.pb.gov.br\/portal\/author\/tarcisio\/"}]}},"_links":{"self":[{"href":"https:\/\/www.pm.pb.gov.br\/portal\/wp-json\/wp\/v2\/posts\/912841"}],"collection":[{"href":"https:\/\/www.pm.pb.gov.br\/portal\/wp-json\/wp\/v2\/posts"}],"about":[{"href":"https:\/\/www.pm.pb.gov.br\/portal\/wp-json\/wp\/v2\/types\/post"}],"author":[{"embeddable":true,"href":"https:\/\/www.pm.pb.gov.br\/portal\/wp-json\/wp\/v2\/users\/12"}],"replies":[{"embeddable":true,"href":"https:\/\/www.pm.pb.gov.br\/portal\/wp-json\/wp\/v2\/comments?post=912841"}],"version-history":[{"count":1,"href":"https:\/\/www.pm.pb.gov.br\/portal\/wp-json\/wp\/v2\/posts\/912841\/revisions"}],"predecessor-version":[{"id":912845,"href":"https:\/\/www.pm.pb.gov.br\/portal\/wp-json\/wp\/v2\/posts\/912841\/revisions\/912845"}],"wp:featuredmedia":[{"embeddable":true,"href":"https:\/\/www.pm.pb.gov.br\/portal\/wp-json\/wp\/v2\/media\/912842"}],"wp:attachment":[{"href":"https:\/\/www.pm.pb.gov.br\/portal\/wp-json\/wp\/v2\/media?parent=912841"}],"wp:term":[{"taxonomy":"category","embeddable":true,"href":"https:\/\/www.pm.pb.gov.br\/portal\/wp-json\/wp\/v2\/categories?post=912841"},{"taxonomy":"post_tag","embeddable":true,"href":"https:\/\/www.pm.pb.gov.br\/portal\/wp-json\/wp\/v2\/tags?post=912841"}],"curies":[{"name":"wp","href":"https:\/\/api.w.org\/{rel}","templated":true}]}}