{"id":912611,"date":"2021-09-14T11:15:59","date_gmt":"2021-09-14T14:15:59","guid":{"rendered":"https:\/\/www.pm.pb.gov.br\/portal\/?p=912611"},"modified":"2021-09-15T10:38:10","modified_gmt":"2021-09-15T13:38:10","slug":"novo-centro-de-equitacao-da-policia-militar-vai-ampliar-as-vagas-da-equoterapia-para-autistas","status":"publish","type":"post","link":"https:\/\/www.pm.pb.gov.br\/portal\/2021\/09\/14\/novo-centro-de-equitacao-da-policia-militar-vai-ampliar-as-vagas-da-equoterapia-para-autistas\/","title":{"rendered":"Novo Centro de Equoterapia da Pol\u00edcia Militar vai ampliar as vagas para autistas"},"content":{"rendered":"\n<p>A equoterapia, que usa o cavalo nas atividades de desenvolvimento biopsicossocial de pessoas com autismo e outros casos, ter\u00e1 o n\u00famero de vagas ampliado com a constru\u00e7\u00e3o do Centro de Equoterapia da Pol\u00edcia Militar, no bairro do Cristo Redentor, em Jo\u00e3o Pessoa. A obra j\u00e1 foi autorizada pelo governador Jo\u00e3o Azev\u00eado e prev\u00ea um investimento de R$ 600 mil. A amplia\u00e7\u00e3o vinha sendo reivindicada pela popula\u00e7\u00e3o h\u00e1 mais de 12 anos.<br><br>Durante entrevista no Programa Preven\u00e7\u00e3o Participativa, nessa segunda-feira (13), na r\u00e1dio Tabajara, o governador Jo\u00e3o Azev\u00eado comentou sobre a import\u00e2ncia da obra. \u201cEssa \u00e9 mais uma a\u00e7\u00e3o envolvendo a pol\u00edcia com a comunidade e o novo Centro de Equoterapia vai permitir justamente isso. L\u00e1 realiza um trabalho extraordin\u00e1rio e quando o comandante Euller nos apresentou esse projeto de amplia\u00e7\u00e3o, autorizamos de imediato, para oferecer um servi\u00e7o \u00e0 comunidade que \u00e9 muito importante, pois infelizmente vem crescendo o n\u00famero de crian\u00e7as diagnosticadas com Transtorno do Espectro Autista (TEA) e precisamos prestar essa assist\u00eancia\u201d, destacou.<br><br>A Equoterapia oferecida pela Pol\u00edcia Militar, por meio do Regimento de Pol\u00edcia Montada (RPMont), atende atualmente 40 pacientes com algum tipo de defici\u00eancia ou transtorno. As atividades, que usam o cavalo como \u201cferramenta\u201d, s\u00e3o desenvolvidas por uma equipe multidisciplinar, composta por terapeutas ocupacionais, psic\u00f3logos, fisioterapeutas, fonoaudi\u00f3logos, equitadores e seus auxiliares, que s\u00e3o policiais militares.<br><br><img loading=\"lazy\" decoding=\"async\" width=\"1280\" height=\"720\" class=\"wp-image-912602\" style=\"width: 800px;\" src=\"http:\/\/www.pm.pb.gov.br\/portal\/wp-content\/uploads\/2021\/09\/992f5aa4-88fd-4ebb-8b11-4cafdad669b8.jpeg\" alt=\"\" srcset=\"https:\/\/www.pm.pb.gov.br\/portal\/wp-content\/uploads\/2021\/09\/992f5aa4-88fd-4ebb-8b11-4cafdad669b8.jpeg 1280w, https:\/\/www.pm.pb.gov.br\/portal\/wp-content\/uploads\/2021\/09\/992f5aa4-88fd-4ebb-8b11-4cafdad669b8-791x445.jpeg 791w, https:\/\/www.pm.pb.gov.br\/portal\/wp-content\/uploads\/2021\/09\/992f5aa4-88fd-4ebb-8b11-4cafdad669b8-1013x570.jpeg 1013w, https:\/\/www.pm.pb.gov.br\/portal\/wp-content\/uploads\/2021\/09\/992f5aa4-88fd-4ebb-8b11-4cafdad669b8-768x432.jpeg 768w\" sizes=\"(max-width: 1280px) 100vw, 1280px\" \/><br><br>Com o projeto autorizado pelo Governador, ser\u00e1 constru\u00eddo um picadeiro coberto para que as atividades com pacientes e animais n\u00e3o sejam prejudicadas em dias de chuva, al\u00e9m da possibilidade de amplia\u00e7\u00e3o do n\u00famero de vagas para atender mais pessoas.<br><br><img loading=\"lazy\" decoding=\"async\" width=\"768\" height=\"432\" class=\"wp-image-912619\" style=\"width: 800px;\" src=\"http:\/\/www.pm.pb.gov.br\/portal\/wp-content\/uploads\/2021\/09\/075ef778-bb2c-417c-bc56-73ab588295eb.jpeg\" alt=\"\"><\/p>\n\n\n","protected":false},"excerpt":{"rendered":"<p>A equoterapia, que usa o cavalo nas atividades de desenvolvimento biopsicossocial de pessoas com autismo e outros casos, ter\u00e1 o<\/p>\n","protected":false},"author":5,"featured_media":912618,"comment_status":"closed","ping_status":"closed","sticky":false,"template":"","format":"standard","meta":{"_exactmetrics_skip_tracking":false,"_exactmetrics_sitenote_active":false,"_exactmetrics_sitenote_note":"","_exactmetrics_sitenote_category":0,"footnotes":""},"categories":[24,4],"tags":[],"yoast_head":"<!-- This site is optimized with the Yoast SEO plugin v22.0 - https:\/\/yoast.com\/wordpress\/plugins\/seo\/ -->\n<title>Novo Centro de Equoterapia da Pol\u00edcia Militar vai ampliar as vagas para autistas - Pol\u00edcia Militar da Para\u00edba<\/title>\n<meta name=\"robots\" content=\"index, follow, max-snippet:-1, max-image-preview:large, max-video-preview:-1\" \/>\n<link rel=\"canonical\" href=\"https:\/\/www.pm.pb.gov.br\/portal\/2021\/09\/14\/novo-centro-de-equitacao-da-policia-militar-vai-ampliar-as-vagas-da-equoterapia-para-autistas\/\" \/>\n<meta property=\"og:locale\" content=\"pt_BR\" \/>\n<meta property=\"og:type\" content=\"article\" \/>\n<meta property=\"og:title\" content=\"Novo Centro de Equoterapia da Pol\u00edcia Militar vai ampliar as vagas para autistas - Pol\u00edcia Militar da Para\u00edba\" \/>\n<meta property=\"og:description\" content=\"A equoterapia, que usa o cavalo nas atividades de desenvolvimento biopsicossocial de pessoas com autismo e outros casos, ter\u00e1 o\" \/>\n<meta property=\"og:url\" content=\"https:\/\/www.pm.pb.gov.br\/portal\/2021\/09\/14\/novo-centro-de-equitacao-da-policia-militar-vai-ampliar-as-vagas-da-equoterapia-para-autistas\/\" \/>\n<meta property=\"og:site_name\" content=\"Pol\u00edcia Militar da Para\u00edba\" \/>\n<meta property=\"article:published_time\" content=\"2021-09-14T14:15:59+00:00\" \/>\n<meta property=\"article:modified_time\" content=\"2021-09-15T13:38:10+00:00\" \/>\n<meta property=\"og:image\" content=\"https:\/\/www.pm.pb.gov.br\/portal\/wp-content\/uploads\/2021\/09\/f818ab96-3410-4a8b-a44e-687b947cbec2.jpeg\" \/>\n\t<meta property=\"og:image:width\" content=\"768\" \/>\n\t<meta property=\"og:image:height\" content=\"432\" \/>\n\t<meta property=\"og:image:type\" content=\"image\/jpeg\" \/>\n<meta name=\"author\" content=\"Assessoria de Imprensa da PMPB\" \/>\n<meta name=\"twitter:card\" content=\"summary_large_image\" \/>\n<meta name=\"twitter:label1\" content=\"Escrito por\" \/>\n\t<meta name=\"twitter:data1\" content=\"Assessoria de Imprensa da PMPB\" \/>\n\t<meta name=\"twitter:label2\" content=\"Est. tempo de leitura\" \/>\n\t<meta name=\"twitter:data2\" content=\"2 minutos\" \/>\n<script type=\"application\/ld+json\" class=\"yoast-schema-graph\">{\"@context\":\"https:\/\/schema.org\",\"@graph\":[{\"@type\":\"Article\",\"@id\":\"https:\/\/www.pm.pb.gov.br\/portal\/2021\/09\/14\/novo-centro-de-equitacao-da-policia-militar-vai-ampliar-as-vagas-da-equoterapia-para-autistas\/#article\",\"isPartOf\":{\"@id\":\"https:\/\/www.pm.pb.gov.br\/portal\/2021\/09\/14\/novo-centro-de-equitacao-da-policia-militar-vai-ampliar-as-vagas-da-equoterapia-para-autistas\/\"},\"author\":{\"name\":\"Assessoria de Imprensa da PMPB\",\"@id\":\"https:\/\/www.pm.pb.gov.br\/portal\/#\/schema\/person\/e8454f46651c3ecf0e1ba3c1666d9947\"},\"headline\":\"Novo Centro de Equoterapia da Pol\u00edcia Militar vai ampliar as vagas para autistas\",\"datePublished\":\"2021-09-14T14:15:59+00:00\",\"dateModified\":\"2021-09-15T13:38:10+00:00\",\"mainEntityOfPage\":{\"@id\":\"https:\/\/www.pm.pb.gov.br\/portal\/2021\/09\/14\/novo-centro-de-equitacao-da-policia-militar-vai-ampliar-as-vagas-da-equoterapia-para-autistas\/\"},\"wordCount\":297,\"publisher\":{\"@id\":\"https:\/\/www.pm.pb.gov.br\/portal\/#organization\"},\"articleSection\":[\"A\u00e7\u00f5es de Sa\u00fade\",\"A\u00e7\u00f5es Policiais\"],\"inLanguage\":\"pt-BR\"},{\"@type\":\"WebPage\",\"@id\":\"https:\/\/www.pm.pb.gov.br\/portal\/2021\/09\/14\/novo-centro-de-equitacao-da-policia-militar-vai-ampliar-as-vagas-da-equoterapia-para-autistas\/\",\"url\":\"https:\/\/www.pm.pb.gov.br\/portal\/2021\/09\/14\/novo-centro-de-equitacao-da-policia-militar-vai-ampliar-as-vagas-da-equoterapia-para-autistas\/\",\"name\":\"Novo Centro de Equoterapia da Pol\u00edcia Militar vai ampliar as vagas para autistas - Pol\u00edcia Militar da Para\u00edba\",\"isPartOf\":{\"@id\":\"https:\/\/www.pm.pb.gov.br\/portal\/#website\"},\"datePublished\":\"2021-09-14T14:15:59+00:00\",\"dateModified\":\"2021-09-15T13:38:10+00:00\",\"breadcrumb\":{\"@id\":\"https:\/\/www.pm.pb.gov.br\/portal\/2021\/09\/14\/novo-centro-de-equitacao-da-policia-militar-vai-ampliar-as-vagas-da-equoterapia-para-autistas\/#breadcrumb\"},\"inLanguage\":\"pt-BR\",\"potentialAction\":[{\"@type\":\"ReadAction\",\"target\":[\"https:\/\/www.pm.pb.gov.br\/portal\/2021\/09\/14\/novo-centro-de-equitacao-da-policia-militar-vai-ampliar-as-vagas-da-equoterapia-para-autistas\/\"]}]},{\"@type\":\"BreadcrumbList\",\"@id\":\"https:\/\/www.pm.pb.gov.br\/portal\/2021\/09\/14\/novo-centro-de-equitacao-da-policia-militar-vai-ampliar-as-vagas-da-equoterapia-para-autistas\/#breadcrumb\",\"itemListElement\":[{\"@type\":\"ListItem\",\"position\":1,\"name\":\"In\u00edcio\",\"item\":\"https:\/\/www.pm.pb.gov.br\/portal\/\"},{\"@type\":\"ListItem\",\"position\":2,\"name\":\"Novo Centro de Equoterapia da Pol\u00edcia Militar vai ampliar as vagas para autistas\"}]},{\"@type\":\"WebSite\",\"@id\":\"https:\/\/www.pm.pb.gov.br\/portal\/#website\",\"url\":\"https:\/\/www.pm.pb.gov.br\/portal\/\",\"name\":\"Pol\u00edcia Militar da Para\u00edba\",\"description\":\"\",\"publisher\":{\"@id\":\"https:\/\/www.pm.pb.gov.br\/portal\/#organization\"},\"potentialAction\":[{\"@type\":\"SearchAction\",\"target\":{\"@type\":\"EntryPoint\",\"urlTemplate\":\"https:\/\/www.pm.pb.gov.br\/portal\/?s={search_term_string}\"},\"query-input\":\"required name=search_term_string\"}],\"inLanguage\":\"pt-BR\"},{\"@type\":\"Organization\",\"@id\":\"https:\/\/www.pm.pb.gov.br\/portal\/#organization\",\"name\":\"Pol\u00edcia Militar da Para\u00edba\",\"url\":\"https:\/\/www.pm.pb.gov.br\/portal\/\",\"logo\":{\"@type\":\"ImageObject\",\"inLanguage\":\"pt-BR\",\"@id\":\"https:\/\/www.pm.pb.gov.br\/portal\/#\/schema\/logo\/image\/\",\"url\":\"https:\/\/www.pm.pb.gov.br\/portal\/wp-content\/uploads\/2025\/03\/cropped-logo-site-mag2-1.png\",\"contentUrl\":\"https:\/\/www.pm.pb.gov.br\/portal\/wp-content\/uploads\/2025\/03\/cropped-logo-site-mag2-1.png\",\"width\":320,\"height\":90,\"caption\":\"Pol\u00edcia Militar da Para\u00edba\"},\"image\":{\"@id\":\"https:\/\/www.pm.pb.gov.br\/portal\/#\/schema\/logo\/image\/\"}},{\"@type\":\"Person\",\"@id\":\"https:\/\/www.pm.pb.gov.br\/portal\/#\/schema\/person\/e8454f46651c3ecf0e1ba3c1666d9947\",\"name\":\"Assessoria de Imprensa da PMPB\",\"image\":{\"@type\":\"ImageObject\",\"inLanguage\":\"pt-BR\",\"@id\":\"https:\/\/www.pm.pb.gov.br\/portal\/#\/schema\/person\/image\/\",\"url\":\"https:\/\/secure.gravatar.com\/avatar\/2efe197438265d1e90bd98c4c8e1acf8?s=96&d=mm&r=g\",\"contentUrl\":\"https:\/\/secure.gravatar.com\/avatar\/2efe197438265d1e90bd98c4c8e1acf8?s=96&d=mm&r=g\",\"caption\":\"Assessoria de Imprensa da PMPB\"},\"url\":\"https:\/\/www.pm.pb.gov.br\/portal\/author\/assessoria\/\"}]}<\/script>\n<!-- \/ Yoast SEO plugin. -->","yoast_head_json":{"title":"Novo Centro de Equoterapia da Pol\u00edcia Militar vai ampliar as vagas para autistas - Pol\u00edcia Militar da Para\u00edba","robots":{"index":"index","follow":"follow","max-snippet":"max-snippet:-1","max-image-preview":"max-image-preview:large","max-video-preview":"max-video-preview:-1"},"canonical":"https:\/\/www.pm.pb.gov.br\/portal\/2021\/09\/14\/novo-centro-de-equitacao-da-policia-militar-vai-ampliar-as-vagas-da-equoterapia-para-autistas\/","og_locale":"pt_BR","og_type":"article","og_title":"Novo Centro de Equoterapia da Pol\u00edcia Militar vai ampliar as vagas para autistas - Pol\u00edcia Militar da Para\u00edba","og_description":"A equoterapia, que usa o cavalo nas atividades de desenvolvimento biopsicossocial de pessoas com autismo e outros casos, ter\u00e1 o","og_url":"https:\/\/www.pm.pb.gov.br\/portal\/2021\/09\/14\/novo-centro-de-equitacao-da-policia-militar-vai-ampliar-as-vagas-da-equoterapia-para-autistas\/","og_site_name":"Pol\u00edcia Militar da Para\u00edba","article_published_time":"2021-09-14T14:15:59+00:00","article_modified_time":"2021-09-15T13:38:10+00:00","og_image":[{"width":768,"height":432,"url":"https:\/\/www.pm.pb.gov.br\/portal\/wp-content\/uploads\/2021\/09\/f818ab96-3410-4a8b-a44e-687b947cbec2.jpeg","type":"image\/jpeg"}],"author":"Assessoria de Imprensa da PMPB","twitter_card":"summary_large_image","twitter_misc":{"Escrito por":"Assessoria de Imprensa da PMPB","Est. tempo de leitura":"2 minutos"},"schema":{"@context":"https:\/\/schema.org","@graph":[{"@type":"Article","@id":"https:\/\/www.pm.pb.gov.br\/portal\/2021\/09\/14\/novo-centro-de-equitacao-da-policia-militar-vai-ampliar-as-vagas-da-equoterapia-para-autistas\/#article","isPartOf":{"@id":"https:\/\/www.pm.pb.gov.br\/portal\/2021\/09\/14\/novo-centro-de-equitacao-da-policia-militar-vai-ampliar-as-vagas-da-equoterapia-para-autistas\/"},"author":{"name":"Assessoria de Imprensa da PMPB","@id":"https:\/\/www.pm.pb.gov.br\/portal\/#\/schema\/person\/e8454f46651c3ecf0e1ba3c1666d9947"},"headline":"Novo Centro de Equoterapia da Pol\u00edcia Militar vai ampliar as vagas para autistas","datePublished":"2021-09-14T14:15:59+00:00","dateModified":"2021-09-15T13:38:10+00:00","mainEntityOfPage":{"@id":"https:\/\/www.pm.pb.gov.br\/portal\/2021\/09\/14\/novo-centro-de-equitacao-da-policia-militar-vai-ampliar-as-vagas-da-equoterapia-para-autistas\/"},"wordCount":297,"publisher":{"@id":"https:\/\/www.pm.pb.gov.br\/portal\/#organization"},"articleSection":["A\u00e7\u00f5es de Sa\u00fade","A\u00e7\u00f5es Policiais"],"inLanguage":"pt-BR"},{"@type":"WebPage","@id":"https:\/\/www.pm.pb.gov.br\/portal\/2021\/09\/14\/novo-centro-de-equitacao-da-policia-militar-vai-ampliar-as-vagas-da-equoterapia-para-autistas\/","url":"https:\/\/www.pm.pb.gov.br\/portal\/2021\/09\/14\/novo-centro-de-equitacao-da-policia-militar-vai-ampliar-as-vagas-da-equoterapia-para-autistas\/","name":"Novo Centro de Equoterapia da Pol\u00edcia Militar vai ampliar as vagas para autistas - Pol\u00edcia Militar da Para\u00edba","isPartOf":{"@id":"https:\/\/www.pm.pb.gov.br\/portal\/#website"},"datePublished":"2021-09-14T14:15:59+00:00","dateModified":"2021-09-15T13:38:10+00:00","breadcrumb":{"@id":"https:\/\/www.pm.pb.gov.br\/portal\/2021\/09\/14\/novo-centro-de-equitacao-da-policia-militar-vai-ampliar-as-vagas-da-equoterapia-para-autistas\/#breadcrumb"},"inLanguage":"pt-BR","potentialAction":[{"@type":"ReadAction","target":["https:\/\/www.pm.pb.gov.br\/portal\/2021\/09\/14\/novo-centro-de-equitacao-da-policia-militar-vai-ampliar-as-vagas-da-equoterapia-para-autistas\/"]}]},{"@type":"BreadcrumbList","@id":"https:\/\/www.pm.pb.gov.br\/portal\/2021\/09\/14\/novo-centro-de-equitacao-da-policia-militar-vai-ampliar-as-vagas-da-equoterapia-para-autistas\/#breadcrumb","itemListElement":[{"@type":"ListItem","position":1,"name":"In\u00edcio","item":"https:\/\/www.pm.pb.gov.br\/portal\/"},{"@type":"ListItem","position":2,"name":"Novo Centro de Equoterapia da Pol\u00edcia Militar vai ampliar as vagas para autistas"}]},{"@type":"WebSite","@id":"https:\/\/www.pm.pb.gov.br\/portal\/#website","url":"https:\/\/www.pm.pb.gov.br\/portal\/","name":"Pol\u00edcia Militar da Para\u00edba","description":"","publisher":{"@id":"https:\/\/www.pm.pb.gov.br\/portal\/#organization"},"potentialAction":[{"@type":"SearchAction","target":{"@type":"EntryPoint","urlTemplate":"https:\/\/www.pm.pb.gov.br\/portal\/?s={search_term_string}"},"query-input":"required name=search_term_string"}],"inLanguage":"pt-BR"},{"@type":"Organization","@id":"https:\/\/www.pm.pb.gov.br\/portal\/#organization","name":"Pol\u00edcia Militar da Para\u00edba","url":"https:\/\/www.pm.pb.gov.br\/portal\/","logo":{"@type":"ImageObject","inLanguage":"pt-BR","@id":"https:\/\/www.pm.pb.gov.br\/portal\/#\/schema\/logo\/image\/","url":"https:\/\/www.pm.pb.gov.br\/portal\/wp-content\/uploads\/2025\/03\/cropped-logo-site-mag2-1.png","contentUrl":"https:\/\/www.pm.pb.gov.br\/portal\/wp-content\/uploads\/2025\/03\/cropped-logo-site-mag2-1.png","width":320,"height":90,"caption":"Pol\u00edcia Militar da Para\u00edba"},"image":{"@id":"https:\/\/www.pm.pb.gov.br\/portal\/#\/schema\/logo\/image\/"}},{"@type":"Person","@id":"https:\/\/www.pm.pb.gov.br\/portal\/#\/schema\/person\/e8454f46651c3ecf0e1ba3c1666d9947","name":"Assessoria de Imprensa da PMPB","image":{"@type":"ImageObject","inLanguage":"pt-BR","@id":"https:\/\/www.pm.pb.gov.br\/portal\/#\/schema\/person\/image\/","url":"https:\/\/secure.gravatar.com\/avatar\/2efe197438265d1e90bd98c4c8e1acf8?s=96&d=mm&r=g","contentUrl":"https:\/\/secure.gravatar.com\/avatar\/2efe197438265d1e90bd98c4c8e1acf8?s=96&d=mm&r=g","caption":"Assessoria de Imprensa da PMPB"},"url":"https:\/\/www.pm.pb.gov.br\/portal\/author\/assessoria\/"}]}},"_links":{"self":[{"href":"https:\/\/www.pm.pb.gov.br\/portal\/wp-json\/wp\/v2\/posts\/912611"}],"collection":[{"href":"https:\/\/www.pm.pb.gov.br\/portal\/wp-json\/wp\/v2\/posts"}],"about":[{"href":"https:\/\/www.pm.pb.gov.br\/portal\/wp-json\/wp\/v2\/types\/post"}],"author":[{"embeddable":true,"href":"https:\/\/www.pm.pb.gov.br\/portal\/wp-json\/wp\/v2\/users\/5"}],"replies":[{"embeddable":true,"href":"https:\/\/www.pm.pb.gov.br\/portal\/wp-json\/wp\/v2\/comments?post=912611"}],"version-history":[{"count":3,"href":"https:\/\/www.pm.pb.gov.br\/portal\/wp-json\/wp\/v2\/posts\/912611\/revisions"}],"predecessor-version":[{"id":912623,"href":"https:\/\/www.pm.pb.gov.br\/portal\/wp-json\/wp\/v2\/posts\/912611\/revisions\/912623"}],"wp:featuredmedia":[{"embeddable":true,"href":"https:\/\/www.pm.pb.gov.br\/portal\/wp-json\/wp\/v2\/media\/912618"}],"wp:attachment":[{"href":"https:\/\/www.pm.pb.gov.br\/portal\/wp-json\/wp\/v2\/media?parent=912611"}],"wp:term":[{"taxonomy":"category","embeddable":true,"href":"https:\/\/www.pm.pb.gov.br\/portal\/wp-json\/wp\/v2\/categories?post=912611"},{"taxonomy":"post_tag","embeddable":true,"href":"https:\/\/www.pm.pb.gov.br\/portal\/wp-json\/wp\/v2\/tags?post=912611"}],"curies":[{"name":"wp","href":"https:\/\/api.w.org\/{rel}","templated":true}]}}