{"id":912536,"date":"2021-09-04T17:36:38","date_gmt":"2021-09-04T20:36:38","guid":{"rendered":"https:\/\/www.pm.pb.gov.br\/portal\/?p=912536"},"modified":"2021-09-04T17:36:40","modified_gmt":"2021-09-04T20:36:40","slug":"operacao-maria-da-penha-policia-militar-prende-suspeito-de-tentativa-de-feminicidio-e-apreende-arma-de-fogo","status":"publish","type":"post","link":"https:\/\/www.pm.pb.gov.br\/portal\/2021\/09\/04\/operacao-maria-da-penha-policia-militar-prende-suspeito-de-tentativa-de-feminicidio-e-apreende-arma-de-fogo\/","title":{"rendered":"Opera\u00e7\u00e3o Maria da Penha: Pol\u00edcia Militar prende suspeito de tentativa de feminic\u00eddio e apreende arma de fogo"},"content":{"rendered":"\n<p style=\"font-weight: 400;\">Policiais militares da 5\u00aa CIPM prenderam na manh\u00e3 deste s\u00e1bado (04) um homem suspeito do crime de tentativa de feminic\u00eddio e apreenderam uma arma de fogo, na cidade de Mana\u00edra, no sert\u00e3o da Para\u00edba.<\/p>\n<p style=\"font-weight: 400;\">A pris\u00e3o ocorreu depois de informa\u00e7\u00f5es repassadas por uma mulher, que afirmou que seu ex-companheiro tentou invadir sua casa e fez disparos de arma de fogo na porta da sua resid\u00eancia. Ainda, segundo a v\u00edtima, o acusado teria fugido para a cidade de Mana\u00edra-PB. Ap\u00f3s realizar dilig\u00eancias o suspeito foi localizado e com ele foi apreendido uma arma de fogo com 3 muni\u00e7\u00f5es intactas (foto abaixo).<\/p>\n<p style=\"font-weight: 400;\">O suspeito e a arma apreendida foram apresentados \u00e0 autoridade policial na delegacia de Pol\u00edcia Civil em Princesa Isabel.<\/p>\n<p style=\"font-weight: 400;\">A Pol\u00edcia Militar da Para\u00edba, no per\u00edodo entre a sexta-feira (03) e o in\u00edcio da tarde deste s\u00e1bado (04), j\u00e1 realizou dez condu\u00e7\u00f5es \u00e0 Delegacia em ocorr\u00eancias de viol\u00eancia dom\u00e9stica.<\/p>\n<p style=\"font-weight: 400;\">A PM segue participando da Opera\u00e7\u00e3o Maria da Penha, que acontece simultaneamente em todos os Estados e no Distrito Federal, at\u00e9 o dia 20 de setembro, sob coordena\u00e7\u00e3o do Minist\u00e9rio da Justi\u00e7a e Seguran\u00e7a P\u00fablica. No combate \u00e0 viol\u00eancia contra a mulher, \u00e9 de extrema import\u00e2ncia que a popula\u00e7\u00e3o n\u00e3o se cale e colabore denunciando as agress\u00f5es, que podem ser f\u00edsicas, sexuais, psicol\u00f3gicas, morais e patrimoniais. Em muitos dos casos, a v\u00edtima n\u00e3o consegue ou tem medo de denunciar o agressor e \u00e9 neste momento que a participa\u00e7\u00e3o de vizinhos e familiares \u00e9 primordial para quebrar este ciclo de viol\u00eancia. \u00a0<\/p>\n<p style=\"font-weight: 400;\">Em caso de emerg\u00eancia, as den\u00fancias devem ser feitas \u00e0 PM pelo n\u00famero 190. A popula\u00e7\u00e3o tamb\u00e9m pode recorrer aos n\u00fameros 197 (Pol\u00edcia Civil), 180 e 123.<\/p>\n<p style=\"font-weight: 400;\">\u00a0<\/p>\n","protected":false},"excerpt":{"rendered":"<p>Policiais militares da 5\u00aa CIPM prenderam na manh\u00e3 deste s\u00e1bado (04) um homem suspeito do crime de tentativa de feminic\u00eddio<\/p>\n","protected":false},"author":5,"featured_media":912537,"comment_status":"closed","ping_status":"closed","sticky":false,"template":"","format":"standard","meta":{"_exactmetrics_skip_tracking":false,"_exactmetrics_sitenote_active":false,"_exactmetrics_sitenote_note":"","_exactmetrics_sitenote_category":0,"footnotes":""},"categories":[4],"tags":[],"yoast_head":"<!-- This site is optimized with the Yoast SEO plugin v22.0 - https:\/\/yoast.com\/wordpress\/plugins\/seo\/ -->\n<title>Opera\u00e7\u00e3o Maria da Penha: Pol\u00edcia Militar prende suspeito de tentativa de feminic\u00eddio e apreende arma de fogo - Pol\u00edcia Militar da Para\u00edba<\/title>\n<meta name=\"robots\" content=\"index, follow, max-snippet:-1, max-image-preview:large, max-video-preview:-1\" \/>\n<link rel=\"canonical\" href=\"https:\/\/www.pm.pb.gov.br\/portal\/2021\/09\/04\/operacao-maria-da-penha-policia-militar-prende-suspeito-de-tentativa-de-feminicidio-e-apreende-arma-de-fogo\/\" \/>\n<meta property=\"og:locale\" content=\"pt_BR\" \/>\n<meta property=\"og:type\" content=\"article\" \/>\n<meta property=\"og:title\" content=\"Opera\u00e7\u00e3o Maria da Penha: Pol\u00edcia Militar prende suspeito de tentativa de feminic\u00eddio e apreende arma de fogo - Pol\u00edcia Militar da Para\u00edba\" \/>\n<meta property=\"og:description\" content=\"Policiais militares da 5\u00aa CIPM prenderam na manh\u00e3 deste s\u00e1bado (04) um homem suspeito do crime de tentativa de feminic\u00eddio\" \/>\n<meta property=\"og:url\" content=\"https:\/\/www.pm.pb.gov.br\/portal\/2021\/09\/04\/operacao-maria-da-penha-policia-militar-prende-suspeito-de-tentativa-de-feminicidio-e-apreende-arma-de-fogo\/\" \/>\n<meta property=\"og:site_name\" content=\"Pol\u00edcia Militar da Para\u00edba\" \/>\n<meta property=\"article:published_time\" content=\"2021-09-04T20:36:38+00:00\" \/>\n<meta property=\"article:modified_time\" content=\"2021-09-04T20:36:40+00:00\" \/>\n<meta property=\"og:image\" content=\"https:\/\/www.pm.pb.gov.br\/portal\/wp-content\/uploads\/2021\/09\/WhatsApp-Image-2021-09-04-at-17.37.38.jpeg\" \/>\n\t<meta property=\"og:image:width\" content=\"1280\" \/>\n\t<meta property=\"og:image:height\" content=\"853\" \/>\n\t<meta property=\"og:image:type\" content=\"image\/jpeg\" \/>\n<meta name=\"author\" content=\"Assessoria de Imprensa da PMPB\" \/>\n<meta name=\"twitter:card\" content=\"summary_large_image\" \/>\n<meta name=\"twitter:label1\" content=\"Escrito por\" \/>\n\t<meta name=\"twitter:data1\" content=\"Assessoria de Imprensa da PMPB\" \/>\n\t<meta name=\"twitter:label2\" content=\"Est. tempo de leitura\" \/>\n\t<meta name=\"twitter:data2\" content=\"2 minutos\" \/>\n<script type=\"application\/ld+json\" class=\"yoast-schema-graph\">{\"@context\":\"https:\/\/schema.org\",\"@graph\":[{\"@type\":\"Article\",\"@id\":\"https:\/\/www.pm.pb.gov.br\/portal\/2021\/09\/04\/operacao-maria-da-penha-policia-militar-prende-suspeito-de-tentativa-de-feminicidio-e-apreende-arma-de-fogo\/#article\",\"isPartOf\":{\"@id\":\"https:\/\/www.pm.pb.gov.br\/portal\/2021\/09\/04\/operacao-maria-da-penha-policia-militar-prende-suspeito-de-tentativa-de-feminicidio-e-apreende-arma-de-fogo\/\"},\"author\":{\"name\":\"Assessoria de Imprensa da PMPB\",\"@id\":\"https:\/\/www.pm.pb.gov.br\/portal\/#\/schema\/person\/e8454f46651c3ecf0e1ba3c1666d9947\"},\"headline\":\"Opera\u00e7\u00e3o Maria da Penha: Pol\u00edcia Militar prende suspeito de tentativa de feminic\u00eddio e apreende arma de fogo\",\"datePublished\":\"2021-09-04T20:36:38+00:00\",\"dateModified\":\"2021-09-04T20:36:40+00:00\",\"mainEntityOfPage\":{\"@id\":\"https:\/\/www.pm.pb.gov.br\/portal\/2021\/09\/04\/operacao-maria-da-penha-policia-militar-prende-suspeito-de-tentativa-de-feminicidio-e-apreende-arma-de-fogo\/\"},\"wordCount\":326,\"publisher\":{\"@id\":\"https:\/\/www.pm.pb.gov.br\/portal\/#organization\"},\"articleSection\":[\"A\u00e7\u00f5es Policiais\"],\"inLanguage\":\"pt-BR\"},{\"@type\":\"WebPage\",\"@id\":\"https:\/\/www.pm.pb.gov.br\/portal\/2021\/09\/04\/operacao-maria-da-penha-policia-militar-prende-suspeito-de-tentativa-de-feminicidio-e-apreende-arma-de-fogo\/\",\"url\":\"https:\/\/www.pm.pb.gov.br\/portal\/2021\/09\/04\/operacao-maria-da-penha-policia-militar-prende-suspeito-de-tentativa-de-feminicidio-e-apreende-arma-de-fogo\/\",\"name\":\"Opera\u00e7\u00e3o Maria da Penha: Pol\u00edcia Militar prende suspeito de tentativa de feminic\u00eddio e apreende arma de fogo - Pol\u00edcia Militar da Para\u00edba\",\"isPartOf\":{\"@id\":\"https:\/\/www.pm.pb.gov.br\/portal\/#website\"},\"datePublished\":\"2021-09-04T20:36:38+00:00\",\"dateModified\":\"2021-09-04T20:36:40+00:00\",\"breadcrumb\":{\"@id\":\"https:\/\/www.pm.pb.gov.br\/portal\/2021\/09\/04\/operacao-maria-da-penha-policia-militar-prende-suspeito-de-tentativa-de-feminicidio-e-apreende-arma-de-fogo\/#breadcrumb\"},\"inLanguage\":\"pt-BR\",\"potentialAction\":[{\"@type\":\"ReadAction\",\"target\":[\"https:\/\/www.pm.pb.gov.br\/portal\/2021\/09\/04\/operacao-maria-da-penha-policia-militar-prende-suspeito-de-tentativa-de-feminicidio-e-apreende-arma-de-fogo\/\"]}]},{\"@type\":\"BreadcrumbList\",\"@id\":\"https:\/\/www.pm.pb.gov.br\/portal\/2021\/09\/04\/operacao-maria-da-penha-policia-militar-prende-suspeito-de-tentativa-de-feminicidio-e-apreende-arma-de-fogo\/#breadcrumb\",\"itemListElement\":[{\"@type\":\"ListItem\",\"position\":1,\"name\":\"In\u00edcio\",\"item\":\"https:\/\/www.pm.pb.gov.br\/portal\/\"},{\"@type\":\"ListItem\",\"position\":2,\"name\":\"Opera\u00e7\u00e3o Maria da Penha: Pol\u00edcia Militar prende suspeito de tentativa de feminic\u00eddio e apreende arma de fogo\"}]},{\"@type\":\"WebSite\",\"@id\":\"https:\/\/www.pm.pb.gov.br\/portal\/#website\",\"url\":\"https:\/\/www.pm.pb.gov.br\/portal\/\",\"name\":\"Pol\u00edcia Militar da Para\u00edba\",\"description\":\"\",\"publisher\":{\"@id\":\"https:\/\/www.pm.pb.gov.br\/portal\/#organization\"},\"potentialAction\":[{\"@type\":\"SearchAction\",\"target\":{\"@type\":\"EntryPoint\",\"urlTemplate\":\"https:\/\/www.pm.pb.gov.br\/portal\/?s={search_term_string}\"},\"query-input\":\"required name=search_term_string\"}],\"inLanguage\":\"pt-BR\"},{\"@type\":\"Organization\",\"@id\":\"https:\/\/www.pm.pb.gov.br\/portal\/#organization\",\"name\":\"Pol\u00edcia Militar da Para\u00edba\",\"url\":\"https:\/\/www.pm.pb.gov.br\/portal\/\",\"logo\":{\"@type\":\"ImageObject\",\"inLanguage\":\"pt-BR\",\"@id\":\"https:\/\/www.pm.pb.gov.br\/portal\/#\/schema\/logo\/image\/\",\"url\":\"https:\/\/www.pm.pb.gov.br\/portal\/wp-content\/uploads\/2025\/03\/cropped-logo-site-mag2-1.png\",\"contentUrl\":\"https:\/\/www.pm.pb.gov.br\/portal\/wp-content\/uploads\/2025\/03\/cropped-logo-site-mag2-1.png\",\"width\":320,\"height\":90,\"caption\":\"Pol\u00edcia Militar da Para\u00edba\"},\"image\":{\"@id\":\"https:\/\/www.pm.pb.gov.br\/portal\/#\/schema\/logo\/image\/\"}},{\"@type\":\"Person\",\"@id\":\"https:\/\/www.pm.pb.gov.br\/portal\/#\/schema\/person\/e8454f46651c3ecf0e1ba3c1666d9947\",\"name\":\"Assessoria de Imprensa da PMPB\",\"image\":{\"@type\":\"ImageObject\",\"inLanguage\":\"pt-BR\",\"@id\":\"https:\/\/www.pm.pb.gov.br\/portal\/#\/schema\/person\/image\/\",\"url\":\"https:\/\/secure.gravatar.com\/avatar\/2efe197438265d1e90bd98c4c8e1acf8?s=96&d=mm&r=g\",\"contentUrl\":\"https:\/\/secure.gravatar.com\/avatar\/2efe197438265d1e90bd98c4c8e1acf8?s=96&d=mm&r=g\",\"caption\":\"Assessoria de Imprensa da PMPB\"},\"url\":\"https:\/\/www.pm.pb.gov.br\/portal\/author\/assessoria\/\"}]}<\/script>\n<!-- \/ Yoast SEO plugin. -->","yoast_head_json":{"title":"Opera\u00e7\u00e3o Maria da Penha: Pol\u00edcia Militar prende suspeito de tentativa de feminic\u00eddio e apreende arma de fogo - Pol\u00edcia Militar da Para\u00edba","robots":{"index":"index","follow":"follow","max-snippet":"max-snippet:-1","max-image-preview":"max-image-preview:large","max-video-preview":"max-video-preview:-1"},"canonical":"https:\/\/www.pm.pb.gov.br\/portal\/2021\/09\/04\/operacao-maria-da-penha-policia-militar-prende-suspeito-de-tentativa-de-feminicidio-e-apreende-arma-de-fogo\/","og_locale":"pt_BR","og_type":"article","og_title":"Opera\u00e7\u00e3o Maria da Penha: Pol\u00edcia Militar prende suspeito de tentativa de feminic\u00eddio e apreende arma de fogo - Pol\u00edcia Militar da Para\u00edba","og_description":"Policiais militares da 5\u00aa CIPM prenderam na manh\u00e3 deste s\u00e1bado (04) um homem suspeito do crime de tentativa de feminic\u00eddio","og_url":"https:\/\/www.pm.pb.gov.br\/portal\/2021\/09\/04\/operacao-maria-da-penha-policia-militar-prende-suspeito-de-tentativa-de-feminicidio-e-apreende-arma-de-fogo\/","og_site_name":"Pol\u00edcia Militar da Para\u00edba","article_published_time":"2021-09-04T20:36:38+00:00","article_modified_time":"2021-09-04T20:36:40+00:00","og_image":[{"width":1280,"height":853,"url":"https:\/\/www.pm.pb.gov.br\/portal\/wp-content\/uploads\/2021\/09\/WhatsApp-Image-2021-09-04-at-17.37.38.jpeg","type":"image\/jpeg"}],"author":"Assessoria de Imprensa da PMPB","twitter_card":"summary_large_image","twitter_misc":{"Escrito por":"Assessoria de Imprensa da PMPB","Est. tempo de leitura":"2 minutos"},"schema":{"@context":"https:\/\/schema.org","@graph":[{"@type":"Article","@id":"https:\/\/www.pm.pb.gov.br\/portal\/2021\/09\/04\/operacao-maria-da-penha-policia-militar-prende-suspeito-de-tentativa-de-feminicidio-e-apreende-arma-de-fogo\/#article","isPartOf":{"@id":"https:\/\/www.pm.pb.gov.br\/portal\/2021\/09\/04\/operacao-maria-da-penha-policia-militar-prende-suspeito-de-tentativa-de-feminicidio-e-apreende-arma-de-fogo\/"},"author":{"name":"Assessoria de Imprensa da PMPB","@id":"https:\/\/www.pm.pb.gov.br\/portal\/#\/schema\/person\/e8454f46651c3ecf0e1ba3c1666d9947"},"headline":"Opera\u00e7\u00e3o Maria da Penha: Pol\u00edcia Militar prende suspeito de tentativa de feminic\u00eddio e apreende arma de fogo","datePublished":"2021-09-04T20:36:38+00:00","dateModified":"2021-09-04T20:36:40+00:00","mainEntityOfPage":{"@id":"https:\/\/www.pm.pb.gov.br\/portal\/2021\/09\/04\/operacao-maria-da-penha-policia-militar-prende-suspeito-de-tentativa-de-feminicidio-e-apreende-arma-de-fogo\/"},"wordCount":326,"publisher":{"@id":"https:\/\/www.pm.pb.gov.br\/portal\/#organization"},"articleSection":["A\u00e7\u00f5es Policiais"],"inLanguage":"pt-BR"},{"@type":"WebPage","@id":"https:\/\/www.pm.pb.gov.br\/portal\/2021\/09\/04\/operacao-maria-da-penha-policia-militar-prende-suspeito-de-tentativa-de-feminicidio-e-apreende-arma-de-fogo\/","url":"https:\/\/www.pm.pb.gov.br\/portal\/2021\/09\/04\/operacao-maria-da-penha-policia-militar-prende-suspeito-de-tentativa-de-feminicidio-e-apreende-arma-de-fogo\/","name":"Opera\u00e7\u00e3o Maria da Penha: Pol\u00edcia Militar prende suspeito de tentativa de feminic\u00eddio e apreende arma de fogo - Pol\u00edcia Militar da Para\u00edba","isPartOf":{"@id":"https:\/\/www.pm.pb.gov.br\/portal\/#website"},"datePublished":"2021-09-04T20:36:38+00:00","dateModified":"2021-09-04T20:36:40+00:00","breadcrumb":{"@id":"https:\/\/www.pm.pb.gov.br\/portal\/2021\/09\/04\/operacao-maria-da-penha-policia-militar-prende-suspeito-de-tentativa-de-feminicidio-e-apreende-arma-de-fogo\/#breadcrumb"},"inLanguage":"pt-BR","potentialAction":[{"@type":"ReadAction","target":["https:\/\/www.pm.pb.gov.br\/portal\/2021\/09\/04\/operacao-maria-da-penha-policia-militar-prende-suspeito-de-tentativa-de-feminicidio-e-apreende-arma-de-fogo\/"]}]},{"@type":"BreadcrumbList","@id":"https:\/\/www.pm.pb.gov.br\/portal\/2021\/09\/04\/operacao-maria-da-penha-policia-militar-prende-suspeito-de-tentativa-de-feminicidio-e-apreende-arma-de-fogo\/#breadcrumb","itemListElement":[{"@type":"ListItem","position":1,"name":"In\u00edcio","item":"https:\/\/www.pm.pb.gov.br\/portal\/"},{"@type":"ListItem","position":2,"name":"Opera\u00e7\u00e3o Maria da Penha: Pol\u00edcia Militar prende suspeito de tentativa de feminic\u00eddio e apreende arma de fogo"}]},{"@type":"WebSite","@id":"https:\/\/www.pm.pb.gov.br\/portal\/#website","url":"https:\/\/www.pm.pb.gov.br\/portal\/","name":"Pol\u00edcia Militar da Para\u00edba","description":"","publisher":{"@id":"https:\/\/www.pm.pb.gov.br\/portal\/#organization"},"potentialAction":[{"@type":"SearchAction","target":{"@type":"EntryPoint","urlTemplate":"https:\/\/www.pm.pb.gov.br\/portal\/?s={search_term_string}"},"query-input":"required name=search_term_string"}],"inLanguage":"pt-BR"},{"@type":"Organization","@id":"https:\/\/www.pm.pb.gov.br\/portal\/#organization","name":"Pol\u00edcia Militar da Para\u00edba","url":"https:\/\/www.pm.pb.gov.br\/portal\/","logo":{"@type":"ImageObject","inLanguage":"pt-BR","@id":"https:\/\/www.pm.pb.gov.br\/portal\/#\/schema\/logo\/image\/","url":"https:\/\/www.pm.pb.gov.br\/portal\/wp-content\/uploads\/2025\/03\/cropped-logo-site-mag2-1.png","contentUrl":"https:\/\/www.pm.pb.gov.br\/portal\/wp-content\/uploads\/2025\/03\/cropped-logo-site-mag2-1.png","width":320,"height":90,"caption":"Pol\u00edcia Militar da Para\u00edba"},"image":{"@id":"https:\/\/www.pm.pb.gov.br\/portal\/#\/schema\/logo\/image\/"}},{"@type":"Person","@id":"https:\/\/www.pm.pb.gov.br\/portal\/#\/schema\/person\/e8454f46651c3ecf0e1ba3c1666d9947","name":"Assessoria de Imprensa da PMPB","image":{"@type":"ImageObject","inLanguage":"pt-BR","@id":"https:\/\/www.pm.pb.gov.br\/portal\/#\/schema\/person\/image\/","url":"https:\/\/secure.gravatar.com\/avatar\/2efe197438265d1e90bd98c4c8e1acf8?s=96&d=mm&r=g","contentUrl":"https:\/\/secure.gravatar.com\/avatar\/2efe197438265d1e90bd98c4c8e1acf8?s=96&d=mm&r=g","caption":"Assessoria de Imprensa da PMPB"},"url":"https:\/\/www.pm.pb.gov.br\/portal\/author\/assessoria\/"}]}},"_links":{"self":[{"href":"https:\/\/www.pm.pb.gov.br\/portal\/wp-json\/wp\/v2\/posts\/912536"}],"collection":[{"href":"https:\/\/www.pm.pb.gov.br\/portal\/wp-json\/wp\/v2\/posts"}],"about":[{"href":"https:\/\/www.pm.pb.gov.br\/portal\/wp-json\/wp\/v2\/types\/post"}],"author":[{"embeddable":true,"href":"https:\/\/www.pm.pb.gov.br\/portal\/wp-json\/wp\/v2\/users\/5"}],"replies":[{"embeddable":true,"href":"https:\/\/www.pm.pb.gov.br\/portal\/wp-json\/wp\/v2\/comments?post=912536"}],"version-history":[{"count":1,"href":"https:\/\/www.pm.pb.gov.br\/portal\/wp-json\/wp\/v2\/posts\/912536\/revisions"}],"predecessor-version":[{"id":912539,"href":"https:\/\/www.pm.pb.gov.br\/portal\/wp-json\/wp\/v2\/posts\/912536\/revisions\/912539"}],"wp:featuredmedia":[{"embeddable":true,"href":"https:\/\/www.pm.pb.gov.br\/portal\/wp-json\/wp\/v2\/media\/912537"}],"wp:attachment":[{"href":"https:\/\/www.pm.pb.gov.br\/portal\/wp-json\/wp\/v2\/media?parent=912536"}],"wp:term":[{"taxonomy":"category","embeddable":true,"href":"https:\/\/www.pm.pb.gov.br\/portal\/wp-json\/wp\/v2\/categories?post=912536"},{"taxonomy":"post_tag","embeddable":true,"href":"https:\/\/www.pm.pb.gov.br\/portal\/wp-json\/wp\/v2\/tags?post=912536"}],"curies":[{"name":"wp","href":"https:\/\/api.w.org\/{rel}","templated":true}]}}