{"id":912244,"date":"2021-08-09T12:34:33","date_gmt":"2021-08-09T15:34:33","guid":{"rendered":"https:\/\/www.pm.pb.gov.br\/portal\/?p=912244"},"modified":"2021-08-09T12:34:35","modified_gmt":"2021-08-09T15:34:35","slug":"fim-de-semana-tem-apreensao-de-mais-de-50-kg-de-drogas-19-armas-e-prisao-de-116-suspeitos-na-pb","status":"publish","type":"post","link":"https:\/\/www.pm.pb.gov.br\/portal\/2021\/08\/09\/fim-de-semana-tem-apreensao-de-mais-de-50-kg-de-drogas-19-armas-e-prisao-de-116-suspeitos-na-pb\/","title":{"rendered":"Fim de semana tem apreens\u00e3o de mais de 50 kg de drogas, 19 armas e pris\u00e3o de 116 suspeitos na PB"},"content":{"rendered":"\n<p>A Pol\u00edcia Militar concluiu as opera\u00e7\u00f5es do fim de semana com a pris\u00e3o e apreens\u00e3o de 116 suspeitos, 19 armas de fogo, 51,8 kg de drogas e 20 ve\u00edculos com registros de roubos ou furtos apreendidos na Para\u00edba.<br><br>Entre os crimes que resultaram em pris\u00e3o, estavam roubo, porte ilegal de arma, tentativa de homic\u00eddio, tr\u00e1fico de drogas, associa\u00e7\u00e3o para o tr\u00e1fico, les\u00e3o corporal e outros delitos.<br><br>J\u00e1 em rela\u00e7\u00e3o \u00e0s armas, elas foram apreendidas nas cidades de Jo\u00e3o Pessoa, Pedras de Fogo, Santa Rita, Guarabira, Campina Grande, Barra de Santa Rosa, Fagundes, Mulungu, Cachoeira dos \u00cdndios, Lagoa e Teixeira.<br><br>Novas opera\u00e7\u00f5es devem ocorrer, ainda nesta primeira quinzena de agosto, com o objetivo de prevenir crimes contra a vida e contra o patrim\u00f4nio, principalmente.<\/p>\n","protected":false},"excerpt":{"rendered":"<p>A Pol\u00edcia Militar concluiu as opera\u00e7\u00f5es do fim de semana com a pris\u00e3o e apreens\u00e3o de 116 suspeitos, 19 armas<\/p>\n","protected":false},"author":5,"featured_media":912249,"comment_status":"closed","ping_status":"closed","sticky":false,"template":"","format":"standard","meta":{"_exactmetrics_skip_tracking":false,"_exactmetrics_sitenote_active":false,"_exactmetrics_sitenote_note":"","_exactmetrics_sitenote_category":0,"footnotes":""},"categories":[4],"tags":[],"yoast_head":"<!-- This site is optimized with the Yoast SEO plugin v22.0 - https:\/\/yoast.com\/wordpress\/plugins\/seo\/ -->\n<title>Fim de semana tem apreens\u00e3o de mais de 50 kg de drogas, 19 armas e pris\u00e3o de 116 suspeitos na PB - Pol\u00edcia Militar da Para\u00edba<\/title>\n<meta name=\"robots\" content=\"index, follow, max-snippet:-1, max-image-preview:large, max-video-preview:-1\" \/>\n<link rel=\"canonical\" href=\"https:\/\/www.pm.pb.gov.br\/portal\/2021\/08\/09\/fim-de-semana-tem-apreensao-de-mais-de-50-kg-de-drogas-19-armas-e-prisao-de-116-suspeitos-na-pb\/\" \/>\n<meta property=\"og:locale\" content=\"pt_BR\" \/>\n<meta property=\"og:type\" content=\"article\" \/>\n<meta property=\"og:title\" content=\"Fim de semana tem apreens\u00e3o de mais de 50 kg de drogas, 19 armas e pris\u00e3o de 116 suspeitos na PB - Pol\u00edcia Militar da Para\u00edba\" \/>\n<meta property=\"og:description\" content=\"A Pol\u00edcia Militar concluiu as opera\u00e7\u00f5es do fim de semana com a pris\u00e3o e apreens\u00e3o de 116 suspeitos, 19 armas\" \/>\n<meta property=\"og:url\" content=\"https:\/\/www.pm.pb.gov.br\/portal\/2021\/08\/09\/fim-de-semana-tem-apreensao-de-mais-de-50-kg-de-drogas-19-armas-e-prisao-de-116-suspeitos-na-pb\/\" \/>\n<meta property=\"og:site_name\" content=\"Pol\u00edcia Militar da Para\u00edba\" \/>\n<meta property=\"article:published_time\" content=\"2021-08-09T15:34:33+00:00\" \/>\n<meta property=\"article:modified_time\" content=\"2021-08-09T15:34:35+00:00\" \/>\n<meta property=\"og:image\" content=\"https:\/\/www.pm.pb.gov.br\/portal\/wp-content\/uploads\/2021\/08\/aaced6a9-c37a-4213-9e2b-d34cc796f9c3.jpg\" \/>\n\t<meta property=\"og:image:width\" content=\"1600\" \/>\n\t<meta property=\"og:image:height\" content=\"720\" \/>\n\t<meta property=\"og:image:type\" content=\"image\/jpeg\" \/>\n<meta name=\"author\" content=\"Assessoria de Imprensa da PMPB\" \/>\n<meta name=\"twitter:card\" content=\"summary_large_image\" \/>\n<meta name=\"twitter:label1\" content=\"Escrito por\" \/>\n\t<meta name=\"twitter:data1\" content=\"Assessoria de Imprensa da PMPB\" \/>\n\t<meta name=\"twitter:label2\" content=\"Est. tempo de leitura\" \/>\n\t<meta name=\"twitter:data2\" content=\"1 minuto\" \/>\n<script type=\"application\/ld+json\" class=\"yoast-schema-graph\">{\"@context\":\"https:\/\/schema.org\",\"@graph\":[{\"@type\":\"Article\",\"@id\":\"https:\/\/www.pm.pb.gov.br\/portal\/2021\/08\/09\/fim-de-semana-tem-apreensao-de-mais-de-50-kg-de-drogas-19-armas-e-prisao-de-116-suspeitos-na-pb\/#article\",\"isPartOf\":{\"@id\":\"https:\/\/www.pm.pb.gov.br\/portal\/2021\/08\/09\/fim-de-semana-tem-apreensao-de-mais-de-50-kg-de-drogas-19-armas-e-prisao-de-116-suspeitos-na-pb\/\"},\"author\":{\"name\":\"Assessoria de Imprensa da PMPB\",\"@id\":\"https:\/\/www.pm.pb.gov.br\/portal\/#\/schema\/person\/e8454f46651c3ecf0e1ba3c1666d9947\"},\"headline\":\"Fim de semana tem apreens\u00e3o de mais de 50 kg de drogas, 19 armas e pris\u00e3o de 116 suspeitos na PB\",\"datePublished\":\"2021-08-09T15:34:33+00:00\",\"dateModified\":\"2021-08-09T15:34:35+00:00\",\"mainEntityOfPage\":{\"@id\":\"https:\/\/www.pm.pb.gov.br\/portal\/2021\/08\/09\/fim-de-semana-tem-apreensao-de-mais-de-50-kg-de-drogas-19-armas-e-prisao-de-116-suspeitos-na-pb\/\"},\"wordCount\":155,\"publisher\":{\"@id\":\"https:\/\/www.pm.pb.gov.br\/portal\/#organization\"},\"articleSection\":[\"A\u00e7\u00f5es Policiais\"],\"inLanguage\":\"pt-BR\"},{\"@type\":\"WebPage\",\"@id\":\"https:\/\/www.pm.pb.gov.br\/portal\/2021\/08\/09\/fim-de-semana-tem-apreensao-de-mais-de-50-kg-de-drogas-19-armas-e-prisao-de-116-suspeitos-na-pb\/\",\"url\":\"https:\/\/www.pm.pb.gov.br\/portal\/2021\/08\/09\/fim-de-semana-tem-apreensao-de-mais-de-50-kg-de-drogas-19-armas-e-prisao-de-116-suspeitos-na-pb\/\",\"name\":\"Fim de semana tem apreens\u00e3o de mais de 50 kg de drogas, 19 armas e pris\u00e3o de 116 suspeitos na PB - Pol\u00edcia Militar da Para\u00edba\",\"isPartOf\":{\"@id\":\"https:\/\/www.pm.pb.gov.br\/portal\/#website\"},\"datePublished\":\"2021-08-09T15:34:33+00:00\",\"dateModified\":\"2021-08-09T15:34:35+00:00\",\"breadcrumb\":{\"@id\":\"https:\/\/www.pm.pb.gov.br\/portal\/2021\/08\/09\/fim-de-semana-tem-apreensao-de-mais-de-50-kg-de-drogas-19-armas-e-prisao-de-116-suspeitos-na-pb\/#breadcrumb\"},\"inLanguage\":\"pt-BR\",\"potentialAction\":[{\"@type\":\"ReadAction\",\"target\":[\"https:\/\/www.pm.pb.gov.br\/portal\/2021\/08\/09\/fim-de-semana-tem-apreensao-de-mais-de-50-kg-de-drogas-19-armas-e-prisao-de-116-suspeitos-na-pb\/\"]}]},{\"@type\":\"BreadcrumbList\",\"@id\":\"https:\/\/www.pm.pb.gov.br\/portal\/2021\/08\/09\/fim-de-semana-tem-apreensao-de-mais-de-50-kg-de-drogas-19-armas-e-prisao-de-116-suspeitos-na-pb\/#breadcrumb\",\"itemListElement\":[{\"@type\":\"ListItem\",\"position\":1,\"name\":\"In\u00edcio\",\"item\":\"https:\/\/www.pm.pb.gov.br\/portal\/\"},{\"@type\":\"ListItem\",\"position\":2,\"name\":\"Fim de semana tem apreens\u00e3o de mais de 50 kg de drogas, 19 armas e pris\u00e3o de 116 suspeitos na PB\"}]},{\"@type\":\"WebSite\",\"@id\":\"https:\/\/www.pm.pb.gov.br\/portal\/#website\",\"url\":\"https:\/\/www.pm.pb.gov.br\/portal\/\",\"name\":\"Pol\u00edcia Militar da Para\u00edba\",\"description\":\"\",\"publisher\":{\"@id\":\"https:\/\/www.pm.pb.gov.br\/portal\/#organization\"},\"potentialAction\":[{\"@type\":\"SearchAction\",\"target\":{\"@type\":\"EntryPoint\",\"urlTemplate\":\"https:\/\/www.pm.pb.gov.br\/portal\/?s={search_term_string}\"},\"query-input\":\"required name=search_term_string\"}],\"inLanguage\":\"pt-BR\"},{\"@type\":\"Organization\",\"@id\":\"https:\/\/www.pm.pb.gov.br\/portal\/#organization\",\"name\":\"Pol\u00edcia Militar da Para\u00edba\",\"url\":\"https:\/\/www.pm.pb.gov.br\/portal\/\",\"logo\":{\"@type\":\"ImageObject\",\"inLanguage\":\"pt-BR\",\"@id\":\"https:\/\/www.pm.pb.gov.br\/portal\/#\/schema\/logo\/image\/\",\"url\":\"https:\/\/www.pm.pb.gov.br\/portal\/wp-content\/uploads\/2025\/03\/cropped-logo-site-mag2-1.png\",\"contentUrl\":\"https:\/\/www.pm.pb.gov.br\/portal\/wp-content\/uploads\/2025\/03\/cropped-logo-site-mag2-1.png\",\"width\":320,\"height\":90,\"caption\":\"Pol\u00edcia Militar da Para\u00edba\"},\"image\":{\"@id\":\"https:\/\/www.pm.pb.gov.br\/portal\/#\/schema\/logo\/image\/\"}},{\"@type\":\"Person\",\"@id\":\"https:\/\/www.pm.pb.gov.br\/portal\/#\/schema\/person\/e8454f46651c3ecf0e1ba3c1666d9947\",\"name\":\"Assessoria de Imprensa da PMPB\",\"image\":{\"@type\":\"ImageObject\",\"inLanguage\":\"pt-BR\",\"@id\":\"https:\/\/www.pm.pb.gov.br\/portal\/#\/schema\/person\/image\/\",\"url\":\"https:\/\/secure.gravatar.com\/avatar\/2efe197438265d1e90bd98c4c8e1acf8?s=96&d=mm&r=g\",\"contentUrl\":\"https:\/\/secure.gravatar.com\/avatar\/2efe197438265d1e90bd98c4c8e1acf8?s=96&d=mm&r=g\",\"caption\":\"Assessoria de Imprensa da PMPB\"},\"url\":\"https:\/\/www.pm.pb.gov.br\/portal\/author\/assessoria\/\"}]}<\/script>\n<!-- \/ Yoast SEO plugin. -->","yoast_head_json":{"title":"Fim de semana tem apreens\u00e3o de mais de 50 kg de drogas, 19 armas e pris\u00e3o de 116 suspeitos na PB - Pol\u00edcia Militar da Para\u00edba","robots":{"index":"index","follow":"follow","max-snippet":"max-snippet:-1","max-image-preview":"max-image-preview:large","max-video-preview":"max-video-preview:-1"},"canonical":"https:\/\/www.pm.pb.gov.br\/portal\/2021\/08\/09\/fim-de-semana-tem-apreensao-de-mais-de-50-kg-de-drogas-19-armas-e-prisao-de-116-suspeitos-na-pb\/","og_locale":"pt_BR","og_type":"article","og_title":"Fim de semana tem apreens\u00e3o de mais de 50 kg de drogas, 19 armas e pris\u00e3o de 116 suspeitos na PB - Pol\u00edcia Militar da Para\u00edba","og_description":"A Pol\u00edcia Militar concluiu as opera\u00e7\u00f5es do fim de semana com a pris\u00e3o e apreens\u00e3o de 116 suspeitos, 19 armas","og_url":"https:\/\/www.pm.pb.gov.br\/portal\/2021\/08\/09\/fim-de-semana-tem-apreensao-de-mais-de-50-kg-de-drogas-19-armas-e-prisao-de-116-suspeitos-na-pb\/","og_site_name":"Pol\u00edcia Militar da Para\u00edba","article_published_time":"2021-08-09T15:34:33+00:00","article_modified_time":"2021-08-09T15:34:35+00:00","og_image":[{"width":1600,"height":720,"url":"https:\/\/www.pm.pb.gov.br\/portal\/wp-content\/uploads\/2021\/08\/aaced6a9-c37a-4213-9e2b-d34cc796f9c3.jpg","type":"image\/jpeg"}],"author":"Assessoria de Imprensa da PMPB","twitter_card":"summary_large_image","twitter_misc":{"Escrito por":"Assessoria de Imprensa da PMPB","Est. tempo de leitura":"1 minuto"},"schema":{"@context":"https:\/\/schema.org","@graph":[{"@type":"Article","@id":"https:\/\/www.pm.pb.gov.br\/portal\/2021\/08\/09\/fim-de-semana-tem-apreensao-de-mais-de-50-kg-de-drogas-19-armas-e-prisao-de-116-suspeitos-na-pb\/#article","isPartOf":{"@id":"https:\/\/www.pm.pb.gov.br\/portal\/2021\/08\/09\/fim-de-semana-tem-apreensao-de-mais-de-50-kg-de-drogas-19-armas-e-prisao-de-116-suspeitos-na-pb\/"},"author":{"name":"Assessoria de Imprensa da PMPB","@id":"https:\/\/www.pm.pb.gov.br\/portal\/#\/schema\/person\/e8454f46651c3ecf0e1ba3c1666d9947"},"headline":"Fim de semana tem apreens\u00e3o de mais de 50 kg de drogas, 19 armas e pris\u00e3o de 116 suspeitos na PB","datePublished":"2021-08-09T15:34:33+00:00","dateModified":"2021-08-09T15:34:35+00:00","mainEntityOfPage":{"@id":"https:\/\/www.pm.pb.gov.br\/portal\/2021\/08\/09\/fim-de-semana-tem-apreensao-de-mais-de-50-kg-de-drogas-19-armas-e-prisao-de-116-suspeitos-na-pb\/"},"wordCount":155,"publisher":{"@id":"https:\/\/www.pm.pb.gov.br\/portal\/#organization"},"articleSection":["A\u00e7\u00f5es Policiais"],"inLanguage":"pt-BR"},{"@type":"WebPage","@id":"https:\/\/www.pm.pb.gov.br\/portal\/2021\/08\/09\/fim-de-semana-tem-apreensao-de-mais-de-50-kg-de-drogas-19-armas-e-prisao-de-116-suspeitos-na-pb\/","url":"https:\/\/www.pm.pb.gov.br\/portal\/2021\/08\/09\/fim-de-semana-tem-apreensao-de-mais-de-50-kg-de-drogas-19-armas-e-prisao-de-116-suspeitos-na-pb\/","name":"Fim de semana tem apreens\u00e3o de mais de 50 kg de drogas, 19 armas e pris\u00e3o de 116 suspeitos na PB - Pol\u00edcia Militar da Para\u00edba","isPartOf":{"@id":"https:\/\/www.pm.pb.gov.br\/portal\/#website"},"datePublished":"2021-08-09T15:34:33+00:00","dateModified":"2021-08-09T15:34:35+00:00","breadcrumb":{"@id":"https:\/\/www.pm.pb.gov.br\/portal\/2021\/08\/09\/fim-de-semana-tem-apreensao-de-mais-de-50-kg-de-drogas-19-armas-e-prisao-de-116-suspeitos-na-pb\/#breadcrumb"},"inLanguage":"pt-BR","potentialAction":[{"@type":"ReadAction","target":["https:\/\/www.pm.pb.gov.br\/portal\/2021\/08\/09\/fim-de-semana-tem-apreensao-de-mais-de-50-kg-de-drogas-19-armas-e-prisao-de-116-suspeitos-na-pb\/"]}]},{"@type":"BreadcrumbList","@id":"https:\/\/www.pm.pb.gov.br\/portal\/2021\/08\/09\/fim-de-semana-tem-apreensao-de-mais-de-50-kg-de-drogas-19-armas-e-prisao-de-116-suspeitos-na-pb\/#breadcrumb","itemListElement":[{"@type":"ListItem","position":1,"name":"In\u00edcio","item":"https:\/\/www.pm.pb.gov.br\/portal\/"},{"@type":"ListItem","position":2,"name":"Fim de semana tem apreens\u00e3o de mais de 50 kg de drogas, 19 armas e pris\u00e3o de 116 suspeitos na PB"}]},{"@type":"WebSite","@id":"https:\/\/www.pm.pb.gov.br\/portal\/#website","url":"https:\/\/www.pm.pb.gov.br\/portal\/","name":"Pol\u00edcia Militar da Para\u00edba","description":"","publisher":{"@id":"https:\/\/www.pm.pb.gov.br\/portal\/#organization"},"potentialAction":[{"@type":"SearchAction","target":{"@type":"EntryPoint","urlTemplate":"https:\/\/www.pm.pb.gov.br\/portal\/?s={search_term_string}"},"query-input":"required name=search_term_string"}],"inLanguage":"pt-BR"},{"@type":"Organization","@id":"https:\/\/www.pm.pb.gov.br\/portal\/#organization","name":"Pol\u00edcia Militar da Para\u00edba","url":"https:\/\/www.pm.pb.gov.br\/portal\/","logo":{"@type":"ImageObject","inLanguage":"pt-BR","@id":"https:\/\/www.pm.pb.gov.br\/portal\/#\/schema\/logo\/image\/","url":"https:\/\/www.pm.pb.gov.br\/portal\/wp-content\/uploads\/2025\/03\/cropped-logo-site-mag2-1.png","contentUrl":"https:\/\/www.pm.pb.gov.br\/portal\/wp-content\/uploads\/2025\/03\/cropped-logo-site-mag2-1.png","width":320,"height":90,"caption":"Pol\u00edcia Militar da Para\u00edba"},"image":{"@id":"https:\/\/www.pm.pb.gov.br\/portal\/#\/schema\/logo\/image\/"}},{"@type":"Person","@id":"https:\/\/www.pm.pb.gov.br\/portal\/#\/schema\/person\/e8454f46651c3ecf0e1ba3c1666d9947","name":"Assessoria de Imprensa da PMPB","image":{"@type":"ImageObject","inLanguage":"pt-BR","@id":"https:\/\/www.pm.pb.gov.br\/portal\/#\/schema\/person\/image\/","url":"https:\/\/secure.gravatar.com\/avatar\/2efe197438265d1e90bd98c4c8e1acf8?s=96&d=mm&r=g","contentUrl":"https:\/\/secure.gravatar.com\/avatar\/2efe197438265d1e90bd98c4c8e1acf8?s=96&d=mm&r=g","caption":"Assessoria de Imprensa da PMPB"},"url":"https:\/\/www.pm.pb.gov.br\/portal\/author\/assessoria\/"}]}},"_links":{"self":[{"href":"https:\/\/www.pm.pb.gov.br\/portal\/wp-json\/wp\/v2\/posts\/912244"}],"collection":[{"href":"https:\/\/www.pm.pb.gov.br\/portal\/wp-json\/wp\/v2\/posts"}],"about":[{"href":"https:\/\/www.pm.pb.gov.br\/portal\/wp-json\/wp\/v2\/types\/post"}],"author":[{"embeddable":true,"href":"https:\/\/www.pm.pb.gov.br\/portal\/wp-json\/wp\/v2\/users\/5"}],"replies":[{"embeddable":true,"href":"https:\/\/www.pm.pb.gov.br\/portal\/wp-json\/wp\/v2\/comments?post=912244"}],"version-history":[{"count":2,"href":"https:\/\/www.pm.pb.gov.br\/portal\/wp-json\/wp\/v2\/posts\/912244\/revisions"}],"predecessor-version":[{"id":912250,"href":"https:\/\/www.pm.pb.gov.br\/portal\/wp-json\/wp\/v2\/posts\/912244\/revisions\/912250"}],"wp:featuredmedia":[{"embeddable":true,"href":"https:\/\/www.pm.pb.gov.br\/portal\/wp-json\/wp\/v2\/media\/912249"}],"wp:attachment":[{"href":"https:\/\/www.pm.pb.gov.br\/portal\/wp-json\/wp\/v2\/media?parent=912244"}],"wp:term":[{"taxonomy":"category","embeddable":true,"href":"https:\/\/www.pm.pb.gov.br\/portal\/wp-json\/wp\/v2\/categories?post=912244"},{"taxonomy":"post_tag","embeddable":true,"href":"https:\/\/www.pm.pb.gov.br\/portal\/wp-json\/wp\/v2\/tags?post=912244"}],"curies":[{"name":"wp","href":"https:\/\/api.w.org\/{rel}","templated":true}]}}