{"id":912142,"date":"2021-08-03T16:47:47","date_gmt":"2021-08-03T19:47:47","guid":{"rendered":"https:\/\/www.pm.pb.gov.br\/portal\/?p=912142"},"modified":"2021-08-03T16:47:49","modified_gmt":"2021-08-03T19:47:49","slug":"governador-joao-azevedo-inaugura-sede-da-patrulha-maria-da-penha-em-campina-grande","status":"publish","type":"post","link":"https:\/\/www.pm.pb.gov.br\/portal\/2021\/08\/03\/governador-joao-azevedo-inaugura-sede-da-patrulha-maria-da-penha-em-campina-grande\/","title":{"rendered":"Governador Jo\u00e3o Azev\u00eado inaugura sede da Patrulha Maria da Penha em Campina Grande"},"content":{"rendered":"\n<p>O governador Jo\u00e3o Azev\u00eado inaugura, nesta sexta-feira (6)<strong>,\u00a0<\/strong>a sede do Programa Integrado Patrulha Maria da Penha (PIPM) em Campina Grande e amplia o atendimento de mulheres\u00a0\u00a0em situa\u00e7\u00e3o de viol\u00eancia dom\u00e9stica e familiar para mais 34 cidades. O servi\u00e7o atende mulheres\u00a0com medidas protetivas de urg\u00eancia deferidas ousolicitadas \u00e0 Justi\u00e7a e j\u00e1 funciona em\u00a026 cidades do Estado, incluindo a Regi\u00e3o Metropolitana de Jo\u00e3o Pessoa. Agora, com a expans\u00e3o, o programa passa para 60 cidades atendidas.<br \/>\u00a0<br \/>O PIMP foi institu\u00eddo por meio do Decreto n\u00b0 39.343, de 08 de agosto de 2019, a partir de um Termo de Coopera\u00e7\u00e3o T\u00e9cnica entre o Tribunal de Justi\u00e7a e o Governo do Estado. As a\u00e7\u00f5es em conjunto s\u00e3o desenvolvidas pela Secretaria da Mulher e da Diversidade Humana em parceria com a Secretaria de Seguran\u00e7a e Defesa Social (Sesds), por meio da Pol\u00edcia Militar, Pol\u00edcia Civil, Coordena\u00e7\u00e3o das Delegacias Especializadas de Mulheres e o Tribunal de Justi\u00e7a da Para\u00edba (TJ-PB).\u00a0<br \/>\u00a0<br \/>Segundo a secret\u00e1ria da Mulher e da Diversidade Humana, Lidia Moura, a expans\u00e3o do servi\u00e7o para mais 34 cidades e a sede em Campina Grande significa o cumprimento do compromisso da gest\u00e3o com a prote\u00e7\u00e3o da vida das mulheres. \u201cNestes 15 anos da Lei Maria Penha sabemos que o trabalho de enfrentamento da viol\u00eancia contra mulheres perpassa por uma quest\u00e3o de educa\u00e7\u00e3o, preven\u00e7\u00e3o e puni\u00e7\u00e3o dos agressores. S\u00e3o a\u00e7\u00f5es integradas que podem mudar a realidade, que demonstra um passado de mortes de mulheres e silenciamentos\u201d, afirma.\u00a0<br \/>\u00a0<br \/><strong>Acolhimento e monitoramento &#8211;\u00a0<\/strong>O programa\u00a0acolhe e monitora mulheres em situa\u00e7\u00e3o de viol\u00eancia dom\u00e9stica e familiar que solicitaram e\/ou j\u00e1 estejam com o deferimento das Medidas Protetivas de Urg\u00eancia (MPUs), com intuito de salvaguardar a vida e a garantia de seus direitos humanos. Funciona, diariamente, em regime de plant\u00e3o, com efetivo da Pol\u00edcia Militar e um corpo t\u00e9cnico de advogadas, assistentes sociais e psic\u00f3logas da Secretaria de Estado da Mulher e da Diversidade Humana.\u00a0\u00a0A equipe integrada faz o atendimento multiprofissional, visitas peri\u00f3dicas e rotas de monitoramento por parte da Pol\u00edcia Militar, dentro de um per\u00edmetro arbitrado pela Justi\u00e7a.\u00a0<br \/>\u00a0<br \/>\u201cJ\u00e1 estamos trabalhando com a continuidade da expans\u00e3o do Programa Integrado Patrulha Maria da Penha para as regi\u00f5es do Brejo, Cariri, Curimata\u00fa e Sert\u00e3o. Ainda este ano est\u00e1 no planejamento as regi\u00f5es do Brejo e Cariri\u201d, disse L\u00eddia Moura.\u00a0<br \/>\u00a0<br \/><strong>Cidades atendidas<\/strong><br \/>\u00a0<br \/>SEDE MATRIZ JO\u00c3O PESSOA: 26 (vinte e seis) munic\u00edpios sendo: Jo\u00e3o Pessoa, Cabedelo, Bayeux, Santa Rita, Mamanguape, Cruz do Esp\u00edrito Santo, Lucena, Mari, Riach\u00e3o do Po\u00e7o, Sap\u00e9, Sobrado, Alhandra, Pedras de Fogo, Caapor\u00e3, Pitimbu, Conde, Itapororoca, Mataraca, Jacara\u00fa, Lagoa de Dentro, Pedro R\u00e9gis, Curral de Cima, Capim, Cuit\u00e9 de Mamanguape, Rio Tinto e Ba\u00eda da Trai\u00e7\u00e3o.<br \/>\u00a0<br \/>N\u00daCLEO 1 &#8211; CAMPINA GRANDE: 34 (trinta e quatro) cidades: Alagoa Nova, Areia, Aroeira, Alcantil, Barra de S\u00e3o Miguel, Boqueir\u00e3o, Barra de Santana, Boa Vista, Campina Grande, Cabaceiras, Fagundes, Gado Bravo, Ten\u00f3rio, Juazeirinho, Santo Andr\u00e9, Soledade, Olivedos, Pocinhos, Algod\u00e3o Janda\u00edra, Rem\u00edgio, Esperan\u00e7a, Areial, Montadas, Lagoa Seca, Massaranduba, Puxinan\u00e3, S\u00e3o Sebasti\u00e3o de Lagoa de Ro\u00e7a, Matinhas, S\u00e3o Domingos do Cariri, Riach\u00e3o de Santo Ant\u00f4nio, Santa Cec\u00edlia, Umbuzeiro, Natuba, Queimadas.<\/p>\n","protected":false},"excerpt":{"rendered":"<p>O governador Jo\u00e3o Azev\u00eado inaugura, nesta sexta-feira (6),\u00a0a sede do Programa Integrado Patrulha Maria da Penha (PIPM) em Campina Grande<\/p>\n","protected":false},"author":12,"featured_media":912143,"comment_status":"closed","ping_status":"closed","sticky":false,"template":"","format":"standard","meta":{"_exactmetrics_skip_tracking":false,"_exactmetrics_sitenote_active":false,"_exactmetrics_sitenote_note":"","_exactmetrics_sitenote_category":0,"footnotes":""},"categories":[4],"tags":[],"yoast_head":"<!-- This site is optimized with the Yoast SEO plugin v22.0 - https:\/\/yoast.com\/wordpress\/plugins\/seo\/ -->\n<title>Governador Jo\u00e3o Azev\u00eado inaugura sede da Patrulha Maria da Penha em Campina Grande - Pol\u00edcia Militar da Para\u00edba<\/title>\n<meta name=\"robots\" content=\"index, follow, max-snippet:-1, max-image-preview:large, max-video-preview:-1\" \/>\n<link rel=\"canonical\" href=\"https:\/\/www.pm.pb.gov.br\/portal\/2021\/08\/03\/governador-joao-azevedo-inaugura-sede-da-patrulha-maria-da-penha-em-campina-grande\/\" \/>\n<meta property=\"og:locale\" content=\"pt_BR\" \/>\n<meta property=\"og:type\" content=\"article\" \/>\n<meta property=\"og:title\" content=\"Governador Jo\u00e3o Azev\u00eado inaugura sede da Patrulha Maria da Penha em Campina Grande - Pol\u00edcia Militar da Para\u00edba\" \/>\n<meta property=\"og:description\" content=\"O governador Jo\u00e3o Azev\u00eado inaugura, nesta sexta-feira (6),\u00a0a sede do Programa Integrado Patrulha Maria da Penha (PIPM) em Campina Grande\" \/>\n<meta property=\"og:url\" content=\"https:\/\/www.pm.pb.gov.br\/portal\/2021\/08\/03\/governador-joao-azevedo-inaugura-sede-da-patrulha-maria-da-penha-em-campina-grande\/\" \/>\n<meta property=\"og:site_name\" content=\"Pol\u00edcia Militar da Para\u00edba\" \/>\n<meta property=\"article:published_time\" content=\"2021-08-03T19:47:47+00:00\" \/>\n<meta property=\"article:modified_time\" content=\"2021-08-03T19:47:49+00:00\" \/>\n<meta property=\"og:image\" content=\"https:\/\/www.pm.pb.gov.br\/portal\/wp-content\/uploads\/2021\/08\/PMP.jpg\" \/>\n\t<meta property=\"og:image:width\" content=\"800\" \/>\n\t<meta property=\"og:image:height\" content=\"445\" \/>\n\t<meta property=\"og:image:type\" content=\"image\/jpeg\" \/>\n<meta name=\"author\" content=\"Tarcisio Oliveira\" \/>\n<meta name=\"twitter:card\" content=\"summary_large_image\" \/>\n<meta name=\"twitter:label1\" content=\"Escrito por\" \/>\n\t<meta name=\"twitter:data1\" content=\"Tarcisio Oliveira\" \/>\n\t<meta name=\"twitter:label2\" content=\"Est. tempo de leitura\" \/>\n\t<meta name=\"twitter:data2\" content=\"3 minutos\" \/>\n<script type=\"application\/ld+json\" class=\"yoast-schema-graph\">{\"@context\":\"https:\/\/schema.org\",\"@graph\":[{\"@type\":\"Article\",\"@id\":\"https:\/\/www.pm.pb.gov.br\/portal\/2021\/08\/03\/governador-joao-azevedo-inaugura-sede-da-patrulha-maria-da-penha-em-campina-grande\/#article\",\"isPartOf\":{\"@id\":\"https:\/\/www.pm.pb.gov.br\/portal\/2021\/08\/03\/governador-joao-azevedo-inaugura-sede-da-patrulha-maria-da-penha-em-campina-grande\/\"},\"author\":{\"name\":\"Tarcisio Oliveira\",\"@id\":\"https:\/\/www.pm.pb.gov.br\/portal\/#\/schema\/person\/f84f56dcc78ce4357054da888b8247fd\"},\"headline\":\"Governador Jo\u00e3o Azev\u00eado inaugura sede da Patrulha Maria da Penha em Campina Grande\",\"datePublished\":\"2021-08-03T19:47:47+00:00\",\"dateModified\":\"2021-08-03T19:47:49+00:00\",\"mainEntityOfPage\":{\"@id\":\"https:\/\/www.pm.pb.gov.br\/portal\/2021\/08\/03\/governador-joao-azevedo-inaugura-sede-da-patrulha-maria-da-penha-em-campina-grande\/\"},\"wordCount\":587,\"publisher\":{\"@id\":\"https:\/\/www.pm.pb.gov.br\/portal\/#organization\"},\"articleSection\":[\"A\u00e7\u00f5es Policiais\"],\"inLanguage\":\"pt-BR\"},{\"@type\":\"WebPage\",\"@id\":\"https:\/\/www.pm.pb.gov.br\/portal\/2021\/08\/03\/governador-joao-azevedo-inaugura-sede-da-patrulha-maria-da-penha-em-campina-grande\/\",\"url\":\"https:\/\/www.pm.pb.gov.br\/portal\/2021\/08\/03\/governador-joao-azevedo-inaugura-sede-da-patrulha-maria-da-penha-em-campina-grande\/\",\"name\":\"Governador Jo\u00e3o Azev\u00eado inaugura sede da Patrulha Maria da Penha em Campina Grande - Pol\u00edcia Militar da Para\u00edba\",\"isPartOf\":{\"@id\":\"https:\/\/www.pm.pb.gov.br\/portal\/#website\"},\"datePublished\":\"2021-08-03T19:47:47+00:00\",\"dateModified\":\"2021-08-03T19:47:49+00:00\",\"breadcrumb\":{\"@id\":\"https:\/\/www.pm.pb.gov.br\/portal\/2021\/08\/03\/governador-joao-azevedo-inaugura-sede-da-patrulha-maria-da-penha-em-campina-grande\/#breadcrumb\"},\"inLanguage\":\"pt-BR\",\"potentialAction\":[{\"@type\":\"ReadAction\",\"target\":[\"https:\/\/www.pm.pb.gov.br\/portal\/2021\/08\/03\/governador-joao-azevedo-inaugura-sede-da-patrulha-maria-da-penha-em-campina-grande\/\"]}]},{\"@type\":\"BreadcrumbList\",\"@id\":\"https:\/\/www.pm.pb.gov.br\/portal\/2021\/08\/03\/governador-joao-azevedo-inaugura-sede-da-patrulha-maria-da-penha-em-campina-grande\/#breadcrumb\",\"itemListElement\":[{\"@type\":\"ListItem\",\"position\":1,\"name\":\"In\u00edcio\",\"item\":\"https:\/\/www.pm.pb.gov.br\/portal\/\"},{\"@type\":\"ListItem\",\"position\":2,\"name\":\"Governador Jo\u00e3o Azev\u00eado inaugura sede da Patrulha Maria da Penha em Campina Grande\"}]},{\"@type\":\"WebSite\",\"@id\":\"https:\/\/www.pm.pb.gov.br\/portal\/#website\",\"url\":\"https:\/\/www.pm.pb.gov.br\/portal\/\",\"name\":\"Pol\u00edcia Militar da Para\u00edba\",\"description\":\"\",\"publisher\":{\"@id\":\"https:\/\/www.pm.pb.gov.br\/portal\/#organization\"},\"potentialAction\":[{\"@type\":\"SearchAction\",\"target\":{\"@type\":\"EntryPoint\",\"urlTemplate\":\"https:\/\/www.pm.pb.gov.br\/portal\/?s={search_term_string}\"},\"query-input\":\"required name=search_term_string\"}],\"inLanguage\":\"pt-BR\"},{\"@type\":\"Organization\",\"@id\":\"https:\/\/www.pm.pb.gov.br\/portal\/#organization\",\"name\":\"Pol\u00edcia Militar da Para\u00edba\",\"url\":\"https:\/\/www.pm.pb.gov.br\/portal\/\",\"logo\":{\"@type\":\"ImageObject\",\"inLanguage\":\"pt-BR\",\"@id\":\"https:\/\/www.pm.pb.gov.br\/portal\/#\/schema\/logo\/image\/\",\"url\":\"https:\/\/www.pm.pb.gov.br\/portal\/wp-content\/uploads\/2025\/03\/cropped-logo-site-mag2-1.png\",\"contentUrl\":\"https:\/\/www.pm.pb.gov.br\/portal\/wp-content\/uploads\/2025\/03\/cropped-logo-site-mag2-1.png\",\"width\":320,\"height\":90,\"caption\":\"Pol\u00edcia Militar da Para\u00edba\"},\"image\":{\"@id\":\"https:\/\/www.pm.pb.gov.br\/portal\/#\/schema\/logo\/image\/\"}},{\"@type\":\"Person\",\"@id\":\"https:\/\/www.pm.pb.gov.br\/portal\/#\/schema\/person\/f84f56dcc78ce4357054da888b8247fd\",\"name\":\"Tarcisio Oliveira\",\"image\":{\"@type\":\"ImageObject\",\"inLanguage\":\"pt-BR\",\"@id\":\"https:\/\/www.pm.pb.gov.br\/portal\/#\/schema\/person\/image\/\",\"url\":\"https:\/\/secure.gravatar.com\/avatar\/72917b630b69d31cd0297507f34bac97?s=96&d=mm&r=g\",\"contentUrl\":\"https:\/\/secure.gravatar.com\/avatar\/72917b630b69d31cd0297507f34bac97?s=96&d=mm&r=g\",\"caption\":\"Tarcisio Oliveira\"},\"url\":\"https:\/\/www.pm.pb.gov.br\/portal\/author\/tarcisio\/\"}]}<\/script>\n<!-- \/ Yoast SEO plugin. -->","yoast_head_json":{"title":"Governador Jo\u00e3o Azev\u00eado inaugura sede da Patrulha Maria da Penha em Campina Grande - Pol\u00edcia Militar da Para\u00edba","robots":{"index":"index","follow":"follow","max-snippet":"max-snippet:-1","max-image-preview":"max-image-preview:large","max-video-preview":"max-video-preview:-1"},"canonical":"https:\/\/www.pm.pb.gov.br\/portal\/2021\/08\/03\/governador-joao-azevedo-inaugura-sede-da-patrulha-maria-da-penha-em-campina-grande\/","og_locale":"pt_BR","og_type":"article","og_title":"Governador Jo\u00e3o Azev\u00eado inaugura sede da Patrulha Maria da Penha em Campina Grande - Pol\u00edcia Militar da Para\u00edba","og_description":"O governador Jo\u00e3o Azev\u00eado inaugura, nesta sexta-feira (6),\u00a0a sede do Programa Integrado Patrulha Maria da Penha (PIPM) em Campina Grande","og_url":"https:\/\/www.pm.pb.gov.br\/portal\/2021\/08\/03\/governador-joao-azevedo-inaugura-sede-da-patrulha-maria-da-penha-em-campina-grande\/","og_site_name":"Pol\u00edcia Militar da Para\u00edba","article_published_time":"2021-08-03T19:47:47+00:00","article_modified_time":"2021-08-03T19:47:49+00:00","og_image":[{"width":800,"height":445,"url":"https:\/\/www.pm.pb.gov.br\/portal\/wp-content\/uploads\/2021\/08\/PMP.jpg","type":"image\/jpeg"}],"author":"Tarcisio Oliveira","twitter_card":"summary_large_image","twitter_misc":{"Escrito por":"Tarcisio Oliveira","Est. tempo de leitura":"3 minutos"},"schema":{"@context":"https:\/\/schema.org","@graph":[{"@type":"Article","@id":"https:\/\/www.pm.pb.gov.br\/portal\/2021\/08\/03\/governador-joao-azevedo-inaugura-sede-da-patrulha-maria-da-penha-em-campina-grande\/#article","isPartOf":{"@id":"https:\/\/www.pm.pb.gov.br\/portal\/2021\/08\/03\/governador-joao-azevedo-inaugura-sede-da-patrulha-maria-da-penha-em-campina-grande\/"},"author":{"name":"Tarcisio Oliveira","@id":"https:\/\/www.pm.pb.gov.br\/portal\/#\/schema\/person\/f84f56dcc78ce4357054da888b8247fd"},"headline":"Governador Jo\u00e3o Azev\u00eado inaugura sede da Patrulha Maria da Penha em Campina Grande","datePublished":"2021-08-03T19:47:47+00:00","dateModified":"2021-08-03T19:47:49+00:00","mainEntityOfPage":{"@id":"https:\/\/www.pm.pb.gov.br\/portal\/2021\/08\/03\/governador-joao-azevedo-inaugura-sede-da-patrulha-maria-da-penha-em-campina-grande\/"},"wordCount":587,"publisher":{"@id":"https:\/\/www.pm.pb.gov.br\/portal\/#organization"},"articleSection":["A\u00e7\u00f5es Policiais"],"inLanguage":"pt-BR"},{"@type":"WebPage","@id":"https:\/\/www.pm.pb.gov.br\/portal\/2021\/08\/03\/governador-joao-azevedo-inaugura-sede-da-patrulha-maria-da-penha-em-campina-grande\/","url":"https:\/\/www.pm.pb.gov.br\/portal\/2021\/08\/03\/governador-joao-azevedo-inaugura-sede-da-patrulha-maria-da-penha-em-campina-grande\/","name":"Governador Jo\u00e3o Azev\u00eado inaugura sede da Patrulha Maria da Penha em Campina Grande - Pol\u00edcia Militar da Para\u00edba","isPartOf":{"@id":"https:\/\/www.pm.pb.gov.br\/portal\/#website"},"datePublished":"2021-08-03T19:47:47+00:00","dateModified":"2021-08-03T19:47:49+00:00","breadcrumb":{"@id":"https:\/\/www.pm.pb.gov.br\/portal\/2021\/08\/03\/governador-joao-azevedo-inaugura-sede-da-patrulha-maria-da-penha-em-campina-grande\/#breadcrumb"},"inLanguage":"pt-BR","potentialAction":[{"@type":"ReadAction","target":["https:\/\/www.pm.pb.gov.br\/portal\/2021\/08\/03\/governador-joao-azevedo-inaugura-sede-da-patrulha-maria-da-penha-em-campina-grande\/"]}]},{"@type":"BreadcrumbList","@id":"https:\/\/www.pm.pb.gov.br\/portal\/2021\/08\/03\/governador-joao-azevedo-inaugura-sede-da-patrulha-maria-da-penha-em-campina-grande\/#breadcrumb","itemListElement":[{"@type":"ListItem","position":1,"name":"In\u00edcio","item":"https:\/\/www.pm.pb.gov.br\/portal\/"},{"@type":"ListItem","position":2,"name":"Governador Jo\u00e3o Azev\u00eado inaugura sede da Patrulha Maria da Penha em Campina Grande"}]},{"@type":"WebSite","@id":"https:\/\/www.pm.pb.gov.br\/portal\/#website","url":"https:\/\/www.pm.pb.gov.br\/portal\/","name":"Pol\u00edcia Militar da Para\u00edba","description":"","publisher":{"@id":"https:\/\/www.pm.pb.gov.br\/portal\/#organization"},"potentialAction":[{"@type":"SearchAction","target":{"@type":"EntryPoint","urlTemplate":"https:\/\/www.pm.pb.gov.br\/portal\/?s={search_term_string}"},"query-input":"required name=search_term_string"}],"inLanguage":"pt-BR"},{"@type":"Organization","@id":"https:\/\/www.pm.pb.gov.br\/portal\/#organization","name":"Pol\u00edcia Militar da Para\u00edba","url":"https:\/\/www.pm.pb.gov.br\/portal\/","logo":{"@type":"ImageObject","inLanguage":"pt-BR","@id":"https:\/\/www.pm.pb.gov.br\/portal\/#\/schema\/logo\/image\/","url":"https:\/\/www.pm.pb.gov.br\/portal\/wp-content\/uploads\/2025\/03\/cropped-logo-site-mag2-1.png","contentUrl":"https:\/\/www.pm.pb.gov.br\/portal\/wp-content\/uploads\/2025\/03\/cropped-logo-site-mag2-1.png","width":320,"height":90,"caption":"Pol\u00edcia Militar da Para\u00edba"},"image":{"@id":"https:\/\/www.pm.pb.gov.br\/portal\/#\/schema\/logo\/image\/"}},{"@type":"Person","@id":"https:\/\/www.pm.pb.gov.br\/portal\/#\/schema\/person\/f84f56dcc78ce4357054da888b8247fd","name":"Tarcisio Oliveira","image":{"@type":"ImageObject","inLanguage":"pt-BR","@id":"https:\/\/www.pm.pb.gov.br\/portal\/#\/schema\/person\/image\/","url":"https:\/\/secure.gravatar.com\/avatar\/72917b630b69d31cd0297507f34bac97?s=96&d=mm&r=g","contentUrl":"https:\/\/secure.gravatar.com\/avatar\/72917b630b69d31cd0297507f34bac97?s=96&d=mm&r=g","caption":"Tarcisio Oliveira"},"url":"https:\/\/www.pm.pb.gov.br\/portal\/author\/tarcisio\/"}]}},"_links":{"self":[{"href":"https:\/\/www.pm.pb.gov.br\/portal\/wp-json\/wp\/v2\/posts\/912142"}],"collection":[{"href":"https:\/\/www.pm.pb.gov.br\/portal\/wp-json\/wp\/v2\/posts"}],"about":[{"href":"https:\/\/www.pm.pb.gov.br\/portal\/wp-json\/wp\/v2\/types\/post"}],"author":[{"embeddable":true,"href":"https:\/\/www.pm.pb.gov.br\/portal\/wp-json\/wp\/v2\/users\/12"}],"replies":[{"embeddable":true,"href":"https:\/\/www.pm.pb.gov.br\/portal\/wp-json\/wp\/v2\/comments?post=912142"}],"version-history":[{"count":1,"href":"https:\/\/www.pm.pb.gov.br\/portal\/wp-json\/wp\/v2\/posts\/912142\/revisions"}],"predecessor-version":[{"id":912144,"href":"https:\/\/www.pm.pb.gov.br\/portal\/wp-json\/wp\/v2\/posts\/912142\/revisions\/912144"}],"wp:featuredmedia":[{"embeddable":true,"href":"https:\/\/www.pm.pb.gov.br\/portal\/wp-json\/wp\/v2\/media\/912143"}],"wp:attachment":[{"href":"https:\/\/www.pm.pb.gov.br\/portal\/wp-json\/wp\/v2\/media?parent=912142"}],"wp:term":[{"taxonomy":"category","embeddable":true,"href":"https:\/\/www.pm.pb.gov.br\/portal\/wp-json\/wp\/v2\/categories?post=912142"},{"taxonomy":"post_tag","embeddable":true,"href":"https:\/\/www.pm.pb.gov.br\/portal\/wp-json\/wp\/v2\/tags?post=912142"}],"curies":[{"name":"wp","href":"https:\/\/api.w.org\/{rel}","templated":true}]}}