{"id":912104,"date":"2021-08-02T09:11:42","date_gmt":"2021-08-02T12:11:42","guid":{"rendered":"https:\/\/www.pm.pb.gov.br\/portal\/?p=912104"},"modified":"2021-09-16T15:09:20","modified_gmt":"2021-09-16T18:09:20","slug":"inscricoes-para-o-cfo-da-policia-militar-comecam-nesta-segunda-feira","status":"publish","type":"post","link":"https:\/\/www.pm.pb.gov.br\/portal\/2021\/08\/02\/inscricoes-para-o-cfo-da-policia-militar-comecam-nesta-segunda-feira\/","title":{"rendered":"Inscri\u00e7\u00f5es para o CFO da Pol\u00edcia Militar come\u00e7am nesta segunda-feira"},"content":{"rendered":"\n<p>As inscri\u00e7\u00f5es para o Curso de Forma\u00e7\u00e3o de Oficiais da Pol\u00edcia Militar come\u00e7am \u00e0s 16h desta segunda-feira (2), no site da Funda\u00e7\u00e3o Get\u00falio Vargas (https:\/\/conhecimento.fgv.br\/concursos\/pmpb2021). O concurso oferece 30 vagas, sendo 25 para o masculino e 5 para o feminino. A remunera\u00e7\u00e3o inicial do quadro de oficiais \u00e9 de 7.791,20 reais. A prova est\u00e1 marcada para o dia 31 de outubro.<br><br>Os interessados devem acessar o site, preencher o requerimento de inscri\u00e7\u00e3o e envi\u00e1-lo. L\u00e1, ter\u00e1 a op\u00e7\u00e3o de \u201cemitir boleto\u201d, que dever\u00e1 ser impresso e pago exclusivamente no Banco do Brasil ou nos canais de recebimento disponibilizados por essa institui\u00e7\u00e3o banc\u00e1ria. A taxa cobrada \u00e9 de 100 reais. N\u00e3o ser\u00e3o aceitos pagamentos por meio de pix, transfer\u00eancia em conta corrente e nem dep\u00f3sito. O prazo final das inscri\u00e7\u00f5es \u00e9 no dia 30 de agosto e o boleto deve ser pago at\u00e9 o dia 31.<br><br><strong>Pedido de isen\u00e7\u00e3o \u2013<\/strong> O pedido de isen\u00e7\u00e3o da taxa de inscri\u00e7\u00e3o deve ser feito at\u00e9 16h da pr\u00f3xima quarta-feira (4), no momento da inscri\u00e7\u00e3o, no site da FGV. Podem pedir isen\u00e7\u00e3o doadores de sangue, de medula \u00f3ssea e de leite materno. As regras est\u00e3o no item 5 do edital do concurso, dispon\u00edvel no site da banca organizadora e tamb\u00e9m no da Pol\u00edcia Militar (https:\/\/www.pm.pb.gov.br\/portal\/informacoes\/concursos\/concursos-publicos\/).<br><br>O certame \u00e9 composto por cinco fases: prova intelectual, exame psicol\u00f3gico, avalia\u00e7\u00e3o de sa\u00fade, testes de aptid\u00e3o f\u00edsica e avalia\u00e7\u00e3o social. Os aprovados em todas as etapas, dentro do n\u00famero de vagas, ser\u00e3o imediatamente convocados para o curso de forma\u00e7\u00e3o, que tem 3 anos letivos de dura\u00e7\u00e3o.<br><br><strong>Requisitos &#8211; <\/strong>Ter curso superior, ter idade entre 18 e 32 anos (completar at\u00e9 31 de dezembro de 2022), ter altura m\u00ednima de 1,65 m no caso de candidatos do sexo masculino e 1,60 m no feminino, estar em dia com as obriga\u00e7\u00f5es militares e eleitorais, n\u00e3o ter antecedentes criminais ou policiais, entre outros. Para quem j\u00e1 \u00e9 policial militar da Para\u00edba, a idade m\u00e1xima para fazer o CFO \u00e9 de 40 anos e exige que esteja no comportamento \u201cBom\u201d e n\u00e3o esteja submetido a Conselho de Disciplina, Processo Administrativo Disciplinar ou em cumprimento de senten\u00e7a criminal.<\/p>\n","protected":false},"excerpt":{"rendered":"<p>As inscri\u00e7\u00f5es para o Curso de Forma\u00e7\u00e3o de Oficiais da Pol\u00edcia Militar come\u00e7am \u00e0s 16h desta segunda-feira (2), no site<\/p>\n","protected":false},"author":5,"featured_media":904013,"comment_status":"closed","ping_status":"closed","sticky":false,"template":"","format":"standard","meta":{"_exactmetrics_skip_tracking":false,"_exactmetrics_sitenote_active":false,"_exactmetrics_sitenote_note":"","_exactmetrics_sitenote_category":0,"footnotes":""},"categories":[6],"tags":[],"yoast_head":"<!-- This site is optimized with the Yoast SEO plugin v22.0 - https:\/\/yoast.com\/wordpress\/plugins\/seo\/ -->\n<title>Inscri\u00e7\u00f5es para o CFO da Pol\u00edcia Militar come\u00e7am nesta segunda-feira - Pol\u00edcia Militar da Para\u00edba<\/title>\n<meta name=\"robots\" content=\"index, follow, max-snippet:-1, max-image-preview:large, max-video-preview:-1\" \/>\n<link rel=\"canonical\" href=\"https:\/\/www.pm.pb.gov.br\/portal\/2021\/08\/02\/inscricoes-para-o-cfo-da-policia-militar-comecam-nesta-segunda-feira\/\" \/>\n<meta property=\"og:locale\" content=\"pt_BR\" \/>\n<meta property=\"og:type\" content=\"article\" \/>\n<meta property=\"og:title\" content=\"Inscri\u00e7\u00f5es para o CFO da Pol\u00edcia Militar come\u00e7am nesta segunda-feira - Pol\u00edcia Militar da Para\u00edba\" \/>\n<meta property=\"og:description\" content=\"As inscri\u00e7\u00f5es para o Curso de Forma\u00e7\u00e3o de Oficiais da Pol\u00edcia Militar come\u00e7am \u00e0s 16h desta segunda-feira (2), no site\" \/>\n<meta property=\"og:url\" content=\"https:\/\/www.pm.pb.gov.br\/portal\/2021\/08\/02\/inscricoes-para-o-cfo-da-policia-militar-comecam-nesta-segunda-feira\/\" \/>\n<meta property=\"og:site_name\" content=\"Pol\u00edcia Militar da Para\u00edba\" \/>\n<meta property=\"article:published_time\" content=\"2021-08-02T12:11:42+00:00\" \/>\n<meta property=\"article:modified_time\" content=\"2021-09-16T18:09:20+00:00\" \/>\n<meta property=\"og:image\" content=\"https:\/\/www.pm.pb.gov.br\/portal\/wp-content\/uploads\/2020\/03\/CFOilustrativa_foto_sd_Varela1.jpg\" \/>\n\t<meta property=\"og:image:width\" content=\"800\" \/>\n\t<meta property=\"og:image:height\" content=\"445\" \/>\n\t<meta property=\"og:image:type\" content=\"image\/jpeg\" \/>\n<meta name=\"author\" content=\"Assessoria de Imprensa da PMPB\" \/>\n<meta name=\"twitter:card\" content=\"summary_large_image\" \/>\n<meta name=\"twitter:label1\" content=\"Escrito por\" \/>\n\t<meta name=\"twitter:data1\" content=\"Assessoria de Imprensa da PMPB\" \/>\n\t<meta name=\"twitter:label2\" content=\"Est. tempo de leitura\" \/>\n\t<meta name=\"twitter:data2\" content=\"2 minutos\" \/>\n<script type=\"application\/ld+json\" class=\"yoast-schema-graph\">{\"@context\":\"https:\/\/schema.org\",\"@graph\":[{\"@type\":\"Article\",\"@id\":\"https:\/\/www.pm.pb.gov.br\/portal\/2021\/08\/02\/inscricoes-para-o-cfo-da-policia-militar-comecam-nesta-segunda-feira\/#article\",\"isPartOf\":{\"@id\":\"https:\/\/www.pm.pb.gov.br\/portal\/2021\/08\/02\/inscricoes-para-o-cfo-da-policia-militar-comecam-nesta-segunda-feira\/\"},\"author\":{\"name\":\"Assessoria de Imprensa da PMPB\",\"@id\":\"https:\/\/www.pm.pb.gov.br\/portal\/#\/schema\/person\/e8454f46651c3ecf0e1ba3c1666d9947\"},\"headline\":\"Inscri\u00e7\u00f5es para o CFO da Pol\u00edcia Militar come\u00e7am nesta segunda-feira\",\"datePublished\":\"2021-08-02T12:11:42+00:00\",\"dateModified\":\"2021-09-16T18:09:20+00:00\",\"mainEntityOfPage\":{\"@id\":\"https:\/\/www.pm.pb.gov.br\/portal\/2021\/08\/02\/inscricoes-para-o-cfo-da-policia-militar-comecam-nesta-segunda-feira\/\"},\"wordCount\":399,\"publisher\":{\"@id\":\"https:\/\/www.pm.pb.gov.br\/portal\/#organization\"},\"articleSection\":[\"Cursos\"],\"inLanguage\":\"pt-BR\"},{\"@type\":\"WebPage\",\"@id\":\"https:\/\/www.pm.pb.gov.br\/portal\/2021\/08\/02\/inscricoes-para-o-cfo-da-policia-militar-comecam-nesta-segunda-feira\/\",\"url\":\"https:\/\/www.pm.pb.gov.br\/portal\/2021\/08\/02\/inscricoes-para-o-cfo-da-policia-militar-comecam-nesta-segunda-feira\/\",\"name\":\"Inscri\u00e7\u00f5es para o CFO da Pol\u00edcia Militar come\u00e7am nesta segunda-feira - Pol\u00edcia Militar da Para\u00edba\",\"isPartOf\":{\"@id\":\"https:\/\/www.pm.pb.gov.br\/portal\/#website\"},\"datePublished\":\"2021-08-02T12:11:42+00:00\",\"dateModified\":\"2021-09-16T18:09:20+00:00\",\"breadcrumb\":{\"@id\":\"https:\/\/www.pm.pb.gov.br\/portal\/2021\/08\/02\/inscricoes-para-o-cfo-da-policia-militar-comecam-nesta-segunda-feira\/#breadcrumb\"},\"inLanguage\":\"pt-BR\",\"potentialAction\":[{\"@type\":\"ReadAction\",\"target\":[\"https:\/\/www.pm.pb.gov.br\/portal\/2021\/08\/02\/inscricoes-para-o-cfo-da-policia-militar-comecam-nesta-segunda-feira\/\"]}]},{\"@type\":\"BreadcrumbList\",\"@id\":\"https:\/\/www.pm.pb.gov.br\/portal\/2021\/08\/02\/inscricoes-para-o-cfo-da-policia-militar-comecam-nesta-segunda-feira\/#breadcrumb\",\"itemListElement\":[{\"@type\":\"ListItem\",\"position\":1,\"name\":\"In\u00edcio\",\"item\":\"https:\/\/www.pm.pb.gov.br\/portal\/\"},{\"@type\":\"ListItem\",\"position\":2,\"name\":\"Inscri\u00e7\u00f5es para o CFO da Pol\u00edcia Militar come\u00e7am nesta segunda-feira\"}]},{\"@type\":\"WebSite\",\"@id\":\"https:\/\/www.pm.pb.gov.br\/portal\/#website\",\"url\":\"https:\/\/www.pm.pb.gov.br\/portal\/\",\"name\":\"Pol\u00edcia Militar da Para\u00edba\",\"description\":\"\",\"publisher\":{\"@id\":\"https:\/\/www.pm.pb.gov.br\/portal\/#organization\"},\"potentialAction\":[{\"@type\":\"SearchAction\",\"target\":{\"@type\":\"EntryPoint\",\"urlTemplate\":\"https:\/\/www.pm.pb.gov.br\/portal\/?s={search_term_string}\"},\"query-input\":\"required name=search_term_string\"}],\"inLanguage\":\"pt-BR\"},{\"@type\":\"Organization\",\"@id\":\"https:\/\/www.pm.pb.gov.br\/portal\/#organization\",\"name\":\"Pol\u00edcia Militar da Para\u00edba\",\"url\":\"https:\/\/www.pm.pb.gov.br\/portal\/\",\"logo\":{\"@type\":\"ImageObject\",\"inLanguage\":\"pt-BR\",\"@id\":\"https:\/\/www.pm.pb.gov.br\/portal\/#\/schema\/logo\/image\/\",\"url\":\"https:\/\/www.pm.pb.gov.br\/portal\/wp-content\/uploads\/2025\/03\/cropped-logo-site-mag2-1.png\",\"contentUrl\":\"https:\/\/www.pm.pb.gov.br\/portal\/wp-content\/uploads\/2025\/03\/cropped-logo-site-mag2-1.png\",\"width\":320,\"height\":90,\"caption\":\"Pol\u00edcia Militar da Para\u00edba\"},\"image\":{\"@id\":\"https:\/\/www.pm.pb.gov.br\/portal\/#\/schema\/logo\/image\/\"}},{\"@type\":\"Person\",\"@id\":\"https:\/\/www.pm.pb.gov.br\/portal\/#\/schema\/person\/e8454f46651c3ecf0e1ba3c1666d9947\",\"name\":\"Assessoria de Imprensa da PMPB\",\"image\":{\"@type\":\"ImageObject\",\"inLanguage\":\"pt-BR\",\"@id\":\"https:\/\/www.pm.pb.gov.br\/portal\/#\/schema\/person\/image\/\",\"url\":\"https:\/\/secure.gravatar.com\/avatar\/2efe197438265d1e90bd98c4c8e1acf8?s=96&d=mm&r=g\",\"contentUrl\":\"https:\/\/secure.gravatar.com\/avatar\/2efe197438265d1e90bd98c4c8e1acf8?s=96&d=mm&r=g\",\"caption\":\"Assessoria de Imprensa da PMPB\"},\"url\":\"https:\/\/www.pm.pb.gov.br\/portal\/author\/assessoria\/\"}]}<\/script>\n<!-- \/ Yoast SEO plugin. -->","yoast_head_json":{"title":"Inscri\u00e7\u00f5es para o CFO da Pol\u00edcia Militar come\u00e7am nesta segunda-feira - Pol\u00edcia Militar da Para\u00edba","robots":{"index":"index","follow":"follow","max-snippet":"max-snippet:-1","max-image-preview":"max-image-preview:large","max-video-preview":"max-video-preview:-1"},"canonical":"https:\/\/www.pm.pb.gov.br\/portal\/2021\/08\/02\/inscricoes-para-o-cfo-da-policia-militar-comecam-nesta-segunda-feira\/","og_locale":"pt_BR","og_type":"article","og_title":"Inscri\u00e7\u00f5es para o CFO da Pol\u00edcia Militar come\u00e7am nesta segunda-feira - Pol\u00edcia Militar da Para\u00edba","og_description":"As inscri\u00e7\u00f5es para o Curso de Forma\u00e7\u00e3o de Oficiais da Pol\u00edcia Militar come\u00e7am \u00e0s 16h desta segunda-feira (2), no site","og_url":"https:\/\/www.pm.pb.gov.br\/portal\/2021\/08\/02\/inscricoes-para-o-cfo-da-policia-militar-comecam-nesta-segunda-feira\/","og_site_name":"Pol\u00edcia Militar da Para\u00edba","article_published_time":"2021-08-02T12:11:42+00:00","article_modified_time":"2021-09-16T18:09:20+00:00","og_image":[{"width":800,"height":445,"url":"https:\/\/www.pm.pb.gov.br\/portal\/wp-content\/uploads\/2020\/03\/CFOilustrativa_foto_sd_Varela1.jpg","type":"image\/jpeg"}],"author":"Assessoria de Imprensa da PMPB","twitter_card":"summary_large_image","twitter_misc":{"Escrito por":"Assessoria de Imprensa da PMPB","Est. tempo de leitura":"2 minutos"},"schema":{"@context":"https:\/\/schema.org","@graph":[{"@type":"Article","@id":"https:\/\/www.pm.pb.gov.br\/portal\/2021\/08\/02\/inscricoes-para-o-cfo-da-policia-militar-comecam-nesta-segunda-feira\/#article","isPartOf":{"@id":"https:\/\/www.pm.pb.gov.br\/portal\/2021\/08\/02\/inscricoes-para-o-cfo-da-policia-militar-comecam-nesta-segunda-feira\/"},"author":{"name":"Assessoria de Imprensa da PMPB","@id":"https:\/\/www.pm.pb.gov.br\/portal\/#\/schema\/person\/e8454f46651c3ecf0e1ba3c1666d9947"},"headline":"Inscri\u00e7\u00f5es para o CFO da Pol\u00edcia Militar come\u00e7am nesta segunda-feira","datePublished":"2021-08-02T12:11:42+00:00","dateModified":"2021-09-16T18:09:20+00:00","mainEntityOfPage":{"@id":"https:\/\/www.pm.pb.gov.br\/portal\/2021\/08\/02\/inscricoes-para-o-cfo-da-policia-militar-comecam-nesta-segunda-feira\/"},"wordCount":399,"publisher":{"@id":"https:\/\/www.pm.pb.gov.br\/portal\/#organization"},"articleSection":["Cursos"],"inLanguage":"pt-BR"},{"@type":"WebPage","@id":"https:\/\/www.pm.pb.gov.br\/portal\/2021\/08\/02\/inscricoes-para-o-cfo-da-policia-militar-comecam-nesta-segunda-feira\/","url":"https:\/\/www.pm.pb.gov.br\/portal\/2021\/08\/02\/inscricoes-para-o-cfo-da-policia-militar-comecam-nesta-segunda-feira\/","name":"Inscri\u00e7\u00f5es para o CFO da Pol\u00edcia Militar come\u00e7am nesta segunda-feira - Pol\u00edcia Militar da Para\u00edba","isPartOf":{"@id":"https:\/\/www.pm.pb.gov.br\/portal\/#website"},"datePublished":"2021-08-02T12:11:42+00:00","dateModified":"2021-09-16T18:09:20+00:00","breadcrumb":{"@id":"https:\/\/www.pm.pb.gov.br\/portal\/2021\/08\/02\/inscricoes-para-o-cfo-da-policia-militar-comecam-nesta-segunda-feira\/#breadcrumb"},"inLanguage":"pt-BR","potentialAction":[{"@type":"ReadAction","target":["https:\/\/www.pm.pb.gov.br\/portal\/2021\/08\/02\/inscricoes-para-o-cfo-da-policia-militar-comecam-nesta-segunda-feira\/"]}]},{"@type":"BreadcrumbList","@id":"https:\/\/www.pm.pb.gov.br\/portal\/2021\/08\/02\/inscricoes-para-o-cfo-da-policia-militar-comecam-nesta-segunda-feira\/#breadcrumb","itemListElement":[{"@type":"ListItem","position":1,"name":"In\u00edcio","item":"https:\/\/www.pm.pb.gov.br\/portal\/"},{"@type":"ListItem","position":2,"name":"Inscri\u00e7\u00f5es para o CFO da Pol\u00edcia Militar come\u00e7am nesta segunda-feira"}]},{"@type":"WebSite","@id":"https:\/\/www.pm.pb.gov.br\/portal\/#website","url":"https:\/\/www.pm.pb.gov.br\/portal\/","name":"Pol\u00edcia Militar da Para\u00edba","description":"","publisher":{"@id":"https:\/\/www.pm.pb.gov.br\/portal\/#organization"},"potentialAction":[{"@type":"SearchAction","target":{"@type":"EntryPoint","urlTemplate":"https:\/\/www.pm.pb.gov.br\/portal\/?s={search_term_string}"},"query-input":"required name=search_term_string"}],"inLanguage":"pt-BR"},{"@type":"Organization","@id":"https:\/\/www.pm.pb.gov.br\/portal\/#organization","name":"Pol\u00edcia Militar da Para\u00edba","url":"https:\/\/www.pm.pb.gov.br\/portal\/","logo":{"@type":"ImageObject","inLanguage":"pt-BR","@id":"https:\/\/www.pm.pb.gov.br\/portal\/#\/schema\/logo\/image\/","url":"https:\/\/www.pm.pb.gov.br\/portal\/wp-content\/uploads\/2025\/03\/cropped-logo-site-mag2-1.png","contentUrl":"https:\/\/www.pm.pb.gov.br\/portal\/wp-content\/uploads\/2025\/03\/cropped-logo-site-mag2-1.png","width":320,"height":90,"caption":"Pol\u00edcia Militar da Para\u00edba"},"image":{"@id":"https:\/\/www.pm.pb.gov.br\/portal\/#\/schema\/logo\/image\/"}},{"@type":"Person","@id":"https:\/\/www.pm.pb.gov.br\/portal\/#\/schema\/person\/e8454f46651c3ecf0e1ba3c1666d9947","name":"Assessoria de Imprensa da PMPB","image":{"@type":"ImageObject","inLanguage":"pt-BR","@id":"https:\/\/www.pm.pb.gov.br\/portal\/#\/schema\/person\/image\/","url":"https:\/\/secure.gravatar.com\/avatar\/2efe197438265d1e90bd98c4c8e1acf8?s=96&d=mm&r=g","contentUrl":"https:\/\/secure.gravatar.com\/avatar\/2efe197438265d1e90bd98c4c8e1acf8?s=96&d=mm&r=g","caption":"Assessoria de Imprensa da PMPB"},"url":"https:\/\/www.pm.pb.gov.br\/portal\/author\/assessoria\/"}]}},"_links":{"self":[{"href":"https:\/\/www.pm.pb.gov.br\/portal\/wp-json\/wp\/v2\/posts\/912104"}],"collection":[{"href":"https:\/\/www.pm.pb.gov.br\/portal\/wp-json\/wp\/v2\/posts"}],"about":[{"href":"https:\/\/www.pm.pb.gov.br\/portal\/wp-json\/wp\/v2\/types\/post"}],"author":[{"embeddable":true,"href":"https:\/\/www.pm.pb.gov.br\/portal\/wp-json\/wp\/v2\/users\/5"}],"replies":[{"embeddable":true,"href":"https:\/\/www.pm.pb.gov.br\/portal\/wp-json\/wp\/v2\/comments?post=912104"}],"version-history":[{"count":3,"href":"https:\/\/www.pm.pb.gov.br\/portal\/wp-json\/wp\/v2\/posts\/912104\/revisions"}],"predecessor-version":[{"id":912111,"href":"https:\/\/www.pm.pb.gov.br\/portal\/wp-json\/wp\/v2\/posts\/912104\/revisions\/912111"}],"wp:featuredmedia":[{"embeddable":true,"href":"https:\/\/www.pm.pb.gov.br\/portal\/wp-json\/wp\/v2\/media\/904013"}],"wp:attachment":[{"href":"https:\/\/www.pm.pb.gov.br\/portal\/wp-json\/wp\/v2\/media?parent=912104"}],"wp:term":[{"taxonomy":"category","embeddable":true,"href":"https:\/\/www.pm.pb.gov.br\/portal\/wp-json\/wp\/v2\/categories?post=912104"},{"taxonomy":"post_tag","embeddable":true,"href":"https:\/\/www.pm.pb.gov.br\/portal\/wp-json\/wp\/v2\/tags?post=912104"}],"curies":[{"name":"wp","href":"https:\/\/api.w.org\/{rel}","templated":true}]}}