{"id":912085,"date":"2021-08-02T09:08:38","date_gmt":"2021-08-02T12:08:38","guid":{"rendered":"https:\/\/www.pm.pb.gov.br\/portal\/?p=912085"},"modified":"2021-08-02T09:08:40","modified_gmt":"2021-08-02T12:08:40","slug":"policia-militar-intercepta-carro-com-quadrilha-que-estaria-planejando-arrombamentos-na-capital","status":"publish","type":"post","link":"https:\/\/www.pm.pb.gov.br\/portal\/2021\/08\/02\/policia-militar-intercepta-carro-com-quadrilha-que-estaria-planejando-arrombamentos-na-capital\/","title":{"rendered":"Pol\u00edcia Militar intercepta carro com quadrilha que estaria planejando arrombamentos na Capital"},"content":{"rendered":"\n<p>A Pol\u00edcia Militar interceptou um carro com uma quadrilha que estaria planejando praticar arrombamentos, na madrugada desta segunda-feira (2), em Jo\u00e3o Pessoa. O grupo foi surpreendido na Avenida Epit\u00e1cio Pessoa, onde come\u00e7ou uma persegui\u00e7\u00e3o que s\u00f3 terminou no bairro do Tambi\u00e1, ap\u00f3s uma troca de tiros.<br><br>Seis suspeitos foram presos em flagrante, sendo que um deles, de 20 anos, saiu ferido no confronto. Um s\u00e9timo integrante do grupo conseguiu fugir. No ve\u00edculo dos acusados, foram apreendidos um rev\u00f3lver, uma touca ninja, um alicate grande de corte, ferramentas p\u00e9-de-cabra e outros equipamentos que seriam usados em arrombamentos. Um dos presos j\u00e1 tem passagem por furto.<br><br>O caso foi levado para a Central de Flagrantes, no Geisel. O ve\u00edculo que eles estavam, tem as mesmas caracter\u00edsticas do que teria sido usado em crimes registrados durante a madrugada, em Jo\u00e3o Pessoa, fato que ser\u00e1 investigado. <\/p>\n\n\n\n<p><img loading=\"lazy\" decoding=\"async\" width=\"1280\" height=\"960\" class=\"wp-image-912106\" style=\"width: 800px;\" src=\"http:\/\/www.pm.pb.gov.br\/portal\/wp-content\/uploads\/2021\/08\/fa0bce3d-6bf4-4611-98bc-07d4e137b355.jpeg\" alt=\"\" srcset=\"https:\/\/www.pm.pb.gov.br\/portal\/wp-content\/uploads\/2021\/08\/fa0bce3d-6bf4-4611-98bc-07d4e137b355.jpeg 1280w, https:\/\/www.pm.pb.gov.br\/portal\/wp-content\/uploads\/2021\/08\/fa0bce3d-6bf4-4611-98bc-07d4e137b355-593x445.jpeg 593w, https:\/\/www.pm.pb.gov.br\/portal\/wp-content\/uploads\/2021\/08\/fa0bce3d-6bf4-4611-98bc-07d4e137b355-760x570.jpeg 760w, https:\/\/www.pm.pb.gov.br\/portal\/wp-content\/uploads\/2021\/08\/fa0bce3d-6bf4-4611-98bc-07d4e137b355-768x576.jpeg 768w\" sizes=\"(max-width: 1280px) 100vw, 1280px\" \/><br> <br><\/p>\n","protected":false},"excerpt":{"rendered":"<p>A Pol\u00edcia Militar interceptou um carro com uma quadrilha que estaria planejando praticar arrombamentos, na madrugada desta segunda-feira (2), em<\/p>\n","protected":false},"author":5,"featured_media":912105,"comment_status":"closed","ping_status":"closed","sticky":false,"template":"","format":"standard","meta":{"_exactmetrics_skip_tracking":false,"_exactmetrics_sitenote_active":false,"_exactmetrics_sitenote_note":"","_exactmetrics_sitenote_category":0,"footnotes":""},"categories":[4],"tags":[],"yoast_head":"<!-- This site is optimized with the Yoast SEO plugin v22.0 - https:\/\/yoast.com\/wordpress\/plugins\/seo\/ -->\n<title>Pol\u00edcia Militar intercepta carro com quadrilha que estaria planejando arrombamentos na Capital - Pol\u00edcia Militar da Para\u00edba<\/title>\n<meta name=\"robots\" content=\"index, follow, max-snippet:-1, max-image-preview:large, max-video-preview:-1\" \/>\n<link rel=\"canonical\" href=\"https:\/\/www.pm.pb.gov.br\/portal\/2021\/08\/02\/policia-militar-intercepta-carro-com-quadrilha-que-estaria-planejando-arrombamentos-na-capital\/\" \/>\n<meta property=\"og:locale\" content=\"pt_BR\" \/>\n<meta property=\"og:type\" content=\"article\" \/>\n<meta property=\"og:title\" content=\"Pol\u00edcia Militar intercepta carro com quadrilha que estaria planejando arrombamentos na Capital - Pol\u00edcia Militar da Para\u00edba\" \/>\n<meta property=\"og:description\" content=\"A Pol\u00edcia Militar interceptou um carro com uma quadrilha que estaria planejando praticar arrombamentos, na madrugada desta segunda-feira (2), em\" \/>\n<meta property=\"og:url\" content=\"https:\/\/www.pm.pb.gov.br\/portal\/2021\/08\/02\/policia-militar-intercepta-carro-com-quadrilha-que-estaria-planejando-arrombamentos-na-capital\/\" \/>\n<meta property=\"og:site_name\" content=\"Pol\u00edcia Militar da Para\u00edba\" \/>\n<meta property=\"article:published_time\" content=\"2021-08-02T12:08:38+00:00\" \/>\n<meta property=\"article:modified_time\" content=\"2021-08-02T12:08:40+00:00\" \/>\n<meta property=\"og:image\" content=\"https:\/\/www.pm.pb.gov.br\/portal\/wp-content\/uploads\/2021\/08\/40e90f50-ee3a-40a5-bcf3-fe721824a4d2.jpeg\" \/>\n\t<meta property=\"og:image:width\" content=\"960\" \/>\n\t<meta property=\"og:image:height\" content=\"1280\" \/>\n\t<meta property=\"og:image:type\" content=\"image\/jpeg\" \/>\n<meta name=\"author\" content=\"Assessoria de Imprensa da PMPB\" \/>\n<meta name=\"twitter:card\" content=\"summary_large_image\" \/>\n<meta name=\"twitter:label1\" content=\"Escrito por\" \/>\n\t<meta name=\"twitter:data1\" content=\"Assessoria de Imprensa da PMPB\" \/>\n\t<meta name=\"twitter:label2\" content=\"Est. tempo de leitura\" \/>\n\t<meta name=\"twitter:data2\" content=\"1 minuto\" \/>\n<script type=\"application\/ld+json\" class=\"yoast-schema-graph\">{\"@context\":\"https:\/\/schema.org\",\"@graph\":[{\"@type\":\"Article\",\"@id\":\"https:\/\/www.pm.pb.gov.br\/portal\/2021\/08\/02\/policia-militar-intercepta-carro-com-quadrilha-que-estaria-planejando-arrombamentos-na-capital\/#article\",\"isPartOf\":{\"@id\":\"https:\/\/www.pm.pb.gov.br\/portal\/2021\/08\/02\/policia-militar-intercepta-carro-com-quadrilha-que-estaria-planejando-arrombamentos-na-capital\/\"},\"author\":{\"name\":\"Assessoria de Imprensa da PMPB\",\"@id\":\"https:\/\/www.pm.pb.gov.br\/portal\/#\/schema\/person\/e8454f46651c3ecf0e1ba3c1666d9947\"},\"headline\":\"Pol\u00edcia Militar intercepta carro com quadrilha que estaria planejando arrombamentos na Capital\",\"datePublished\":\"2021-08-02T12:08:38+00:00\",\"dateModified\":\"2021-08-02T12:08:40+00:00\",\"mainEntityOfPage\":{\"@id\":\"https:\/\/www.pm.pb.gov.br\/portal\/2021\/08\/02\/policia-militar-intercepta-carro-com-quadrilha-que-estaria-planejando-arrombamentos-na-capital\/\"},\"wordCount\":166,\"publisher\":{\"@id\":\"https:\/\/www.pm.pb.gov.br\/portal\/#organization\"},\"articleSection\":[\"A\u00e7\u00f5es Policiais\"],\"inLanguage\":\"pt-BR\"},{\"@type\":\"WebPage\",\"@id\":\"https:\/\/www.pm.pb.gov.br\/portal\/2021\/08\/02\/policia-militar-intercepta-carro-com-quadrilha-que-estaria-planejando-arrombamentos-na-capital\/\",\"url\":\"https:\/\/www.pm.pb.gov.br\/portal\/2021\/08\/02\/policia-militar-intercepta-carro-com-quadrilha-que-estaria-planejando-arrombamentos-na-capital\/\",\"name\":\"Pol\u00edcia Militar intercepta carro com quadrilha que estaria planejando arrombamentos na Capital - Pol\u00edcia Militar da Para\u00edba\",\"isPartOf\":{\"@id\":\"https:\/\/www.pm.pb.gov.br\/portal\/#website\"},\"datePublished\":\"2021-08-02T12:08:38+00:00\",\"dateModified\":\"2021-08-02T12:08:40+00:00\",\"breadcrumb\":{\"@id\":\"https:\/\/www.pm.pb.gov.br\/portal\/2021\/08\/02\/policia-militar-intercepta-carro-com-quadrilha-que-estaria-planejando-arrombamentos-na-capital\/#breadcrumb\"},\"inLanguage\":\"pt-BR\",\"potentialAction\":[{\"@type\":\"ReadAction\",\"target\":[\"https:\/\/www.pm.pb.gov.br\/portal\/2021\/08\/02\/policia-militar-intercepta-carro-com-quadrilha-que-estaria-planejando-arrombamentos-na-capital\/\"]}]},{\"@type\":\"BreadcrumbList\",\"@id\":\"https:\/\/www.pm.pb.gov.br\/portal\/2021\/08\/02\/policia-militar-intercepta-carro-com-quadrilha-que-estaria-planejando-arrombamentos-na-capital\/#breadcrumb\",\"itemListElement\":[{\"@type\":\"ListItem\",\"position\":1,\"name\":\"In\u00edcio\",\"item\":\"https:\/\/www.pm.pb.gov.br\/portal\/\"},{\"@type\":\"ListItem\",\"position\":2,\"name\":\"Pol\u00edcia Militar intercepta carro com quadrilha que estaria planejando arrombamentos na Capital\"}]},{\"@type\":\"WebSite\",\"@id\":\"https:\/\/www.pm.pb.gov.br\/portal\/#website\",\"url\":\"https:\/\/www.pm.pb.gov.br\/portal\/\",\"name\":\"Pol\u00edcia Militar da Para\u00edba\",\"description\":\"\",\"publisher\":{\"@id\":\"https:\/\/www.pm.pb.gov.br\/portal\/#organization\"},\"potentialAction\":[{\"@type\":\"SearchAction\",\"target\":{\"@type\":\"EntryPoint\",\"urlTemplate\":\"https:\/\/www.pm.pb.gov.br\/portal\/?s={search_term_string}\"},\"query-input\":\"required name=search_term_string\"}],\"inLanguage\":\"pt-BR\"},{\"@type\":\"Organization\",\"@id\":\"https:\/\/www.pm.pb.gov.br\/portal\/#organization\",\"name\":\"Pol\u00edcia Militar da Para\u00edba\",\"url\":\"https:\/\/www.pm.pb.gov.br\/portal\/\",\"logo\":{\"@type\":\"ImageObject\",\"inLanguage\":\"pt-BR\",\"@id\":\"https:\/\/www.pm.pb.gov.br\/portal\/#\/schema\/logo\/image\/\",\"url\":\"https:\/\/www.pm.pb.gov.br\/portal\/wp-content\/uploads\/2025\/03\/cropped-logo-site-mag2-1.png\",\"contentUrl\":\"https:\/\/www.pm.pb.gov.br\/portal\/wp-content\/uploads\/2025\/03\/cropped-logo-site-mag2-1.png\",\"width\":320,\"height\":90,\"caption\":\"Pol\u00edcia Militar da Para\u00edba\"},\"image\":{\"@id\":\"https:\/\/www.pm.pb.gov.br\/portal\/#\/schema\/logo\/image\/\"}},{\"@type\":\"Person\",\"@id\":\"https:\/\/www.pm.pb.gov.br\/portal\/#\/schema\/person\/e8454f46651c3ecf0e1ba3c1666d9947\",\"name\":\"Assessoria de Imprensa da PMPB\",\"image\":{\"@type\":\"ImageObject\",\"inLanguage\":\"pt-BR\",\"@id\":\"https:\/\/www.pm.pb.gov.br\/portal\/#\/schema\/person\/image\/\",\"url\":\"https:\/\/secure.gravatar.com\/avatar\/2efe197438265d1e90bd98c4c8e1acf8?s=96&d=mm&r=g\",\"contentUrl\":\"https:\/\/secure.gravatar.com\/avatar\/2efe197438265d1e90bd98c4c8e1acf8?s=96&d=mm&r=g\",\"caption\":\"Assessoria de Imprensa da PMPB\"},\"url\":\"https:\/\/www.pm.pb.gov.br\/portal\/author\/assessoria\/\"}]}<\/script>\n<!-- \/ Yoast SEO plugin. -->","yoast_head_json":{"title":"Pol\u00edcia Militar intercepta carro com quadrilha que estaria planejando arrombamentos na Capital - Pol\u00edcia Militar da Para\u00edba","robots":{"index":"index","follow":"follow","max-snippet":"max-snippet:-1","max-image-preview":"max-image-preview:large","max-video-preview":"max-video-preview:-1"},"canonical":"https:\/\/www.pm.pb.gov.br\/portal\/2021\/08\/02\/policia-militar-intercepta-carro-com-quadrilha-que-estaria-planejando-arrombamentos-na-capital\/","og_locale":"pt_BR","og_type":"article","og_title":"Pol\u00edcia Militar intercepta carro com quadrilha que estaria planejando arrombamentos na Capital - Pol\u00edcia Militar da Para\u00edba","og_description":"A Pol\u00edcia Militar interceptou um carro com uma quadrilha que estaria planejando praticar arrombamentos, na madrugada desta segunda-feira (2), em","og_url":"https:\/\/www.pm.pb.gov.br\/portal\/2021\/08\/02\/policia-militar-intercepta-carro-com-quadrilha-que-estaria-planejando-arrombamentos-na-capital\/","og_site_name":"Pol\u00edcia Militar da Para\u00edba","article_published_time":"2021-08-02T12:08:38+00:00","article_modified_time":"2021-08-02T12:08:40+00:00","og_image":[{"width":960,"height":1280,"url":"https:\/\/www.pm.pb.gov.br\/portal\/wp-content\/uploads\/2021\/08\/40e90f50-ee3a-40a5-bcf3-fe721824a4d2.jpeg","type":"image\/jpeg"}],"author":"Assessoria de Imprensa da PMPB","twitter_card":"summary_large_image","twitter_misc":{"Escrito por":"Assessoria de Imprensa da PMPB","Est. tempo de leitura":"1 minuto"},"schema":{"@context":"https:\/\/schema.org","@graph":[{"@type":"Article","@id":"https:\/\/www.pm.pb.gov.br\/portal\/2021\/08\/02\/policia-militar-intercepta-carro-com-quadrilha-que-estaria-planejando-arrombamentos-na-capital\/#article","isPartOf":{"@id":"https:\/\/www.pm.pb.gov.br\/portal\/2021\/08\/02\/policia-militar-intercepta-carro-com-quadrilha-que-estaria-planejando-arrombamentos-na-capital\/"},"author":{"name":"Assessoria de Imprensa da PMPB","@id":"https:\/\/www.pm.pb.gov.br\/portal\/#\/schema\/person\/e8454f46651c3ecf0e1ba3c1666d9947"},"headline":"Pol\u00edcia Militar intercepta carro com quadrilha que estaria planejando arrombamentos na Capital","datePublished":"2021-08-02T12:08:38+00:00","dateModified":"2021-08-02T12:08:40+00:00","mainEntityOfPage":{"@id":"https:\/\/www.pm.pb.gov.br\/portal\/2021\/08\/02\/policia-militar-intercepta-carro-com-quadrilha-que-estaria-planejando-arrombamentos-na-capital\/"},"wordCount":166,"publisher":{"@id":"https:\/\/www.pm.pb.gov.br\/portal\/#organization"},"articleSection":["A\u00e7\u00f5es Policiais"],"inLanguage":"pt-BR"},{"@type":"WebPage","@id":"https:\/\/www.pm.pb.gov.br\/portal\/2021\/08\/02\/policia-militar-intercepta-carro-com-quadrilha-que-estaria-planejando-arrombamentos-na-capital\/","url":"https:\/\/www.pm.pb.gov.br\/portal\/2021\/08\/02\/policia-militar-intercepta-carro-com-quadrilha-que-estaria-planejando-arrombamentos-na-capital\/","name":"Pol\u00edcia Militar intercepta carro com quadrilha que estaria planejando arrombamentos na Capital - Pol\u00edcia Militar da Para\u00edba","isPartOf":{"@id":"https:\/\/www.pm.pb.gov.br\/portal\/#website"},"datePublished":"2021-08-02T12:08:38+00:00","dateModified":"2021-08-02T12:08:40+00:00","breadcrumb":{"@id":"https:\/\/www.pm.pb.gov.br\/portal\/2021\/08\/02\/policia-militar-intercepta-carro-com-quadrilha-que-estaria-planejando-arrombamentos-na-capital\/#breadcrumb"},"inLanguage":"pt-BR","potentialAction":[{"@type":"ReadAction","target":["https:\/\/www.pm.pb.gov.br\/portal\/2021\/08\/02\/policia-militar-intercepta-carro-com-quadrilha-que-estaria-planejando-arrombamentos-na-capital\/"]}]},{"@type":"BreadcrumbList","@id":"https:\/\/www.pm.pb.gov.br\/portal\/2021\/08\/02\/policia-militar-intercepta-carro-com-quadrilha-que-estaria-planejando-arrombamentos-na-capital\/#breadcrumb","itemListElement":[{"@type":"ListItem","position":1,"name":"In\u00edcio","item":"https:\/\/www.pm.pb.gov.br\/portal\/"},{"@type":"ListItem","position":2,"name":"Pol\u00edcia Militar intercepta carro com quadrilha que estaria planejando arrombamentos na Capital"}]},{"@type":"WebSite","@id":"https:\/\/www.pm.pb.gov.br\/portal\/#website","url":"https:\/\/www.pm.pb.gov.br\/portal\/","name":"Pol\u00edcia Militar da Para\u00edba","description":"","publisher":{"@id":"https:\/\/www.pm.pb.gov.br\/portal\/#organization"},"potentialAction":[{"@type":"SearchAction","target":{"@type":"EntryPoint","urlTemplate":"https:\/\/www.pm.pb.gov.br\/portal\/?s={search_term_string}"},"query-input":"required name=search_term_string"}],"inLanguage":"pt-BR"},{"@type":"Organization","@id":"https:\/\/www.pm.pb.gov.br\/portal\/#organization","name":"Pol\u00edcia Militar da Para\u00edba","url":"https:\/\/www.pm.pb.gov.br\/portal\/","logo":{"@type":"ImageObject","inLanguage":"pt-BR","@id":"https:\/\/www.pm.pb.gov.br\/portal\/#\/schema\/logo\/image\/","url":"https:\/\/www.pm.pb.gov.br\/portal\/wp-content\/uploads\/2025\/03\/cropped-logo-site-mag2-1.png","contentUrl":"https:\/\/www.pm.pb.gov.br\/portal\/wp-content\/uploads\/2025\/03\/cropped-logo-site-mag2-1.png","width":320,"height":90,"caption":"Pol\u00edcia Militar da Para\u00edba"},"image":{"@id":"https:\/\/www.pm.pb.gov.br\/portal\/#\/schema\/logo\/image\/"}},{"@type":"Person","@id":"https:\/\/www.pm.pb.gov.br\/portal\/#\/schema\/person\/e8454f46651c3ecf0e1ba3c1666d9947","name":"Assessoria de Imprensa da PMPB","image":{"@type":"ImageObject","inLanguage":"pt-BR","@id":"https:\/\/www.pm.pb.gov.br\/portal\/#\/schema\/person\/image\/","url":"https:\/\/secure.gravatar.com\/avatar\/2efe197438265d1e90bd98c4c8e1acf8?s=96&d=mm&r=g","contentUrl":"https:\/\/secure.gravatar.com\/avatar\/2efe197438265d1e90bd98c4c8e1acf8?s=96&d=mm&r=g","caption":"Assessoria de Imprensa da PMPB"},"url":"https:\/\/www.pm.pb.gov.br\/portal\/author\/assessoria\/"}]}},"_links":{"self":[{"href":"https:\/\/www.pm.pb.gov.br\/portal\/wp-json\/wp\/v2\/posts\/912085"}],"collection":[{"href":"https:\/\/www.pm.pb.gov.br\/portal\/wp-json\/wp\/v2\/posts"}],"about":[{"href":"https:\/\/www.pm.pb.gov.br\/portal\/wp-json\/wp\/v2\/types\/post"}],"author":[{"embeddable":true,"href":"https:\/\/www.pm.pb.gov.br\/portal\/wp-json\/wp\/v2\/users\/5"}],"replies":[{"embeddable":true,"href":"https:\/\/www.pm.pb.gov.br\/portal\/wp-json\/wp\/v2\/comments?post=912085"}],"version-history":[{"count":2,"href":"https:\/\/www.pm.pb.gov.br\/portal\/wp-json\/wp\/v2\/posts\/912085\/revisions"}],"predecessor-version":[{"id":912107,"href":"https:\/\/www.pm.pb.gov.br\/portal\/wp-json\/wp\/v2\/posts\/912085\/revisions\/912107"}],"wp:featuredmedia":[{"embeddable":true,"href":"https:\/\/www.pm.pb.gov.br\/portal\/wp-json\/wp\/v2\/media\/912105"}],"wp:attachment":[{"href":"https:\/\/www.pm.pb.gov.br\/portal\/wp-json\/wp\/v2\/media?parent=912085"}],"wp:term":[{"taxonomy":"category","embeddable":true,"href":"https:\/\/www.pm.pb.gov.br\/portal\/wp-json\/wp\/v2\/categories?post=912085"},{"taxonomy":"post_tag","embeddable":true,"href":"https:\/\/www.pm.pb.gov.br\/portal\/wp-json\/wp\/v2\/tags?post=912085"}],"curies":[{"name":"wp","href":"https:\/\/api.w.org\/{rel}","templated":true}]}}