{"id":912076,"date":"2021-07-30T08:06:33","date_gmt":"2021-07-30T11:06:33","guid":{"rendered":"https:\/\/www.pm.pb.gov.br\/portal\/?p=912076"},"modified":"2021-07-30T08:06:35","modified_gmt":"2021-07-30T11:06:35","slug":"mercado-central-de-joao-pessoa-recebe-reforco-da-pm-com-a-operacao-alvorada","status":"publish","type":"post","link":"https:\/\/www.pm.pb.gov.br\/portal\/2021\/07\/30\/mercado-central-de-joao-pessoa-recebe-reforco-da-pm-com-a-operacao-alvorada\/","title":{"rendered":"Mercado Central de Jo\u00e3o Pessoa recebe refor\u00e7o da PM com a Opera\u00e7\u00e3o Alvorada"},"content":{"rendered":"\n<p>O mercado central de Jo\u00e3o Pessoa foi um dos pontos ocupados pela Opera\u00e7\u00e3o Alvorada, que desde as primeiras horas da manh\u00e3 desta sexta-feira (30) refor\u00e7a a seguran\u00e7a em v\u00e1rias cidades, com mais de 500 policiais e 161 viaturas.<br><br>Al\u00e9m do aumento das rondas e ocupa\u00e7\u00e3o de pontos indicados pelas Coordenadorias de Estat\u00edstica e de Intelig\u00eancia, com o objetivo de prevenir assaltos e outros crimes, a Opera\u00e7\u00e3o Alvorada est\u00e1 atuando tamb\u00e9m para prender foragidos da justi\u00e7a, tendo, at\u00e9 \u00e0s 8h, cumprido 12 mandados de pris\u00e3o nas cidades de Campina Grande, Lagoa Seca, Queimadas, Jo\u00e3o Pessoa e Monteiro.<br><br>Para o fim de semana, a corpora\u00e7\u00e3o preparou um conjunto de opera\u00e7\u00f5es que ter\u00e1 a aplica\u00e7\u00e3o de mais de 3 mil policiais e 1.326 viaturas no refor\u00e7o das blitzen, abordagens, incurs\u00f5es e aumento das rondas, em todo o Estado.<br><\/p>\n","protected":false},"excerpt":{"rendered":"<p>O mercado central de Jo\u00e3o Pessoa foi um dos pontos ocupados pela Opera\u00e7\u00e3o Alvorada, que desde as primeiras horas da<\/p>\n","protected":false},"author":5,"featured_media":912082,"comment_status":"closed","ping_status":"closed","sticky":false,"template":"","format":"standard","meta":{"_exactmetrics_skip_tracking":false,"_exactmetrics_sitenote_active":false,"_exactmetrics_sitenote_note":"","_exactmetrics_sitenote_category":0,"footnotes":""},"categories":[4],"tags":[],"yoast_head":"<!-- This site is optimized with the Yoast SEO plugin v22.0 - https:\/\/yoast.com\/wordpress\/plugins\/seo\/ -->\n<title>Mercado Central de Jo\u00e3o Pessoa recebe refor\u00e7o da PM com a Opera\u00e7\u00e3o Alvorada - Pol\u00edcia Militar da Para\u00edba<\/title>\n<meta name=\"robots\" content=\"index, follow, max-snippet:-1, max-image-preview:large, max-video-preview:-1\" \/>\n<link rel=\"canonical\" href=\"https:\/\/www.pm.pb.gov.br\/portal\/2021\/07\/30\/mercado-central-de-joao-pessoa-recebe-reforco-da-pm-com-a-operacao-alvorada\/\" \/>\n<meta property=\"og:locale\" content=\"pt_BR\" \/>\n<meta property=\"og:type\" content=\"article\" \/>\n<meta property=\"og:title\" content=\"Mercado Central de Jo\u00e3o Pessoa recebe refor\u00e7o da PM com a Opera\u00e7\u00e3o Alvorada - Pol\u00edcia Militar da Para\u00edba\" \/>\n<meta property=\"og:description\" content=\"O mercado central de Jo\u00e3o Pessoa foi um dos pontos ocupados pela Opera\u00e7\u00e3o Alvorada, que desde as primeiras horas da\" \/>\n<meta property=\"og:url\" content=\"https:\/\/www.pm.pb.gov.br\/portal\/2021\/07\/30\/mercado-central-de-joao-pessoa-recebe-reforco-da-pm-com-a-operacao-alvorada\/\" \/>\n<meta property=\"og:site_name\" content=\"Pol\u00edcia Militar da Para\u00edba\" \/>\n<meta property=\"article:published_time\" content=\"2021-07-30T11:06:33+00:00\" \/>\n<meta property=\"article:modified_time\" content=\"2021-07-30T11:06:35+00:00\" \/>\n<meta property=\"og:image\" content=\"https:\/\/www.pm.pb.gov.br\/portal\/wp-content\/uploads\/2021\/07\/94c1540b-72a0-43a0-86f5-977f6d1f840a.jpeg\" \/>\n\t<meta property=\"og:image:width\" content=\"1280\" \/>\n\t<meta property=\"og:image:height\" content=\"855\" \/>\n\t<meta property=\"og:image:type\" content=\"image\/jpeg\" \/>\n<meta name=\"author\" content=\"Assessoria de Imprensa da PMPB\" \/>\n<meta name=\"twitter:card\" content=\"summary_large_image\" \/>\n<meta name=\"twitter:label1\" content=\"Escrito por\" \/>\n\t<meta name=\"twitter:data1\" content=\"Assessoria de Imprensa da PMPB\" \/>\n\t<meta name=\"twitter:label2\" content=\"Est. tempo de leitura\" \/>\n\t<meta name=\"twitter:data2\" content=\"1 minuto\" \/>\n<script type=\"application\/ld+json\" class=\"yoast-schema-graph\">{\"@context\":\"https:\/\/schema.org\",\"@graph\":[{\"@type\":\"Article\",\"@id\":\"https:\/\/www.pm.pb.gov.br\/portal\/2021\/07\/30\/mercado-central-de-joao-pessoa-recebe-reforco-da-pm-com-a-operacao-alvorada\/#article\",\"isPartOf\":{\"@id\":\"https:\/\/www.pm.pb.gov.br\/portal\/2021\/07\/30\/mercado-central-de-joao-pessoa-recebe-reforco-da-pm-com-a-operacao-alvorada\/\"},\"author\":{\"name\":\"Assessoria de Imprensa da PMPB\",\"@id\":\"https:\/\/www.pm.pb.gov.br\/portal\/#\/schema\/person\/e8454f46651c3ecf0e1ba3c1666d9947\"},\"headline\":\"Mercado Central de Jo\u00e3o Pessoa recebe refor\u00e7o da PM com a Opera\u00e7\u00e3o Alvorada\",\"datePublished\":\"2021-07-30T11:06:33+00:00\",\"dateModified\":\"2021-07-30T11:06:35+00:00\",\"mainEntityOfPage\":{\"@id\":\"https:\/\/www.pm.pb.gov.br\/portal\/2021\/07\/30\/mercado-central-de-joao-pessoa-recebe-reforco-da-pm-com-a-operacao-alvorada\/\"},\"wordCount\":164,\"publisher\":{\"@id\":\"https:\/\/www.pm.pb.gov.br\/portal\/#organization\"},\"articleSection\":[\"A\u00e7\u00f5es Policiais\"],\"inLanguage\":\"pt-BR\"},{\"@type\":\"WebPage\",\"@id\":\"https:\/\/www.pm.pb.gov.br\/portal\/2021\/07\/30\/mercado-central-de-joao-pessoa-recebe-reforco-da-pm-com-a-operacao-alvorada\/\",\"url\":\"https:\/\/www.pm.pb.gov.br\/portal\/2021\/07\/30\/mercado-central-de-joao-pessoa-recebe-reforco-da-pm-com-a-operacao-alvorada\/\",\"name\":\"Mercado Central de Jo\u00e3o Pessoa recebe refor\u00e7o da PM com a Opera\u00e7\u00e3o Alvorada - Pol\u00edcia Militar da Para\u00edba\",\"isPartOf\":{\"@id\":\"https:\/\/www.pm.pb.gov.br\/portal\/#website\"},\"datePublished\":\"2021-07-30T11:06:33+00:00\",\"dateModified\":\"2021-07-30T11:06:35+00:00\",\"breadcrumb\":{\"@id\":\"https:\/\/www.pm.pb.gov.br\/portal\/2021\/07\/30\/mercado-central-de-joao-pessoa-recebe-reforco-da-pm-com-a-operacao-alvorada\/#breadcrumb\"},\"inLanguage\":\"pt-BR\",\"potentialAction\":[{\"@type\":\"ReadAction\",\"target\":[\"https:\/\/www.pm.pb.gov.br\/portal\/2021\/07\/30\/mercado-central-de-joao-pessoa-recebe-reforco-da-pm-com-a-operacao-alvorada\/\"]}]},{\"@type\":\"BreadcrumbList\",\"@id\":\"https:\/\/www.pm.pb.gov.br\/portal\/2021\/07\/30\/mercado-central-de-joao-pessoa-recebe-reforco-da-pm-com-a-operacao-alvorada\/#breadcrumb\",\"itemListElement\":[{\"@type\":\"ListItem\",\"position\":1,\"name\":\"In\u00edcio\",\"item\":\"https:\/\/www.pm.pb.gov.br\/portal\/\"},{\"@type\":\"ListItem\",\"position\":2,\"name\":\"Mercado Central de Jo\u00e3o Pessoa recebe refor\u00e7o da PM com a Opera\u00e7\u00e3o Alvorada\"}]},{\"@type\":\"WebSite\",\"@id\":\"https:\/\/www.pm.pb.gov.br\/portal\/#website\",\"url\":\"https:\/\/www.pm.pb.gov.br\/portal\/\",\"name\":\"Pol\u00edcia Militar da Para\u00edba\",\"description\":\"\",\"publisher\":{\"@id\":\"https:\/\/www.pm.pb.gov.br\/portal\/#organization\"},\"potentialAction\":[{\"@type\":\"SearchAction\",\"target\":{\"@type\":\"EntryPoint\",\"urlTemplate\":\"https:\/\/www.pm.pb.gov.br\/portal\/?s={search_term_string}\"},\"query-input\":\"required name=search_term_string\"}],\"inLanguage\":\"pt-BR\"},{\"@type\":\"Organization\",\"@id\":\"https:\/\/www.pm.pb.gov.br\/portal\/#organization\",\"name\":\"Pol\u00edcia Militar da Para\u00edba\",\"url\":\"https:\/\/www.pm.pb.gov.br\/portal\/\",\"logo\":{\"@type\":\"ImageObject\",\"inLanguage\":\"pt-BR\",\"@id\":\"https:\/\/www.pm.pb.gov.br\/portal\/#\/schema\/logo\/image\/\",\"url\":\"https:\/\/www.pm.pb.gov.br\/portal\/wp-content\/uploads\/2025\/03\/cropped-logo-site-mag2-1.png\",\"contentUrl\":\"https:\/\/www.pm.pb.gov.br\/portal\/wp-content\/uploads\/2025\/03\/cropped-logo-site-mag2-1.png\",\"width\":320,\"height\":90,\"caption\":\"Pol\u00edcia Militar da Para\u00edba\"},\"image\":{\"@id\":\"https:\/\/www.pm.pb.gov.br\/portal\/#\/schema\/logo\/image\/\"}},{\"@type\":\"Person\",\"@id\":\"https:\/\/www.pm.pb.gov.br\/portal\/#\/schema\/person\/e8454f46651c3ecf0e1ba3c1666d9947\",\"name\":\"Assessoria de Imprensa da PMPB\",\"image\":{\"@type\":\"ImageObject\",\"inLanguage\":\"pt-BR\",\"@id\":\"https:\/\/www.pm.pb.gov.br\/portal\/#\/schema\/person\/image\/\",\"url\":\"https:\/\/secure.gravatar.com\/avatar\/2efe197438265d1e90bd98c4c8e1acf8?s=96&d=mm&r=g\",\"contentUrl\":\"https:\/\/secure.gravatar.com\/avatar\/2efe197438265d1e90bd98c4c8e1acf8?s=96&d=mm&r=g\",\"caption\":\"Assessoria de Imprensa da PMPB\"},\"url\":\"https:\/\/www.pm.pb.gov.br\/portal\/author\/assessoria\/\"}]}<\/script>\n<!-- \/ Yoast SEO plugin. -->","yoast_head_json":{"title":"Mercado Central de Jo\u00e3o Pessoa recebe refor\u00e7o da PM com a Opera\u00e7\u00e3o Alvorada - Pol\u00edcia Militar da Para\u00edba","robots":{"index":"index","follow":"follow","max-snippet":"max-snippet:-1","max-image-preview":"max-image-preview:large","max-video-preview":"max-video-preview:-1"},"canonical":"https:\/\/www.pm.pb.gov.br\/portal\/2021\/07\/30\/mercado-central-de-joao-pessoa-recebe-reforco-da-pm-com-a-operacao-alvorada\/","og_locale":"pt_BR","og_type":"article","og_title":"Mercado Central de Jo\u00e3o Pessoa recebe refor\u00e7o da PM com a Opera\u00e7\u00e3o Alvorada - Pol\u00edcia Militar da Para\u00edba","og_description":"O mercado central de Jo\u00e3o Pessoa foi um dos pontos ocupados pela Opera\u00e7\u00e3o Alvorada, que desde as primeiras horas da","og_url":"https:\/\/www.pm.pb.gov.br\/portal\/2021\/07\/30\/mercado-central-de-joao-pessoa-recebe-reforco-da-pm-com-a-operacao-alvorada\/","og_site_name":"Pol\u00edcia Militar da Para\u00edba","article_published_time":"2021-07-30T11:06:33+00:00","article_modified_time":"2021-07-30T11:06:35+00:00","og_image":[{"width":1280,"height":855,"url":"https:\/\/www.pm.pb.gov.br\/portal\/wp-content\/uploads\/2021\/07\/94c1540b-72a0-43a0-86f5-977f6d1f840a.jpeg","type":"image\/jpeg"}],"author":"Assessoria de Imprensa da PMPB","twitter_card":"summary_large_image","twitter_misc":{"Escrito por":"Assessoria de Imprensa da PMPB","Est. tempo de leitura":"1 minuto"},"schema":{"@context":"https:\/\/schema.org","@graph":[{"@type":"Article","@id":"https:\/\/www.pm.pb.gov.br\/portal\/2021\/07\/30\/mercado-central-de-joao-pessoa-recebe-reforco-da-pm-com-a-operacao-alvorada\/#article","isPartOf":{"@id":"https:\/\/www.pm.pb.gov.br\/portal\/2021\/07\/30\/mercado-central-de-joao-pessoa-recebe-reforco-da-pm-com-a-operacao-alvorada\/"},"author":{"name":"Assessoria de Imprensa da PMPB","@id":"https:\/\/www.pm.pb.gov.br\/portal\/#\/schema\/person\/e8454f46651c3ecf0e1ba3c1666d9947"},"headline":"Mercado Central de Jo\u00e3o Pessoa recebe refor\u00e7o da PM com a Opera\u00e7\u00e3o Alvorada","datePublished":"2021-07-30T11:06:33+00:00","dateModified":"2021-07-30T11:06:35+00:00","mainEntityOfPage":{"@id":"https:\/\/www.pm.pb.gov.br\/portal\/2021\/07\/30\/mercado-central-de-joao-pessoa-recebe-reforco-da-pm-com-a-operacao-alvorada\/"},"wordCount":164,"publisher":{"@id":"https:\/\/www.pm.pb.gov.br\/portal\/#organization"},"articleSection":["A\u00e7\u00f5es Policiais"],"inLanguage":"pt-BR"},{"@type":"WebPage","@id":"https:\/\/www.pm.pb.gov.br\/portal\/2021\/07\/30\/mercado-central-de-joao-pessoa-recebe-reforco-da-pm-com-a-operacao-alvorada\/","url":"https:\/\/www.pm.pb.gov.br\/portal\/2021\/07\/30\/mercado-central-de-joao-pessoa-recebe-reforco-da-pm-com-a-operacao-alvorada\/","name":"Mercado Central de Jo\u00e3o Pessoa recebe refor\u00e7o da PM com a Opera\u00e7\u00e3o Alvorada - Pol\u00edcia Militar da Para\u00edba","isPartOf":{"@id":"https:\/\/www.pm.pb.gov.br\/portal\/#website"},"datePublished":"2021-07-30T11:06:33+00:00","dateModified":"2021-07-30T11:06:35+00:00","breadcrumb":{"@id":"https:\/\/www.pm.pb.gov.br\/portal\/2021\/07\/30\/mercado-central-de-joao-pessoa-recebe-reforco-da-pm-com-a-operacao-alvorada\/#breadcrumb"},"inLanguage":"pt-BR","potentialAction":[{"@type":"ReadAction","target":["https:\/\/www.pm.pb.gov.br\/portal\/2021\/07\/30\/mercado-central-de-joao-pessoa-recebe-reforco-da-pm-com-a-operacao-alvorada\/"]}]},{"@type":"BreadcrumbList","@id":"https:\/\/www.pm.pb.gov.br\/portal\/2021\/07\/30\/mercado-central-de-joao-pessoa-recebe-reforco-da-pm-com-a-operacao-alvorada\/#breadcrumb","itemListElement":[{"@type":"ListItem","position":1,"name":"In\u00edcio","item":"https:\/\/www.pm.pb.gov.br\/portal\/"},{"@type":"ListItem","position":2,"name":"Mercado Central de Jo\u00e3o Pessoa recebe refor\u00e7o da PM com a Opera\u00e7\u00e3o Alvorada"}]},{"@type":"WebSite","@id":"https:\/\/www.pm.pb.gov.br\/portal\/#website","url":"https:\/\/www.pm.pb.gov.br\/portal\/","name":"Pol\u00edcia Militar da Para\u00edba","description":"","publisher":{"@id":"https:\/\/www.pm.pb.gov.br\/portal\/#organization"},"potentialAction":[{"@type":"SearchAction","target":{"@type":"EntryPoint","urlTemplate":"https:\/\/www.pm.pb.gov.br\/portal\/?s={search_term_string}"},"query-input":"required name=search_term_string"}],"inLanguage":"pt-BR"},{"@type":"Organization","@id":"https:\/\/www.pm.pb.gov.br\/portal\/#organization","name":"Pol\u00edcia Militar da Para\u00edba","url":"https:\/\/www.pm.pb.gov.br\/portal\/","logo":{"@type":"ImageObject","inLanguage":"pt-BR","@id":"https:\/\/www.pm.pb.gov.br\/portal\/#\/schema\/logo\/image\/","url":"https:\/\/www.pm.pb.gov.br\/portal\/wp-content\/uploads\/2025\/03\/cropped-logo-site-mag2-1.png","contentUrl":"https:\/\/www.pm.pb.gov.br\/portal\/wp-content\/uploads\/2025\/03\/cropped-logo-site-mag2-1.png","width":320,"height":90,"caption":"Pol\u00edcia Militar da Para\u00edba"},"image":{"@id":"https:\/\/www.pm.pb.gov.br\/portal\/#\/schema\/logo\/image\/"}},{"@type":"Person","@id":"https:\/\/www.pm.pb.gov.br\/portal\/#\/schema\/person\/e8454f46651c3ecf0e1ba3c1666d9947","name":"Assessoria de Imprensa da PMPB","image":{"@type":"ImageObject","inLanguage":"pt-BR","@id":"https:\/\/www.pm.pb.gov.br\/portal\/#\/schema\/person\/image\/","url":"https:\/\/secure.gravatar.com\/avatar\/2efe197438265d1e90bd98c4c8e1acf8?s=96&d=mm&r=g","contentUrl":"https:\/\/secure.gravatar.com\/avatar\/2efe197438265d1e90bd98c4c8e1acf8?s=96&d=mm&r=g","caption":"Assessoria de Imprensa da PMPB"},"url":"https:\/\/www.pm.pb.gov.br\/portal\/author\/assessoria\/"}]}},"_links":{"self":[{"href":"https:\/\/www.pm.pb.gov.br\/portal\/wp-json\/wp\/v2\/posts\/912076"}],"collection":[{"href":"https:\/\/www.pm.pb.gov.br\/portal\/wp-json\/wp\/v2\/posts"}],"about":[{"href":"https:\/\/www.pm.pb.gov.br\/portal\/wp-json\/wp\/v2\/types\/post"}],"author":[{"embeddable":true,"href":"https:\/\/www.pm.pb.gov.br\/portal\/wp-json\/wp\/v2\/users\/5"}],"replies":[{"embeddable":true,"href":"https:\/\/www.pm.pb.gov.br\/portal\/wp-json\/wp\/v2\/comments?post=912076"}],"version-history":[{"count":2,"href":"https:\/\/www.pm.pb.gov.br\/portal\/wp-json\/wp\/v2\/posts\/912076\/revisions"}],"predecessor-version":[{"id":912083,"href":"https:\/\/www.pm.pb.gov.br\/portal\/wp-json\/wp\/v2\/posts\/912076\/revisions\/912083"}],"wp:featuredmedia":[{"embeddable":true,"href":"https:\/\/www.pm.pb.gov.br\/portal\/wp-json\/wp\/v2\/media\/912082"}],"wp:attachment":[{"href":"https:\/\/www.pm.pb.gov.br\/portal\/wp-json\/wp\/v2\/media?parent=912076"}],"wp:term":[{"taxonomy":"category","embeddable":true,"href":"https:\/\/www.pm.pb.gov.br\/portal\/wp-json\/wp\/v2\/categories?post=912076"},{"taxonomy":"post_tag","embeddable":true,"href":"https:\/\/www.pm.pb.gov.br\/portal\/wp-json\/wp\/v2\/tags?post=912076"}],"curies":[{"name":"wp","href":"https:\/\/api.w.org\/{rel}","templated":true}]}}