{"id":912051,"date":"2021-07-29T10:58:36","date_gmt":"2021-07-29T13:58:36","guid":{"rendered":"https:\/\/www.pm.pb.gov.br\/portal\/?p=912051"},"modified":"2021-07-29T11:20:31","modified_gmt":"2021-07-29T14:20:31","slug":"policia-militar-localiza-grupo-acusado-de-matar-policial-no-sertao-e-um-dos-suspeitos-morre-em-confronto","status":"publish","type":"post","link":"https:\/\/www.pm.pb.gov.br\/portal\/2021\/07\/29\/policia-militar-localiza-grupo-acusado-de-matar-policial-no-sertao-e-um-dos-suspeitos-morre-em-confronto\/","title":{"rendered":"RESPOSTA: PM localiza grupo acusado de matar policial no Sert\u00e3o e um dos suspeitos morre em confronto"},"content":{"rendered":"\n<p>A Pol\u00edcia Militar localizou, nas primeiras horas da manh\u00e3 desta quinta-feira (29), o grupo que seria respons\u00e1vel pelo assassinato de um cabo da PM de 44 anos, que aconteceu na noite dessa quarta (28), quando o militar estava de folga em um bar, \u00e0s margens da BR 230, na cidade de Malta, no Sert\u00e3o. Na opera\u00e7\u00e3o para prender os acusados, o autor dos disparos que mataram a v\u00edtima chegou a atirar contra as equipes da PM e acabou morrendo no confronto. Duas armas foram apreendidas.<br><br>O suspeito que morreu tem 28 anos e respondia a tr\u00eas processos criminais. Al\u00e9m dele, foram localizadas duas mulheres e outros dois homens, que tiveram participa\u00e7\u00e3o direta no crime, cujo motivo ainda ser\u00e1 investigado. <br><br>A opera\u00e7\u00e3o que deu resposta ao crime foi realizada na pr\u00f3pria cidade de Malta e contou com o empenho de equipes de v\u00e1rias unidades operacionais do Sert\u00e3o da Para\u00edba, que receberam informa\u00e7\u00f5es e imagens que auxiliaram na identifica\u00e7\u00e3o e localiza\u00e7\u00e3o de todos os envolvidos.<br><br>Os presos foram apresentados na Delegacia de Pol\u00edcia, em Patos.<br><\/p>\n","protected":false},"excerpt":{"rendered":"<p>A Pol\u00edcia Militar localizou, nas primeiras horas da manh\u00e3 desta quinta-feira (29), o grupo que seria respons\u00e1vel pelo assassinato de<\/p>\n","protected":false},"author":5,"featured_media":912056,"comment_status":"closed","ping_status":"closed","sticky":false,"template":"","format":"standard","meta":{"_exactmetrics_skip_tracking":false,"_exactmetrics_sitenote_active":false,"_exactmetrics_sitenote_note":"","_exactmetrics_sitenote_category":0,"footnotes":""},"categories":[4],"tags":[],"yoast_head":"<!-- This site is optimized with the Yoast SEO plugin v22.0 - https:\/\/yoast.com\/wordpress\/plugins\/seo\/ -->\n<title>RESPOSTA: PM localiza grupo acusado de matar policial no Sert\u00e3o e um dos suspeitos morre em confronto - Pol\u00edcia Militar da Para\u00edba<\/title>\n<meta name=\"robots\" content=\"index, follow, max-snippet:-1, max-image-preview:large, max-video-preview:-1\" \/>\n<link rel=\"canonical\" href=\"https:\/\/www.pm.pb.gov.br\/portal\/2021\/07\/29\/policia-militar-localiza-grupo-acusado-de-matar-policial-no-sertao-e-um-dos-suspeitos-morre-em-confronto\/\" \/>\n<meta property=\"og:locale\" content=\"pt_BR\" \/>\n<meta property=\"og:type\" content=\"article\" \/>\n<meta property=\"og:title\" content=\"RESPOSTA: PM localiza grupo acusado de matar policial no Sert\u00e3o e um dos suspeitos morre em confronto - Pol\u00edcia Militar da Para\u00edba\" \/>\n<meta property=\"og:description\" content=\"A Pol\u00edcia Militar localizou, nas primeiras horas da manh\u00e3 desta quinta-feira (29), o grupo que seria respons\u00e1vel pelo assassinato de\" \/>\n<meta property=\"og:url\" content=\"https:\/\/www.pm.pb.gov.br\/portal\/2021\/07\/29\/policia-militar-localiza-grupo-acusado-de-matar-policial-no-sertao-e-um-dos-suspeitos-morre-em-confronto\/\" \/>\n<meta property=\"og:site_name\" content=\"Pol\u00edcia Militar da Para\u00edba\" \/>\n<meta property=\"article:published_time\" content=\"2021-07-29T13:58:36+00:00\" \/>\n<meta property=\"article:modified_time\" content=\"2021-07-29T14:20:31+00:00\" \/>\n<meta property=\"og:image\" content=\"https:\/\/www.pm.pb.gov.br\/portal\/wp-content\/uploads\/2021\/07\/AAAA-1.jpeg\" \/>\n\t<meta property=\"og:image:width\" content=\"800\" \/>\n\t<meta property=\"og:image:height\" content=\"455\" \/>\n\t<meta property=\"og:image:type\" content=\"image\/jpeg\" \/>\n<meta name=\"author\" content=\"Assessoria de Imprensa da PMPB\" \/>\n<meta name=\"twitter:card\" content=\"summary_large_image\" \/>\n<meta name=\"twitter:label1\" content=\"Escrito por\" \/>\n\t<meta name=\"twitter:data1\" content=\"Assessoria de Imprensa da PMPB\" \/>\n\t<meta name=\"twitter:label2\" content=\"Est. tempo de leitura\" \/>\n\t<meta name=\"twitter:data2\" content=\"1 minuto\" \/>\n<script type=\"application\/ld+json\" class=\"yoast-schema-graph\">{\"@context\":\"https:\/\/schema.org\",\"@graph\":[{\"@type\":\"Article\",\"@id\":\"https:\/\/www.pm.pb.gov.br\/portal\/2021\/07\/29\/policia-militar-localiza-grupo-acusado-de-matar-policial-no-sertao-e-um-dos-suspeitos-morre-em-confronto\/#article\",\"isPartOf\":{\"@id\":\"https:\/\/www.pm.pb.gov.br\/portal\/2021\/07\/29\/policia-militar-localiza-grupo-acusado-de-matar-policial-no-sertao-e-um-dos-suspeitos-morre-em-confronto\/\"},\"author\":{\"name\":\"Assessoria de Imprensa da PMPB\",\"@id\":\"https:\/\/www.pm.pb.gov.br\/portal\/#\/schema\/person\/e8454f46651c3ecf0e1ba3c1666d9947\"},\"headline\":\"RESPOSTA: PM localiza grupo acusado de matar policial no Sert\u00e3o e um dos suspeitos morre em confronto\",\"datePublished\":\"2021-07-29T13:58:36+00:00\",\"dateModified\":\"2021-07-29T14:20:31+00:00\",\"mainEntityOfPage\":{\"@id\":\"https:\/\/www.pm.pb.gov.br\/portal\/2021\/07\/29\/policia-militar-localiza-grupo-acusado-de-matar-policial-no-sertao-e-um-dos-suspeitos-morre-em-confronto\/\"},\"wordCount\":203,\"publisher\":{\"@id\":\"https:\/\/www.pm.pb.gov.br\/portal\/#organization\"},\"articleSection\":[\"A\u00e7\u00f5es Policiais\"],\"inLanguage\":\"pt-BR\"},{\"@type\":\"WebPage\",\"@id\":\"https:\/\/www.pm.pb.gov.br\/portal\/2021\/07\/29\/policia-militar-localiza-grupo-acusado-de-matar-policial-no-sertao-e-um-dos-suspeitos-morre-em-confronto\/\",\"url\":\"https:\/\/www.pm.pb.gov.br\/portal\/2021\/07\/29\/policia-militar-localiza-grupo-acusado-de-matar-policial-no-sertao-e-um-dos-suspeitos-morre-em-confronto\/\",\"name\":\"RESPOSTA: PM localiza grupo acusado de matar policial no Sert\u00e3o e um dos suspeitos morre em confronto - Pol\u00edcia Militar da Para\u00edba\",\"isPartOf\":{\"@id\":\"https:\/\/www.pm.pb.gov.br\/portal\/#website\"},\"datePublished\":\"2021-07-29T13:58:36+00:00\",\"dateModified\":\"2021-07-29T14:20:31+00:00\",\"breadcrumb\":{\"@id\":\"https:\/\/www.pm.pb.gov.br\/portal\/2021\/07\/29\/policia-militar-localiza-grupo-acusado-de-matar-policial-no-sertao-e-um-dos-suspeitos-morre-em-confronto\/#breadcrumb\"},\"inLanguage\":\"pt-BR\",\"potentialAction\":[{\"@type\":\"ReadAction\",\"target\":[\"https:\/\/www.pm.pb.gov.br\/portal\/2021\/07\/29\/policia-militar-localiza-grupo-acusado-de-matar-policial-no-sertao-e-um-dos-suspeitos-morre-em-confronto\/\"]}]},{\"@type\":\"BreadcrumbList\",\"@id\":\"https:\/\/www.pm.pb.gov.br\/portal\/2021\/07\/29\/policia-militar-localiza-grupo-acusado-de-matar-policial-no-sertao-e-um-dos-suspeitos-morre-em-confronto\/#breadcrumb\",\"itemListElement\":[{\"@type\":\"ListItem\",\"position\":1,\"name\":\"In\u00edcio\",\"item\":\"https:\/\/www.pm.pb.gov.br\/portal\/\"},{\"@type\":\"ListItem\",\"position\":2,\"name\":\"RESPOSTA: PM localiza grupo acusado de matar policial no Sert\u00e3o e um dos suspeitos morre em confronto\"}]},{\"@type\":\"WebSite\",\"@id\":\"https:\/\/www.pm.pb.gov.br\/portal\/#website\",\"url\":\"https:\/\/www.pm.pb.gov.br\/portal\/\",\"name\":\"Pol\u00edcia Militar da Para\u00edba\",\"description\":\"\",\"publisher\":{\"@id\":\"https:\/\/www.pm.pb.gov.br\/portal\/#organization\"},\"potentialAction\":[{\"@type\":\"SearchAction\",\"target\":{\"@type\":\"EntryPoint\",\"urlTemplate\":\"https:\/\/www.pm.pb.gov.br\/portal\/?s={search_term_string}\"},\"query-input\":\"required name=search_term_string\"}],\"inLanguage\":\"pt-BR\"},{\"@type\":\"Organization\",\"@id\":\"https:\/\/www.pm.pb.gov.br\/portal\/#organization\",\"name\":\"Pol\u00edcia Militar da Para\u00edba\",\"url\":\"https:\/\/www.pm.pb.gov.br\/portal\/\",\"logo\":{\"@type\":\"ImageObject\",\"inLanguage\":\"pt-BR\",\"@id\":\"https:\/\/www.pm.pb.gov.br\/portal\/#\/schema\/logo\/image\/\",\"url\":\"https:\/\/www.pm.pb.gov.br\/portal\/wp-content\/uploads\/2025\/03\/cropped-logo-site-mag2-1.png\",\"contentUrl\":\"https:\/\/www.pm.pb.gov.br\/portal\/wp-content\/uploads\/2025\/03\/cropped-logo-site-mag2-1.png\",\"width\":320,\"height\":90,\"caption\":\"Pol\u00edcia Militar da Para\u00edba\"},\"image\":{\"@id\":\"https:\/\/www.pm.pb.gov.br\/portal\/#\/schema\/logo\/image\/\"}},{\"@type\":\"Person\",\"@id\":\"https:\/\/www.pm.pb.gov.br\/portal\/#\/schema\/person\/e8454f46651c3ecf0e1ba3c1666d9947\",\"name\":\"Assessoria de Imprensa da PMPB\",\"image\":{\"@type\":\"ImageObject\",\"inLanguage\":\"pt-BR\",\"@id\":\"https:\/\/www.pm.pb.gov.br\/portal\/#\/schema\/person\/image\/\",\"url\":\"https:\/\/secure.gravatar.com\/avatar\/2efe197438265d1e90bd98c4c8e1acf8?s=96&d=mm&r=g\",\"contentUrl\":\"https:\/\/secure.gravatar.com\/avatar\/2efe197438265d1e90bd98c4c8e1acf8?s=96&d=mm&r=g\",\"caption\":\"Assessoria de Imprensa da PMPB\"},\"url\":\"https:\/\/www.pm.pb.gov.br\/portal\/author\/assessoria\/\"}]}<\/script>\n<!-- \/ Yoast SEO plugin. -->","yoast_head_json":{"title":"RESPOSTA: PM localiza grupo acusado de matar policial no Sert\u00e3o e um dos suspeitos morre em confronto - Pol\u00edcia Militar da Para\u00edba","robots":{"index":"index","follow":"follow","max-snippet":"max-snippet:-1","max-image-preview":"max-image-preview:large","max-video-preview":"max-video-preview:-1"},"canonical":"https:\/\/www.pm.pb.gov.br\/portal\/2021\/07\/29\/policia-militar-localiza-grupo-acusado-de-matar-policial-no-sertao-e-um-dos-suspeitos-morre-em-confronto\/","og_locale":"pt_BR","og_type":"article","og_title":"RESPOSTA: PM localiza grupo acusado de matar policial no Sert\u00e3o e um dos suspeitos morre em confronto - Pol\u00edcia Militar da Para\u00edba","og_description":"A Pol\u00edcia Militar localizou, nas primeiras horas da manh\u00e3 desta quinta-feira (29), o grupo que seria respons\u00e1vel pelo assassinato de","og_url":"https:\/\/www.pm.pb.gov.br\/portal\/2021\/07\/29\/policia-militar-localiza-grupo-acusado-de-matar-policial-no-sertao-e-um-dos-suspeitos-morre-em-confronto\/","og_site_name":"Pol\u00edcia Militar da Para\u00edba","article_published_time":"2021-07-29T13:58:36+00:00","article_modified_time":"2021-07-29T14:20:31+00:00","og_image":[{"width":800,"height":455,"url":"https:\/\/www.pm.pb.gov.br\/portal\/wp-content\/uploads\/2021\/07\/AAAA-1.jpeg","type":"image\/jpeg"}],"author":"Assessoria de Imprensa da PMPB","twitter_card":"summary_large_image","twitter_misc":{"Escrito por":"Assessoria de Imprensa da PMPB","Est. tempo de leitura":"1 minuto"},"schema":{"@context":"https:\/\/schema.org","@graph":[{"@type":"Article","@id":"https:\/\/www.pm.pb.gov.br\/portal\/2021\/07\/29\/policia-militar-localiza-grupo-acusado-de-matar-policial-no-sertao-e-um-dos-suspeitos-morre-em-confronto\/#article","isPartOf":{"@id":"https:\/\/www.pm.pb.gov.br\/portal\/2021\/07\/29\/policia-militar-localiza-grupo-acusado-de-matar-policial-no-sertao-e-um-dos-suspeitos-morre-em-confronto\/"},"author":{"name":"Assessoria de Imprensa da PMPB","@id":"https:\/\/www.pm.pb.gov.br\/portal\/#\/schema\/person\/e8454f46651c3ecf0e1ba3c1666d9947"},"headline":"RESPOSTA: PM localiza grupo acusado de matar policial no Sert\u00e3o e um dos suspeitos morre em confronto","datePublished":"2021-07-29T13:58:36+00:00","dateModified":"2021-07-29T14:20:31+00:00","mainEntityOfPage":{"@id":"https:\/\/www.pm.pb.gov.br\/portal\/2021\/07\/29\/policia-militar-localiza-grupo-acusado-de-matar-policial-no-sertao-e-um-dos-suspeitos-morre-em-confronto\/"},"wordCount":203,"publisher":{"@id":"https:\/\/www.pm.pb.gov.br\/portal\/#organization"},"articleSection":["A\u00e7\u00f5es Policiais"],"inLanguage":"pt-BR"},{"@type":"WebPage","@id":"https:\/\/www.pm.pb.gov.br\/portal\/2021\/07\/29\/policia-militar-localiza-grupo-acusado-de-matar-policial-no-sertao-e-um-dos-suspeitos-morre-em-confronto\/","url":"https:\/\/www.pm.pb.gov.br\/portal\/2021\/07\/29\/policia-militar-localiza-grupo-acusado-de-matar-policial-no-sertao-e-um-dos-suspeitos-morre-em-confronto\/","name":"RESPOSTA: PM localiza grupo acusado de matar policial no Sert\u00e3o e um dos suspeitos morre em confronto - Pol\u00edcia Militar da Para\u00edba","isPartOf":{"@id":"https:\/\/www.pm.pb.gov.br\/portal\/#website"},"datePublished":"2021-07-29T13:58:36+00:00","dateModified":"2021-07-29T14:20:31+00:00","breadcrumb":{"@id":"https:\/\/www.pm.pb.gov.br\/portal\/2021\/07\/29\/policia-militar-localiza-grupo-acusado-de-matar-policial-no-sertao-e-um-dos-suspeitos-morre-em-confronto\/#breadcrumb"},"inLanguage":"pt-BR","potentialAction":[{"@type":"ReadAction","target":["https:\/\/www.pm.pb.gov.br\/portal\/2021\/07\/29\/policia-militar-localiza-grupo-acusado-de-matar-policial-no-sertao-e-um-dos-suspeitos-morre-em-confronto\/"]}]},{"@type":"BreadcrumbList","@id":"https:\/\/www.pm.pb.gov.br\/portal\/2021\/07\/29\/policia-militar-localiza-grupo-acusado-de-matar-policial-no-sertao-e-um-dos-suspeitos-morre-em-confronto\/#breadcrumb","itemListElement":[{"@type":"ListItem","position":1,"name":"In\u00edcio","item":"https:\/\/www.pm.pb.gov.br\/portal\/"},{"@type":"ListItem","position":2,"name":"RESPOSTA: PM localiza grupo acusado de matar policial no Sert\u00e3o e um dos suspeitos morre em confronto"}]},{"@type":"WebSite","@id":"https:\/\/www.pm.pb.gov.br\/portal\/#website","url":"https:\/\/www.pm.pb.gov.br\/portal\/","name":"Pol\u00edcia Militar da Para\u00edba","description":"","publisher":{"@id":"https:\/\/www.pm.pb.gov.br\/portal\/#organization"},"potentialAction":[{"@type":"SearchAction","target":{"@type":"EntryPoint","urlTemplate":"https:\/\/www.pm.pb.gov.br\/portal\/?s={search_term_string}"},"query-input":"required name=search_term_string"}],"inLanguage":"pt-BR"},{"@type":"Organization","@id":"https:\/\/www.pm.pb.gov.br\/portal\/#organization","name":"Pol\u00edcia Militar da Para\u00edba","url":"https:\/\/www.pm.pb.gov.br\/portal\/","logo":{"@type":"ImageObject","inLanguage":"pt-BR","@id":"https:\/\/www.pm.pb.gov.br\/portal\/#\/schema\/logo\/image\/","url":"https:\/\/www.pm.pb.gov.br\/portal\/wp-content\/uploads\/2025\/03\/cropped-logo-site-mag2-1.png","contentUrl":"https:\/\/www.pm.pb.gov.br\/portal\/wp-content\/uploads\/2025\/03\/cropped-logo-site-mag2-1.png","width":320,"height":90,"caption":"Pol\u00edcia Militar da Para\u00edba"},"image":{"@id":"https:\/\/www.pm.pb.gov.br\/portal\/#\/schema\/logo\/image\/"}},{"@type":"Person","@id":"https:\/\/www.pm.pb.gov.br\/portal\/#\/schema\/person\/e8454f46651c3ecf0e1ba3c1666d9947","name":"Assessoria de Imprensa da PMPB","image":{"@type":"ImageObject","inLanguage":"pt-BR","@id":"https:\/\/www.pm.pb.gov.br\/portal\/#\/schema\/person\/image\/","url":"https:\/\/secure.gravatar.com\/avatar\/2efe197438265d1e90bd98c4c8e1acf8?s=96&d=mm&r=g","contentUrl":"https:\/\/secure.gravatar.com\/avatar\/2efe197438265d1e90bd98c4c8e1acf8?s=96&d=mm&r=g","caption":"Assessoria de Imprensa da PMPB"},"url":"https:\/\/www.pm.pb.gov.br\/portal\/author\/assessoria\/"}]}},"_links":{"self":[{"href":"https:\/\/www.pm.pb.gov.br\/portal\/wp-json\/wp\/v2\/posts\/912051"}],"collection":[{"href":"https:\/\/www.pm.pb.gov.br\/portal\/wp-json\/wp\/v2\/posts"}],"about":[{"href":"https:\/\/www.pm.pb.gov.br\/portal\/wp-json\/wp\/v2\/types\/post"}],"author":[{"embeddable":true,"href":"https:\/\/www.pm.pb.gov.br\/portal\/wp-json\/wp\/v2\/users\/5"}],"replies":[{"embeddable":true,"href":"https:\/\/www.pm.pb.gov.br\/portal\/wp-json\/wp\/v2\/comments?post=912051"}],"version-history":[{"count":3,"href":"https:\/\/www.pm.pb.gov.br\/portal\/wp-json\/wp\/v2\/posts\/912051\/revisions"}],"predecessor-version":[{"id":912057,"href":"https:\/\/www.pm.pb.gov.br\/portal\/wp-json\/wp\/v2\/posts\/912051\/revisions\/912057"}],"wp:featuredmedia":[{"embeddable":true,"href":"https:\/\/www.pm.pb.gov.br\/portal\/wp-json\/wp\/v2\/media\/912056"}],"wp:attachment":[{"href":"https:\/\/www.pm.pb.gov.br\/portal\/wp-json\/wp\/v2\/media?parent=912051"}],"wp:term":[{"taxonomy":"category","embeddable":true,"href":"https:\/\/www.pm.pb.gov.br\/portal\/wp-json\/wp\/v2\/categories?post=912051"},{"taxonomy":"post_tag","embeddable":true,"href":"https:\/\/www.pm.pb.gov.br\/portal\/wp-json\/wp\/v2\/tags?post=912051"}],"curies":[{"name":"wp","href":"https:\/\/api.w.org\/{rel}","templated":true}]}}