{"id":911976,"date":"2021-07-26T15:28:00","date_gmt":"2021-07-26T18:28:00","guid":{"rendered":"https:\/\/www.pm.pb.gov.br\/portal\/?p=911976"},"modified":"2021-07-26T17:45:38","modified_gmt":"2021-07-26T20:45:38","slug":"paraiba-registra-reducao-de-ataques-a-banco-e-o-aumento-nas-apreensoes-de-armas-e-drogas-em-2021","status":"publish","type":"post","link":"https:\/\/www.pm.pb.gov.br\/portal\/2021\/07\/26\/paraiba-registra-reducao-de-ataques-a-banco-e-o-aumento-nas-apreensoes-de-armas-e-drogas-em-2021\/","title":{"rendered":"Para\u00edba registra redu\u00e7\u00e3o de ataques a banco e o aumento nas apreens\u00f5es de armas e drogas em 2021"},"content":{"rendered":"\n<p>A Seguran\u00e7a P\u00fablica da Para\u00edba finalizou mais um semestre alcan\u00e7ando indicadores positivos de redu\u00e7\u00e3o da viol\u00eancia no Estado (foto acima ilustrativa). De janeiro a junho de 2021, os n\u00fameros do N\u00facleo de An\u00e1lise Criminal e Estat\u00edstica (Nace) da Secretaria da Seguran\u00e7a e da Defesa Social (Sesds) apontam que houve uma redu\u00e7\u00e3o de ataques a bancos (-40%) e roubos de ve\u00edculos (-9%), e um aumento na apreens\u00e3o de drogas e armas no territ\u00f3rio paraibano, em rela\u00e7\u00e3o ao mesmo per\u00edodo de 2020. O n\u00famero de mulheres assassinadas tamb\u00e9m foi reduzido em 18%, como resultado de a\u00e7\u00f5es de preven\u00e7\u00e3o \u00e0 viol\u00eancia dom\u00e9stica e de pol\u00edticas p\u00fablicas voltadas a essa \u00e1rea.<br \/>\u00a0<br \/>O relat\u00f3rio semestral de Indicadores Criminais mostra que nos primeiros seis meses de 2021 aconteceram seis ocorr\u00eancias de crimes contra institui\u00e7\u00f5es banc\u00e1rias contra 10 no mesmo per\u00edodo do ano passado. Desde 2016, o n\u00famero de casos saiu de 120 para 16 em 2016, representando uma queda de 89%.\u00a0\u00a0<br \/>\u00a0<br \/>Em rela\u00e7\u00e3o ao roubo de ve\u00edculos, as ocorr\u00eancias ca\u00edram tanto na subtra\u00e7\u00e3o de carros como de motos. No mesmo per\u00edodo, 1.834 ve\u00edculos foram recuperados pelas for\u00e7as policiais e devolvidos aos seus propriet\u00e1rios.<br \/>\u00a0<br \/>\u201cA seguran\u00e7a p\u00fablica tem recebido uma aten\u00e7\u00e3o especial e n\u00f3s temos promovido a\u00e7\u00f5es, obras, investimentos, forma\u00e7\u00e3o e prepara\u00e7\u00e3o de pessoal para melhorar tanto os nossos quadros, quanto a infraestrutura e os n\u00fameros apresentados nesse primeiro semestre s\u00e3o importantes, fazendo com que o estado se posicione muito bem no ranking do Centro de Lideran\u00e7as P\u00fablicas em que somos o quinto melhor avaliado no pa\u00eds no segmento\u201d, avaliou o governador Jo\u00e3o Azev\u00eado no programa semanal Conversa com o governador, transmitido em cadeia estadual pela R\u00e1dio Tabajara.\u00a0<br \/>\u00a0<br \/><strong>Apreens\u00e3o de armas e drogas<\/strong>\u00a0\u2013 Um total de 1.652 quilos de drogas foi retirado das ruas, sendo 1.585 quilos de maconha, 19 quilos de crack e 48 quilos de coca\u00edna, 28% a mais do que no 1\u00ba semestre de 2020. J\u00e1 as a\u00e7\u00f5es de enfrentamento do porte ilegal de armas de fogo contabilizaram 1.749 rev\u00f3lveres, pistolas, espingardas e outros tipos de armamento apreendidos, 6% a mais que nos seis meses do ano passado, quando deixaram de circular 1.656 armas de fogo.<br \/>\u00a0<br \/><strong>Opera\u00e7\u00f5es e pris\u00f5es<\/strong>\u00a0\u2013 O trabalho dos \u00f3rg\u00e3os operativos das for\u00e7as de Seguran\u00e7a resultou na pris\u00e3o de 9.401 autores de crime no Estado, sendo 1.602 delas por crimes graves, como assassinatos, crimes patrimoniais, incluindo roubos de ve\u00edculos e pessoas com mandados de pris\u00e3o em aberto. Para isso, foram realizadas 4,6 a\u00e7\u00f5es de preven\u00e7\u00e3o e repress\u00e3o qualificada.\u00a0<br \/>\u00a0<br \/><strong>Salvamentos e resgates<\/strong>\u00a0\u2013 Durante o 1\u00ba semestre de 2021, 69 vidas foram salvas com a atua\u00e7\u00e3o dos bombeiros militares da Para\u00edba, em a\u00e7\u00f5es de socorro a v\u00edtimas de tentativas de homic\u00eddio. Outras 1.673 pessoas foram resgatadas pelo Corpo de Bombeiros Militar em acidentes de tr\u00e2nsito, nas regi\u00f5es de Jo\u00e3o Pessoa, Campina Grande e Patos.\u00a0<br \/>\u00a0<br \/>Pr\u00eamios por redu\u00e7\u00e3o de mortes \u2013 9,8 mil servidores da Seguran\u00e7a P\u00fablica, entre policiais civis, penais, militares e bombeiros militares, ser\u00e3o contemplados com o Pr\u00eamio Para\u00edba Unida pela Paz. O Governo do Estado vai pagar mais de R$ 4 milh\u00f5es em premia\u00e7\u00e3o por resultados positivos na redu\u00e7\u00e3o de homic\u00eddios no 1\u00ba semestre de 2021. Ao todo, nove \u00c1reas Integradas de Seguran\u00e7a P\u00fablica (Aisp), definidas pela Lei Complementar 111\/2012 tiveram queda nas ocorr\u00eancias desses crimes.<\/p>\n","protected":false},"excerpt":{"rendered":"<p>A Seguran\u00e7a P\u00fablica da Para\u00edba finalizou mais um semestre alcan\u00e7ando indicadores positivos de redu\u00e7\u00e3o da viol\u00eancia no Estado (foto acima<\/p>\n","protected":false},"author":12,"featured_media":911810,"comment_status":"closed","ping_status":"closed","sticky":false,"template":"","format":"standard","meta":{"_exactmetrics_skip_tracking":false,"_exactmetrics_sitenote_active":false,"_exactmetrics_sitenote_note":"","_exactmetrics_sitenote_category":0,"footnotes":""},"categories":[4],"tags":[],"yoast_head":"<!-- This site is optimized with the Yoast SEO plugin v22.0 - https:\/\/yoast.com\/wordpress\/plugins\/seo\/ -->\n<title>Para\u00edba registra redu\u00e7\u00e3o de ataques a banco e o aumento nas apreens\u00f5es de armas e drogas em 2021 - Pol\u00edcia Militar da Para\u00edba<\/title>\n<meta name=\"robots\" content=\"index, follow, max-snippet:-1, max-image-preview:large, max-video-preview:-1\" \/>\n<link rel=\"canonical\" href=\"https:\/\/www.pm.pb.gov.br\/portal\/2021\/07\/26\/paraiba-registra-reducao-de-ataques-a-banco-e-o-aumento-nas-apreensoes-de-armas-e-drogas-em-2021\/\" \/>\n<meta property=\"og:locale\" content=\"pt_BR\" \/>\n<meta property=\"og:type\" content=\"article\" \/>\n<meta property=\"og:title\" content=\"Para\u00edba registra redu\u00e7\u00e3o de ataques a banco e o aumento nas apreens\u00f5es de armas e drogas em 2021 - Pol\u00edcia Militar da Para\u00edba\" \/>\n<meta property=\"og:description\" content=\"A Seguran\u00e7a P\u00fablica da Para\u00edba finalizou mais um semestre alcan\u00e7ando indicadores positivos de redu\u00e7\u00e3o da viol\u00eancia no Estado (foto acima\" \/>\n<meta property=\"og:url\" content=\"https:\/\/www.pm.pb.gov.br\/portal\/2021\/07\/26\/paraiba-registra-reducao-de-ataques-a-banco-e-o-aumento-nas-apreensoes-de-armas-e-drogas-em-2021\/\" \/>\n<meta property=\"og:site_name\" content=\"Pol\u00edcia Militar da Para\u00edba\" \/>\n<meta property=\"article:published_time\" content=\"2021-07-26T18:28:00+00:00\" \/>\n<meta property=\"article:modified_time\" content=\"2021-07-26T20:45:38+00:00\" \/>\n<meta property=\"og:image\" content=\"https:\/\/www.pm.pb.gov.br\/portal\/wp-content\/uploads\/2021\/07\/ilustrativa.jpg\" \/>\n\t<meta property=\"og:image:width\" content=\"800\" \/>\n\t<meta property=\"og:image:height\" content=\"445\" \/>\n\t<meta property=\"og:image:type\" content=\"image\/jpeg\" \/>\n<meta name=\"author\" content=\"Tarcisio Oliveira\" \/>\n<meta name=\"twitter:card\" content=\"summary_large_image\" \/>\n<meta name=\"twitter:label1\" content=\"Escrito por\" \/>\n\t<meta name=\"twitter:data1\" content=\"Tarcisio Oliveira\" \/>\n\t<meta name=\"twitter:label2\" content=\"Est. tempo de leitura\" \/>\n\t<meta name=\"twitter:data2\" content=\"3 minutos\" \/>\n<script type=\"application\/ld+json\" class=\"yoast-schema-graph\">{\"@context\":\"https:\/\/schema.org\",\"@graph\":[{\"@type\":\"Article\",\"@id\":\"https:\/\/www.pm.pb.gov.br\/portal\/2021\/07\/26\/paraiba-registra-reducao-de-ataques-a-banco-e-o-aumento-nas-apreensoes-de-armas-e-drogas-em-2021\/#article\",\"isPartOf\":{\"@id\":\"https:\/\/www.pm.pb.gov.br\/portal\/2021\/07\/26\/paraiba-registra-reducao-de-ataques-a-banco-e-o-aumento-nas-apreensoes-de-armas-e-drogas-em-2021\/\"},\"author\":{\"name\":\"Tarcisio Oliveira\",\"@id\":\"https:\/\/www.pm.pb.gov.br\/portal\/#\/schema\/person\/f84f56dcc78ce4357054da888b8247fd\"},\"headline\":\"Para\u00edba registra redu\u00e7\u00e3o de ataques a banco e o aumento nas apreens\u00f5es de armas e drogas em 2021\",\"datePublished\":\"2021-07-26T18:28:00+00:00\",\"dateModified\":\"2021-07-26T20:45:38+00:00\",\"mainEntityOfPage\":{\"@id\":\"https:\/\/www.pm.pb.gov.br\/portal\/2021\/07\/26\/paraiba-registra-reducao-de-ataques-a-banco-e-o-aumento-nas-apreensoes-de-armas-e-drogas-em-2021\/\"},\"wordCount\":612,\"publisher\":{\"@id\":\"https:\/\/www.pm.pb.gov.br\/portal\/#organization\"},\"articleSection\":[\"A\u00e7\u00f5es Policiais\"],\"inLanguage\":\"pt-BR\"},{\"@type\":\"WebPage\",\"@id\":\"https:\/\/www.pm.pb.gov.br\/portal\/2021\/07\/26\/paraiba-registra-reducao-de-ataques-a-banco-e-o-aumento-nas-apreensoes-de-armas-e-drogas-em-2021\/\",\"url\":\"https:\/\/www.pm.pb.gov.br\/portal\/2021\/07\/26\/paraiba-registra-reducao-de-ataques-a-banco-e-o-aumento-nas-apreensoes-de-armas-e-drogas-em-2021\/\",\"name\":\"Para\u00edba registra redu\u00e7\u00e3o de ataques a banco e o aumento nas apreens\u00f5es de armas e drogas em 2021 - Pol\u00edcia Militar da Para\u00edba\",\"isPartOf\":{\"@id\":\"https:\/\/www.pm.pb.gov.br\/portal\/#website\"},\"datePublished\":\"2021-07-26T18:28:00+00:00\",\"dateModified\":\"2021-07-26T20:45:38+00:00\",\"breadcrumb\":{\"@id\":\"https:\/\/www.pm.pb.gov.br\/portal\/2021\/07\/26\/paraiba-registra-reducao-de-ataques-a-banco-e-o-aumento-nas-apreensoes-de-armas-e-drogas-em-2021\/#breadcrumb\"},\"inLanguage\":\"pt-BR\",\"potentialAction\":[{\"@type\":\"ReadAction\",\"target\":[\"https:\/\/www.pm.pb.gov.br\/portal\/2021\/07\/26\/paraiba-registra-reducao-de-ataques-a-banco-e-o-aumento-nas-apreensoes-de-armas-e-drogas-em-2021\/\"]}]},{\"@type\":\"BreadcrumbList\",\"@id\":\"https:\/\/www.pm.pb.gov.br\/portal\/2021\/07\/26\/paraiba-registra-reducao-de-ataques-a-banco-e-o-aumento-nas-apreensoes-de-armas-e-drogas-em-2021\/#breadcrumb\",\"itemListElement\":[{\"@type\":\"ListItem\",\"position\":1,\"name\":\"In\u00edcio\",\"item\":\"https:\/\/www.pm.pb.gov.br\/portal\/\"},{\"@type\":\"ListItem\",\"position\":2,\"name\":\"Para\u00edba registra redu\u00e7\u00e3o de ataques a banco e o aumento nas apreens\u00f5es de armas e drogas em 2021\"}]},{\"@type\":\"WebSite\",\"@id\":\"https:\/\/www.pm.pb.gov.br\/portal\/#website\",\"url\":\"https:\/\/www.pm.pb.gov.br\/portal\/\",\"name\":\"Pol\u00edcia Militar da Para\u00edba\",\"description\":\"\",\"publisher\":{\"@id\":\"https:\/\/www.pm.pb.gov.br\/portal\/#organization\"},\"potentialAction\":[{\"@type\":\"SearchAction\",\"target\":{\"@type\":\"EntryPoint\",\"urlTemplate\":\"https:\/\/www.pm.pb.gov.br\/portal\/?s={search_term_string}\"},\"query-input\":\"required name=search_term_string\"}],\"inLanguage\":\"pt-BR\"},{\"@type\":\"Organization\",\"@id\":\"https:\/\/www.pm.pb.gov.br\/portal\/#organization\",\"name\":\"Pol\u00edcia Militar da Para\u00edba\",\"url\":\"https:\/\/www.pm.pb.gov.br\/portal\/\",\"logo\":{\"@type\":\"ImageObject\",\"inLanguage\":\"pt-BR\",\"@id\":\"https:\/\/www.pm.pb.gov.br\/portal\/#\/schema\/logo\/image\/\",\"url\":\"https:\/\/www.pm.pb.gov.br\/portal\/wp-content\/uploads\/2025\/03\/cropped-logo-site-mag2-1.png\",\"contentUrl\":\"https:\/\/www.pm.pb.gov.br\/portal\/wp-content\/uploads\/2025\/03\/cropped-logo-site-mag2-1.png\",\"width\":320,\"height\":90,\"caption\":\"Pol\u00edcia Militar da Para\u00edba\"},\"image\":{\"@id\":\"https:\/\/www.pm.pb.gov.br\/portal\/#\/schema\/logo\/image\/\"}},{\"@type\":\"Person\",\"@id\":\"https:\/\/www.pm.pb.gov.br\/portal\/#\/schema\/person\/f84f56dcc78ce4357054da888b8247fd\",\"name\":\"Tarcisio Oliveira\",\"image\":{\"@type\":\"ImageObject\",\"inLanguage\":\"pt-BR\",\"@id\":\"https:\/\/www.pm.pb.gov.br\/portal\/#\/schema\/person\/image\/\",\"url\":\"https:\/\/secure.gravatar.com\/avatar\/72917b630b69d31cd0297507f34bac97?s=96&d=mm&r=g\",\"contentUrl\":\"https:\/\/secure.gravatar.com\/avatar\/72917b630b69d31cd0297507f34bac97?s=96&d=mm&r=g\",\"caption\":\"Tarcisio Oliveira\"},\"url\":\"https:\/\/www.pm.pb.gov.br\/portal\/author\/tarcisio\/\"}]}<\/script>\n<!-- \/ Yoast SEO plugin. -->","yoast_head_json":{"title":"Para\u00edba registra redu\u00e7\u00e3o de ataques a banco e o aumento nas apreens\u00f5es de armas e drogas em 2021 - Pol\u00edcia Militar da Para\u00edba","robots":{"index":"index","follow":"follow","max-snippet":"max-snippet:-1","max-image-preview":"max-image-preview:large","max-video-preview":"max-video-preview:-1"},"canonical":"https:\/\/www.pm.pb.gov.br\/portal\/2021\/07\/26\/paraiba-registra-reducao-de-ataques-a-banco-e-o-aumento-nas-apreensoes-de-armas-e-drogas-em-2021\/","og_locale":"pt_BR","og_type":"article","og_title":"Para\u00edba registra redu\u00e7\u00e3o de ataques a banco e o aumento nas apreens\u00f5es de armas e drogas em 2021 - Pol\u00edcia Militar da Para\u00edba","og_description":"A Seguran\u00e7a P\u00fablica da Para\u00edba finalizou mais um semestre alcan\u00e7ando indicadores positivos de redu\u00e7\u00e3o da viol\u00eancia no Estado (foto acima","og_url":"https:\/\/www.pm.pb.gov.br\/portal\/2021\/07\/26\/paraiba-registra-reducao-de-ataques-a-banco-e-o-aumento-nas-apreensoes-de-armas-e-drogas-em-2021\/","og_site_name":"Pol\u00edcia Militar da Para\u00edba","article_published_time":"2021-07-26T18:28:00+00:00","article_modified_time":"2021-07-26T20:45:38+00:00","og_image":[{"width":800,"height":445,"url":"https:\/\/www.pm.pb.gov.br\/portal\/wp-content\/uploads\/2021\/07\/ilustrativa.jpg","type":"image\/jpeg"}],"author":"Tarcisio Oliveira","twitter_card":"summary_large_image","twitter_misc":{"Escrito por":"Tarcisio Oliveira","Est. tempo de leitura":"3 minutos"},"schema":{"@context":"https:\/\/schema.org","@graph":[{"@type":"Article","@id":"https:\/\/www.pm.pb.gov.br\/portal\/2021\/07\/26\/paraiba-registra-reducao-de-ataques-a-banco-e-o-aumento-nas-apreensoes-de-armas-e-drogas-em-2021\/#article","isPartOf":{"@id":"https:\/\/www.pm.pb.gov.br\/portal\/2021\/07\/26\/paraiba-registra-reducao-de-ataques-a-banco-e-o-aumento-nas-apreensoes-de-armas-e-drogas-em-2021\/"},"author":{"name":"Tarcisio Oliveira","@id":"https:\/\/www.pm.pb.gov.br\/portal\/#\/schema\/person\/f84f56dcc78ce4357054da888b8247fd"},"headline":"Para\u00edba registra redu\u00e7\u00e3o de ataques a banco e o aumento nas apreens\u00f5es de armas e drogas em 2021","datePublished":"2021-07-26T18:28:00+00:00","dateModified":"2021-07-26T20:45:38+00:00","mainEntityOfPage":{"@id":"https:\/\/www.pm.pb.gov.br\/portal\/2021\/07\/26\/paraiba-registra-reducao-de-ataques-a-banco-e-o-aumento-nas-apreensoes-de-armas-e-drogas-em-2021\/"},"wordCount":612,"publisher":{"@id":"https:\/\/www.pm.pb.gov.br\/portal\/#organization"},"articleSection":["A\u00e7\u00f5es Policiais"],"inLanguage":"pt-BR"},{"@type":"WebPage","@id":"https:\/\/www.pm.pb.gov.br\/portal\/2021\/07\/26\/paraiba-registra-reducao-de-ataques-a-banco-e-o-aumento-nas-apreensoes-de-armas-e-drogas-em-2021\/","url":"https:\/\/www.pm.pb.gov.br\/portal\/2021\/07\/26\/paraiba-registra-reducao-de-ataques-a-banco-e-o-aumento-nas-apreensoes-de-armas-e-drogas-em-2021\/","name":"Para\u00edba registra redu\u00e7\u00e3o de ataques a banco e o aumento nas apreens\u00f5es de armas e drogas em 2021 - Pol\u00edcia Militar da Para\u00edba","isPartOf":{"@id":"https:\/\/www.pm.pb.gov.br\/portal\/#website"},"datePublished":"2021-07-26T18:28:00+00:00","dateModified":"2021-07-26T20:45:38+00:00","breadcrumb":{"@id":"https:\/\/www.pm.pb.gov.br\/portal\/2021\/07\/26\/paraiba-registra-reducao-de-ataques-a-banco-e-o-aumento-nas-apreensoes-de-armas-e-drogas-em-2021\/#breadcrumb"},"inLanguage":"pt-BR","potentialAction":[{"@type":"ReadAction","target":["https:\/\/www.pm.pb.gov.br\/portal\/2021\/07\/26\/paraiba-registra-reducao-de-ataques-a-banco-e-o-aumento-nas-apreensoes-de-armas-e-drogas-em-2021\/"]}]},{"@type":"BreadcrumbList","@id":"https:\/\/www.pm.pb.gov.br\/portal\/2021\/07\/26\/paraiba-registra-reducao-de-ataques-a-banco-e-o-aumento-nas-apreensoes-de-armas-e-drogas-em-2021\/#breadcrumb","itemListElement":[{"@type":"ListItem","position":1,"name":"In\u00edcio","item":"https:\/\/www.pm.pb.gov.br\/portal\/"},{"@type":"ListItem","position":2,"name":"Para\u00edba registra redu\u00e7\u00e3o de ataques a banco e o aumento nas apreens\u00f5es de armas e drogas em 2021"}]},{"@type":"WebSite","@id":"https:\/\/www.pm.pb.gov.br\/portal\/#website","url":"https:\/\/www.pm.pb.gov.br\/portal\/","name":"Pol\u00edcia Militar da Para\u00edba","description":"","publisher":{"@id":"https:\/\/www.pm.pb.gov.br\/portal\/#organization"},"potentialAction":[{"@type":"SearchAction","target":{"@type":"EntryPoint","urlTemplate":"https:\/\/www.pm.pb.gov.br\/portal\/?s={search_term_string}"},"query-input":"required name=search_term_string"}],"inLanguage":"pt-BR"},{"@type":"Organization","@id":"https:\/\/www.pm.pb.gov.br\/portal\/#organization","name":"Pol\u00edcia Militar da Para\u00edba","url":"https:\/\/www.pm.pb.gov.br\/portal\/","logo":{"@type":"ImageObject","inLanguage":"pt-BR","@id":"https:\/\/www.pm.pb.gov.br\/portal\/#\/schema\/logo\/image\/","url":"https:\/\/www.pm.pb.gov.br\/portal\/wp-content\/uploads\/2025\/03\/cropped-logo-site-mag2-1.png","contentUrl":"https:\/\/www.pm.pb.gov.br\/portal\/wp-content\/uploads\/2025\/03\/cropped-logo-site-mag2-1.png","width":320,"height":90,"caption":"Pol\u00edcia Militar da Para\u00edba"},"image":{"@id":"https:\/\/www.pm.pb.gov.br\/portal\/#\/schema\/logo\/image\/"}},{"@type":"Person","@id":"https:\/\/www.pm.pb.gov.br\/portal\/#\/schema\/person\/f84f56dcc78ce4357054da888b8247fd","name":"Tarcisio Oliveira","image":{"@type":"ImageObject","inLanguage":"pt-BR","@id":"https:\/\/www.pm.pb.gov.br\/portal\/#\/schema\/person\/image\/","url":"https:\/\/secure.gravatar.com\/avatar\/72917b630b69d31cd0297507f34bac97?s=96&d=mm&r=g","contentUrl":"https:\/\/secure.gravatar.com\/avatar\/72917b630b69d31cd0297507f34bac97?s=96&d=mm&r=g","caption":"Tarcisio Oliveira"},"url":"https:\/\/www.pm.pb.gov.br\/portal\/author\/tarcisio\/"}]}},"_links":{"self":[{"href":"https:\/\/www.pm.pb.gov.br\/portal\/wp-json\/wp\/v2\/posts\/911976"}],"collection":[{"href":"https:\/\/www.pm.pb.gov.br\/portal\/wp-json\/wp\/v2\/posts"}],"about":[{"href":"https:\/\/www.pm.pb.gov.br\/portal\/wp-json\/wp\/v2\/types\/post"}],"author":[{"embeddable":true,"href":"https:\/\/www.pm.pb.gov.br\/portal\/wp-json\/wp\/v2\/users\/12"}],"replies":[{"embeddable":true,"href":"https:\/\/www.pm.pb.gov.br\/portal\/wp-json\/wp\/v2\/comments?post=911976"}],"version-history":[{"count":1,"href":"https:\/\/www.pm.pb.gov.br\/portal\/wp-json\/wp\/v2\/posts\/911976\/revisions"}],"predecessor-version":[{"id":911977,"href":"https:\/\/www.pm.pb.gov.br\/portal\/wp-json\/wp\/v2\/posts\/911976\/revisions\/911977"}],"wp:featuredmedia":[{"embeddable":true,"href":"https:\/\/www.pm.pb.gov.br\/portal\/wp-json\/wp\/v2\/media\/911810"}],"wp:attachment":[{"href":"https:\/\/www.pm.pb.gov.br\/portal\/wp-json\/wp\/v2\/media?parent=911976"}],"wp:term":[{"taxonomy":"category","embeddable":true,"href":"https:\/\/www.pm.pb.gov.br\/portal\/wp-json\/wp\/v2\/categories?post=911976"},{"taxonomy":"post_tag","embeddable":true,"href":"https:\/\/www.pm.pb.gov.br\/portal\/wp-json\/wp\/v2\/tags?post=911976"}],"curies":[{"name":"wp","href":"https:\/\/api.w.org\/{rel}","templated":true}]}}