{"id":911959,"date":"2021-07-26T12:21:43","date_gmt":"2021-07-26T15:21:43","guid":{"rendered":"https:\/\/www.pm.pb.gov.br\/portal\/?p=911959"},"modified":"2021-07-26T12:21:45","modified_gmt":"2021-07-26T15:21:45","slug":"fim-de-semana-tem-aumento-de-mais-de-60-de-apreensoes-de-armas-de-fogo-na-paraiba","status":"publish","type":"post","link":"https:\/\/www.pm.pb.gov.br\/portal\/2021\/07\/26\/fim-de-semana-tem-aumento-de-mais-de-60-de-apreensoes-de-armas-de-fogo-na-paraiba\/","title":{"rendered":"Fim de semana tem aumento de mais de 60% de apreens\u00f5es de armas de fogo na Para\u00edba"},"content":{"rendered":"\n<p>A Pol\u00edcia Militar registrou um aumento de 60,9% do n\u00famero de armas apreendidas, nesse fim de semana, em compara\u00e7\u00e3o com o fim de semana anterior. Entre as apreens\u00f5es, est\u00e1 o arsenal que era utilizado por uma quadrilha composta por sete suspeitos de tr\u00e1fico de drogas, assassinatos de mulheres, associa\u00e7\u00e3o para o tr\u00e1fico e associa\u00e7\u00e3o criminosa, que agia no Litoral Sul da Para\u00edba.<br><br>Da sexta-feira (23) at\u00e9 esse domingo (25), foram apreendidas 37 armas de fogo nas cidades de Pitimbu, Jo\u00e3o Pessoa, Campina Grande, Bayeux, Caapor\u00e3, S\u00e3o Sebasti\u00e3o do Umbuzeiro, Queimadas, Cajazeiras e outros sete munic\u00edpios. Em compara\u00e7\u00e3o com o fim de semana anterior, foram 14 armas a mais retiradas das ruas pela PM.<br><br>Destaque Nacional \u2013 Dados do Anu\u00e1rio do F\u00f3rum Brasileiro de Seguran\u00e7a P\u00fablica, divulgado este m\u00eas, colocou a Para\u00edba em destaque como o 5\u00ba Estado que, proporcionalmente, mais retirou armamento das ruas em 2020, com 3.502 apreens\u00f5es. Os policiais respons\u00e1veis pelas apreens\u00f5es s\u00e3o bonificados pelo Governo do Estado, com valores que variam entre R$ 600 a R$ 1.500, de acordo com o tipo de armamento.<br><br>Este ano, a PM j\u00e1 contabiliza mais de 1.650 armas de fogo apreendidas e novas opera\u00e7\u00f5es devem acontecer nos pr\u00f3ximos dias com o mesmo objetivo: retirar das ruas o instrumento mais usado em crimes contra a vida, que \u00e9 a arma de fogo.<\/p>\n\n\n\n<p><br><img loading=\"lazy\" decoding=\"async\" width=\"1152\" height=\"864\" class=\"wp-image-911967\" style=\"width: 800px;\" src=\"http:\/\/www.pm.pb.gov.br\/portal\/wp-content\/uploads\/2021\/07\/9c0e08f9-ce6d-41cf-822e-2a66ffa3f3f0.jpeg\" alt=\"\" srcset=\"https:\/\/www.pm.pb.gov.br\/portal\/wp-content\/uploads\/2021\/07\/9c0e08f9-ce6d-41cf-822e-2a66ffa3f3f0.jpeg 1152w, https:\/\/www.pm.pb.gov.br\/portal\/wp-content\/uploads\/2021\/07\/9c0e08f9-ce6d-41cf-822e-2a66ffa3f3f0-593x445.jpeg 593w, https:\/\/www.pm.pb.gov.br\/portal\/wp-content\/uploads\/2021\/07\/9c0e08f9-ce6d-41cf-822e-2a66ffa3f3f0-760x570.jpeg 760w, https:\/\/www.pm.pb.gov.br\/portal\/wp-content\/uploads\/2021\/07\/9c0e08f9-ce6d-41cf-822e-2a66ffa3f3f0-768x576.jpeg 768w\" sizes=\"(max-width: 1152px) 100vw, 1152px\" \/><\/p>\n\n\n\n<p><img loading=\"lazy\" decoding=\"async\" width=\"640\" height=\"480\" class=\"wp-image-911965\" style=\"width: 800px;\" src=\"http:\/\/www.pm.pb.gov.br\/portal\/wp-content\/uploads\/2021\/07\/b530c2a1-02f5-4fe7-ae3b-e90bc85f3f64.jpeg\" alt=\"\" srcset=\"https:\/\/www.pm.pb.gov.br\/portal\/wp-content\/uploads\/2021\/07\/b530c2a1-02f5-4fe7-ae3b-e90bc85f3f64.jpeg 640w, https:\/\/www.pm.pb.gov.br\/portal\/wp-content\/uploads\/2021\/07\/b530c2a1-02f5-4fe7-ae3b-e90bc85f3f64-593x445.jpeg 593w\" sizes=\"(max-width: 640px) 100vw, 640px\" \/><\/p>\n","protected":false},"excerpt":{"rendered":"<p>A Pol\u00edcia Militar registrou um aumento de 60,9% do n\u00famero de armas apreendidas, nesse fim de semana, em compara\u00e7\u00e3o com<\/p>\n","protected":false},"author":5,"featured_media":911964,"comment_status":"closed","ping_status":"closed","sticky":false,"template":"","format":"standard","meta":{"_exactmetrics_skip_tracking":false,"_exactmetrics_sitenote_active":false,"_exactmetrics_sitenote_note":"","_exactmetrics_sitenote_category":0,"footnotes":""},"categories":[4],"tags":[],"yoast_head":"<!-- This site is optimized with the Yoast SEO plugin v22.0 - https:\/\/yoast.com\/wordpress\/plugins\/seo\/ -->\n<title>Fim de semana tem aumento de mais de 60% de apreens\u00f5es de armas de fogo na Para\u00edba - Pol\u00edcia Militar da Para\u00edba<\/title>\n<meta name=\"robots\" content=\"index, follow, max-snippet:-1, max-image-preview:large, max-video-preview:-1\" \/>\n<link rel=\"canonical\" href=\"https:\/\/www.pm.pb.gov.br\/portal\/2021\/07\/26\/fim-de-semana-tem-aumento-de-mais-de-60-de-apreensoes-de-armas-de-fogo-na-paraiba\/\" \/>\n<meta property=\"og:locale\" content=\"pt_BR\" \/>\n<meta property=\"og:type\" content=\"article\" \/>\n<meta property=\"og:title\" content=\"Fim de semana tem aumento de mais de 60% de apreens\u00f5es de armas de fogo na Para\u00edba - Pol\u00edcia Militar da Para\u00edba\" \/>\n<meta property=\"og:description\" content=\"A Pol\u00edcia Militar registrou um aumento de 60,9% do n\u00famero de armas apreendidas, nesse fim de semana, em compara\u00e7\u00e3o com\" \/>\n<meta property=\"og:url\" content=\"https:\/\/www.pm.pb.gov.br\/portal\/2021\/07\/26\/fim-de-semana-tem-aumento-de-mais-de-60-de-apreensoes-de-armas-de-fogo-na-paraiba\/\" \/>\n<meta property=\"og:site_name\" content=\"Pol\u00edcia Militar da Para\u00edba\" \/>\n<meta property=\"article:published_time\" content=\"2021-07-26T15:21:43+00:00\" \/>\n<meta property=\"article:modified_time\" content=\"2021-07-26T15:21:45+00:00\" \/>\n<meta property=\"og:image\" content=\"https:\/\/www.pm.pb.gov.br\/portal\/wp-content\/uploads\/2021\/07\/10258cb7-cdae-411d-9ef2-01cc57640559.jpeg\" \/>\n\t<meta property=\"og:image:width\" content=\"1280\" \/>\n\t<meta property=\"og:image:height\" content=\"720\" \/>\n\t<meta property=\"og:image:type\" content=\"image\/jpeg\" \/>\n<meta name=\"author\" content=\"Assessoria de Imprensa da PMPB\" \/>\n<meta name=\"twitter:card\" content=\"summary_large_image\" \/>\n<meta name=\"twitter:label1\" content=\"Escrito por\" \/>\n\t<meta name=\"twitter:data1\" content=\"Assessoria de Imprensa da PMPB\" \/>\n\t<meta name=\"twitter:label2\" content=\"Est. tempo de leitura\" \/>\n\t<meta name=\"twitter:data2\" content=\"2 minutos\" \/>\n<script type=\"application\/ld+json\" class=\"yoast-schema-graph\">{\"@context\":\"https:\/\/schema.org\",\"@graph\":[{\"@type\":\"Article\",\"@id\":\"https:\/\/www.pm.pb.gov.br\/portal\/2021\/07\/26\/fim-de-semana-tem-aumento-de-mais-de-60-de-apreensoes-de-armas-de-fogo-na-paraiba\/#article\",\"isPartOf\":{\"@id\":\"https:\/\/www.pm.pb.gov.br\/portal\/2021\/07\/26\/fim-de-semana-tem-aumento-de-mais-de-60-de-apreensoes-de-armas-de-fogo-na-paraiba\/\"},\"author\":{\"name\":\"Assessoria de Imprensa da PMPB\",\"@id\":\"https:\/\/www.pm.pb.gov.br\/portal\/#\/schema\/person\/e8454f46651c3ecf0e1ba3c1666d9947\"},\"headline\":\"Fim de semana tem aumento de mais de 60% de apreens\u00f5es de armas de fogo na Para\u00edba\",\"datePublished\":\"2021-07-26T15:21:43+00:00\",\"dateModified\":\"2021-07-26T15:21:45+00:00\",\"mainEntityOfPage\":{\"@id\":\"https:\/\/www.pm.pb.gov.br\/portal\/2021\/07\/26\/fim-de-semana-tem-aumento-de-mais-de-60-de-apreensoes-de-armas-de-fogo-na-paraiba\/\"},\"wordCount\":251,\"publisher\":{\"@id\":\"https:\/\/www.pm.pb.gov.br\/portal\/#organization\"},\"articleSection\":[\"A\u00e7\u00f5es Policiais\"],\"inLanguage\":\"pt-BR\"},{\"@type\":\"WebPage\",\"@id\":\"https:\/\/www.pm.pb.gov.br\/portal\/2021\/07\/26\/fim-de-semana-tem-aumento-de-mais-de-60-de-apreensoes-de-armas-de-fogo-na-paraiba\/\",\"url\":\"https:\/\/www.pm.pb.gov.br\/portal\/2021\/07\/26\/fim-de-semana-tem-aumento-de-mais-de-60-de-apreensoes-de-armas-de-fogo-na-paraiba\/\",\"name\":\"Fim de semana tem aumento de mais de 60% de apreens\u00f5es de armas de fogo na Para\u00edba - Pol\u00edcia Militar da Para\u00edba\",\"isPartOf\":{\"@id\":\"https:\/\/www.pm.pb.gov.br\/portal\/#website\"},\"datePublished\":\"2021-07-26T15:21:43+00:00\",\"dateModified\":\"2021-07-26T15:21:45+00:00\",\"breadcrumb\":{\"@id\":\"https:\/\/www.pm.pb.gov.br\/portal\/2021\/07\/26\/fim-de-semana-tem-aumento-de-mais-de-60-de-apreensoes-de-armas-de-fogo-na-paraiba\/#breadcrumb\"},\"inLanguage\":\"pt-BR\",\"potentialAction\":[{\"@type\":\"ReadAction\",\"target\":[\"https:\/\/www.pm.pb.gov.br\/portal\/2021\/07\/26\/fim-de-semana-tem-aumento-de-mais-de-60-de-apreensoes-de-armas-de-fogo-na-paraiba\/\"]}]},{\"@type\":\"BreadcrumbList\",\"@id\":\"https:\/\/www.pm.pb.gov.br\/portal\/2021\/07\/26\/fim-de-semana-tem-aumento-de-mais-de-60-de-apreensoes-de-armas-de-fogo-na-paraiba\/#breadcrumb\",\"itemListElement\":[{\"@type\":\"ListItem\",\"position\":1,\"name\":\"In\u00edcio\",\"item\":\"https:\/\/www.pm.pb.gov.br\/portal\/\"},{\"@type\":\"ListItem\",\"position\":2,\"name\":\"Fim de semana tem aumento de mais de 60% de apreens\u00f5es de armas de fogo na Para\u00edba\"}]},{\"@type\":\"WebSite\",\"@id\":\"https:\/\/www.pm.pb.gov.br\/portal\/#website\",\"url\":\"https:\/\/www.pm.pb.gov.br\/portal\/\",\"name\":\"Pol\u00edcia Militar da Para\u00edba\",\"description\":\"\",\"publisher\":{\"@id\":\"https:\/\/www.pm.pb.gov.br\/portal\/#organization\"},\"potentialAction\":[{\"@type\":\"SearchAction\",\"target\":{\"@type\":\"EntryPoint\",\"urlTemplate\":\"https:\/\/www.pm.pb.gov.br\/portal\/?s={search_term_string}\"},\"query-input\":\"required name=search_term_string\"}],\"inLanguage\":\"pt-BR\"},{\"@type\":\"Organization\",\"@id\":\"https:\/\/www.pm.pb.gov.br\/portal\/#organization\",\"name\":\"Pol\u00edcia Militar da Para\u00edba\",\"url\":\"https:\/\/www.pm.pb.gov.br\/portal\/\",\"logo\":{\"@type\":\"ImageObject\",\"inLanguage\":\"pt-BR\",\"@id\":\"https:\/\/www.pm.pb.gov.br\/portal\/#\/schema\/logo\/image\/\",\"url\":\"https:\/\/www.pm.pb.gov.br\/portal\/wp-content\/uploads\/2025\/03\/cropped-logo-site-mag2-1.png\",\"contentUrl\":\"https:\/\/www.pm.pb.gov.br\/portal\/wp-content\/uploads\/2025\/03\/cropped-logo-site-mag2-1.png\",\"width\":320,\"height\":90,\"caption\":\"Pol\u00edcia Militar da Para\u00edba\"},\"image\":{\"@id\":\"https:\/\/www.pm.pb.gov.br\/portal\/#\/schema\/logo\/image\/\"}},{\"@type\":\"Person\",\"@id\":\"https:\/\/www.pm.pb.gov.br\/portal\/#\/schema\/person\/e8454f46651c3ecf0e1ba3c1666d9947\",\"name\":\"Assessoria de Imprensa da PMPB\",\"image\":{\"@type\":\"ImageObject\",\"inLanguage\":\"pt-BR\",\"@id\":\"https:\/\/www.pm.pb.gov.br\/portal\/#\/schema\/person\/image\/\",\"url\":\"https:\/\/secure.gravatar.com\/avatar\/2efe197438265d1e90bd98c4c8e1acf8?s=96&d=mm&r=g\",\"contentUrl\":\"https:\/\/secure.gravatar.com\/avatar\/2efe197438265d1e90bd98c4c8e1acf8?s=96&d=mm&r=g\",\"caption\":\"Assessoria de Imprensa da PMPB\"},\"url\":\"https:\/\/www.pm.pb.gov.br\/portal\/author\/assessoria\/\"}]}<\/script>\n<!-- \/ Yoast SEO plugin. -->","yoast_head_json":{"title":"Fim de semana tem aumento de mais de 60% de apreens\u00f5es de armas de fogo na Para\u00edba - Pol\u00edcia Militar da Para\u00edba","robots":{"index":"index","follow":"follow","max-snippet":"max-snippet:-1","max-image-preview":"max-image-preview:large","max-video-preview":"max-video-preview:-1"},"canonical":"https:\/\/www.pm.pb.gov.br\/portal\/2021\/07\/26\/fim-de-semana-tem-aumento-de-mais-de-60-de-apreensoes-de-armas-de-fogo-na-paraiba\/","og_locale":"pt_BR","og_type":"article","og_title":"Fim de semana tem aumento de mais de 60% de apreens\u00f5es de armas de fogo na Para\u00edba - Pol\u00edcia Militar da Para\u00edba","og_description":"A Pol\u00edcia Militar registrou um aumento de 60,9% do n\u00famero de armas apreendidas, nesse fim de semana, em compara\u00e7\u00e3o com","og_url":"https:\/\/www.pm.pb.gov.br\/portal\/2021\/07\/26\/fim-de-semana-tem-aumento-de-mais-de-60-de-apreensoes-de-armas-de-fogo-na-paraiba\/","og_site_name":"Pol\u00edcia Militar da Para\u00edba","article_published_time":"2021-07-26T15:21:43+00:00","article_modified_time":"2021-07-26T15:21:45+00:00","og_image":[{"width":1280,"height":720,"url":"https:\/\/www.pm.pb.gov.br\/portal\/wp-content\/uploads\/2021\/07\/10258cb7-cdae-411d-9ef2-01cc57640559.jpeg","type":"image\/jpeg"}],"author":"Assessoria de Imprensa da PMPB","twitter_card":"summary_large_image","twitter_misc":{"Escrito por":"Assessoria de Imprensa da PMPB","Est. tempo de leitura":"2 minutos"},"schema":{"@context":"https:\/\/schema.org","@graph":[{"@type":"Article","@id":"https:\/\/www.pm.pb.gov.br\/portal\/2021\/07\/26\/fim-de-semana-tem-aumento-de-mais-de-60-de-apreensoes-de-armas-de-fogo-na-paraiba\/#article","isPartOf":{"@id":"https:\/\/www.pm.pb.gov.br\/portal\/2021\/07\/26\/fim-de-semana-tem-aumento-de-mais-de-60-de-apreensoes-de-armas-de-fogo-na-paraiba\/"},"author":{"name":"Assessoria de Imprensa da PMPB","@id":"https:\/\/www.pm.pb.gov.br\/portal\/#\/schema\/person\/e8454f46651c3ecf0e1ba3c1666d9947"},"headline":"Fim de semana tem aumento de mais de 60% de apreens\u00f5es de armas de fogo na Para\u00edba","datePublished":"2021-07-26T15:21:43+00:00","dateModified":"2021-07-26T15:21:45+00:00","mainEntityOfPage":{"@id":"https:\/\/www.pm.pb.gov.br\/portal\/2021\/07\/26\/fim-de-semana-tem-aumento-de-mais-de-60-de-apreensoes-de-armas-de-fogo-na-paraiba\/"},"wordCount":251,"publisher":{"@id":"https:\/\/www.pm.pb.gov.br\/portal\/#organization"},"articleSection":["A\u00e7\u00f5es Policiais"],"inLanguage":"pt-BR"},{"@type":"WebPage","@id":"https:\/\/www.pm.pb.gov.br\/portal\/2021\/07\/26\/fim-de-semana-tem-aumento-de-mais-de-60-de-apreensoes-de-armas-de-fogo-na-paraiba\/","url":"https:\/\/www.pm.pb.gov.br\/portal\/2021\/07\/26\/fim-de-semana-tem-aumento-de-mais-de-60-de-apreensoes-de-armas-de-fogo-na-paraiba\/","name":"Fim de semana tem aumento de mais de 60% de apreens\u00f5es de armas de fogo na Para\u00edba - Pol\u00edcia Militar da Para\u00edba","isPartOf":{"@id":"https:\/\/www.pm.pb.gov.br\/portal\/#website"},"datePublished":"2021-07-26T15:21:43+00:00","dateModified":"2021-07-26T15:21:45+00:00","breadcrumb":{"@id":"https:\/\/www.pm.pb.gov.br\/portal\/2021\/07\/26\/fim-de-semana-tem-aumento-de-mais-de-60-de-apreensoes-de-armas-de-fogo-na-paraiba\/#breadcrumb"},"inLanguage":"pt-BR","potentialAction":[{"@type":"ReadAction","target":["https:\/\/www.pm.pb.gov.br\/portal\/2021\/07\/26\/fim-de-semana-tem-aumento-de-mais-de-60-de-apreensoes-de-armas-de-fogo-na-paraiba\/"]}]},{"@type":"BreadcrumbList","@id":"https:\/\/www.pm.pb.gov.br\/portal\/2021\/07\/26\/fim-de-semana-tem-aumento-de-mais-de-60-de-apreensoes-de-armas-de-fogo-na-paraiba\/#breadcrumb","itemListElement":[{"@type":"ListItem","position":1,"name":"In\u00edcio","item":"https:\/\/www.pm.pb.gov.br\/portal\/"},{"@type":"ListItem","position":2,"name":"Fim de semana tem aumento de mais de 60% de apreens\u00f5es de armas de fogo na Para\u00edba"}]},{"@type":"WebSite","@id":"https:\/\/www.pm.pb.gov.br\/portal\/#website","url":"https:\/\/www.pm.pb.gov.br\/portal\/","name":"Pol\u00edcia Militar da Para\u00edba","description":"","publisher":{"@id":"https:\/\/www.pm.pb.gov.br\/portal\/#organization"},"potentialAction":[{"@type":"SearchAction","target":{"@type":"EntryPoint","urlTemplate":"https:\/\/www.pm.pb.gov.br\/portal\/?s={search_term_string}"},"query-input":"required name=search_term_string"}],"inLanguage":"pt-BR"},{"@type":"Organization","@id":"https:\/\/www.pm.pb.gov.br\/portal\/#organization","name":"Pol\u00edcia Militar da Para\u00edba","url":"https:\/\/www.pm.pb.gov.br\/portal\/","logo":{"@type":"ImageObject","inLanguage":"pt-BR","@id":"https:\/\/www.pm.pb.gov.br\/portal\/#\/schema\/logo\/image\/","url":"https:\/\/www.pm.pb.gov.br\/portal\/wp-content\/uploads\/2025\/03\/cropped-logo-site-mag2-1.png","contentUrl":"https:\/\/www.pm.pb.gov.br\/portal\/wp-content\/uploads\/2025\/03\/cropped-logo-site-mag2-1.png","width":320,"height":90,"caption":"Pol\u00edcia Militar da Para\u00edba"},"image":{"@id":"https:\/\/www.pm.pb.gov.br\/portal\/#\/schema\/logo\/image\/"}},{"@type":"Person","@id":"https:\/\/www.pm.pb.gov.br\/portal\/#\/schema\/person\/e8454f46651c3ecf0e1ba3c1666d9947","name":"Assessoria de Imprensa da PMPB","image":{"@type":"ImageObject","inLanguage":"pt-BR","@id":"https:\/\/www.pm.pb.gov.br\/portal\/#\/schema\/person\/image\/","url":"https:\/\/secure.gravatar.com\/avatar\/2efe197438265d1e90bd98c4c8e1acf8?s=96&d=mm&r=g","contentUrl":"https:\/\/secure.gravatar.com\/avatar\/2efe197438265d1e90bd98c4c8e1acf8?s=96&d=mm&r=g","caption":"Assessoria de Imprensa da PMPB"},"url":"https:\/\/www.pm.pb.gov.br\/portal\/author\/assessoria\/"}]}},"_links":{"self":[{"href":"https:\/\/www.pm.pb.gov.br\/portal\/wp-json\/wp\/v2\/posts\/911959"}],"collection":[{"href":"https:\/\/www.pm.pb.gov.br\/portal\/wp-json\/wp\/v2\/posts"}],"about":[{"href":"https:\/\/www.pm.pb.gov.br\/portal\/wp-json\/wp\/v2\/types\/post"}],"author":[{"embeddable":true,"href":"https:\/\/www.pm.pb.gov.br\/portal\/wp-json\/wp\/v2\/users\/5"}],"replies":[{"embeddable":true,"href":"https:\/\/www.pm.pb.gov.br\/portal\/wp-json\/wp\/v2\/comments?post=911959"}],"version-history":[{"count":2,"href":"https:\/\/www.pm.pb.gov.br\/portal\/wp-json\/wp\/v2\/posts\/911959\/revisions"}],"predecessor-version":[{"id":911968,"href":"https:\/\/www.pm.pb.gov.br\/portal\/wp-json\/wp\/v2\/posts\/911959\/revisions\/911968"}],"wp:featuredmedia":[{"embeddable":true,"href":"https:\/\/www.pm.pb.gov.br\/portal\/wp-json\/wp\/v2\/media\/911964"}],"wp:attachment":[{"href":"https:\/\/www.pm.pb.gov.br\/portal\/wp-json\/wp\/v2\/media?parent=911959"}],"wp:term":[{"taxonomy":"category","embeddable":true,"href":"https:\/\/www.pm.pb.gov.br\/portal\/wp-json\/wp\/v2\/categories?post=911959"},{"taxonomy":"post_tag","embeddable":true,"href":"https:\/\/www.pm.pb.gov.br\/portal\/wp-json\/wp\/v2\/tags?post=911959"}],"curies":[{"name":"wp","href":"https:\/\/api.w.org\/{rel}","templated":true}]}}